{"id":11326,"date":"2022-07-20T14:48:51","date_gmt":"2022-07-20T14:48:51","guid":{"rendered":"https:\/\/www.valparaisocreativo.cl\/?p=11326"},"modified":"2022-07-20T14:48:56","modified_gmt":"2022-07-20T14:48:56","slug":"postula-a-la-feria-de-emprendedoras-2022-de-corfo","status":"publish","type":"post","link":"https:\/\/dev.antudigital.cl\/sites\/vc\/postula-a-la-feria-de-emprendedoras-2022-de-corfo\/","title":{"rendered":"Postula a la Feria de Emprendedoras 2022 de Corfo"},"content":{"rendered":"\n<p>Atenci\u00f3n emprendedora! <a href=\"https:\/\/www.instagram.com\/corfochile\/\">CORFO<\/a> abri\u00f3 las postulaciones para ser parte de la Feria de Emprendedoras 2022. Una vitrina para llegar a m\u00e1s personas con tus productos y servicios. <\/p>\n\n\n\n<p>Corfo, el Sistema de las Naciones Unidas en Chile.&nbsp;ProChile e Innovacien,&nbsp;te invitan a participar de una nueva versi\u00f3n de la&nbsp;&nbsp;\u00abFeria Digital de Emprendedoras 2022\u00bb que se realizar\u00e1 el pr\u00f3ximo lunes 01 de agosto. Instancia donde podr\u00e1s participar de talleres&nbsp;de entrenamiento previo para exhibir&nbsp;tus productos, aprender de otras emprendedoras&nbsp;y construir nuevas redes comerciales.&nbsp;<\/p>\n\n\n\n<h4 class=\"wp-block-heading\"><strong>Requisitos o condiciones de postulaci\u00f3n<\/strong>&nbsp;<\/h4>\n\n\n\n<p>&#8211;&nbsp;Estar formalizada.<br>&#8211; Tener redes sociales o p\u00e1gina web.&nbsp;<br>&#8211; Sistema de pago&nbsp;(transferencia, carro de compras, Marketplace, otro).<br>&#8211; Sistema de env\u00edo del producto.<br>&#8211;&nbsp;Fotos del producto.<br>&#8211;&nbsp;Tener conexi\u00f3n a internet.<br>&#8211;&nbsp;PC o dispositivo m\u00f3vil.<br>&#8211;&nbsp;Realizar el entrenamiento de preparaci\u00f3n para la feria y crear el kit de participantes establecidos en el training, que se realizar\u00e1 los d\u00edas 26, 27 y 28 de julio de 15 a 16 horas.<\/p>\n\n\n\n<p><strong>Postula en el siguiente formulario: <a href=\"https:\/\/publiccl1.fidelizador.com\/corfo\/public\/survey\/anonymous\/4999a486fce9f14a7a96fc00ac9de4e8\">click aqu\u00ed<\/a><\/strong><\/p>\n\n\n\n<p><\/p>\n","protected":false},"excerpt":{"rendered":"<p>Atenci\u00f3n emprendedora! CORFO abri\u00f3 las postulaciones para ser parte de la Feria de Emprendedoras 2022. Una vitrina para llegar a m\u00e1s personas con tus productos y servicios. Corfo, el Sistema de las Naciones Unidas en Chile.&nbsp;ProChile e Innovacien,&nbsp;te invitan a participar de una nueva versi\u00f3n de la&nbsp;&nbsp;\u00abFeria Digital de Emprendedoras 2022\u00bb que se realizar\u00e1 el [&hellip;]<\/p>\n","protected":false},"author":1,"featured_media":11328,"comment_status":"open","ping_status":"closed","sticky":false,"template":"","format":"standard","meta":{"_acf_changed":false,"footnotes":""},"categories":[8],"tags":[],"class_list":["post-11326","post","type-post","status-publish","format-standard","has-post-thumbnail","hentry","category-noticia"],"acf":[],"yoast_head":"<!-- This site is optimized with the Yoast SEO plugin v27.1.1 - https:\/\/yoast.com\/product\/yoast-seo-wordpress\/ -->\n<title>Postula a la Feria de Emprendedoras 2022 de Corfo - Valpara\u00ed\u00adso Creativo<\/title>\n<meta name=\"robots\" content=\"index, follow, max-snippet:-1, max-image-preview:large, max-video-preview:-1\" \/>\n<link rel=\"canonical\" href=\"https:\/\/dev.antudigital.cl\/sites\/vc\/postula-a-la-feria-de-emprendedoras-2022-de-corfo\/\" \/>\n<meta property=\"og:locale\" content=\"es_ES\" \/>\n<meta property=\"og:type\" content=\"article\" \/>\n<meta property=\"og:title\" content=\"Postula a la Feria de Emprendedoras 2022 de Corfo - Valpara\u00ed\u00adso Creativo\" \/>\n<meta property=\"og:description\" content=\"Atenci\u00f3n emprendedora! CORFO abri\u00f3 las postulaciones para ser parte de la Feria de Emprendedoras 2022. Una vitrina para llegar a m\u00e1s personas con tus productos y servicios. Corfo, el Sistema de las Naciones Unidas en Chile.&nbsp;ProChile e Innovacien,&nbsp;te invitan a participar de una nueva versi\u00f3n de la&nbsp;&nbsp;\u00abFeria Digital de Emprendedoras 2022\u00bb que se realizar\u00e1 el [&hellip;]\" \/>\n<meta property=\"og:url\" content=\"https:\/\/dev.antudigital.cl\/sites\/vc\/postula-a-la-feria-de-emprendedoras-2022-de-corfo\/\" \/>\n<meta property=\"og:site_name\" content=\"Valpara\u00ed\u00adso Creativo\" \/>\n<meta property=\"article:published_time\" content=\"2022-07-20T14:48:51+00:00\" \/>\n<meta property=\"article:modified_time\" content=\"2022-07-20T14:48:56+00:00\" \/>\n<meta property=\"og:image\" content=\"https:\/\/dev.antudigital.cl\/sites\/vc\/wp-content\/uploads\/2022\/07\/Captura-de-Pantalla-2022-07-20-a-las-10.47.26.png\" \/>\n\t<meta property=\"og:image:width\" content=\"1017\" \/>\n\t<meta property=\"og:image:height\" content=\"515\" \/>\n\t<meta property=\"og:image:type\" content=\"image\/png\" \/>\n<meta name=\"author\" content=\"Valpara\u00edso Creativo\" \/>\n<meta name=\"twitter:card\" content=\"summary_large_image\" \/>\n<meta name=\"twitter:label1\" content=\"Escrito por\" \/>\n\t<meta name=\"twitter:data1\" content=\"Valpara\u00edso Creativo\" \/>\n\t<meta name=\"twitter:label2\" content=\"Tiempo de lectura\" \/>\n\t<meta name=\"twitter:data2\" content=\"1 minuto\" \/>\n<script type=\"application\/ld+json\" class=\"yoast-schema-graph\">{\"@context\":\"https:\/\/schema.org\",\"@graph\":[{\"@type\":\"Article\",\"@id\":\"https:\/\/dev.antudigital.cl\/sites\/vc\/postula-a-la-feria-de-emprendedoras-2022-de-corfo\/#article\",\"isPartOf\":{\"@id\":\"https:\/\/dev.antudigital.cl\/sites\/vc\/postula-a-la-feria-de-emprendedoras-2022-de-corfo\/\"},\"author\":{\"name\":\"Valpara\u00edso Creativo\",\"@id\":\"https:\/\/dev.antudigital.cl\/sites\/vc\/#\/schema\/person\/c2b9da8dd545e27166fc5ab232837318\"},\"headline\":\"Postula a la Feria de Emprendedoras 2022 de Corfo\",\"datePublished\":\"2022-07-20T14:48:51+00:00\",\"dateModified\":\"2022-07-20T14:48:56+00:00\",\"mainEntityOfPage\":{\"@id\":\"https:\/\/dev.antudigital.cl\/sites\/vc\/postula-a-la-feria-de-emprendedoras-2022-de-corfo\/\"},\"wordCount\":200,\"commentCount\":0,\"image\":{\"@id\":\"https:\/\/dev.antudigital.cl\/sites\/vc\/postula-a-la-feria-de-emprendedoras-2022-de-corfo\/#primaryimage\"},\"thumbnailUrl\":\"https:\/\/dev.antudigital.cl\/sites\/vc\/wp-content\/uploads\/2022\/07\/Captura-de-Pantalla-2022-07-20-a-las-10.47.26.png\",\"articleSection\":[\"Noticia\"],\"inLanguage\":\"es\",\"potentialAction\":[{\"@type\":\"CommentAction\",\"name\":\"Comment\",\"target\":[\"https:\/\/dev.antudigital.cl\/sites\/vc\/postula-a-la-feria-de-emprendedoras-2022-de-corfo\/#respond\"]}]},{\"@type\":\"WebPage\",\"@id\":\"https:\/\/dev.antudigital.cl\/sites\/vc\/postula-a-la-feria-de-emprendedoras-2022-de-corfo\/\",\"url\":\"https:\/\/dev.antudigital.cl\/sites\/vc\/postula-a-la-feria-de-emprendedoras-2022-de-corfo\/\",\"name\":\"Postula a la Feria de Emprendedoras 2022 de Corfo - Valpara\u00ed\u00adso Creativo\",\"isPartOf\":{\"@id\":\"https:\/\/dev.antudigital.cl\/sites\/vc\/#website\"},\"primaryImageOfPage\":{\"@id\":\"https:\/\/dev.antudigital.cl\/sites\/vc\/postula-a-la-feria-de-emprendedoras-2022-de-corfo\/#primaryimage\"},\"image\":{\"@id\":\"https:\/\/dev.antudigital.cl\/sites\/vc\/postula-a-la-feria-de-emprendedoras-2022-de-corfo\/#primaryimage\"},\"thumbnailUrl\":\"https:\/\/dev.antudigital.cl\/sites\/vc\/wp-content\/uploads\/2022\/07\/Captura-de-Pantalla-2022-07-20-a-las-10.47.26.png\",\"datePublished\":\"2022-07-20T14:48:51+00:00\",\"dateModified\":\"2022-07-20T14:48:56+00:00\",\"author\":{\"@id\":\"https:\/\/dev.antudigital.cl\/sites\/vc\/#\/schema\/person\/c2b9da8dd545e27166fc5ab232837318\"},\"breadcrumb\":{\"@id\":\"https:\/\/dev.antudigital.cl\/sites\/vc\/postula-a-la-feria-de-emprendedoras-2022-de-corfo\/#breadcrumb\"},\"inLanguage\":\"es\",\"potentialAction\":[{\"@type\":\"ReadAction\",\"target\":[\"https:\/\/dev.antudigital.cl\/sites\/vc\/postula-a-la-feria-de-emprendedoras-2022-de-corfo\/\"]}]},{\"@type\":\"ImageObject\",\"inLanguage\":\"es\",\"@id\":\"https:\/\/dev.antudigital.cl\/sites\/vc\/postula-a-la-feria-de-emprendedoras-2022-de-corfo\/#primaryimage\",\"url\":\"https:\/\/dev.antudigital.cl\/sites\/vc\/wp-content\/uploads\/2022\/07\/Captura-de-Pantalla-2022-07-20-a-las-10.47.26.png\",\"contentUrl\":\"https:\/\/dev.antudigital.cl\/sites\/vc\/wp-content\/uploads\/2022\/07\/Captura-de-Pantalla-2022-07-20-a-las-10.47.26.png\",\"width\":1017,\"height\":515},{\"@type\":\"BreadcrumbList\",\"@id\":\"https:\/\/dev.antudigital.cl\/sites\/vc\/postula-a-la-feria-de-emprendedoras-2022-de-corfo\/#breadcrumb\",\"itemListElement\":[{\"@type\":\"ListItem\",\"position\":1,\"name\":\"Home\",\"item\":\"https:\/\/dev.antudigital.cl\/sites\/vc\/\"},{\"@type\":\"ListItem\",\"position\":2,\"name\":\"Postula a la Feria de Emprendedoras 2022 de Corfo\"}]},{\"@type\":\"WebSite\",\"@id\":\"https:\/\/dev.antudigital.cl\/sites\/vc\/#website\",\"url\":\"https:\/\/dev.antudigital.cl\/sites\/vc\/\",\"name\":\"Valpara\u00ed\u00adso Creativo\",\"description\":\"\",\"potentialAction\":[{\"@type\":\"SearchAction\",\"target\":{\"@type\":\"EntryPoint\",\"urlTemplate\":\"https:\/\/dev.antudigital.cl\/sites\/vc\/?s={search_term_string}\"},\"query-input\":{\"@type\":\"PropertyValueSpecification\",\"valueRequired\":true,\"valueName\":\"search_term_string\"}}],\"inLanguage\":\"es\"},{\"@type\":\"Person\",\"@id\":\"https:\/\/dev.antudigital.cl\/sites\/vc\/#\/schema\/person\/c2b9da8dd545e27166fc5ab232837318\",\"name\":\"Valpara\u00edso Creativo\",\"description\":\"Periodista de cultura en la Regi\u00f3n de Valpara\u00edso.\",\"url\":\"https:\/\/dev.antudigital.cl\/sites\/vc\/author\/valpoadmin\/\"}]}<\/script>\n<!-- \/ Yoast SEO plugin. -->","yoast_head_json":{"title":"Postula a la Feria de Emprendedoras 2022 de Corfo - Valpara\u00ed\u00adso Creativo","robots":{"index":"index","follow":"follow","max-snippet":"max-snippet:-1","max-image-preview":"max-image-preview:large","max-video-preview":"max-video-preview:-1"},"canonical":"https:\/\/dev.antudigital.cl\/sites\/vc\/postula-a-la-feria-de-emprendedoras-2022-de-corfo\/","og_locale":"es_ES","og_type":"article","og_title":"Postula a la Feria de Emprendedoras 2022 de Corfo - Valpara\u00ed\u00adso Creativo","og_description":"Atenci\u00f3n emprendedora! CORFO abri\u00f3 las postulaciones para ser parte de la Feria de Emprendedoras 2022. Una vitrina para llegar a m\u00e1s personas con tus productos y servicios. Corfo, el Sistema de las Naciones Unidas en Chile.&nbsp;ProChile e Innovacien,&nbsp;te invitan a participar de una nueva versi\u00f3n de la&nbsp;&nbsp;\u00abFeria Digital de Emprendedoras 2022\u00bb que se realizar\u00e1 el [&hellip;]","og_url":"https:\/\/dev.antudigital.cl\/sites\/vc\/postula-a-la-feria-de-emprendedoras-2022-de-corfo\/","og_site_name":"Valpara\u00ed\u00adso Creativo","article_published_time":"2022-07-20T14:48:51+00:00","article_modified_time":"2022-07-20T14:48:56+00:00","og_image":[{"width":1017,"height":515,"url":"https:\/\/dev.antudigital.cl\/sites\/vc\/wp-content\/uploads\/2022\/07\/Captura-de-Pantalla-2022-07-20-a-las-10.47.26.png","type":"image\/png"}],"author":"Valpara\u00edso Creativo","twitter_card":"summary_large_image","twitter_misc":{"Escrito por":"Valpara\u00edso Creativo","Tiempo de lectura":"1 minuto"},"schema":{"@context":"https:\/\/schema.org","@graph":[{"@type":"Article","@id":"https:\/\/dev.antudigital.cl\/sites\/vc\/postula-a-la-feria-de-emprendedoras-2022-de-corfo\/#article","isPartOf":{"@id":"https:\/\/dev.antudigital.cl\/sites\/vc\/postula-a-la-feria-de-emprendedoras-2022-de-corfo\/"},"author":{"name":"Valpara\u00edso Creativo","@id":"https:\/\/dev.antudigital.cl\/sites\/vc\/#\/schema\/person\/c2b9da8dd545e27166fc5ab232837318"},"headline":"Postula a la Feria de Emprendedoras 2022 de Corfo","datePublished":"2022-07-20T14:48:51+00:00","dateModified":"2022-07-20T14:48:56+00:00","mainEntityOfPage":{"@id":"https:\/\/dev.antudigital.cl\/sites\/vc\/postula-a-la-feria-de-emprendedoras-2022-de-corfo\/"},"wordCount":200,"commentCount":0,"image":{"@id":"https:\/\/dev.antudigital.cl\/sites\/vc\/postula-a-la-feria-de-emprendedoras-2022-de-corfo\/#primaryimage"},"thumbnailUrl":"https:\/\/dev.antudigital.cl\/sites\/vc\/wp-content\/uploads\/2022\/07\/Captura-de-Pantalla-2022-07-20-a-las-10.47.26.png","articleSection":["Noticia"],"inLanguage":"es","potentialAction":[{"@type":"CommentAction","name":"Comment","target":["https:\/\/dev.antudigital.cl\/sites\/vc\/postula-a-la-feria-de-emprendedoras-2022-de-corfo\/#respond"]}]},{"@type":"WebPage","@id":"https:\/\/dev.antudigital.cl\/sites\/vc\/postula-a-la-feria-de-emprendedoras-2022-de-corfo\/","url":"https:\/\/dev.antudigital.cl\/sites\/vc\/postula-a-la-feria-de-emprendedoras-2022-de-corfo\/","name":"Postula a la Feria de Emprendedoras 2022 de Corfo - Valpara\u00ed\u00adso Creativo","isPartOf":{"@id":"https:\/\/dev.antudigital.cl\/sites\/vc\/#website"},"primaryImageOfPage":{"@id":"https:\/\/dev.antudigital.cl\/sites\/vc\/postula-a-la-feria-de-emprendedoras-2022-de-corfo\/#primaryimage"},"image":{"@id":"https:\/\/dev.antudigital.cl\/sites\/vc\/postula-a-la-feria-de-emprendedoras-2022-de-corfo\/#primaryimage"},"thumbnailUrl":"https:\/\/dev.antudigital.cl\/sites\/vc\/wp-content\/uploads\/2022\/07\/Captura-de-Pantalla-2022-07-20-a-las-10.47.26.png","datePublished":"2022-07-20T14:48:51+00:00","dateModified":"2022-07-20T14:48:56+00:00","author":{"@id":"https:\/\/dev.antudigital.cl\/sites\/vc\/#\/schema\/person\/c2b9da8dd545e27166fc5ab232837318"},"breadcrumb":{"@id":"https:\/\/dev.antudigital.cl\/sites\/vc\/postula-a-la-feria-de-emprendedoras-2022-de-corfo\/#breadcrumb"},"inLanguage":"es","potentialAction":[{"@type":"ReadAction","target":["https:\/\/dev.antudigital.cl\/sites\/vc\/postula-a-la-feria-de-emprendedoras-2022-de-corfo\/"]}]},{"@type":"ImageObject","inLanguage":"es","@id":"https:\/\/dev.antudigital.cl\/sites\/vc\/postula-a-la-feria-de-emprendedoras-2022-de-corfo\/#primaryimage","url":"https:\/\/dev.antudigital.cl\/sites\/vc\/wp-content\/uploads\/2022\/07\/Captura-de-Pantalla-2022-07-20-a-las-10.47.26.png","contentUrl":"https:\/\/dev.antudigital.cl\/sites\/vc\/wp-content\/uploads\/2022\/07\/Captura-de-Pantalla-2022-07-20-a-las-10.47.26.png","width":1017,"height":515},{"@type":"BreadcrumbList","@id":"https:\/\/dev.antudigital.cl\/sites\/vc\/postula-a-la-feria-de-emprendedoras-2022-de-corfo\/#breadcrumb","itemListElement":[{"@type":"ListItem","position":1,"name":"Home","item":"https:\/\/dev.antudigital.cl\/sites\/vc\/"},{"@type":"ListItem","position":2,"name":"Postula a la Feria de Emprendedoras 2022 de Corfo"}]},{"@type":"WebSite","@id":"https:\/\/dev.antudigital.cl\/sites\/vc\/#website","url":"https:\/\/dev.antudigital.cl\/sites\/vc\/","name":"Valpara\u00ed\u00adso Creativo","description":"","potentialAction":[{"@type":"SearchAction","target":{"@type":"EntryPoint","urlTemplate":"https:\/\/dev.antudigital.cl\/sites\/vc\/?s={search_term_string}"},"query-input":{"@type":"PropertyValueSpecification","valueRequired":true,"valueName":"search_term_string"}}],"inLanguage":"es"},{"@type":"Person","@id":"https:\/\/dev.antudigital.cl\/sites\/vc\/#\/schema\/person\/c2b9da8dd545e27166fc5ab232837318","name":"Valpara\u00edso Creativo","description":"Periodista de cultura en la Regi\u00f3n de Valpara\u00edso.","url":"https:\/\/dev.antudigital.cl\/sites\/vc\/author\/valpoadmin\/"}]}},"_links":{"self":[{"href":"https:\/\/dev.antudigital.cl\/sites\/vc\/wp-json\/wp\/v2\/posts\/11326","targetHints":{"allow":["GET"]}}],"collection":[{"href":"https:\/\/dev.antudigital.cl\/sites\/vc\/wp-json\/wp\/v2\/posts"}],"about":[{"href":"https:\/\/dev.antudigital.cl\/sites\/vc\/wp-json\/wp\/v2\/types\/post"}],"author":[{"embeddable":true,"href":"https:\/\/dev.antudigital.cl\/sites\/vc\/wp-json\/wp\/v2\/users\/1"}],"replies":[{"embeddable":true,"href":"https:\/\/dev.antudigital.cl\/sites\/vc\/wp-json\/wp\/v2\/comments?post=11326"}],"version-history":[{"count":2,"href":"https:\/\/dev.antudigital.cl\/sites\/vc\/wp-json\/wp\/v2\/posts\/11326\/revisions"}],"predecessor-version":[{"id":11329,"href":"https:\/\/dev.antudigital.cl\/sites\/vc\/wp-json\/wp\/v2\/posts\/11326\/revisions\/11329"}],"wp:featuredmedia":[{"embeddable":true,"href":"https:\/\/dev.antudigital.cl\/sites\/vc\/wp-json\/wp\/v2\/media\/11328"}],"wp:attachment":[{"href":"https:\/\/dev.antudigital.cl\/sites\/vc\/wp-json\/wp\/v2\/media?parent=11326"}],"wp:term":[{"taxonomy":"category","embeddable":true,"href":"https:\/\/dev.antudigital.cl\/sites\/vc\/wp-json\/wp\/v2\/categories?post=11326"},{"taxonomy":"post_tag","embeddable":true,"href":"https:\/\/dev.antudigital.cl\/sites\/vc\/wp-json\/wp\/v2\/tags?post=11326"}],"curies":[{"name":"wp","href":"https:\/\/api.w.org\/{rel}","templated":true}]}}