{"id":11390,"date":"2022-08-08T13:16:11","date_gmt":"2022-08-08T13:16:11","guid":{"rendered":"https:\/\/www.valparaisocreativo.cl\/?p=11390"},"modified":"2022-08-08T13:16:18","modified_gmt":"2022-08-08T13:16:18","slug":"pamelle-debruit-y-mora-lucay-en-espacio-la-compania","status":"publish","type":"post","link":"https:\/\/dev.antudigital.cl\/sites\/vc\/pamelle-debruit-y-mora-lucay-en-espacio-la-compania\/","title":{"rendered":"Pamelle Debruit y Mora Lucay en Espacio La Compa\u00f1\u00eda"},"content":{"rendered":"\n<p>Reserva el viernes 19 de agosto en <a href=\"https:\/\/www.instagram.com\/espaciolacompaniavalparaiso\/\">Espacio La Compa\u00f1\u00eda<\/a> para escuchar la m\u00fasica de las cantautoras porte\u00f1as <a href=\"https:\/\/www.instagram.com\/pamelledebruit\/\">Pamelle Debruit <\/a>y <a href=\"https:\/\/www.instagram.com\/mora_lucay\">Mora Lucay<\/a>.<br><br>Su presentaci\u00f3n lleva de t\u00edtulo \u00ab<a href=\"https:\/\/www.portaldisc.com\/evento\/pamelleymora\">El latir de las canciones<\/a>\u00ab, un viaje desde la primera expresi\u00f3n sonora, donde voz, ukelele y guitarra ir\u00e1n urdiendo canciones junto a la compa\u00f1\u00eda de unos amigos y unas amigas sorpresa.<br><br>&#x1f3ab; Entradas disponibles en <a href=\"https:\/\/www.portaldisc.com\/evento\/pamelleymora\">este link<\/a> a trav\u00e9s de <a href=\"https:\/\/www.instagram.com\/portaldisc\/\">@portaldisc<\/a><br><br>&#x1f4cc; Quienes ya obtuvieron su entrada para la fecha cancelada y asistan a este show reagendado, no se preocupen que sus entradas ser\u00e1n revalidadas en puerta.<br><br>\u00a1Nos vemos!<\/p>\n\n\n\n<figure class=\"wp-block-image size-large\"><img fetchpriority=\"high\" decoding=\"async\" width=\"1024\" height=\"1024\" src=\"https:\/\/www.valparaisocreativo.cl\/wp-content\/uploads\/2022\/08\/MORA-Pamelle-1024x1024.jpg\" alt=\"\" class=\"wp-image-11391\" srcset=\"https:\/\/dev.antudigital.cl\/sites\/vc\/wp-content\/uploads\/2022\/08\/MORA-Pamelle-1024x1024.jpg 1024w, https:\/\/dev.antudigital.cl\/sites\/vc\/wp-content\/uploads\/2022\/08\/MORA-Pamelle-300x300.jpg 300w, https:\/\/dev.antudigital.cl\/sites\/vc\/wp-content\/uploads\/2022\/08\/MORA-Pamelle-150x150.jpg 150w, https:\/\/dev.antudigital.cl\/sites\/vc\/wp-content\/uploads\/2022\/08\/MORA-Pamelle-768x768.jpg 768w, https:\/\/dev.antudigital.cl\/sites\/vc\/wp-content\/uploads\/2022\/08\/MORA-Pamelle-1080x1080.jpg 1080w, https:\/\/dev.antudigital.cl\/sites\/vc\/wp-content\/uploads\/2022\/08\/MORA-Pamelle-1280x1280.jpg 1280w, https:\/\/dev.antudigital.cl\/sites\/vc\/wp-content\/uploads\/2022\/08\/MORA-Pamelle-980x980.jpg 980w, https:\/\/dev.antudigital.cl\/sites\/vc\/wp-content\/uploads\/2022\/08\/MORA-Pamelle-480x480.jpg 480w, https:\/\/dev.antudigital.cl\/sites\/vc\/wp-content\/uploads\/2022\/08\/MORA-Pamelle.jpg 1399w\" sizes=\"(max-width: 1024px) 100vw, 1024px\" \/><\/figure>\n","protected":false},"excerpt":{"rendered":"<p>Reserva el viernes 19 de agosto en Espacio La Compa\u00f1\u00eda para escuchar la m\u00fasica de las cantautoras porte\u00f1as Pamelle Debruit y Mora Lucay. Su presentaci\u00f3n lleva de t\u00edtulo \u00abEl latir de las canciones\u00ab, un viaje desde la primera expresi\u00f3n sonora, donde voz, ukelele y guitarra ir\u00e1n urdiendo canciones junto a la compa\u00f1\u00eda de unos amigos [&hellip;]<\/p>\n","protected":false},"author":1,"featured_media":11392,"comment_status":"open","ping_status":"closed","sticky":false,"template":"","format":"standard","meta":{"_acf_changed":false,"footnotes":""},"categories":[8],"tags":[],"class_list":["post-11390","post","type-post","status-publish","format-standard","has-post-thumbnail","hentry","category-noticia"],"acf":[],"yoast_head":"<!-- This site is optimized with the Yoast SEO plugin v27.1.1 - https:\/\/yoast.com\/product\/yoast-seo-wordpress\/ -->\n<title>Pamelle Debruit y Mora Lucay en Espacio La Compa\u00f1\u00eda - Valpara\u00ed\u00adso Creativo<\/title>\n<meta name=\"robots\" content=\"index, follow, max-snippet:-1, max-image-preview:large, max-video-preview:-1\" \/>\n<link rel=\"canonical\" href=\"https:\/\/dev.antudigital.cl\/sites\/vc\/pamelle-debruit-y-mora-lucay-en-espacio-la-compania\/\" \/>\n<meta property=\"og:locale\" content=\"es_ES\" \/>\n<meta property=\"og:type\" content=\"article\" \/>\n<meta property=\"og:title\" content=\"Pamelle Debruit y Mora Lucay en Espacio La Compa\u00f1\u00eda - Valpara\u00ed\u00adso Creativo\" \/>\n<meta property=\"og:description\" content=\"Reserva el viernes 19 de agosto en Espacio La Compa\u00f1\u00eda para escuchar la m\u00fasica de las cantautoras porte\u00f1as Pamelle Debruit y Mora Lucay. Su presentaci\u00f3n lleva de t\u00edtulo \u00abEl latir de las canciones\u00ab, un viaje desde la primera expresi\u00f3n sonora, donde voz, ukelele y guitarra ir\u00e1n urdiendo canciones junto a la compa\u00f1\u00eda de unos amigos [&hellip;]\" \/>\n<meta property=\"og:url\" content=\"https:\/\/dev.antudigital.cl\/sites\/vc\/pamelle-debruit-y-mora-lucay-en-espacio-la-compania\/\" \/>\n<meta property=\"og:site_name\" content=\"Valpara\u00ed\u00adso Creativo\" \/>\n<meta property=\"article:published_time\" content=\"2022-08-08T13:16:11+00:00\" \/>\n<meta property=\"article:modified_time\" content=\"2022-08-08T13:16:18+00:00\" \/>\n<meta property=\"og:image\" content=\"https:\/\/dev.antudigital.cl\/sites\/vc\/wp-content\/uploads\/2022\/08\/maxresdefault.jpg\" \/>\n\t<meta property=\"og:image:width\" content=\"1280\" \/>\n\t<meta property=\"og:image:height\" content=\"720\" \/>\n\t<meta property=\"og:image:type\" content=\"image\/jpeg\" \/>\n<meta name=\"author\" content=\"Valpara\u00edso Creativo\" \/>\n<meta name=\"twitter:card\" content=\"summary_large_image\" \/>\n<meta name=\"twitter:label1\" content=\"Escrito por\" \/>\n\t<meta name=\"twitter:data1\" content=\"Valpara\u00edso Creativo\" \/>\n\t<meta name=\"twitter:label2\" content=\"Tiempo de lectura\" \/>\n\t<meta name=\"twitter:data2\" content=\"1 minuto\" \/>\n<script type=\"application\/ld+json\" class=\"yoast-schema-graph\">{\"@context\":\"https:\/\/schema.org\",\"@graph\":[{\"@type\":\"Article\",\"@id\":\"https:\/\/dev.antudigital.cl\/sites\/vc\/pamelle-debruit-y-mora-lucay-en-espacio-la-compania\/#article\",\"isPartOf\":{\"@id\":\"https:\/\/dev.antudigital.cl\/sites\/vc\/pamelle-debruit-y-mora-lucay-en-espacio-la-compania\/\"},\"author\":{\"name\":\"Valpara\u00edso Creativo\",\"@id\":\"https:\/\/dev.antudigital.cl\/sites\/vc\/#\/schema\/person\/c2b9da8dd545e27166fc5ab232837318\"},\"headline\":\"Pamelle Debruit y Mora Lucay en Espacio La Compa\u00f1\u00eda\",\"datePublished\":\"2022-08-08T13:16:11+00:00\",\"dateModified\":\"2022-08-08T13:16:18+00:00\",\"mainEntityOfPage\":{\"@id\":\"https:\/\/dev.antudigital.cl\/sites\/vc\/pamelle-debruit-y-mora-lucay-en-espacio-la-compania\/\"},\"wordCount\":120,\"commentCount\":0,\"image\":{\"@id\":\"https:\/\/dev.antudigital.cl\/sites\/vc\/pamelle-debruit-y-mora-lucay-en-espacio-la-compania\/#primaryimage\"},\"thumbnailUrl\":\"https:\/\/dev.antudigital.cl\/sites\/vc\/wp-content\/uploads\/2022\/08\/maxresdefault.jpg\",\"articleSection\":[\"Noticia\"],\"inLanguage\":\"es\",\"potentialAction\":[{\"@type\":\"CommentAction\",\"name\":\"Comment\",\"target\":[\"https:\/\/dev.antudigital.cl\/sites\/vc\/pamelle-debruit-y-mora-lucay-en-espacio-la-compania\/#respond\"]}]},{\"@type\":\"WebPage\",\"@id\":\"https:\/\/dev.antudigital.cl\/sites\/vc\/pamelle-debruit-y-mora-lucay-en-espacio-la-compania\/\",\"url\":\"https:\/\/dev.antudigital.cl\/sites\/vc\/pamelle-debruit-y-mora-lucay-en-espacio-la-compania\/\",\"name\":\"Pamelle Debruit y Mora Lucay en Espacio La Compa\u00f1\u00eda - Valpara\u00ed\u00adso Creativo\",\"isPartOf\":{\"@id\":\"https:\/\/dev.antudigital.cl\/sites\/vc\/#website\"},\"primaryImageOfPage\":{\"@id\":\"https:\/\/dev.antudigital.cl\/sites\/vc\/pamelle-debruit-y-mora-lucay-en-espacio-la-compania\/#primaryimage\"},\"image\":{\"@id\":\"https:\/\/dev.antudigital.cl\/sites\/vc\/pamelle-debruit-y-mora-lucay-en-espacio-la-compania\/#primaryimage\"},\"thumbnailUrl\":\"https:\/\/dev.antudigital.cl\/sites\/vc\/wp-content\/uploads\/2022\/08\/maxresdefault.jpg\",\"datePublished\":\"2022-08-08T13:16:11+00:00\",\"dateModified\":\"2022-08-08T13:16:18+00:00\",\"author\":{\"@id\":\"https:\/\/dev.antudigital.cl\/sites\/vc\/#\/schema\/person\/c2b9da8dd545e27166fc5ab232837318\"},\"breadcrumb\":{\"@id\":\"https:\/\/dev.antudigital.cl\/sites\/vc\/pamelle-debruit-y-mora-lucay-en-espacio-la-compania\/#breadcrumb\"},\"inLanguage\":\"es\",\"potentialAction\":[{\"@type\":\"ReadAction\",\"target\":[\"https:\/\/dev.antudigital.cl\/sites\/vc\/pamelle-debruit-y-mora-lucay-en-espacio-la-compania\/\"]}]},{\"@type\":\"ImageObject\",\"inLanguage\":\"es\",\"@id\":\"https:\/\/dev.antudigital.cl\/sites\/vc\/pamelle-debruit-y-mora-lucay-en-espacio-la-compania\/#primaryimage\",\"url\":\"https:\/\/dev.antudigital.cl\/sites\/vc\/wp-content\/uploads\/2022\/08\/maxresdefault.jpg\",\"contentUrl\":\"https:\/\/dev.antudigital.cl\/sites\/vc\/wp-content\/uploads\/2022\/08\/maxresdefault.jpg\",\"width\":1280,\"height\":720},{\"@type\":\"BreadcrumbList\",\"@id\":\"https:\/\/dev.antudigital.cl\/sites\/vc\/pamelle-debruit-y-mora-lucay-en-espacio-la-compania\/#breadcrumb\",\"itemListElement\":[{\"@type\":\"ListItem\",\"position\":1,\"name\":\"Home\",\"item\":\"https:\/\/dev.antudigital.cl\/sites\/vc\/\"},{\"@type\":\"ListItem\",\"position\":2,\"name\":\"Pamelle Debruit y Mora Lucay en Espacio La Compa\u00f1\u00eda\"}]},{\"@type\":\"WebSite\",\"@id\":\"https:\/\/dev.antudigital.cl\/sites\/vc\/#website\",\"url\":\"https:\/\/dev.antudigital.cl\/sites\/vc\/\",\"name\":\"Valpara\u00ed\u00adso Creativo\",\"description\":\"\",\"potentialAction\":[{\"@type\":\"SearchAction\",\"target\":{\"@type\":\"EntryPoint\",\"urlTemplate\":\"https:\/\/dev.antudigital.cl\/sites\/vc\/?s={search_term_string}\"},\"query-input\":{\"@type\":\"PropertyValueSpecification\",\"valueRequired\":true,\"valueName\":\"search_term_string\"}}],\"inLanguage\":\"es\"},{\"@type\":\"Person\",\"@id\":\"https:\/\/dev.antudigital.cl\/sites\/vc\/#\/schema\/person\/c2b9da8dd545e27166fc5ab232837318\",\"name\":\"Valpara\u00edso Creativo\",\"description\":\"Periodista de cultura en la Regi\u00f3n de Valpara\u00edso.\",\"url\":\"https:\/\/dev.antudigital.cl\/sites\/vc\/author\/valpoadmin\/\"}]}<\/script>\n<!-- \/ Yoast SEO plugin. -->","yoast_head_json":{"title":"Pamelle Debruit y Mora Lucay en Espacio La Compa\u00f1\u00eda - Valpara\u00ed\u00adso Creativo","robots":{"index":"index","follow":"follow","max-snippet":"max-snippet:-1","max-image-preview":"max-image-preview:large","max-video-preview":"max-video-preview:-1"},"canonical":"https:\/\/dev.antudigital.cl\/sites\/vc\/pamelle-debruit-y-mora-lucay-en-espacio-la-compania\/","og_locale":"es_ES","og_type":"article","og_title":"Pamelle Debruit y Mora Lucay en Espacio La Compa\u00f1\u00eda - Valpara\u00ed\u00adso Creativo","og_description":"Reserva el viernes 19 de agosto en Espacio La Compa\u00f1\u00eda para escuchar la m\u00fasica de las cantautoras porte\u00f1as Pamelle Debruit y Mora Lucay. Su presentaci\u00f3n lleva de t\u00edtulo \u00abEl latir de las canciones\u00ab, un viaje desde la primera expresi\u00f3n sonora, donde voz, ukelele y guitarra ir\u00e1n urdiendo canciones junto a la compa\u00f1\u00eda de unos amigos [&hellip;]","og_url":"https:\/\/dev.antudigital.cl\/sites\/vc\/pamelle-debruit-y-mora-lucay-en-espacio-la-compania\/","og_site_name":"Valpara\u00ed\u00adso Creativo","article_published_time":"2022-08-08T13:16:11+00:00","article_modified_time":"2022-08-08T13:16:18+00:00","og_image":[{"width":1280,"height":720,"url":"https:\/\/dev.antudigital.cl\/sites\/vc\/wp-content\/uploads\/2022\/08\/maxresdefault.jpg","type":"image\/jpeg"}],"author":"Valpara\u00edso Creativo","twitter_card":"summary_large_image","twitter_misc":{"Escrito por":"Valpara\u00edso Creativo","Tiempo de lectura":"1 minuto"},"schema":{"@context":"https:\/\/schema.org","@graph":[{"@type":"Article","@id":"https:\/\/dev.antudigital.cl\/sites\/vc\/pamelle-debruit-y-mora-lucay-en-espacio-la-compania\/#article","isPartOf":{"@id":"https:\/\/dev.antudigital.cl\/sites\/vc\/pamelle-debruit-y-mora-lucay-en-espacio-la-compania\/"},"author":{"name":"Valpara\u00edso Creativo","@id":"https:\/\/dev.antudigital.cl\/sites\/vc\/#\/schema\/person\/c2b9da8dd545e27166fc5ab232837318"},"headline":"Pamelle Debruit y Mora Lucay en Espacio La Compa\u00f1\u00eda","datePublished":"2022-08-08T13:16:11+00:00","dateModified":"2022-08-08T13:16:18+00:00","mainEntityOfPage":{"@id":"https:\/\/dev.antudigital.cl\/sites\/vc\/pamelle-debruit-y-mora-lucay-en-espacio-la-compania\/"},"wordCount":120,"commentCount":0,"image":{"@id":"https:\/\/dev.antudigital.cl\/sites\/vc\/pamelle-debruit-y-mora-lucay-en-espacio-la-compania\/#primaryimage"},"thumbnailUrl":"https:\/\/dev.antudigital.cl\/sites\/vc\/wp-content\/uploads\/2022\/08\/maxresdefault.jpg","articleSection":["Noticia"],"inLanguage":"es","potentialAction":[{"@type":"CommentAction","name":"Comment","target":["https:\/\/dev.antudigital.cl\/sites\/vc\/pamelle-debruit-y-mora-lucay-en-espacio-la-compania\/#respond"]}]},{"@type":"WebPage","@id":"https:\/\/dev.antudigital.cl\/sites\/vc\/pamelle-debruit-y-mora-lucay-en-espacio-la-compania\/","url":"https:\/\/dev.antudigital.cl\/sites\/vc\/pamelle-debruit-y-mora-lucay-en-espacio-la-compania\/","name":"Pamelle Debruit y Mora Lucay en Espacio La Compa\u00f1\u00eda - Valpara\u00ed\u00adso Creativo","isPartOf":{"@id":"https:\/\/dev.antudigital.cl\/sites\/vc\/#website"},"primaryImageOfPage":{"@id":"https:\/\/dev.antudigital.cl\/sites\/vc\/pamelle-debruit-y-mora-lucay-en-espacio-la-compania\/#primaryimage"},"image":{"@id":"https:\/\/dev.antudigital.cl\/sites\/vc\/pamelle-debruit-y-mora-lucay-en-espacio-la-compania\/#primaryimage"},"thumbnailUrl":"https:\/\/dev.antudigital.cl\/sites\/vc\/wp-content\/uploads\/2022\/08\/maxresdefault.jpg","datePublished":"2022-08-08T13:16:11+00:00","dateModified":"2022-08-08T13:16:18+00:00","author":{"@id":"https:\/\/dev.antudigital.cl\/sites\/vc\/#\/schema\/person\/c2b9da8dd545e27166fc5ab232837318"},"breadcrumb":{"@id":"https:\/\/dev.antudigital.cl\/sites\/vc\/pamelle-debruit-y-mora-lucay-en-espacio-la-compania\/#breadcrumb"},"inLanguage":"es","potentialAction":[{"@type":"ReadAction","target":["https:\/\/dev.antudigital.cl\/sites\/vc\/pamelle-debruit-y-mora-lucay-en-espacio-la-compania\/"]}]},{"@type":"ImageObject","inLanguage":"es","@id":"https:\/\/dev.antudigital.cl\/sites\/vc\/pamelle-debruit-y-mora-lucay-en-espacio-la-compania\/#primaryimage","url":"https:\/\/dev.antudigital.cl\/sites\/vc\/wp-content\/uploads\/2022\/08\/maxresdefault.jpg","contentUrl":"https:\/\/dev.antudigital.cl\/sites\/vc\/wp-content\/uploads\/2022\/08\/maxresdefault.jpg","width":1280,"height":720},{"@type":"BreadcrumbList","@id":"https:\/\/dev.antudigital.cl\/sites\/vc\/pamelle-debruit-y-mora-lucay-en-espacio-la-compania\/#breadcrumb","itemListElement":[{"@type":"ListItem","position":1,"name":"Home","item":"https:\/\/dev.antudigital.cl\/sites\/vc\/"},{"@type":"ListItem","position":2,"name":"Pamelle Debruit y Mora Lucay en Espacio La Compa\u00f1\u00eda"}]},{"@type":"WebSite","@id":"https:\/\/dev.antudigital.cl\/sites\/vc\/#website","url":"https:\/\/dev.antudigital.cl\/sites\/vc\/","name":"Valpara\u00ed\u00adso Creativo","description":"","potentialAction":[{"@type":"SearchAction","target":{"@type":"EntryPoint","urlTemplate":"https:\/\/dev.antudigital.cl\/sites\/vc\/?s={search_term_string}"},"query-input":{"@type":"PropertyValueSpecification","valueRequired":true,"valueName":"search_term_string"}}],"inLanguage":"es"},{"@type":"Person","@id":"https:\/\/dev.antudigital.cl\/sites\/vc\/#\/schema\/person\/c2b9da8dd545e27166fc5ab232837318","name":"Valpara\u00edso Creativo","description":"Periodista de cultura en la Regi\u00f3n de Valpara\u00edso.","url":"https:\/\/dev.antudigital.cl\/sites\/vc\/author\/valpoadmin\/"}]}},"_links":{"self":[{"href":"https:\/\/dev.antudigital.cl\/sites\/vc\/wp-json\/wp\/v2\/posts\/11390","targetHints":{"allow":["GET"]}}],"collection":[{"href":"https:\/\/dev.antudigital.cl\/sites\/vc\/wp-json\/wp\/v2\/posts"}],"about":[{"href":"https:\/\/dev.antudigital.cl\/sites\/vc\/wp-json\/wp\/v2\/types\/post"}],"author":[{"embeddable":true,"href":"https:\/\/dev.antudigital.cl\/sites\/vc\/wp-json\/wp\/v2\/users\/1"}],"replies":[{"embeddable":true,"href":"https:\/\/dev.antudigital.cl\/sites\/vc\/wp-json\/wp\/v2\/comments?post=11390"}],"version-history":[{"count":1,"href":"https:\/\/dev.antudigital.cl\/sites\/vc\/wp-json\/wp\/v2\/posts\/11390\/revisions"}],"predecessor-version":[{"id":11393,"href":"https:\/\/dev.antudigital.cl\/sites\/vc\/wp-json\/wp\/v2\/posts\/11390\/revisions\/11393"}],"wp:featuredmedia":[{"embeddable":true,"href":"https:\/\/dev.antudigital.cl\/sites\/vc\/wp-json\/wp\/v2\/media\/11392"}],"wp:attachment":[{"href":"https:\/\/dev.antudigital.cl\/sites\/vc\/wp-json\/wp\/v2\/media?parent=11390"}],"wp:term":[{"taxonomy":"category","embeddable":true,"href":"https:\/\/dev.antudigital.cl\/sites\/vc\/wp-json\/wp\/v2\/categories?post=11390"},{"taxonomy":"post_tag","embeddable":true,"href":"https:\/\/dev.antudigital.cl\/sites\/vc\/wp-json\/wp\/v2\/tags?post=11390"}],"curies":[{"name":"wp","href":"https:\/\/api.w.org\/{rel}","templated":true}]}}