{"id":11410,"date":"2022-08-08T13:38:47","date_gmt":"2022-08-08T13:38:47","guid":{"rendered":"https:\/\/www.valparaisocreativo.cl\/?p=11410"},"modified":"2022-08-08T13:38:53","modified_gmt":"2022-08-08T13:38:53","slug":"noches-de-magia-en-sala-secreta","status":"publish","type":"post","link":"https:\/\/dev.antudigital.cl\/sites\/vc\/noches-de-magia-en-sala-secreta\/","title":{"rendered":"Noches de Magia en Sala Secreta"},"content":{"rendered":"\n<p>En <a href=\"https:\/\/www.instagram.com\/salasecreta.cl\/\">Sala Secreta<\/a> tienen noches de magia todos los S\u00e1bados. Esta es su cartelera de Agosto, de la que puedes comprar y reservar entradas por mensaje a sus redes sosciales (@salascreta.cl) para el show que quieras (son cupos limitados).<br><br>06\/08: Mago Pablo Leal <a href=\"https:\/\/www.instagram.com\/magopabloleal\/\">@magopabloleal<\/a><br>13\/08: Sebasti\u00e1n Maureira <a href=\"https:\/\/www.instagram.com\/smaureira.a\/\">@smaureira.a<\/a><br>20\/07: H\u00e9ctor Vivallo <a href=\"https:\/\/www.instagram.com\/hectorvivallop\/\">@hectorvivallop<\/a><br>27\/07: Crist\u00f3bal Jeria <a href=\"https:\/\/www.instagram.com\/cjeria.magia\/\">@cjeria.magia<\/a> &#8211;  Sebasti\u00e1n Contreras <a href=\"https:\/\/www.instagram.com\/sc.lemus\/\">@sc.lemus<\/a><br><br>Sala secreta est\u00e1 ubicada en el piso subterr\u00e1neo <a href=\"https:\/\/www.instagram.com\/elinternadovalpo\/\">del @elinternadovalpo<\/a> &#x1f4cd;.<br><br>La invitaci\u00f3n para el asombro est\u00e1 hecha.<\/p>\n\n\n\n<figure class=\"wp-block-image size-full\"><img fetchpriority=\"high\" decoding=\"async\" width=\"482\" height=\"490\" src=\"https:\/\/www.valparaisocreativo.cl\/wp-content\/uploads\/2022\/08\/Captura-de-Pantalla-2022-08-07-a-las-20.52.59.png\" alt=\"\" class=\"wp-image-11411\" srcset=\"https:\/\/dev.antudigital.cl\/sites\/vc\/wp-content\/uploads\/2022\/08\/Captura-de-Pantalla-2022-08-07-a-las-20.52.59.png 482w, https:\/\/dev.antudigital.cl\/sites\/vc\/wp-content\/uploads\/2022\/08\/Captura-de-Pantalla-2022-08-07-a-las-20.52.59-295x300.png 295w, https:\/\/dev.antudigital.cl\/sites\/vc\/wp-content\/uploads\/2022\/08\/Captura-de-Pantalla-2022-08-07-a-las-20.52.59-480x488.png 480w\" sizes=\"(max-width: 482px) 100vw, 482px\" \/><\/figure>\n","protected":false},"excerpt":{"rendered":"<p>En Sala Secreta tienen noches de magia todos los S\u00e1bados. Esta es su cartelera de Agosto, de la que puedes comprar y reservar entradas por mensaje a sus redes sosciales (@salascreta.cl) para el show que quieras (son cupos limitados). 06\/08: Mago Pablo Leal @magopabloleal13\/08: Sebasti\u00e1n Maureira @smaureira.a20\/07: H\u00e9ctor Vivallo @hectorvivallop27\/07: Crist\u00f3bal Jeria @cjeria.magia &#8211; Sebasti\u00e1n [&hellip;]<\/p>\n","protected":false},"author":1,"featured_media":11412,"comment_status":"open","ping_status":"closed","sticky":false,"template":"","format":"standard","meta":{"_acf_changed":false,"footnotes":""},"categories":[8],"tags":[],"class_list":["post-11410","post","type-post","status-publish","format-standard","has-post-thumbnail","hentry","category-noticia"],"acf":[],"yoast_head":"<!-- This site is optimized with the Yoast SEO plugin v27.1.1 - https:\/\/yoast.com\/product\/yoast-seo-wordpress\/ -->\n<title>Noches de Magia en Sala Secreta - Valpara\u00ed\u00adso Creativo<\/title>\n<meta name=\"robots\" content=\"index, follow, max-snippet:-1, max-image-preview:large, max-video-preview:-1\" \/>\n<link rel=\"canonical\" href=\"https:\/\/dev.antudigital.cl\/sites\/vc\/noches-de-magia-en-sala-secreta\/\" \/>\n<meta property=\"og:locale\" content=\"es_ES\" \/>\n<meta property=\"og:type\" content=\"article\" \/>\n<meta property=\"og:title\" content=\"Noches de Magia en Sala Secreta - Valpara\u00ed\u00adso Creativo\" \/>\n<meta property=\"og:description\" content=\"En Sala Secreta tienen noches de magia todos los S\u00e1bados. Esta es su cartelera de Agosto, de la que puedes comprar y reservar entradas por mensaje a sus redes sosciales (@salascreta.cl) para el show que quieras (son cupos limitados). 06\/08: Mago Pablo Leal @magopabloleal13\/08: Sebasti\u00e1n Maureira @smaureira.a20\/07: H\u00e9ctor Vivallo @hectorvivallop27\/07: Crist\u00f3bal Jeria @cjeria.magia &#8211; Sebasti\u00e1n [&hellip;]\" \/>\n<meta property=\"og:url\" content=\"https:\/\/dev.antudigital.cl\/sites\/vc\/noches-de-magia-en-sala-secreta\/\" \/>\n<meta property=\"og:site_name\" content=\"Valpara\u00ed\u00adso Creativo\" \/>\n<meta property=\"article:published_time\" content=\"2022-08-08T13:38:47+00:00\" \/>\n<meta property=\"article:modified_time\" content=\"2022-08-08T13:38:53+00:00\" \/>\n<meta property=\"og:image\" content=\"https:\/\/dev.antudigital.cl\/sites\/vc\/wp-content\/uploads\/2022\/08\/cerro-alegre.jpg\" \/>\n\t<meta property=\"og:image:width\" content=\"550\" \/>\n\t<meta property=\"og:image:height\" content=\"309\" \/>\n\t<meta property=\"og:image:type\" content=\"image\/jpeg\" \/>\n<meta name=\"author\" content=\"Valpara\u00edso Creativo\" \/>\n<meta name=\"twitter:card\" content=\"summary_large_image\" \/>\n<meta name=\"twitter:label1\" content=\"Escrito por\" \/>\n\t<meta name=\"twitter:data1\" content=\"Valpara\u00edso Creativo\" \/>\n\t<meta name=\"twitter:label2\" content=\"Tiempo de lectura\" \/>\n\t<meta name=\"twitter:data2\" content=\"1 minuto\" \/>\n<script type=\"application\/ld+json\" class=\"yoast-schema-graph\">{\"@context\":\"https:\/\/schema.org\",\"@graph\":[{\"@type\":\"Article\",\"@id\":\"https:\/\/dev.antudigital.cl\/sites\/vc\/noches-de-magia-en-sala-secreta\/#article\",\"isPartOf\":{\"@id\":\"https:\/\/dev.antudigital.cl\/sites\/vc\/noches-de-magia-en-sala-secreta\/\"},\"author\":{\"name\":\"Valpara\u00edso Creativo\",\"@id\":\"https:\/\/dev.antudigital.cl\/sites\/vc\/#\/schema\/person\/c2b9da8dd545e27166fc5ab232837318\"},\"headline\":\"Noches de Magia en Sala Secreta\",\"datePublished\":\"2022-08-08T13:38:47+00:00\",\"dateModified\":\"2022-08-08T13:38:53+00:00\",\"mainEntityOfPage\":{\"@id\":\"https:\/\/dev.antudigital.cl\/sites\/vc\/noches-de-magia-en-sala-secreta\/\"},\"wordCount\":93,\"commentCount\":0,\"image\":{\"@id\":\"https:\/\/dev.antudigital.cl\/sites\/vc\/noches-de-magia-en-sala-secreta\/#primaryimage\"},\"thumbnailUrl\":\"https:\/\/dev.antudigital.cl\/sites\/vc\/wp-content\/uploads\/2022\/08\/cerro-alegre.jpg\",\"articleSection\":[\"Noticia\"],\"inLanguage\":\"es\",\"potentialAction\":[{\"@type\":\"CommentAction\",\"name\":\"Comment\",\"target\":[\"https:\/\/dev.antudigital.cl\/sites\/vc\/noches-de-magia-en-sala-secreta\/#respond\"]}]},{\"@type\":\"WebPage\",\"@id\":\"https:\/\/dev.antudigital.cl\/sites\/vc\/noches-de-magia-en-sala-secreta\/\",\"url\":\"https:\/\/dev.antudigital.cl\/sites\/vc\/noches-de-magia-en-sala-secreta\/\",\"name\":\"Noches de Magia en Sala Secreta - Valpara\u00ed\u00adso Creativo\",\"isPartOf\":{\"@id\":\"https:\/\/dev.antudigital.cl\/sites\/vc\/#website\"},\"primaryImageOfPage\":{\"@id\":\"https:\/\/dev.antudigital.cl\/sites\/vc\/noches-de-magia-en-sala-secreta\/#primaryimage\"},\"image\":{\"@id\":\"https:\/\/dev.antudigital.cl\/sites\/vc\/noches-de-magia-en-sala-secreta\/#primaryimage\"},\"thumbnailUrl\":\"https:\/\/dev.antudigital.cl\/sites\/vc\/wp-content\/uploads\/2022\/08\/cerro-alegre.jpg\",\"datePublished\":\"2022-08-08T13:38:47+00:00\",\"dateModified\":\"2022-08-08T13:38:53+00:00\",\"author\":{\"@id\":\"https:\/\/dev.antudigital.cl\/sites\/vc\/#\/schema\/person\/c2b9da8dd545e27166fc5ab232837318\"},\"breadcrumb\":{\"@id\":\"https:\/\/dev.antudigital.cl\/sites\/vc\/noches-de-magia-en-sala-secreta\/#breadcrumb\"},\"inLanguage\":\"es\",\"potentialAction\":[{\"@type\":\"ReadAction\",\"target\":[\"https:\/\/dev.antudigital.cl\/sites\/vc\/noches-de-magia-en-sala-secreta\/\"]}]},{\"@type\":\"ImageObject\",\"inLanguage\":\"es\",\"@id\":\"https:\/\/dev.antudigital.cl\/sites\/vc\/noches-de-magia-en-sala-secreta\/#primaryimage\",\"url\":\"https:\/\/dev.antudigital.cl\/sites\/vc\/wp-content\/uploads\/2022\/08\/cerro-alegre.jpg\",\"contentUrl\":\"https:\/\/dev.antudigital.cl\/sites\/vc\/wp-content\/uploads\/2022\/08\/cerro-alegre.jpg\",\"width\":550,\"height\":309},{\"@type\":\"BreadcrumbList\",\"@id\":\"https:\/\/dev.antudigital.cl\/sites\/vc\/noches-de-magia-en-sala-secreta\/#breadcrumb\",\"itemListElement\":[{\"@type\":\"ListItem\",\"position\":1,\"name\":\"Home\",\"item\":\"https:\/\/dev.antudigital.cl\/sites\/vc\/\"},{\"@type\":\"ListItem\",\"position\":2,\"name\":\"Noches de Magia en Sala Secreta\"}]},{\"@type\":\"WebSite\",\"@id\":\"https:\/\/dev.antudigital.cl\/sites\/vc\/#website\",\"url\":\"https:\/\/dev.antudigital.cl\/sites\/vc\/\",\"name\":\"Valpara\u00ed\u00adso Creativo\",\"description\":\"\",\"potentialAction\":[{\"@type\":\"SearchAction\",\"target\":{\"@type\":\"EntryPoint\",\"urlTemplate\":\"https:\/\/dev.antudigital.cl\/sites\/vc\/?s={search_term_string}\"},\"query-input\":{\"@type\":\"PropertyValueSpecification\",\"valueRequired\":true,\"valueName\":\"search_term_string\"}}],\"inLanguage\":\"es\"},{\"@type\":\"Person\",\"@id\":\"https:\/\/dev.antudigital.cl\/sites\/vc\/#\/schema\/person\/c2b9da8dd545e27166fc5ab232837318\",\"name\":\"Valpara\u00edso Creativo\",\"description\":\"Periodista de cultura en la Regi\u00f3n de Valpara\u00edso.\",\"url\":\"https:\/\/dev.antudigital.cl\/sites\/vc\/author\/valpoadmin\/\"}]}<\/script>\n<!-- \/ Yoast SEO plugin. -->","yoast_head_json":{"title":"Noches de Magia en Sala Secreta - Valpara\u00ed\u00adso Creativo","robots":{"index":"index","follow":"follow","max-snippet":"max-snippet:-1","max-image-preview":"max-image-preview:large","max-video-preview":"max-video-preview:-1"},"canonical":"https:\/\/dev.antudigital.cl\/sites\/vc\/noches-de-magia-en-sala-secreta\/","og_locale":"es_ES","og_type":"article","og_title":"Noches de Magia en Sala Secreta - Valpara\u00ed\u00adso Creativo","og_description":"En Sala Secreta tienen noches de magia todos los S\u00e1bados. Esta es su cartelera de Agosto, de la que puedes comprar y reservar entradas por mensaje a sus redes sosciales (@salascreta.cl) para el show que quieras (son cupos limitados). 06\/08: Mago Pablo Leal @magopabloleal13\/08: Sebasti\u00e1n Maureira @smaureira.a20\/07: H\u00e9ctor Vivallo @hectorvivallop27\/07: Crist\u00f3bal Jeria @cjeria.magia &#8211; Sebasti\u00e1n [&hellip;]","og_url":"https:\/\/dev.antudigital.cl\/sites\/vc\/noches-de-magia-en-sala-secreta\/","og_site_name":"Valpara\u00ed\u00adso Creativo","article_published_time":"2022-08-08T13:38:47+00:00","article_modified_time":"2022-08-08T13:38:53+00:00","og_image":[{"width":550,"height":309,"url":"https:\/\/dev.antudigital.cl\/sites\/vc\/wp-content\/uploads\/2022\/08\/cerro-alegre.jpg","type":"image\/jpeg"}],"author":"Valpara\u00edso Creativo","twitter_card":"summary_large_image","twitter_misc":{"Escrito por":"Valpara\u00edso Creativo","Tiempo de lectura":"1 minuto"},"schema":{"@context":"https:\/\/schema.org","@graph":[{"@type":"Article","@id":"https:\/\/dev.antudigital.cl\/sites\/vc\/noches-de-magia-en-sala-secreta\/#article","isPartOf":{"@id":"https:\/\/dev.antudigital.cl\/sites\/vc\/noches-de-magia-en-sala-secreta\/"},"author":{"name":"Valpara\u00edso Creativo","@id":"https:\/\/dev.antudigital.cl\/sites\/vc\/#\/schema\/person\/c2b9da8dd545e27166fc5ab232837318"},"headline":"Noches de Magia en Sala Secreta","datePublished":"2022-08-08T13:38:47+00:00","dateModified":"2022-08-08T13:38:53+00:00","mainEntityOfPage":{"@id":"https:\/\/dev.antudigital.cl\/sites\/vc\/noches-de-magia-en-sala-secreta\/"},"wordCount":93,"commentCount":0,"image":{"@id":"https:\/\/dev.antudigital.cl\/sites\/vc\/noches-de-magia-en-sala-secreta\/#primaryimage"},"thumbnailUrl":"https:\/\/dev.antudigital.cl\/sites\/vc\/wp-content\/uploads\/2022\/08\/cerro-alegre.jpg","articleSection":["Noticia"],"inLanguage":"es","potentialAction":[{"@type":"CommentAction","name":"Comment","target":["https:\/\/dev.antudigital.cl\/sites\/vc\/noches-de-magia-en-sala-secreta\/#respond"]}]},{"@type":"WebPage","@id":"https:\/\/dev.antudigital.cl\/sites\/vc\/noches-de-magia-en-sala-secreta\/","url":"https:\/\/dev.antudigital.cl\/sites\/vc\/noches-de-magia-en-sala-secreta\/","name":"Noches de Magia en Sala Secreta - Valpara\u00ed\u00adso Creativo","isPartOf":{"@id":"https:\/\/dev.antudigital.cl\/sites\/vc\/#website"},"primaryImageOfPage":{"@id":"https:\/\/dev.antudigital.cl\/sites\/vc\/noches-de-magia-en-sala-secreta\/#primaryimage"},"image":{"@id":"https:\/\/dev.antudigital.cl\/sites\/vc\/noches-de-magia-en-sala-secreta\/#primaryimage"},"thumbnailUrl":"https:\/\/dev.antudigital.cl\/sites\/vc\/wp-content\/uploads\/2022\/08\/cerro-alegre.jpg","datePublished":"2022-08-08T13:38:47+00:00","dateModified":"2022-08-08T13:38:53+00:00","author":{"@id":"https:\/\/dev.antudigital.cl\/sites\/vc\/#\/schema\/person\/c2b9da8dd545e27166fc5ab232837318"},"breadcrumb":{"@id":"https:\/\/dev.antudigital.cl\/sites\/vc\/noches-de-magia-en-sala-secreta\/#breadcrumb"},"inLanguage":"es","potentialAction":[{"@type":"ReadAction","target":["https:\/\/dev.antudigital.cl\/sites\/vc\/noches-de-magia-en-sala-secreta\/"]}]},{"@type":"ImageObject","inLanguage":"es","@id":"https:\/\/dev.antudigital.cl\/sites\/vc\/noches-de-magia-en-sala-secreta\/#primaryimage","url":"https:\/\/dev.antudigital.cl\/sites\/vc\/wp-content\/uploads\/2022\/08\/cerro-alegre.jpg","contentUrl":"https:\/\/dev.antudigital.cl\/sites\/vc\/wp-content\/uploads\/2022\/08\/cerro-alegre.jpg","width":550,"height":309},{"@type":"BreadcrumbList","@id":"https:\/\/dev.antudigital.cl\/sites\/vc\/noches-de-magia-en-sala-secreta\/#breadcrumb","itemListElement":[{"@type":"ListItem","position":1,"name":"Home","item":"https:\/\/dev.antudigital.cl\/sites\/vc\/"},{"@type":"ListItem","position":2,"name":"Noches de Magia en Sala Secreta"}]},{"@type":"WebSite","@id":"https:\/\/dev.antudigital.cl\/sites\/vc\/#website","url":"https:\/\/dev.antudigital.cl\/sites\/vc\/","name":"Valpara\u00ed\u00adso Creativo","description":"","potentialAction":[{"@type":"SearchAction","target":{"@type":"EntryPoint","urlTemplate":"https:\/\/dev.antudigital.cl\/sites\/vc\/?s={search_term_string}"},"query-input":{"@type":"PropertyValueSpecification","valueRequired":true,"valueName":"search_term_string"}}],"inLanguage":"es"},{"@type":"Person","@id":"https:\/\/dev.antudigital.cl\/sites\/vc\/#\/schema\/person\/c2b9da8dd545e27166fc5ab232837318","name":"Valpara\u00edso Creativo","description":"Periodista de cultura en la Regi\u00f3n de Valpara\u00edso.","url":"https:\/\/dev.antudigital.cl\/sites\/vc\/author\/valpoadmin\/"}]}},"_links":{"self":[{"href":"https:\/\/dev.antudigital.cl\/sites\/vc\/wp-json\/wp\/v2\/posts\/11410","targetHints":{"allow":["GET"]}}],"collection":[{"href":"https:\/\/dev.antudigital.cl\/sites\/vc\/wp-json\/wp\/v2\/posts"}],"about":[{"href":"https:\/\/dev.antudigital.cl\/sites\/vc\/wp-json\/wp\/v2\/types\/post"}],"author":[{"embeddable":true,"href":"https:\/\/dev.antudigital.cl\/sites\/vc\/wp-json\/wp\/v2\/users\/1"}],"replies":[{"embeddable":true,"href":"https:\/\/dev.antudigital.cl\/sites\/vc\/wp-json\/wp\/v2\/comments?post=11410"}],"version-history":[{"count":1,"href":"https:\/\/dev.antudigital.cl\/sites\/vc\/wp-json\/wp\/v2\/posts\/11410\/revisions"}],"predecessor-version":[{"id":11413,"href":"https:\/\/dev.antudigital.cl\/sites\/vc\/wp-json\/wp\/v2\/posts\/11410\/revisions\/11413"}],"wp:featuredmedia":[{"embeddable":true,"href":"https:\/\/dev.antudigital.cl\/sites\/vc\/wp-json\/wp\/v2\/media\/11412"}],"wp:attachment":[{"href":"https:\/\/dev.antudigital.cl\/sites\/vc\/wp-json\/wp\/v2\/media?parent=11410"}],"wp:term":[{"taxonomy":"category","embeddable":true,"href":"https:\/\/dev.antudigital.cl\/sites\/vc\/wp-json\/wp\/v2\/categories?post=11410"},{"taxonomy":"post_tag","embeddable":true,"href":"https:\/\/dev.antudigital.cl\/sites\/vc\/wp-json\/wp\/v2\/tags?post=11410"}],"curies":[{"name":"wp","href":"https:\/\/api.w.org\/{rel}","templated":true}]}}