{"id":11427,"date":"2022-08-08T14:29:11","date_gmt":"2022-08-08T14:29:11","guid":{"rendered":"https:\/\/www.valparaisocreativo.cl\/?p=11427"},"modified":"2022-08-15T22:13:09","modified_gmt":"2022-08-15T22:13:09","slug":"inscribete-en-el-diplomado-practico-en-gestion-cultural-de-valparaiso-2022","status":"publish","type":"post","link":"https:\/\/dev.antudigital.cl\/sites\/vc\/inscribete-en-el-diplomado-practico-en-gestion-cultural-de-valparaiso-2022\/","title":{"rendered":"Inscr\u00edbete en el Diplomado pr\u00e1ctico en gesti\u00f3n cultural de Valpara\u00edso 2022"},"content":{"rendered":"\n<h2 class=\"wp-block-heading\"><a href=\"https:\/\/www.instagram.com\/gestionculturalvalparaiso\/\"><\/a><\/h2>\n\n\n\n<p>Participa de la primera edici\u00f3n del <a href=\"https:\/\/www.instagram.com\/gestionculturalvalparaiso\/\">Diplomado Pr\u00e1ctico en Gesti\u00f3n Cultural Valpara\u00edso 2022<\/a> de la Universidad Santander Sede Chile.<br>Su equipo docente est\u00e1 integrado en su mayor\u00eda por profesionales activos en el \u00e1rea de la gesti\u00f3n cultural y cuentan con la participaci\u00f3n de diversos centros culturales y compa\u00f1\u00edas locales que estar\u00e1n dictando talleres expositivos y pr\u00e1cticos.<\/p>\n\n\n\n<p><strong>Adem\u00e1s y de manera exclusiva, quienes se inscriban mencionando a Valpara\u00edso Creativo tienen un 30% de descuento.<\/strong><\/p>\n\n\n\n<p><br>Formato online y presencial.<br>Cont\u00e1ctanos a csanhueza@unisant.cl<\/p>\n\n\n\n<p>\u00a1Te dejamos el brochure para que sepas m\u00e1s de este proyecto!<\/p>\n\n\n\n<div data-wp-interactive=\"core\/file\" class=\"wp-block-file\"><object data-wp-bind--hidden=\"!state.hasPdfPreview\" hidden class=\"wp-block-file__embed\" data=\"https:\/\/www.valparaisocreativo.cl\/wp-content\/uploads\/2022\/08\/Brochure-Diplomado-Pra\u0301ctico-en-Gestio\u0301n-Cultural-Unisant.pdf\" type=\"application\/pdf\" style=\"width:100%;height:600px\" aria-label=\"Incrustado de Incrustado de Brochure-Diplomado-Pra\u0301ctico-en-Gestio\u0301n-Cultural-Unisant..\"><\/object><a id=\"wp-block-file--media-a380a671-74bd-4bb9-ad18-98b7ec302fa9\" href=\"https:\/\/www.valparaisocreativo.cl\/wp-content\/uploads\/2022\/08\/Brochure-Diplomado-Pra\u0301ctico-en-Gestio\u0301n-Cultural-Unisant.pdf\">Brochure-Diplomado-Pra\u0301ctico-en-Gestio\u0301n-Cultural-Unisant<\/a><a href=\"https:\/\/www.valparaisocreativo.cl\/wp-content\/uploads\/2022\/08\/Brochure-Diplomado-Pra\u0301ctico-en-Gestio\u0301n-Cultural-Unisant.pdf\" class=\"wp-block-file__button\" download aria-describedby=\"wp-block-file--media-a380a671-74bd-4bb9-ad18-98b7ec302fa9\">Descarga<\/a><\/div>\n\n\n\n<figure class=\"wp-block-image size-full\"><img fetchpriority=\"high\" decoding=\"async\" width=\"960\" height=\"960\" src=\"https:\/\/www.valparaisocreativo.cl\/wp-content\/uploads\/2022\/08\/Diplomado.jpg\" alt=\"\" class=\"wp-image-11428\" srcset=\"https:\/\/dev.antudigital.cl\/sites\/vc\/wp-content\/uploads\/2022\/08\/Diplomado.jpg 960w, https:\/\/dev.antudigital.cl\/sites\/vc\/wp-content\/uploads\/2022\/08\/Diplomado-300x300.jpg 300w, https:\/\/dev.antudigital.cl\/sites\/vc\/wp-content\/uploads\/2022\/08\/Diplomado-150x150.jpg 150w, https:\/\/dev.antudigital.cl\/sites\/vc\/wp-content\/uploads\/2022\/08\/Diplomado-768x768.jpg 768w, https:\/\/dev.antudigital.cl\/sites\/vc\/wp-content\/uploads\/2022\/08\/Diplomado-480x480.jpg 480w\" sizes=\"(max-width: 960px) 100vw, 960px\" \/><\/figure>\n","protected":false},"excerpt":{"rendered":"<p>Participa de la primera edici\u00f3n del Diplomado Pr\u00e1ctico en Gesti\u00f3n Cultural Valpara\u00edso 2022 de la Universidad Santander Sede Chile.Su equipo docente est\u00e1 integrado en su mayor\u00eda por profesionales activos en el \u00e1rea de la gesti\u00f3n cultural y cuentan con la participaci\u00f3n de diversos centros culturales y compa\u00f1\u00edas locales que estar\u00e1n dictando talleres expositivos y pr\u00e1cticos. [&hellip;]<\/p>\n","protected":false},"author":1,"featured_media":11429,"comment_status":"open","ping_status":"closed","sticky":false,"template":"","format":"standard","meta":{"_acf_changed":false,"footnotes":""},"categories":[8],"tags":[],"class_list":["post-11427","post","type-post","status-publish","format-standard","has-post-thumbnail","hentry","category-noticia"],"acf":[],"yoast_head":"<!-- This site is optimized with the Yoast SEO plugin v27.1.1 - https:\/\/yoast.com\/product\/yoast-seo-wordpress\/ -->\n<title>Inscr\u00edbete en el Diplomado pr\u00e1ctico en gesti\u00f3n cultural de Valpara\u00edso 2022 - Valpara\u00ed\u00adso Creativo<\/title>\n<meta name=\"robots\" content=\"index, follow, max-snippet:-1, max-image-preview:large, max-video-preview:-1\" \/>\n<link rel=\"canonical\" href=\"https:\/\/dev.antudigital.cl\/sites\/vc\/inscribete-en-el-diplomado-practico-en-gestion-cultural-de-valparaiso-2022\/\" \/>\n<meta property=\"og:locale\" content=\"es_ES\" \/>\n<meta property=\"og:type\" content=\"article\" \/>\n<meta property=\"og:title\" content=\"Inscr\u00edbete en el Diplomado pr\u00e1ctico en gesti\u00f3n cultural de Valpara\u00edso 2022 - Valpara\u00ed\u00adso Creativo\" \/>\n<meta property=\"og:description\" content=\"Participa de la primera edici\u00f3n del Diplomado Pr\u00e1ctico en Gesti\u00f3n Cultural Valpara\u00edso 2022 de la Universidad Santander Sede Chile.Su equipo docente est\u00e1 integrado en su mayor\u00eda por profesionales activos en el \u00e1rea de la gesti\u00f3n cultural y cuentan con la participaci\u00f3n de diversos centros culturales y compa\u00f1\u00edas locales que estar\u00e1n dictando talleres expositivos y pr\u00e1cticos. [&hellip;]\" \/>\n<meta property=\"og:url\" content=\"https:\/\/dev.antudigital.cl\/sites\/vc\/inscribete-en-el-diplomado-practico-en-gestion-cultural-de-valparaiso-2022\/\" \/>\n<meta property=\"og:site_name\" content=\"Valpara\u00ed\u00adso Creativo\" \/>\n<meta property=\"article:published_time\" content=\"2022-08-08T14:29:11+00:00\" \/>\n<meta property=\"article:modified_time\" content=\"2022-08-15T22:13:09+00:00\" \/>\n<meta property=\"og:image\" content=\"https:\/\/dev.antudigital.cl\/sites\/vc\/wp-content\/uploads\/2022\/08\/Diplomado-2.jpg\" \/>\n\t<meta property=\"og:image:width\" content=\"750\" \/>\n\t<meta property=\"og:image:height\" content=\"553\" \/>\n\t<meta property=\"og:image:type\" content=\"image\/jpeg\" \/>\n<meta name=\"author\" content=\"Valpara\u00edso Creativo\" \/>\n<meta name=\"twitter:card\" content=\"summary_large_image\" \/>\n<meta name=\"twitter:label1\" content=\"Escrito por\" \/>\n\t<meta name=\"twitter:data1\" content=\"Valpara\u00edso Creativo\" \/>\n\t<meta name=\"twitter:label2\" content=\"Tiempo de lectura\" \/>\n\t<meta name=\"twitter:data2\" content=\"1 minuto\" \/>\n<script type=\"application\/ld+json\" class=\"yoast-schema-graph\">{\"@context\":\"https:\/\/schema.org\",\"@graph\":[{\"@type\":\"Article\",\"@id\":\"https:\/\/dev.antudigital.cl\/sites\/vc\/inscribete-en-el-diplomado-practico-en-gestion-cultural-de-valparaiso-2022\/#article\",\"isPartOf\":{\"@id\":\"https:\/\/dev.antudigital.cl\/sites\/vc\/inscribete-en-el-diplomado-practico-en-gestion-cultural-de-valparaiso-2022\/\"},\"author\":{\"name\":\"Valpara\u00edso Creativo\",\"@id\":\"https:\/\/dev.antudigital.cl\/sites\/vc\/#\/schema\/person\/c2b9da8dd545e27166fc5ab232837318\"},\"headline\":\"Inscr\u00edbete en el Diplomado pr\u00e1ctico en gesti\u00f3n cultural de Valpara\u00edso 2022\",\"datePublished\":\"2022-08-08T14:29:11+00:00\",\"dateModified\":\"2022-08-15T22:13:09+00:00\",\"mainEntityOfPage\":{\"@id\":\"https:\/\/dev.antudigital.cl\/sites\/vc\/inscribete-en-el-diplomado-practico-en-gestion-cultural-de-valparaiso-2022\/\"},\"wordCount\":123,\"commentCount\":0,\"image\":{\"@id\":\"https:\/\/dev.antudigital.cl\/sites\/vc\/inscribete-en-el-diplomado-practico-en-gestion-cultural-de-valparaiso-2022\/#primaryimage\"},\"thumbnailUrl\":\"https:\/\/dev.antudigital.cl\/sites\/vc\/wp-content\/uploads\/2022\/08\/Diplomado-2.jpg\",\"articleSection\":[\"Noticia\"],\"inLanguage\":\"es\",\"potentialAction\":[{\"@type\":\"CommentAction\",\"name\":\"Comment\",\"target\":[\"https:\/\/dev.antudigital.cl\/sites\/vc\/inscribete-en-el-diplomado-practico-en-gestion-cultural-de-valparaiso-2022\/#respond\"]}]},{\"@type\":\"WebPage\",\"@id\":\"https:\/\/dev.antudigital.cl\/sites\/vc\/inscribete-en-el-diplomado-practico-en-gestion-cultural-de-valparaiso-2022\/\",\"url\":\"https:\/\/dev.antudigital.cl\/sites\/vc\/inscribete-en-el-diplomado-practico-en-gestion-cultural-de-valparaiso-2022\/\",\"name\":\"Inscr\u00edbete en el Diplomado pr\u00e1ctico en gesti\u00f3n cultural de Valpara\u00edso 2022 - Valpara\u00ed\u00adso Creativo\",\"isPartOf\":{\"@id\":\"https:\/\/dev.antudigital.cl\/sites\/vc\/#website\"},\"primaryImageOfPage\":{\"@id\":\"https:\/\/dev.antudigital.cl\/sites\/vc\/inscribete-en-el-diplomado-practico-en-gestion-cultural-de-valparaiso-2022\/#primaryimage\"},\"image\":{\"@id\":\"https:\/\/dev.antudigital.cl\/sites\/vc\/inscribete-en-el-diplomado-practico-en-gestion-cultural-de-valparaiso-2022\/#primaryimage\"},\"thumbnailUrl\":\"https:\/\/dev.antudigital.cl\/sites\/vc\/wp-content\/uploads\/2022\/08\/Diplomado-2.jpg\",\"datePublished\":\"2022-08-08T14:29:11+00:00\",\"dateModified\":\"2022-08-15T22:13:09+00:00\",\"author\":{\"@id\":\"https:\/\/dev.antudigital.cl\/sites\/vc\/#\/schema\/person\/c2b9da8dd545e27166fc5ab232837318\"},\"breadcrumb\":{\"@id\":\"https:\/\/dev.antudigital.cl\/sites\/vc\/inscribete-en-el-diplomado-practico-en-gestion-cultural-de-valparaiso-2022\/#breadcrumb\"},\"inLanguage\":\"es\",\"potentialAction\":[{\"@type\":\"ReadAction\",\"target\":[\"https:\/\/dev.antudigital.cl\/sites\/vc\/inscribete-en-el-diplomado-practico-en-gestion-cultural-de-valparaiso-2022\/\"]}]},{\"@type\":\"ImageObject\",\"inLanguage\":\"es\",\"@id\":\"https:\/\/dev.antudigital.cl\/sites\/vc\/inscribete-en-el-diplomado-practico-en-gestion-cultural-de-valparaiso-2022\/#primaryimage\",\"url\":\"https:\/\/dev.antudigital.cl\/sites\/vc\/wp-content\/uploads\/2022\/08\/Diplomado-2.jpg\",\"contentUrl\":\"https:\/\/dev.antudigital.cl\/sites\/vc\/wp-content\/uploads\/2022\/08\/Diplomado-2.jpg\",\"width\":750,\"height\":553},{\"@type\":\"BreadcrumbList\",\"@id\":\"https:\/\/dev.antudigital.cl\/sites\/vc\/inscribete-en-el-diplomado-practico-en-gestion-cultural-de-valparaiso-2022\/#breadcrumb\",\"itemListElement\":[{\"@type\":\"ListItem\",\"position\":1,\"name\":\"Home\",\"item\":\"https:\/\/dev.antudigital.cl\/sites\/vc\/\"},{\"@type\":\"ListItem\",\"position\":2,\"name\":\"Inscr\u00edbete en el Diplomado pr\u00e1ctico en gesti\u00f3n cultural de Valpara\u00edso 2022\"}]},{\"@type\":\"WebSite\",\"@id\":\"https:\/\/dev.antudigital.cl\/sites\/vc\/#website\",\"url\":\"https:\/\/dev.antudigital.cl\/sites\/vc\/\",\"name\":\"Valpara\u00ed\u00adso Creativo\",\"description\":\"\",\"potentialAction\":[{\"@type\":\"SearchAction\",\"target\":{\"@type\":\"EntryPoint\",\"urlTemplate\":\"https:\/\/dev.antudigital.cl\/sites\/vc\/?s={search_term_string}\"},\"query-input\":{\"@type\":\"PropertyValueSpecification\",\"valueRequired\":true,\"valueName\":\"search_term_string\"}}],\"inLanguage\":\"es\"},{\"@type\":\"Person\",\"@id\":\"https:\/\/dev.antudigital.cl\/sites\/vc\/#\/schema\/person\/c2b9da8dd545e27166fc5ab232837318\",\"name\":\"Valpara\u00edso Creativo\",\"description\":\"Periodista de cultura en la Regi\u00f3n de Valpara\u00edso.\",\"url\":\"https:\/\/dev.antudigital.cl\/sites\/vc\/author\/valpoadmin\/\"}]}<\/script>\n<!-- \/ Yoast SEO plugin. -->","yoast_head_json":{"title":"Inscr\u00edbete en el Diplomado pr\u00e1ctico en gesti\u00f3n cultural de Valpara\u00edso 2022 - Valpara\u00ed\u00adso Creativo","robots":{"index":"index","follow":"follow","max-snippet":"max-snippet:-1","max-image-preview":"max-image-preview:large","max-video-preview":"max-video-preview:-1"},"canonical":"https:\/\/dev.antudigital.cl\/sites\/vc\/inscribete-en-el-diplomado-practico-en-gestion-cultural-de-valparaiso-2022\/","og_locale":"es_ES","og_type":"article","og_title":"Inscr\u00edbete en el Diplomado pr\u00e1ctico en gesti\u00f3n cultural de Valpara\u00edso 2022 - Valpara\u00ed\u00adso Creativo","og_description":"Participa de la primera edici\u00f3n del Diplomado Pr\u00e1ctico en Gesti\u00f3n Cultural Valpara\u00edso 2022 de la Universidad Santander Sede Chile.Su equipo docente est\u00e1 integrado en su mayor\u00eda por profesionales activos en el \u00e1rea de la gesti\u00f3n cultural y cuentan con la participaci\u00f3n de diversos centros culturales y compa\u00f1\u00edas locales que estar\u00e1n dictando talleres expositivos y pr\u00e1cticos. [&hellip;]","og_url":"https:\/\/dev.antudigital.cl\/sites\/vc\/inscribete-en-el-diplomado-practico-en-gestion-cultural-de-valparaiso-2022\/","og_site_name":"Valpara\u00ed\u00adso Creativo","article_published_time":"2022-08-08T14:29:11+00:00","article_modified_time":"2022-08-15T22:13:09+00:00","og_image":[{"width":750,"height":553,"url":"https:\/\/dev.antudigital.cl\/sites\/vc\/wp-content\/uploads\/2022\/08\/Diplomado-2.jpg","type":"image\/jpeg"}],"author":"Valpara\u00edso Creativo","twitter_card":"summary_large_image","twitter_misc":{"Escrito por":"Valpara\u00edso Creativo","Tiempo de lectura":"1 minuto"},"schema":{"@context":"https:\/\/schema.org","@graph":[{"@type":"Article","@id":"https:\/\/dev.antudigital.cl\/sites\/vc\/inscribete-en-el-diplomado-practico-en-gestion-cultural-de-valparaiso-2022\/#article","isPartOf":{"@id":"https:\/\/dev.antudigital.cl\/sites\/vc\/inscribete-en-el-diplomado-practico-en-gestion-cultural-de-valparaiso-2022\/"},"author":{"name":"Valpara\u00edso Creativo","@id":"https:\/\/dev.antudigital.cl\/sites\/vc\/#\/schema\/person\/c2b9da8dd545e27166fc5ab232837318"},"headline":"Inscr\u00edbete en el Diplomado pr\u00e1ctico en gesti\u00f3n cultural de Valpara\u00edso 2022","datePublished":"2022-08-08T14:29:11+00:00","dateModified":"2022-08-15T22:13:09+00:00","mainEntityOfPage":{"@id":"https:\/\/dev.antudigital.cl\/sites\/vc\/inscribete-en-el-diplomado-practico-en-gestion-cultural-de-valparaiso-2022\/"},"wordCount":123,"commentCount":0,"image":{"@id":"https:\/\/dev.antudigital.cl\/sites\/vc\/inscribete-en-el-diplomado-practico-en-gestion-cultural-de-valparaiso-2022\/#primaryimage"},"thumbnailUrl":"https:\/\/dev.antudigital.cl\/sites\/vc\/wp-content\/uploads\/2022\/08\/Diplomado-2.jpg","articleSection":["Noticia"],"inLanguage":"es","potentialAction":[{"@type":"CommentAction","name":"Comment","target":["https:\/\/dev.antudigital.cl\/sites\/vc\/inscribete-en-el-diplomado-practico-en-gestion-cultural-de-valparaiso-2022\/#respond"]}]},{"@type":"WebPage","@id":"https:\/\/dev.antudigital.cl\/sites\/vc\/inscribete-en-el-diplomado-practico-en-gestion-cultural-de-valparaiso-2022\/","url":"https:\/\/dev.antudigital.cl\/sites\/vc\/inscribete-en-el-diplomado-practico-en-gestion-cultural-de-valparaiso-2022\/","name":"Inscr\u00edbete en el Diplomado pr\u00e1ctico en gesti\u00f3n cultural de Valpara\u00edso 2022 - Valpara\u00ed\u00adso Creativo","isPartOf":{"@id":"https:\/\/dev.antudigital.cl\/sites\/vc\/#website"},"primaryImageOfPage":{"@id":"https:\/\/dev.antudigital.cl\/sites\/vc\/inscribete-en-el-diplomado-practico-en-gestion-cultural-de-valparaiso-2022\/#primaryimage"},"image":{"@id":"https:\/\/dev.antudigital.cl\/sites\/vc\/inscribete-en-el-diplomado-practico-en-gestion-cultural-de-valparaiso-2022\/#primaryimage"},"thumbnailUrl":"https:\/\/dev.antudigital.cl\/sites\/vc\/wp-content\/uploads\/2022\/08\/Diplomado-2.jpg","datePublished":"2022-08-08T14:29:11+00:00","dateModified":"2022-08-15T22:13:09+00:00","author":{"@id":"https:\/\/dev.antudigital.cl\/sites\/vc\/#\/schema\/person\/c2b9da8dd545e27166fc5ab232837318"},"breadcrumb":{"@id":"https:\/\/dev.antudigital.cl\/sites\/vc\/inscribete-en-el-diplomado-practico-en-gestion-cultural-de-valparaiso-2022\/#breadcrumb"},"inLanguage":"es","potentialAction":[{"@type":"ReadAction","target":["https:\/\/dev.antudigital.cl\/sites\/vc\/inscribete-en-el-diplomado-practico-en-gestion-cultural-de-valparaiso-2022\/"]}]},{"@type":"ImageObject","inLanguage":"es","@id":"https:\/\/dev.antudigital.cl\/sites\/vc\/inscribete-en-el-diplomado-practico-en-gestion-cultural-de-valparaiso-2022\/#primaryimage","url":"https:\/\/dev.antudigital.cl\/sites\/vc\/wp-content\/uploads\/2022\/08\/Diplomado-2.jpg","contentUrl":"https:\/\/dev.antudigital.cl\/sites\/vc\/wp-content\/uploads\/2022\/08\/Diplomado-2.jpg","width":750,"height":553},{"@type":"BreadcrumbList","@id":"https:\/\/dev.antudigital.cl\/sites\/vc\/inscribete-en-el-diplomado-practico-en-gestion-cultural-de-valparaiso-2022\/#breadcrumb","itemListElement":[{"@type":"ListItem","position":1,"name":"Home","item":"https:\/\/dev.antudigital.cl\/sites\/vc\/"},{"@type":"ListItem","position":2,"name":"Inscr\u00edbete en el Diplomado pr\u00e1ctico en gesti\u00f3n cultural de Valpara\u00edso 2022"}]},{"@type":"WebSite","@id":"https:\/\/dev.antudigital.cl\/sites\/vc\/#website","url":"https:\/\/dev.antudigital.cl\/sites\/vc\/","name":"Valpara\u00ed\u00adso Creativo","description":"","potentialAction":[{"@type":"SearchAction","target":{"@type":"EntryPoint","urlTemplate":"https:\/\/dev.antudigital.cl\/sites\/vc\/?s={search_term_string}"},"query-input":{"@type":"PropertyValueSpecification","valueRequired":true,"valueName":"search_term_string"}}],"inLanguage":"es"},{"@type":"Person","@id":"https:\/\/dev.antudigital.cl\/sites\/vc\/#\/schema\/person\/c2b9da8dd545e27166fc5ab232837318","name":"Valpara\u00edso Creativo","description":"Periodista de cultura en la Regi\u00f3n de Valpara\u00edso.","url":"https:\/\/dev.antudigital.cl\/sites\/vc\/author\/valpoadmin\/"}]}},"_links":{"self":[{"href":"https:\/\/dev.antudigital.cl\/sites\/vc\/wp-json\/wp\/v2\/posts\/11427","targetHints":{"allow":["GET"]}}],"collection":[{"href":"https:\/\/dev.antudigital.cl\/sites\/vc\/wp-json\/wp\/v2\/posts"}],"about":[{"href":"https:\/\/dev.antudigital.cl\/sites\/vc\/wp-json\/wp\/v2\/types\/post"}],"author":[{"embeddable":true,"href":"https:\/\/dev.antudigital.cl\/sites\/vc\/wp-json\/wp\/v2\/users\/1"}],"replies":[{"embeddable":true,"href":"https:\/\/dev.antudigital.cl\/sites\/vc\/wp-json\/wp\/v2\/comments?post=11427"}],"version-history":[{"count":2,"href":"https:\/\/dev.antudigital.cl\/sites\/vc\/wp-json\/wp\/v2\/posts\/11427\/revisions"}],"predecessor-version":[{"id":11483,"href":"https:\/\/dev.antudigital.cl\/sites\/vc\/wp-json\/wp\/v2\/posts\/11427\/revisions\/11483"}],"wp:featuredmedia":[{"embeddable":true,"href":"https:\/\/dev.antudigital.cl\/sites\/vc\/wp-json\/wp\/v2\/media\/11429"}],"wp:attachment":[{"href":"https:\/\/dev.antudigital.cl\/sites\/vc\/wp-json\/wp\/v2\/media?parent=11427"}],"wp:term":[{"taxonomy":"category","embeddable":true,"href":"https:\/\/dev.antudigital.cl\/sites\/vc\/wp-json\/wp\/v2\/categories?post=11427"},{"taxonomy":"post_tag","embeddable":true,"href":"https:\/\/dev.antudigital.cl\/sites\/vc\/wp-json\/wp\/v2\/tags?post=11427"}],"curies":[{"name":"wp","href":"https:\/\/api.w.org\/{rel}","templated":true}]}}