{"id":11438,"date":"2022-08-08T21:52:28","date_gmt":"2022-08-08T21:52:28","guid":{"rendered":"https:\/\/www.valparaisocreativo.cl\/?p=11438"},"modified":"2022-08-15T16:37:56","modified_gmt":"2022-08-15T16:37:56","slug":"manuel-garcia-en-el-teatro-municipal-de-valparaiso-tenemos-descuento","status":"publish","type":"post","link":"https:\/\/dev.antudigital.cl\/sites\/vc\/manuel-garcia-en-el-teatro-municipal-de-valparaiso-tenemos-descuento\/","title":{"rendered":"Manuel Garc\u00eda en el Teatro Municipal de Valpara\u00edso (\u00a1tenemos descuento!)"},"content":{"rendered":"\n<p><strong>Manuel Garc\u00eda<\/strong> se reencontrar\u00e1 con Valpara\u00edso en un concierto en el Teatro Municipal que ser\u00e1 parte de su exitosa gira El Caminante, el m\u00fasico tendr\u00e1 un especial show en este ic\u00f3nico recinto para repasar uno de sus m\u00e1s exitosos discos.<br><br>El Caminante es el m\u00e1s reciente trabajo de Manuel Garc\u00eda, un disco que re\u00fane algunas de sus canciones m\u00e1s emblem\u00e1ticas junto a una selecci\u00f3n de invitados: desde Silvio Rodr\u00edguez hasta Mon Laferte, pasando por Eva Ayll\u00f3n, Francisca Valenzuela, Pedro Aznar y hasta su propio padre.<br><br>Invitada Estelar Kuki Gonz\u00e1lez.<\/p>\n\n\n\n<p>Entradas en el link<br><a href=\"https:\/\/www.passline.com\/productora\/uvas-producciones\" target=\"_blank\" rel=\"noreferrer noopener\">https:\/\/www.passline.com\/productora\/uvas-producciones<\/a><br>Y sin recargo al WhatsApp +56991597907<br><\/p>\n\n\n\n<p>Viernes 2 septiembre 20:00 hrs.<br>Teatro Municipal de Valpara\u00edso<br><br>Contacto: <a href=\"mailto:piedecerrovalpo@gmail.com\" target=\"_blank\" rel=\"noreferrer noopener\">piedecerrovalpo@gmail.com<\/a><\/p>\n\n\n\n<figure class=\"wp-block-image size-full\"><img fetchpriority=\"high\" decoding=\"async\" width=\"470\" height=\"470\" src=\"https:\/\/www.valparaisocreativo.cl\/wp-content\/uploads\/2022\/08\/Descuento-ValparaisoCreativo-Manuel-Garcia.png\" alt=\"\" class=\"wp-image-11439\" srcset=\"https:\/\/dev.antudigital.cl\/sites\/vc\/wp-content\/uploads\/2022\/08\/Descuento-ValparaisoCreativo-Manuel-Garcia.png 470w, https:\/\/dev.antudigital.cl\/sites\/vc\/wp-content\/uploads\/2022\/08\/Descuento-ValparaisoCreativo-Manuel-Garcia-300x300.png 300w, https:\/\/dev.antudigital.cl\/sites\/vc\/wp-content\/uploads\/2022\/08\/Descuento-ValparaisoCreativo-Manuel-Garcia-150x150.png 150w\" sizes=\"(max-width: 470px) 100vw, 470px\" \/><\/figure>\n","protected":false},"excerpt":{"rendered":"<p>Manuel Garc\u00eda se reencontrar\u00e1 con Valpara\u00edso en un concierto en el Teatro Municipal que ser\u00e1 parte de su exitosa gira El Caminante, el m\u00fasico tendr\u00e1 un especial show en este ic\u00f3nico recinto para repasar uno de sus m\u00e1s exitosos discos. El Caminante es el m\u00e1s reciente trabajo de Manuel Garc\u00eda, un disco que re\u00fane algunas [&hellip;]<\/p>\n","protected":false},"author":1,"featured_media":11440,"comment_status":"open","ping_status":"closed","sticky":false,"template":"","format":"standard","meta":{"_acf_changed":false,"footnotes":""},"categories":[8],"tags":[],"class_list":["post-11438","post","type-post","status-publish","format-standard","has-post-thumbnail","hentry","category-noticia"],"acf":[],"yoast_head":"<!-- This site is optimized with the Yoast SEO plugin v27.1.1 - https:\/\/yoast.com\/product\/yoast-seo-wordpress\/ -->\n<title>Manuel Garc\u00eda en el Teatro Municipal de Valpara\u00edso (\u00a1tenemos descuento!) - Valpara\u00ed\u00adso Creativo<\/title>\n<meta name=\"robots\" content=\"index, follow, max-snippet:-1, max-image-preview:large, max-video-preview:-1\" \/>\n<link rel=\"canonical\" href=\"https:\/\/dev.antudigital.cl\/sites\/vc\/manuel-garcia-en-el-teatro-municipal-de-valparaiso-tenemos-descuento\/\" \/>\n<meta property=\"og:locale\" content=\"es_ES\" \/>\n<meta property=\"og:type\" content=\"article\" \/>\n<meta property=\"og:title\" content=\"Manuel Garc\u00eda en el Teatro Municipal de Valpara\u00edso (\u00a1tenemos descuento!) - Valpara\u00ed\u00adso Creativo\" \/>\n<meta property=\"og:description\" content=\"Manuel Garc\u00eda se reencontrar\u00e1 con Valpara\u00edso en un concierto en el Teatro Municipal que ser\u00e1 parte de su exitosa gira El Caminante, el m\u00fasico tendr\u00e1 un especial show en este ic\u00f3nico recinto para repasar uno de sus m\u00e1s exitosos discos. El Caminante es el m\u00e1s reciente trabajo de Manuel Garc\u00eda, un disco que re\u00fane algunas [&hellip;]\" \/>\n<meta property=\"og:url\" content=\"https:\/\/dev.antudigital.cl\/sites\/vc\/manuel-garcia-en-el-teatro-municipal-de-valparaiso-tenemos-descuento\/\" \/>\n<meta property=\"og:site_name\" content=\"Valpara\u00ed\u00adso Creativo\" \/>\n<meta property=\"article:published_time\" content=\"2022-08-08T21:52:28+00:00\" \/>\n<meta property=\"article:modified_time\" content=\"2022-08-15T16:37:56+00:00\" \/>\n<meta property=\"og:image\" content=\"https:\/\/dev.antudigital.cl\/sites\/vc\/wp-content\/uploads\/2022\/08\/file_20161216095528.jpg\" \/>\n\t<meta property=\"og:image:width\" content=\"710\" \/>\n\t<meta property=\"og:image:height\" content=\"399\" \/>\n\t<meta property=\"og:image:type\" content=\"image\/jpeg\" \/>\n<meta name=\"author\" content=\"Valpara\u00edso Creativo\" \/>\n<meta name=\"twitter:card\" content=\"summary_large_image\" \/>\n<meta name=\"twitter:label1\" content=\"Escrito por\" \/>\n\t<meta name=\"twitter:data1\" content=\"Valpara\u00edso Creativo\" \/>\n\t<meta name=\"twitter:label2\" content=\"Tiempo de lectura\" \/>\n\t<meta name=\"twitter:data2\" content=\"1 minuto\" \/>\n<script type=\"application\/ld+json\" class=\"yoast-schema-graph\">{\"@context\":\"https:\/\/schema.org\",\"@graph\":[{\"@type\":\"Article\",\"@id\":\"https:\/\/dev.antudigital.cl\/sites\/vc\/manuel-garcia-en-el-teatro-municipal-de-valparaiso-tenemos-descuento\/#article\",\"isPartOf\":{\"@id\":\"https:\/\/dev.antudigital.cl\/sites\/vc\/manuel-garcia-en-el-teatro-municipal-de-valparaiso-tenemos-descuento\/\"},\"author\":{\"name\":\"Valpara\u00edso Creativo\",\"@id\":\"https:\/\/dev.antudigital.cl\/sites\/vc\/#\/schema\/person\/c2b9da8dd545e27166fc5ab232837318\"},\"headline\":\"Manuel Garc\u00eda en el Teatro Municipal de Valpara\u00edso (\u00a1tenemos descuento!)\",\"datePublished\":\"2022-08-08T21:52:28+00:00\",\"dateModified\":\"2022-08-15T16:37:56+00:00\",\"mainEntityOfPage\":{\"@id\":\"https:\/\/dev.antudigital.cl\/sites\/vc\/manuel-garcia-en-el-teatro-municipal-de-valparaiso-tenemos-descuento\/\"},\"wordCount\":142,\"commentCount\":0,\"image\":{\"@id\":\"https:\/\/dev.antudigital.cl\/sites\/vc\/manuel-garcia-en-el-teatro-municipal-de-valparaiso-tenemos-descuento\/#primaryimage\"},\"thumbnailUrl\":\"https:\/\/dev.antudigital.cl\/sites\/vc\/wp-content\/uploads\/2022\/08\/file_20161216095528.jpg\",\"articleSection\":[\"Noticia\"],\"inLanguage\":\"es\",\"potentialAction\":[{\"@type\":\"CommentAction\",\"name\":\"Comment\",\"target\":[\"https:\/\/dev.antudigital.cl\/sites\/vc\/manuel-garcia-en-el-teatro-municipal-de-valparaiso-tenemos-descuento\/#respond\"]}]},{\"@type\":\"WebPage\",\"@id\":\"https:\/\/dev.antudigital.cl\/sites\/vc\/manuel-garcia-en-el-teatro-municipal-de-valparaiso-tenemos-descuento\/\",\"url\":\"https:\/\/dev.antudigital.cl\/sites\/vc\/manuel-garcia-en-el-teatro-municipal-de-valparaiso-tenemos-descuento\/\",\"name\":\"Manuel Garc\u00eda en el Teatro Municipal de Valpara\u00edso (\u00a1tenemos descuento!) - Valpara\u00ed\u00adso Creativo\",\"isPartOf\":{\"@id\":\"https:\/\/dev.antudigital.cl\/sites\/vc\/#website\"},\"primaryImageOfPage\":{\"@id\":\"https:\/\/dev.antudigital.cl\/sites\/vc\/manuel-garcia-en-el-teatro-municipal-de-valparaiso-tenemos-descuento\/#primaryimage\"},\"image\":{\"@id\":\"https:\/\/dev.antudigital.cl\/sites\/vc\/manuel-garcia-en-el-teatro-municipal-de-valparaiso-tenemos-descuento\/#primaryimage\"},\"thumbnailUrl\":\"https:\/\/dev.antudigital.cl\/sites\/vc\/wp-content\/uploads\/2022\/08\/file_20161216095528.jpg\",\"datePublished\":\"2022-08-08T21:52:28+00:00\",\"dateModified\":\"2022-08-15T16:37:56+00:00\",\"author\":{\"@id\":\"https:\/\/dev.antudigital.cl\/sites\/vc\/#\/schema\/person\/c2b9da8dd545e27166fc5ab232837318\"},\"breadcrumb\":{\"@id\":\"https:\/\/dev.antudigital.cl\/sites\/vc\/manuel-garcia-en-el-teatro-municipal-de-valparaiso-tenemos-descuento\/#breadcrumb\"},\"inLanguage\":\"es\",\"potentialAction\":[{\"@type\":\"ReadAction\",\"target\":[\"https:\/\/dev.antudigital.cl\/sites\/vc\/manuel-garcia-en-el-teatro-municipal-de-valparaiso-tenemos-descuento\/\"]}]},{\"@type\":\"ImageObject\",\"inLanguage\":\"es\",\"@id\":\"https:\/\/dev.antudigital.cl\/sites\/vc\/manuel-garcia-en-el-teatro-municipal-de-valparaiso-tenemos-descuento\/#primaryimage\",\"url\":\"https:\/\/dev.antudigital.cl\/sites\/vc\/wp-content\/uploads\/2022\/08\/file_20161216095528.jpg\",\"contentUrl\":\"https:\/\/dev.antudigital.cl\/sites\/vc\/wp-content\/uploads\/2022\/08\/file_20161216095528.jpg\",\"width\":710,\"height\":399},{\"@type\":\"BreadcrumbList\",\"@id\":\"https:\/\/dev.antudigital.cl\/sites\/vc\/manuel-garcia-en-el-teatro-municipal-de-valparaiso-tenemos-descuento\/#breadcrumb\",\"itemListElement\":[{\"@type\":\"ListItem\",\"position\":1,\"name\":\"Home\",\"item\":\"https:\/\/dev.antudigital.cl\/sites\/vc\/\"},{\"@type\":\"ListItem\",\"position\":2,\"name\":\"Manuel Garc\u00eda en el Teatro Municipal de Valpara\u00edso (\u00a1tenemos descuento!)\"}]},{\"@type\":\"WebSite\",\"@id\":\"https:\/\/dev.antudigital.cl\/sites\/vc\/#website\",\"url\":\"https:\/\/dev.antudigital.cl\/sites\/vc\/\",\"name\":\"Valpara\u00ed\u00adso Creativo\",\"description\":\"\",\"potentialAction\":[{\"@type\":\"SearchAction\",\"target\":{\"@type\":\"EntryPoint\",\"urlTemplate\":\"https:\/\/dev.antudigital.cl\/sites\/vc\/?s={search_term_string}\"},\"query-input\":{\"@type\":\"PropertyValueSpecification\",\"valueRequired\":true,\"valueName\":\"search_term_string\"}}],\"inLanguage\":\"es\"},{\"@type\":\"Person\",\"@id\":\"https:\/\/dev.antudigital.cl\/sites\/vc\/#\/schema\/person\/c2b9da8dd545e27166fc5ab232837318\",\"name\":\"Valpara\u00edso Creativo\",\"description\":\"Periodista de cultura en la Regi\u00f3n de Valpara\u00edso.\",\"url\":\"https:\/\/dev.antudigital.cl\/sites\/vc\/author\/valpoadmin\/\"}]}<\/script>\n<!-- \/ Yoast SEO plugin. -->","yoast_head_json":{"title":"Manuel Garc\u00eda en el Teatro Municipal de Valpara\u00edso (\u00a1tenemos descuento!) - Valpara\u00ed\u00adso Creativo","robots":{"index":"index","follow":"follow","max-snippet":"max-snippet:-1","max-image-preview":"max-image-preview:large","max-video-preview":"max-video-preview:-1"},"canonical":"https:\/\/dev.antudigital.cl\/sites\/vc\/manuel-garcia-en-el-teatro-municipal-de-valparaiso-tenemos-descuento\/","og_locale":"es_ES","og_type":"article","og_title":"Manuel Garc\u00eda en el Teatro Municipal de Valpara\u00edso (\u00a1tenemos descuento!) - Valpara\u00ed\u00adso Creativo","og_description":"Manuel Garc\u00eda se reencontrar\u00e1 con Valpara\u00edso en un concierto en el Teatro Municipal que ser\u00e1 parte de su exitosa gira El Caminante, el m\u00fasico tendr\u00e1 un especial show en este ic\u00f3nico recinto para repasar uno de sus m\u00e1s exitosos discos. El Caminante es el m\u00e1s reciente trabajo de Manuel Garc\u00eda, un disco que re\u00fane algunas [&hellip;]","og_url":"https:\/\/dev.antudigital.cl\/sites\/vc\/manuel-garcia-en-el-teatro-municipal-de-valparaiso-tenemos-descuento\/","og_site_name":"Valpara\u00ed\u00adso Creativo","article_published_time":"2022-08-08T21:52:28+00:00","article_modified_time":"2022-08-15T16:37:56+00:00","og_image":[{"width":710,"height":399,"url":"https:\/\/dev.antudigital.cl\/sites\/vc\/wp-content\/uploads\/2022\/08\/file_20161216095528.jpg","type":"image\/jpeg"}],"author":"Valpara\u00edso Creativo","twitter_card":"summary_large_image","twitter_misc":{"Escrito por":"Valpara\u00edso Creativo","Tiempo de lectura":"1 minuto"},"schema":{"@context":"https:\/\/schema.org","@graph":[{"@type":"Article","@id":"https:\/\/dev.antudigital.cl\/sites\/vc\/manuel-garcia-en-el-teatro-municipal-de-valparaiso-tenemos-descuento\/#article","isPartOf":{"@id":"https:\/\/dev.antudigital.cl\/sites\/vc\/manuel-garcia-en-el-teatro-municipal-de-valparaiso-tenemos-descuento\/"},"author":{"name":"Valpara\u00edso Creativo","@id":"https:\/\/dev.antudigital.cl\/sites\/vc\/#\/schema\/person\/c2b9da8dd545e27166fc5ab232837318"},"headline":"Manuel Garc\u00eda en el Teatro Municipal de Valpara\u00edso (\u00a1tenemos descuento!)","datePublished":"2022-08-08T21:52:28+00:00","dateModified":"2022-08-15T16:37:56+00:00","mainEntityOfPage":{"@id":"https:\/\/dev.antudigital.cl\/sites\/vc\/manuel-garcia-en-el-teatro-municipal-de-valparaiso-tenemos-descuento\/"},"wordCount":142,"commentCount":0,"image":{"@id":"https:\/\/dev.antudigital.cl\/sites\/vc\/manuel-garcia-en-el-teatro-municipal-de-valparaiso-tenemos-descuento\/#primaryimage"},"thumbnailUrl":"https:\/\/dev.antudigital.cl\/sites\/vc\/wp-content\/uploads\/2022\/08\/file_20161216095528.jpg","articleSection":["Noticia"],"inLanguage":"es","potentialAction":[{"@type":"CommentAction","name":"Comment","target":["https:\/\/dev.antudigital.cl\/sites\/vc\/manuel-garcia-en-el-teatro-municipal-de-valparaiso-tenemos-descuento\/#respond"]}]},{"@type":"WebPage","@id":"https:\/\/dev.antudigital.cl\/sites\/vc\/manuel-garcia-en-el-teatro-municipal-de-valparaiso-tenemos-descuento\/","url":"https:\/\/dev.antudigital.cl\/sites\/vc\/manuel-garcia-en-el-teatro-municipal-de-valparaiso-tenemos-descuento\/","name":"Manuel Garc\u00eda en el Teatro Municipal de Valpara\u00edso (\u00a1tenemos descuento!) - Valpara\u00ed\u00adso Creativo","isPartOf":{"@id":"https:\/\/dev.antudigital.cl\/sites\/vc\/#website"},"primaryImageOfPage":{"@id":"https:\/\/dev.antudigital.cl\/sites\/vc\/manuel-garcia-en-el-teatro-municipal-de-valparaiso-tenemos-descuento\/#primaryimage"},"image":{"@id":"https:\/\/dev.antudigital.cl\/sites\/vc\/manuel-garcia-en-el-teatro-municipal-de-valparaiso-tenemos-descuento\/#primaryimage"},"thumbnailUrl":"https:\/\/dev.antudigital.cl\/sites\/vc\/wp-content\/uploads\/2022\/08\/file_20161216095528.jpg","datePublished":"2022-08-08T21:52:28+00:00","dateModified":"2022-08-15T16:37:56+00:00","author":{"@id":"https:\/\/dev.antudigital.cl\/sites\/vc\/#\/schema\/person\/c2b9da8dd545e27166fc5ab232837318"},"breadcrumb":{"@id":"https:\/\/dev.antudigital.cl\/sites\/vc\/manuel-garcia-en-el-teatro-municipal-de-valparaiso-tenemos-descuento\/#breadcrumb"},"inLanguage":"es","potentialAction":[{"@type":"ReadAction","target":["https:\/\/dev.antudigital.cl\/sites\/vc\/manuel-garcia-en-el-teatro-municipal-de-valparaiso-tenemos-descuento\/"]}]},{"@type":"ImageObject","inLanguage":"es","@id":"https:\/\/dev.antudigital.cl\/sites\/vc\/manuel-garcia-en-el-teatro-municipal-de-valparaiso-tenemos-descuento\/#primaryimage","url":"https:\/\/dev.antudigital.cl\/sites\/vc\/wp-content\/uploads\/2022\/08\/file_20161216095528.jpg","contentUrl":"https:\/\/dev.antudigital.cl\/sites\/vc\/wp-content\/uploads\/2022\/08\/file_20161216095528.jpg","width":710,"height":399},{"@type":"BreadcrumbList","@id":"https:\/\/dev.antudigital.cl\/sites\/vc\/manuel-garcia-en-el-teatro-municipal-de-valparaiso-tenemos-descuento\/#breadcrumb","itemListElement":[{"@type":"ListItem","position":1,"name":"Home","item":"https:\/\/dev.antudigital.cl\/sites\/vc\/"},{"@type":"ListItem","position":2,"name":"Manuel Garc\u00eda en el Teatro Municipal de Valpara\u00edso (\u00a1tenemos descuento!)"}]},{"@type":"WebSite","@id":"https:\/\/dev.antudigital.cl\/sites\/vc\/#website","url":"https:\/\/dev.antudigital.cl\/sites\/vc\/","name":"Valpara\u00ed\u00adso Creativo","description":"","potentialAction":[{"@type":"SearchAction","target":{"@type":"EntryPoint","urlTemplate":"https:\/\/dev.antudigital.cl\/sites\/vc\/?s={search_term_string}"},"query-input":{"@type":"PropertyValueSpecification","valueRequired":true,"valueName":"search_term_string"}}],"inLanguage":"es"},{"@type":"Person","@id":"https:\/\/dev.antudigital.cl\/sites\/vc\/#\/schema\/person\/c2b9da8dd545e27166fc5ab232837318","name":"Valpara\u00edso Creativo","description":"Periodista de cultura en la Regi\u00f3n de Valpara\u00edso.","url":"https:\/\/dev.antudigital.cl\/sites\/vc\/author\/valpoadmin\/"}]}},"_links":{"self":[{"href":"https:\/\/dev.antudigital.cl\/sites\/vc\/wp-json\/wp\/v2\/posts\/11438","targetHints":{"allow":["GET"]}}],"collection":[{"href":"https:\/\/dev.antudigital.cl\/sites\/vc\/wp-json\/wp\/v2\/posts"}],"about":[{"href":"https:\/\/dev.antudigital.cl\/sites\/vc\/wp-json\/wp\/v2\/types\/post"}],"author":[{"embeddable":true,"href":"https:\/\/dev.antudigital.cl\/sites\/vc\/wp-json\/wp\/v2\/users\/1"}],"replies":[{"embeddable":true,"href":"https:\/\/dev.antudigital.cl\/sites\/vc\/wp-json\/wp\/v2\/comments?post=11438"}],"version-history":[{"count":1,"href":"https:\/\/dev.antudigital.cl\/sites\/vc\/wp-json\/wp\/v2\/posts\/11438\/revisions"}],"predecessor-version":[{"id":11441,"href":"https:\/\/dev.antudigital.cl\/sites\/vc\/wp-json\/wp\/v2\/posts\/11438\/revisions\/11441"}],"wp:featuredmedia":[{"embeddable":true,"href":"https:\/\/dev.antudigital.cl\/sites\/vc\/wp-json\/wp\/v2\/media\/11440"}],"wp:attachment":[{"href":"https:\/\/dev.antudigital.cl\/sites\/vc\/wp-json\/wp\/v2\/media?parent=11438"}],"wp:term":[{"taxonomy":"category","embeddable":true,"href":"https:\/\/dev.antudigital.cl\/sites\/vc\/wp-json\/wp\/v2\/categories?post=11438"},{"taxonomy":"post_tag","embeddable":true,"href":"https:\/\/dev.antudigital.cl\/sites\/vc\/wp-json\/wp\/v2\/tags?post=11438"}],"curies":[{"name":"wp","href":"https:\/\/api.w.org\/{rel}","templated":true}]}}