{"id":11449,"date":"2022-08-15T17:14:57","date_gmt":"2022-08-15T17:14:57","guid":{"rendered":"https:\/\/www.valparaisocreativo.cl\/?p=11449"},"modified":"2022-08-15T18:50:44","modified_gmt":"2022-08-15T18:50:44","slug":"trotamundos-terraza-presenta-a-lucy-briceno","status":"publish","type":"post","link":"https:\/\/dev.antudigital.cl\/sites\/vc\/trotamundos-terraza-presenta-a-lucy-briceno\/","title":{"rendered":"Trotamundos Terraza presenta a Lucy Brice\u00f1o"},"content":{"rendered":"\n<p>El pr\u00f3ximo 21 de agosto <a href=\"https:\/\/www.instagram.com\/trotaterraza\/\">Trotamundos Terraza<\/a> se prepara para recibir a una leyenda local: Lucy Brice\u00f1o y sus JC se presentan a las 21:00 hrs del domingo que viene.<br><br>Ven a disfrutar de los boleros, valses, tonadas y las infaltables cuecas de la gran cantante porte\u00f1a.<br>Asegura tu entrada en <a href=\"https:\/\/www.passline.com\/eventos\/luci-briceno-y-sus-jc-trotamundos-terraza-quilpue\">passline.com <\/a><\/p>\n\n\n\n<figure class=\"wp-block-image size-full\"><img fetchpriority=\"high\" decoding=\"async\" width=\"578\" height=\"577\" src=\"https:\/\/www.valparaisocreativo.cl\/wp-content\/uploads\/2022\/08\/Captura-de-Pantalla-2022-08-15-a-las-13.04.11.png\" alt=\"\" class=\"wp-image-11451\" srcset=\"https:\/\/dev.antudigital.cl\/sites\/vc\/wp-content\/uploads\/2022\/08\/Captura-de-Pantalla-2022-08-15-a-las-13.04.11.png 578w, https:\/\/dev.antudigital.cl\/sites\/vc\/wp-content\/uploads\/2022\/08\/Captura-de-Pantalla-2022-08-15-a-las-13.04.11-300x300.png 300w, https:\/\/dev.antudigital.cl\/sites\/vc\/wp-content\/uploads\/2022\/08\/Captura-de-Pantalla-2022-08-15-a-las-13.04.11-150x150.png 150w, https:\/\/dev.antudigital.cl\/sites\/vc\/wp-content\/uploads\/2022\/08\/Captura-de-Pantalla-2022-08-15-a-las-13.04.11-480x479.png 480w\" sizes=\"(max-width: 578px) 100vw, 578px\" \/><\/figure>\n","protected":false},"excerpt":{"rendered":"<p>El pr\u00f3ximo 21 de agosto Trotamundos Terraza se prepara para recibir a una leyenda local: Lucy Brice\u00f1o y sus JC se presentan a las 21:00 hrs del domingo que viene. Ven a disfrutar de los boleros, valses, tonadas y las infaltables cuecas de la gran cantante porte\u00f1a.Asegura tu entrada en passline.com<\/p>\n","protected":false},"author":1,"featured_media":11450,"comment_status":"open","ping_status":"closed","sticky":false,"template":"","format":"standard","meta":{"_acf_changed":false,"footnotes":""},"categories":[8],"tags":[],"class_list":["post-11449","post","type-post","status-publish","format-standard","has-post-thumbnail","hentry","category-noticia"],"acf":[],"yoast_head":"<!-- This site is optimized with the Yoast SEO plugin v27.1.1 - https:\/\/yoast.com\/product\/yoast-seo-wordpress\/ -->\n<title>Trotamundos Terraza presenta a Lucy Brice\u00f1o - Valpara\u00ed\u00adso Creativo<\/title>\n<meta name=\"robots\" content=\"index, follow, max-snippet:-1, max-image-preview:large, max-video-preview:-1\" \/>\n<link rel=\"canonical\" href=\"https:\/\/dev.antudigital.cl\/sites\/vc\/trotamundos-terraza-presenta-a-lucy-briceno\/\" \/>\n<meta property=\"og:locale\" content=\"es_ES\" \/>\n<meta property=\"og:type\" content=\"article\" \/>\n<meta property=\"og:title\" content=\"Trotamundos Terraza presenta a Lucy Brice\u00f1o - Valpara\u00ed\u00adso Creativo\" \/>\n<meta property=\"og:description\" content=\"El pr\u00f3ximo 21 de agosto Trotamundos Terraza se prepara para recibir a una leyenda local: Lucy Brice\u00f1o y sus JC se presentan a las 21:00 hrs del domingo que viene. Ven a disfrutar de los boleros, valses, tonadas y las infaltables cuecas de la gran cantante porte\u00f1a.Asegura tu entrada en passline.com\" \/>\n<meta property=\"og:url\" content=\"https:\/\/dev.antudigital.cl\/sites\/vc\/trotamundos-terraza-presenta-a-lucy-briceno\/\" \/>\n<meta property=\"og:site_name\" content=\"Valpara\u00ed\u00adso Creativo\" \/>\n<meta property=\"article:published_time\" content=\"2022-08-15T17:14:57+00:00\" \/>\n<meta property=\"article:modified_time\" content=\"2022-08-15T18:50:44+00:00\" \/>\n<meta property=\"og:image\" content=\"https:\/\/dev.antudigital.cl\/sites\/vc\/wp-content\/uploads\/2022\/08\/Lucy-Briceno.jpg\" \/>\n\t<meta property=\"og:image:width\" content=\"1400\" \/>\n\t<meta property=\"og:image:height\" content=\"788\" \/>\n\t<meta property=\"og:image:type\" content=\"image\/jpeg\" \/>\n<meta name=\"author\" content=\"Valpara\u00edso Creativo\" \/>\n<meta name=\"twitter:card\" content=\"summary_large_image\" \/>\n<meta name=\"twitter:label1\" content=\"Escrito por\" \/>\n\t<meta name=\"twitter:data1\" content=\"Valpara\u00edso Creativo\" \/>\n\t<meta name=\"twitter:label2\" content=\"Tiempo de lectura\" \/>\n\t<meta name=\"twitter:data2\" content=\"1 minuto\" \/>\n<script type=\"application\/ld+json\" class=\"yoast-schema-graph\">{\"@context\":\"https:\/\/schema.org\",\"@graph\":[{\"@type\":\"Article\",\"@id\":\"https:\/\/dev.antudigital.cl\/sites\/vc\/trotamundos-terraza-presenta-a-lucy-briceno\/#article\",\"isPartOf\":{\"@id\":\"https:\/\/dev.antudigital.cl\/sites\/vc\/trotamundos-terraza-presenta-a-lucy-briceno\/\"},\"author\":{\"name\":\"Valpara\u00edso Creativo\",\"@id\":\"https:\/\/dev.antudigital.cl\/sites\/vc\/#\/schema\/person\/c2b9da8dd545e27166fc5ab232837318\"},\"headline\":\"Trotamundos Terraza presenta a Lucy Brice\u00f1o\",\"datePublished\":\"2022-08-15T17:14:57+00:00\",\"dateModified\":\"2022-08-15T18:50:44+00:00\",\"mainEntityOfPage\":{\"@id\":\"https:\/\/dev.antudigital.cl\/sites\/vc\/trotamundos-terraza-presenta-a-lucy-briceno\/\"},\"wordCount\":61,\"commentCount\":0,\"image\":{\"@id\":\"https:\/\/dev.antudigital.cl\/sites\/vc\/trotamundos-terraza-presenta-a-lucy-briceno\/#primaryimage\"},\"thumbnailUrl\":\"https:\/\/dev.antudigital.cl\/sites\/vc\/wp-content\/uploads\/2022\/08\/Lucy-Briceno.jpg\",\"articleSection\":[\"Noticia\"],\"inLanguage\":\"es\",\"potentialAction\":[{\"@type\":\"CommentAction\",\"name\":\"Comment\",\"target\":[\"https:\/\/dev.antudigital.cl\/sites\/vc\/trotamundos-terraza-presenta-a-lucy-briceno\/#respond\"]}]},{\"@type\":\"WebPage\",\"@id\":\"https:\/\/dev.antudigital.cl\/sites\/vc\/trotamundos-terraza-presenta-a-lucy-briceno\/\",\"url\":\"https:\/\/dev.antudigital.cl\/sites\/vc\/trotamundos-terraza-presenta-a-lucy-briceno\/\",\"name\":\"Trotamundos Terraza presenta a Lucy Brice\u00f1o - Valpara\u00ed\u00adso Creativo\",\"isPartOf\":{\"@id\":\"https:\/\/dev.antudigital.cl\/sites\/vc\/#website\"},\"primaryImageOfPage\":{\"@id\":\"https:\/\/dev.antudigital.cl\/sites\/vc\/trotamundos-terraza-presenta-a-lucy-briceno\/#primaryimage\"},\"image\":{\"@id\":\"https:\/\/dev.antudigital.cl\/sites\/vc\/trotamundos-terraza-presenta-a-lucy-briceno\/#primaryimage\"},\"thumbnailUrl\":\"https:\/\/dev.antudigital.cl\/sites\/vc\/wp-content\/uploads\/2022\/08\/Lucy-Briceno.jpg\",\"datePublished\":\"2022-08-15T17:14:57+00:00\",\"dateModified\":\"2022-08-15T18:50:44+00:00\",\"author\":{\"@id\":\"https:\/\/dev.antudigital.cl\/sites\/vc\/#\/schema\/person\/c2b9da8dd545e27166fc5ab232837318\"},\"breadcrumb\":{\"@id\":\"https:\/\/dev.antudigital.cl\/sites\/vc\/trotamundos-terraza-presenta-a-lucy-briceno\/#breadcrumb\"},\"inLanguage\":\"es\",\"potentialAction\":[{\"@type\":\"ReadAction\",\"target\":[\"https:\/\/dev.antudigital.cl\/sites\/vc\/trotamundos-terraza-presenta-a-lucy-briceno\/\"]}]},{\"@type\":\"ImageObject\",\"inLanguage\":\"es\",\"@id\":\"https:\/\/dev.antudigital.cl\/sites\/vc\/trotamundos-terraza-presenta-a-lucy-briceno\/#primaryimage\",\"url\":\"https:\/\/dev.antudigital.cl\/sites\/vc\/wp-content\/uploads\/2022\/08\/Lucy-Briceno.jpg\",\"contentUrl\":\"https:\/\/dev.antudigital.cl\/sites\/vc\/wp-content\/uploads\/2022\/08\/Lucy-Briceno.jpg\",\"width\":1400,\"height\":788},{\"@type\":\"BreadcrumbList\",\"@id\":\"https:\/\/dev.antudigital.cl\/sites\/vc\/trotamundos-terraza-presenta-a-lucy-briceno\/#breadcrumb\",\"itemListElement\":[{\"@type\":\"ListItem\",\"position\":1,\"name\":\"Home\",\"item\":\"https:\/\/dev.antudigital.cl\/sites\/vc\/\"},{\"@type\":\"ListItem\",\"position\":2,\"name\":\"Trotamundos Terraza presenta a Lucy Brice\u00f1o\"}]},{\"@type\":\"WebSite\",\"@id\":\"https:\/\/dev.antudigital.cl\/sites\/vc\/#website\",\"url\":\"https:\/\/dev.antudigital.cl\/sites\/vc\/\",\"name\":\"Valpara\u00ed\u00adso Creativo\",\"description\":\"\",\"potentialAction\":[{\"@type\":\"SearchAction\",\"target\":{\"@type\":\"EntryPoint\",\"urlTemplate\":\"https:\/\/dev.antudigital.cl\/sites\/vc\/?s={search_term_string}\"},\"query-input\":{\"@type\":\"PropertyValueSpecification\",\"valueRequired\":true,\"valueName\":\"search_term_string\"}}],\"inLanguage\":\"es\"},{\"@type\":\"Person\",\"@id\":\"https:\/\/dev.antudigital.cl\/sites\/vc\/#\/schema\/person\/c2b9da8dd545e27166fc5ab232837318\",\"name\":\"Valpara\u00edso Creativo\",\"description\":\"Periodista de cultura en la Regi\u00f3n de Valpara\u00edso.\",\"url\":\"https:\/\/dev.antudigital.cl\/sites\/vc\/author\/valpoadmin\/\"}]}<\/script>\n<!-- \/ Yoast SEO plugin. -->","yoast_head_json":{"title":"Trotamundos Terraza presenta a Lucy Brice\u00f1o - Valpara\u00ed\u00adso Creativo","robots":{"index":"index","follow":"follow","max-snippet":"max-snippet:-1","max-image-preview":"max-image-preview:large","max-video-preview":"max-video-preview:-1"},"canonical":"https:\/\/dev.antudigital.cl\/sites\/vc\/trotamundos-terraza-presenta-a-lucy-briceno\/","og_locale":"es_ES","og_type":"article","og_title":"Trotamundos Terraza presenta a Lucy Brice\u00f1o - Valpara\u00ed\u00adso Creativo","og_description":"El pr\u00f3ximo 21 de agosto Trotamundos Terraza se prepara para recibir a una leyenda local: Lucy Brice\u00f1o y sus JC se presentan a las 21:00 hrs del domingo que viene. Ven a disfrutar de los boleros, valses, tonadas y las infaltables cuecas de la gran cantante porte\u00f1a.Asegura tu entrada en passline.com","og_url":"https:\/\/dev.antudigital.cl\/sites\/vc\/trotamundos-terraza-presenta-a-lucy-briceno\/","og_site_name":"Valpara\u00ed\u00adso Creativo","article_published_time":"2022-08-15T17:14:57+00:00","article_modified_time":"2022-08-15T18:50:44+00:00","og_image":[{"width":1400,"height":788,"url":"https:\/\/dev.antudigital.cl\/sites\/vc\/wp-content\/uploads\/2022\/08\/Lucy-Briceno.jpg","type":"image\/jpeg"}],"author":"Valpara\u00edso Creativo","twitter_card":"summary_large_image","twitter_misc":{"Escrito por":"Valpara\u00edso Creativo","Tiempo de lectura":"1 minuto"},"schema":{"@context":"https:\/\/schema.org","@graph":[{"@type":"Article","@id":"https:\/\/dev.antudigital.cl\/sites\/vc\/trotamundos-terraza-presenta-a-lucy-briceno\/#article","isPartOf":{"@id":"https:\/\/dev.antudigital.cl\/sites\/vc\/trotamundos-terraza-presenta-a-lucy-briceno\/"},"author":{"name":"Valpara\u00edso Creativo","@id":"https:\/\/dev.antudigital.cl\/sites\/vc\/#\/schema\/person\/c2b9da8dd545e27166fc5ab232837318"},"headline":"Trotamundos Terraza presenta a Lucy Brice\u00f1o","datePublished":"2022-08-15T17:14:57+00:00","dateModified":"2022-08-15T18:50:44+00:00","mainEntityOfPage":{"@id":"https:\/\/dev.antudigital.cl\/sites\/vc\/trotamundos-terraza-presenta-a-lucy-briceno\/"},"wordCount":61,"commentCount":0,"image":{"@id":"https:\/\/dev.antudigital.cl\/sites\/vc\/trotamundos-terraza-presenta-a-lucy-briceno\/#primaryimage"},"thumbnailUrl":"https:\/\/dev.antudigital.cl\/sites\/vc\/wp-content\/uploads\/2022\/08\/Lucy-Briceno.jpg","articleSection":["Noticia"],"inLanguage":"es","potentialAction":[{"@type":"CommentAction","name":"Comment","target":["https:\/\/dev.antudigital.cl\/sites\/vc\/trotamundos-terraza-presenta-a-lucy-briceno\/#respond"]}]},{"@type":"WebPage","@id":"https:\/\/dev.antudigital.cl\/sites\/vc\/trotamundos-terraza-presenta-a-lucy-briceno\/","url":"https:\/\/dev.antudigital.cl\/sites\/vc\/trotamundos-terraza-presenta-a-lucy-briceno\/","name":"Trotamundos Terraza presenta a Lucy Brice\u00f1o - Valpara\u00ed\u00adso Creativo","isPartOf":{"@id":"https:\/\/dev.antudigital.cl\/sites\/vc\/#website"},"primaryImageOfPage":{"@id":"https:\/\/dev.antudigital.cl\/sites\/vc\/trotamundos-terraza-presenta-a-lucy-briceno\/#primaryimage"},"image":{"@id":"https:\/\/dev.antudigital.cl\/sites\/vc\/trotamundos-terraza-presenta-a-lucy-briceno\/#primaryimage"},"thumbnailUrl":"https:\/\/dev.antudigital.cl\/sites\/vc\/wp-content\/uploads\/2022\/08\/Lucy-Briceno.jpg","datePublished":"2022-08-15T17:14:57+00:00","dateModified":"2022-08-15T18:50:44+00:00","author":{"@id":"https:\/\/dev.antudigital.cl\/sites\/vc\/#\/schema\/person\/c2b9da8dd545e27166fc5ab232837318"},"breadcrumb":{"@id":"https:\/\/dev.antudigital.cl\/sites\/vc\/trotamundos-terraza-presenta-a-lucy-briceno\/#breadcrumb"},"inLanguage":"es","potentialAction":[{"@type":"ReadAction","target":["https:\/\/dev.antudigital.cl\/sites\/vc\/trotamundos-terraza-presenta-a-lucy-briceno\/"]}]},{"@type":"ImageObject","inLanguage":"es","@id":"https:\/\/dev.antudigital.cl\/sites\/vc\/trotamundos-terraza-presenta-a-lucy-briceno\/#primaryimage","url":"https:\/\/dev.antudigital.cl\/sites\/vc\/wp-content\/uploads\/2022\/08\/Lucy-Briceno.jpg","contentUrl":"https:\/\/dev.antudigital.cl\/sites\/vc\/wp-content\/uploads\/2022\/08\/Lucy-Briceno.jpg","width":1400,"height":788},{"@type":"BreadcrumbList","@id":"https:\/\/dev.antudigital.cl\/sites\/vc\/trotamundos-terraza-presenta-a-lucy-briceno\/#breadcrumb","itemListElement":[{"@type":"ListItem","position":1,"name":"Home","item":"https:\/\/dev.antudigital.cl\/sites\/vc\/"},{"@type":"ListItem","position":2,"name":"Trotamundos Terraza presenta a Lucy Brice\u00f1o"}]},{"@type":"WebSite","@id":"https:\/\/dev.antudigital.cl\/sites\/vc\/#website","url":"https:\/\/dev.antudigital.cl\/sites\/vc\/","name":"Valpara\u00ed\u00adso Creativo","description":"","potentialAction":[{"@type":"SearchAction","target":{"@type":"EntryPoint","urlTemplate":"https:\/\/dev.antudigital.cl\/sites\/vc\/?s={search_term_string}"},"query-input":{"@type":"PropertyValueSpecification","valueRequired":true,"valueName":"search_term_string"}}],"inLanguage":"es"},{"@type":"Person","@id":"https:\/\/dev.antudigital.cl\/sites\/vc\/#\/schema\/person\/c2b9da8dd545e27166fc5ab232837318","name":"Valpara\u00edso Creativo","description":"Periodista de cultura en la Regi\u00f3n de Valpara\u00edso.","url":"https:\/\/dev.antudigital.cl\/sites\/vc\/author\/valpoadmin\/"}]}},"_links":{"self":[{"href":"https:\/\/dev.antudigital.cl\/sites\/vc\/wp-json\/wp\/v2\/posts\/11449","targetHints":{"allow":["GET"]}}],"collection":[{"href":"https:\/\/dev.antudigital.cl\/sites\/vc\/wp-json\/wp\/v2\/posts"}],"about":[{"href":"https:\/\/dev.antudigital.cl\/sites\/vc\/wp-json\/wp\/v2\/types\/post"}],"author":[{"embeddable":true,"href":"https:\/\/dev.antudigital.cl\/sites\/vc\/wp-json\/wp\/v2\/users\/1"}],"replies":[{"embeddable":true,"href":"https:\/\/dev.antudigital.cl\/sites\/vc\/wp-json\/wp\/v2\/comments?post=11449"}],"version-history":[{"count":1,"href":"https:\/\/dev.antudigital.cl\/sites\/vc\/wp-json\/wp\/v2\/posts\/11449\/revisions"}],"predecessor-version":[{"id":11452,"href":"https:\/\/dev.antudigital.cl\/sites\/vc\/wp-json\/wp\/v2\/posts\/11449\/revisions\/11452"}],"wp:featuredmedia":[{"embeddable":true,"href":"https:\/\/dev.antudigital.cl\/sites\/vc\/wp-json\/wp\/v2\/media\/11450"}],"wp:attachment":[{"href":"https:\/\/dev.antudigital.cl\/sites\/vc\/wp-json\/wp\/v2\/media?parent=11449"}],"wp:term":[{"taxonomy":"category","embeddable":true,"href":"https:\/\/dev.antudigital.cl\/sites\/vc\/wp-json\/wp\/v2\/categories?post=11449"},{"taxonomy":"post_tag","embeddable":true,"href":"https:\/\/dev.antudigital.cl\/sites\/vc\/wp-json\/wp\/v2\/tags?post=11449"}],"curies":[{"name":"wp","href":"https:\/\/api.w.org\/{rel}","templated":true}]}}