{"id":11453,"date":"2022-08-15T17:34:40","date_gmt":"2022-08-15T17:34:40","guid":{"rendered":"https:\/\/www.valparaisocreativo.cl\/?p=11453"},"modified":"2022-08-15T18:51:06","modified_gmt":"2022-08-15T18:51:06","slug":"descubre-las-actividades-para-el-mes-de-la-fotografia-de-centex","status":"publish","type":"post","link":"https:\/\/dev.antudigital.cl\/sites\/vc\/descubre-las-actividades-para-el-mes-de-la-fotografia-de-centex\/","title":{"rendered":"Descubre las actividades para el Mes de la Fotograf\u00eda de Centex"},"content":{"rendered":"\n<p>El pr\u00f3ximo 19 de agosto se realizar\u00e1 el conversatorio \u00abLa fotograf\u00eda comprometida\u00bb, espacio que pretende generar una reflexi\u00f3n sobre el rol de la Fotograf\u00eda y de los profesionales de la comunicaci\u00f3n durante la dictadura, todo en el marco de la formaci\u00f3n de la Asociaci\u00f3n de Fot\u00f3grafos Independientes, AFI, organismo que cumpli\u00f3 un rol fundamental durante estos oscuros d\u00edas de nuestra historia.<br><br>El conversatorio se realizar\u00e1 este <strong>viernes 19 de agosto, a las 16:00 horas<\/strong>, y contar\u00e1 con la participaci\u00f3n de Luis Navarro, Nelson Mu\u00f1oz, Patricia Alfaro, Jos\u00e9 Moreno y Gonzalo Leiva, entre otros. <\/p>\n\n\n\n<figure class=\"wp-block-image size-full\"><img fetchpriority=\"high\" decoding=\"async\" width=\"595\" height=\"592\" src=\"https:\/\/www.valparaisocreativo.cl\/wp-content\/uploads\/2022\/08\/Captura-de-Pantalla-2022-08-15-a-las-13.18.27.png\" alt=\"\" class=\"wp-image-11454\" srcset=\"https:\/\/dev.antudigital.cl\/sites\/vc\/wp-content\/uploads\/2022\/08\/Captura-de-Pantalla-2022-08-15-a-las-13.18.27.png 595w, https:\/\/dev.antudigital.cl\/sites\/vc\/wp-content\/uploads\/2022\/08\/Captura-de-Pantalla-2022-08-15-a-las-13.18.27-300x298.png 300w, https:\/\/dev.antudigital.cl\/sites\/vc\/wp-content\/uploads\/2022\/08\/Captura-de-Pantalla-2022-08-15-a-las-13.18.27-150x150.png 150w, https:\/\/dev.antudigital.cl\/sites\/vc\/wp-content\/uploads\/2022\/08\/Captura-de-Pantalla-2022-08-15-a-las-13.18.27-480x478.png 480w\" sizes=\"(max-width: 595px) 100vw, 595px\" \/><\/figure>\n\n\n\n<p>Adem\u00e1s, durante lo que queda del mes contar\u00e1n con las siguientes actividades:<\/p>\n\n\n\n<p>&#x1f4c5; Martes 16 de agosto. La fot\u00f3grafa Kimberly Halyburton <a href=\"https:\/\/www.instagram.com\/kimsophie_\/\">@kimsophie_<\/a> comienza con los ciclos formativos sobre fotograf\u00eda: Taller C\u00edanotipia; taller fotofanzine; taller fotograf\u00eda estenopeica; taller pa\u00f1oleta en cianotipia; taller reaignificar el archivo fotogr\u00e1fico familiar; taller jard\u00edn fotogr\u00e1fico.Para m\u00e1s informaci\u00f3n, revisa nuestra p\u00e1gina web. Los talleres se impartir\u00e1n entre agosto y noviembre.<br><br>&#x1f4c5; El jueves 18 de agosto a las 17:00 horas ser\u00e1 presentado el libro Estallido Textual, publicaci\u00f3n de P\u00eda Queirolo y Pilar Bustamante, un registro fotogr\u00e1fico de los muros de Valpara\u00edso durante el Estallido Social. Invitado, <a href=\"https:\/\/www.instagram.com\/gabrielholzapfel\/\">@gabrielholzapfel<\/a><br><br>&#x1f4c5; Viernes 19, 20:00 horas, biblioteca Santiago Sever\u00edn, proyecci\u00f3n de las fotos seleccionadas de la convocatoria abierta Arte y Cultura en tu Barrio, a cargo de la Seremi de Cultura V Regi\u00f3n, con el apoyo de Centex.<br><br>Para m\u00e1s informaci\u00f3n, revisa <a href=\"http:\/\/centex.cl\">www.centex.cl<\/a><\/p>\n\n\n\n<figure class=\"wp-block-image size-full\"><img decoding=\"async\" width=\"578\" height=\"519\" src=\"https:\/\/www.valparaisocreativo.cl\/wp-content\/uploads\/2022\/08\/Captura-de-Pantalla-2022-08-15-a-las-13.33.46.png\" alt=\"\" class=\"wp-image-11456\" srcset=\"https:\/\/dev.antudigital.cl\/sites\/vc\/wp-content\/uploads\/2022\/08\/Captura-de-Pantalla-2022-08-15-a-las-13.33.46.png 578w, https:\/\/dev.antudigital.cl\/sites\/vc\/wp-content\/uploads\/2022\/08\/Captura-de-Pantalla-2022-08-15-a-las-13.33.46-300x269.png 300w, https:\/\/dev.antudigital.cl\/sites\/vc\/wp-content\/uploads\/2022\/08\/Captura-de-Pantalla-2022-08-15-a-las-13.33.46-480x431.png 480w\" sizes=\"(max-width: 578px) 100vw, 578px\" \/><\/figure>\n","protected":false},"excerpt":{"rendered":"<p>El pr\u00f3ximo 19 de agosto se realizar\u00e1 el conversatorio \u00abLa fotograf\u00eda comprometida\u00bb, espacio que pretende generar una reflexi\u00f3n sobre el rol de la Fotograf\u00eda y de los profesionales de la comunicaci\u00f3n durante la dictadura, todo en el marco de la formaci\u00f3n de la Asociaci\u00f3n de Fot\u00f3grafos Independientes, AFI, organismo que cumpli\u00f3 un rol fundamental durante [&hellip;]<\/p>\n","protected":false},"author":1,"featured_media":11455,"comment_status":"open","ping_status":"closed","sticky":false,"template":"","format":"standard","meta":{"_acf_changed":false,"footnotes":""},"categories":[8],"tags":[],"class_list":["post-11453","post","type-post","status-publish","format-standard","has-post-thumbnail","hentry","category-noticia"],"acf":[],"yoast_head":"<!-- This site is optimized with the Yoast SEO plugin v27.1.1 - https:\/\/yoast.com\/product\/yoast-seo-wordpress\/ -->\n<title>Descubre las actividades para el Mes de la Fotograf\u00eda de Centex - Valpara\u00ed\u00adso Creativo<\/title>\n<meta name=\"robots\" content=\"index, follow, max-snippet:-1, max-image-preview:large, max-video-preview:-1\" \/>\n<link rel=\"canonical\" href=\"https:\/\/dev.antudigital.cl\/sites\/vc\/descubre-las-actividades-para-el-mes-de-la-fotografia-de-centex\/\" \/>\n<meta property=\"og:locale\" content=\"es_ES\" \/>\n<meta property=\"og:type\" content=\"article\" \/>\n<meta property=\"og:title\" content=\"Descubre las actividades para el Mes de la Fotograf\u00eda de Centex - Valpara\u00ed\u00adso Creativo\" \/>\n<meta property=\"og:description\" content=\"El pr\u00f3ximo 19 de agosto se realizar\u00e1 el conversatorio \u00abLa fotograf\u00eda comprometida\u00bb, espacio que pretende generar una reflexi\u00f3n sobre el rol de la Fotograf\u00eda y de los profesionales de la comunicaci\u00f3n durante la dictadura, todo en el marco de la formaci\u00f3n de la Asociaci\u00f3n de Fot\u00f3grafos Independientes, AFI, organismo que cumpli\u00f3 un rol fundamental durante [&hellip;]\" \/>\n<meta property=\"og:url\" content=\"https:\/\/dev.antudigital.cl\/sites\/vc\/descubre-las-actividades-para-el-mes-de-la-fotografia-de-centex\/\" \/>\n<meta property=\"og:site_name\" content=\"Valpara\u00ed\u00adso Creativo\" \/>\n<meta property=\"article:published_time\" content=\"2022-08-15T17:34:40+00:00\" \/>\n<meta property=\"article:modified_time\" content=\"2022-08-15T18:51:06+00:00\" \/>\n<meta property=\"og:image\" content=\"https:\/\/dev.antudigital.cl\/sites\/vc\/wp-content\/uploads\/2022\/08\/NL.png\" \/>\n\t<meta property=\"og:image:width\" content=\"680\" \/>\n\t<meta property=\"og:image:height\" content=\"300\" \/>\n\t<meta property=\"og:image:type\" content=\"image\/png\" \/>\n<meta name=\"author\" content=\"Valpara\u00edso Creativo\" \/>\n<meta name=\"twitter:card\" content=\"summary_large_image\" \/>\n<meta name=\"twitter:label1\" content=\"Escrito por\" \/>\n\t<meta name=\"twitter:data1\" content=\"Valpara\u00edso Creativo\" \/>\n\t<meta name=\"twitter:label2\" content=\"Tiempo de lectura\" \/>\n\t<meta name=\"twitter:data2\" content=\"2 minutos\" \/>\n<script type=\"application\/ld+json\" class=\"yoast-schema-graph\">{\"@context\":\"https:\/\/schema.org\",\"@graph\":[{\"@type\":\"Article\",\"@id\":\"https:\/\/dev.antudigital.cl\/sites\/vc\/descubre-las-actividades-para-el-mes-de-la-fotografia-de-centex\/#article\",\"isPartOf\":{\"@id\":\"https:\/\/dev.antudigital.cl\/sites\/vc\/descubre-las-actividades-para-el-mes-de-la-fotografia-de-centex\/\"},\"author\":{\"name\":\"Valpara\u00edso Creativo\",\"@id\":\"https:\/\/dev.antudigital.cl\/sites\/vc\/#\/schema\/person\/c2b9da8dd545e27166fc5ab232837318\"},\"headline\":\"Descubre las actividades para el Mes de la Fotograf\u00eda de Centex\",\"datePublished\":\"2022-08-15T17:34:40+00:00\",\"dateModified\":\"2022-08-15T18:51:06+00:00\",\"mainEntityOfPage\":{\"@id\":\"https:\/\/dev.antudigital.cl\/sites\/vc\/descubre-las-actividades-para-el-mes-de-la-fotografia-de-centex\/\"},\"wordCount\":282,\"commentCount\":0,\"image\":{\"@id\":\"https:\/\/dev.antudigital.cl\/sites\/vc\/descubre-las-actividades-para-el-mes-de-la-fotografia-de-centex\/#primaryimage\"},\"thumbnailUrl\":\"https:\/\/dev.antudigital.cl\/sites\/vc\/wp-content\/uploads\/2022\/08\/NL.png\",\"articleSection\":[\"Noticia\"],\"inLanguage\":\"es\",\"potentialAction\":[{\"@type\":\"CommentAction\",\"name\":\"Comment\",\"target\":[\"https:\/\/dev.antudigital.cl\/sites\/vc\/descubre-las-actividades-para-el-mes-de-la-fotografia-de-centex\/#respond\"]}]},{\"@type\":\"WebPage\",\"@id\":\"https:\/\/dev.antudigital.cl\/sites\/vc\/descubre-las-actividades-para-el-mes-de-la-fotografia-de-centex\/\",\"url\":\"https:\/\/dev.antudigital.cl\/sites\/vc\/descubre-las-actividades-para-el-mes-de-la-fotografia-de-centex\/\",\"name\":\"Descubre las actividades para el Mes de la Fotograf\u00eda de Centex - Valpara\u00ed\u00adso Creativo\",\"isPartOf\":{\"@id\":\"https:\/\/dev.antudigital.cl\/sites\/vc\/#website\"},\"primaryImageOfPage\":{\"@id\":\"https:\/\/dev.antudigital.cl\/sites\/vc\/descubre-las-actividades-para-el-mes-de-la-fotografia-de-centex\/#primaryimage\"},\"image\":{\"@id\":\"https:\/\/dev.antudigital.cl\/sites\/vc\/descubre-las-actividades-para-el-mes-de-la-fotografia-de-centex\/#primaryimage\"},\"thumbnailUrl\":\"https:\/\/dev.antudigital.cl\/sites\/vc\/wp-content\/uploads\/2022\/08\/NL.png\",\"datePublished\":\"2022-08-15T17:34:40+00:00\",\"dateModified\":\"2022-08-15T18:51:06+00:00\",\"author\":{\"@id\":\"https:\/\/dev.antudigital.cl\/sites\/vc\/#\/schema\/person\/c2b9da8dd545e27166fc5ab232837318\"},\"breadcrumb\":{\"@id\":\"https:\/\/dev.antudigital.cl\/sites\/vc\/descubre-las-actividades-para-el-mes-de-la-fotografia-de-centex\/#breadcrumb\"},\"inLanguage\":\"es\",\"potentialAction\":[{\"@type\":\"ReadAction\",\"target\":[\"https:\/\/dev.antudigital.cl\/sites\/vc\/descubre-las-actividades-para-el-mes-de-la-fotografia-de-centex\/\"]}]},{\"@type\":\"ImageObject\",\"inLanguage\":\"es\",\"@id\":\"https:\/\/dev.antudigital.cl\/sites\/vc\/descubre-las-actividades-para-el-mes-de-la-fotografia-de-centex\/#primaryimage\",\"url\":\"https:\/\/dev.antudigital.cl\/sites\/vc\/wp-content\/uploads\/2022\/08\/NL.png\",\"contentUrl\":\"https:\/\/dev.antudigital.cl\/sites\/vc\/wp-content\/uploads\/2022\/08\/NL.png\",\"width\":680,\"height\":300},{\"@type\":\"BreadcrumbList\",\"@id\":\"https:\/\/dev.antudigital.cl\/sites\/vc\/descubre-las-actividades-para-el-mes-de-la-fotografia-de-centex\/#breadcrumb\",\"itemListElement\":[{\"@type\":\"ListItem\",\"position\":1,\"name\":\"Home\",\"item\":\"https:\/\/dev.antudigital.cl\/sites\/vc\/\"},{\"@type\":\"ListItem\",\"position\":2,\"name\":\"Descubre las actividades para el Mes de la Fotograf\u00eda de Centex\"}]},{\"@type\":\"WebSite\",\"@id\":\"https:\/\/dev.antudigital.cl\/sites\/vc\/#website\",\"url\":\"https:\/\/dev.antudigital.cl\/sites\/vc\/\",\"name\":\"Valpara\u00ed\u00adso Creativo\",\"description\":\"\",\"potentialAction\":[{\"@type\":\"SearchAction\",\"target\":{\"@type\":\"EntryPoint\",\"urlTemplate\":\"https:\/\/dev.antudigital.cl\/sites\/vc\/?s={search_term_string}\"},\"query-input\":{\"@type\":\"PropertyValueSpecification\",\"valueRequired\":true,\"valueName\":\"search_term_string\"}}],\"inLanguage\":\"es\"},{\"@type\":\"Person\",\"@id\":\"https:\/\/dev.antudigital.cl\/sites\/vc\/#\/schema\/person\/c2b9da8dd545e27166fc5ab232837318\",\"name\":\"Valpara\u00edso Creativo\",\"description\":\"Periodista de cultura en la Regi\u00f3n de Valpara\u00edso.\",\"url\":\"https:\/\/dev.antudigital.cl\/sites\/vc\/author\/valpoadmin\/\"}]}<\/script>\n<!-- \/ Yoast SEO plugin. -->","yoast_head_json":{"title":"Descubre las actividades para el Mes de la Fotograf\u00eda de Centex - Valpara\u00ed\u00adso Creativo","robots":{"index":"index","follow":"follow","max-snippet":"max-snippet:-1","max-image-preview":"max-image-preview:large","max-video-preview":"max-video-preview:-1"},"canonical":"https:\/\/dev.antudigital.cl\/sites\/vc\/descubre-las-actividades-para-el-mes-de-la-fotografia-de-centex\/","og_locale":"es_ES","og_type":"article","og_title":"Descubre las actividades para el Mes de la Fotograf\u00eda de Centex - Valpara\u00ed\u00adso Creativo","og_description":"El pr\u00f3ximo 19 de agosto se realizar\u00e1 el conversatorio \u00abLa fotograf\u00eda comprometida\u00bb, espacio que pretende generar una reflexi\u00f3n sobre el rol de la Fotograf\u00eda y de los profesionales de la comunicaci\u00f3n durante la dictadura, todo en el marco de la formaci\u00f3n de la Asociaci\u00f3n de Fot\u00f3grafos Independientes, AFI, organismo que cumpli\u00f3 un rol fundamental durante [&hellip;]","og_url":"https:\/\/dev.antudigital.cl\/sites\/vc\/descubre-las-actividades-para-el-mes-de-la-fotografia-de-centex\/","og_site_name":"Valpara\u00ed\u00adso Creativo","article_published_time":"2022-08-15T17:34:40+00:00","article_modified_time":"2022-08-15T18:51:06+00:00","og_image":[{"width":680,"height":300,"url":"https:\/\/dev.antudigital.cl\/sites\/vc\/wp-content\/uploads\/2022\/08\/NL.png","type":"image\/png"}],"author":"Valpara\u00edso Creativo","twitter_card":"summary_large_image","twitter_misc":{"Escrito por":"Valpara\u00edso Creativo","Tiempo de lectura":"2 minutos"},"schema":{"@context":"https:\/\/schema.org","@graph":[{"@type":"Article","@id":"https:\/\/dev.antudigital.cl\/sites\/vc\/descubre-las-actividades-para-el-mes-de-la-fotografia-de-centex\/#article","isPartOf":{"@id":"https:\/\/dev.antudigital.cl\/sites\/vc\/descubre-las-actividades-para-el-mes-de-la-fotografia-de-centex\/"},"author":{"name":"Valpara\u00edso Creativo","@id":"https:\/\/dev.antudigital.cl\/sites\/vc\/#\/schema\/person\/c2b9da8dd545e27166fc5ab232837318"},"headline":"Descubre las actividades para el Mes de la Fotograf\u00eda de Centex","datePublished":"2022-08-15T17:34:40+00:00","dateModified":"2022-08-15T18:51:06+00:00","mainEntityOfPage":{"@id":"https:\/\/dev.antudigital.cl\/sites\/vc\/descubre-las-actividades-para-el-mes-de-la-fotografia-de-centex\/"},"wordCount":282,"commentCount":0,"image":{"@id":"https:\/\/dev.antudigital.cl\/sites\/vc\/descubre-las-actividades-para-el-mes-de-la-fotografia-de-centex\/#primaryimage"},"thumbnailUrl":"https:\/\/dev.antudigital.cl\/sites\/vc\/wp-content\/uploads\/2022\/08\/NL.png","articleSection":["Noticia"],"inLanguage":"es","potentialAction":[{"@type":"CommentAction","name":"Comment","target":["https:\/\/dev.antudigital.cl\/sites\/vc\/descubre-las-actividades-para-el-mes-de-la-fotografia-de-centex\/#respond"]}]},{"@type":"WebPage","@id":"https:\/\/dev.antudigital.cl\/sites\/vc\/descubre-las-actividades-para-el-mes-de-la-fotografia-de-centex\/","url":"https:\/\/dev.antudigital.cl\/sites\/vc\/descubre-las-actividades-para-el-mes-de-la-fotografia-de-centex\/","name":"Descubre las actividades para el Mes de la Fotograf\u00eda de Centex - Valpara\u00ed\u00adso Creativo","isPartOf":{"@id":"https:\/\/dev.antudigital.cl\/sites\/vc\/#website"},"primaryImageOfPage":{"@id":"https:\/\/dev.antudigital.cl\/sites\/vc\/descubre-las-actividades-para-el-mes-de-la-fotografia-de-centex\/#primaryimage"},"image":{"@id":"https:\/\/dev.antudigital.cl\/sites\/vc\/descubre-las-actividades-para-el-mes-de-la-fotografia-de-centex\/#primaryimage"},"thumbnailUrl":"https:\/\/dev.antudigital.cl\/sites\/vc\/wp-content\/uploads\/2022\/08\/NL.png","datePublished":"2022-08-15T17:34:40+00:00","dateModified":"2022-08-15T18:51:06+00:00","author":{"@id":"https:\/\/dev.antudigital.cl\/sites\/vc\/#\/schema\/person\/c2b9da8dd545e27166fc5ab232837318"},"breadcrumb":{"@id":"https:\/\/dev.antudigital.cl\/sites\/vc\/descubre-las-actividades-para-el-mes-de-la-fotografia-de-centex\/#breadcrumb"},"inLanguage":"es","potentialAction":[{"@type":"ReadAction","target":["https:\/\/dev.antudigital.cl\/sites\/vc\/descubre-las-actividades-para-el-mes-de-la-fotografia-de-centex\/"]}]},{"@type":"ImageObject","inLanguage":"es","@id":"https:\/\/dev.antudigital.cl\/sites\/vc\/descubre-las-actividades-para-el-mes-de-la-fotografia-de-centex\/#primaryimage","url":"https:\/\/dev.antudigital.cl\/sites\/vc\/wp-content\/uploads\/2022\/08\/NL.png","contentUrl":"https:\/\/dev.antudigital.cl\/sites\/vc\/wp-content\/uploads\/2022\/08\/NL.png","width":680,"height":300},{"@type":"BreadcrumbList","@id":"https:\/\/dev.antudigital.cl\/sites\/vc\/descubre-las-actividades-para-el-mes-de-la-fotografia-de-centex\/#breadcrumb","itemListElement":[{"@type":"ListItem","position":1,"name":"Home","item":"https:\/\/dev.antudigital.cl\/sites\/vc\/"},{"@type":"ListItem","position":2,"name":"Descubre las actividades para el Mes de la Fotograf\u00eda de Centex"}]},{"@type":"WebSite","@id":"https:\/\/dev.antudigital.cl\/sites\/vc\/#website","url":"https:\/\/dev.antudigital.cl\/sites\/vc\/","name":"Valpara\u00ed\u00adso Creativo","description":"","potentialAction":[{"@type":"SearchAction","target":{"@type":"EntryPoint","urlTemplate":"https:\/\/dev.antudigital.cl\/sites\/vc\/?s={search_term_string}"},"query-input":{"@type":"PropertyValueSpecification","valueRequired":true,"valueName":"search_term_string"}}],"inLanguage":"es"},{"@type":"Person","@id":"https:\/\/dev.antudigital.cl\/sites\/vc\/#\/schema\/person\/c2b9da8dd545e27166fc5ab232837318","name":"Valpara\u00edso Creativo","description":"Periodista de cultura en la Regi\u00f3n de Valpara\u00edso.","url":"https:\/\/dev.antudigital.cl\/sites\/vc\/author\/valpoadmin\/"}]}},"_links":{"self":[{"href":"https:\/\/dev.antudigital.cl\/sites\/vc\/wp-json\/wp\/v2\/posts\/11453","targetHints":{"allow":["GET"]}}],"collection":[{"href":"https:\/\/dev.antudigital.cl\/sites\/vc\/wp-json\/wp\/v2\/posts"}],"about":[{"href":"https:\/\/dev.antudigital.cl\/sites\/vc\/wp-json\/wp\/v2\/types\/post"}],"author":[{"embeddable":true,"href":"https:\/\/dev.antudigital.cl\/sites\/vc\/wp-json\/wp\/v2\/users\/1"}],"replies":[{"embeddable":true,"href":"https:\/\/dev.antudigital.cl\/sites\/vc\/wp-json\/wp\/v2\/comments?post=11453"}],"version-history":[{"count":1,"href":"https:\/\/dev.antudigital.cl\/sites\/vc\/wp-json\/wp\/v2\/posts\/11453\/revisions"}],"predecessor-version":[{"id":11457,"href":"https:\/\/dev.antudigital.cl\/sites\/vc\/wp-json\/wp\/v2\/posts\/11453\/revisions\/11457"}],"wp:featuredmedia":[{"embeddable":true,"href":"https:\/\/dev.antudigital.cl\/sites\/vc\/wp-json\/wp\/v2\/media\/11455"}],"wp:attachment":[{"href":"https:\/\/dev.antudigital.cl\/sites\/vc\/wp-json\/wp\/v2\/media?parent=11453"}],"wp:term":[{"taxonomy":"category","embeddable":true,"href":"https:\/\/dev.antudigital.cl\/sites\/vc\/wp-json\/wp\/v2\/categories?post=11453"},{"taxonomy":"post_tag","embeddable":true,"href":"https:\/\/dev.antudigital.cl\/sites\/vc\/wp-json\/wp\/v2\/tags?post=11453"}],"curies":[{"name":"wp","href":"https:\/\/api.w.org\/{rel}","templated":true}]}}