{"id":11463,"date":"2022-08-15T19:41:04","date_gmt":"2022-08-15T19:41:04","guid":{"rendered":"https:\/\/www.valparaisocreativo.cl\/?p=11463"},"modified":"2022-08-15T19:41:28","modified_gmt":"2022-08-15T19:41:28","slug":"estreno-de-mi-pais-imaginario-en-quilpue","status":"publish","type":"post","link":"https:\/\/dev.antudigital.cl\/sites\/vc\/estreno-de-mi-pais-imaginario-en-quilpue\/","title":{"rendered":"Estreno de \u00abMi pa\u00eds imaginario\u00bb en Quilpu\u00e9"},"content":{"rendered":"\n<p><a href=\"https:\/\/www.instagram.com\/explore\/tags\/estrenonacional\/\">#EstrenoNacional<\/a>\u00a0| \u00abMI PA\u00cdS IMAGINARIO\u00bb, nueva pel\u00edcula de Patricio Guzm\u00e1n, despu\u00e9s de su ovaci\u00f3n en el Festival de Cannes 2022, ser\u00e1 estrenada de manera gratuita en\u00a0<a href=\"https:\/\/www.instagram.com\/explore\/tags\/quilpu%C3%A9\/\">#Quilpu\u00e9<\/a><\/p>\n\n\n\n<p>&#x1f3ac;\u00bfCu\u00e1ndo? Mi\u00e9rcoles 17 a las 19.00hrs en el\u00a0Teatro Juan Bustos Ram\u00edrez de la ciudad.<\/p>\n\n\n\n<p>\u00a1Entrada Liberada!<br>Reserva tu cupo en el <a href=\"https:\/\/quilpueaudiovisual.cl\/evento\/mi-pais-imaginario-teatro-quilpue\/#form\">siguiente link: haz click aqu\u00ed<\/a><\/p>\n\n\n\n<p><\/p>\n\n\n\n<p>V\u00eda: <a href=\"https:\/\/www.instagram.com\/quilpueaudiovisual\/\">Quilpu\u00e9 Audiovisual<\/a><\/p>\n\n\n\n<figure class=\"wp-block-image size-full\"><img fetchpriority=\"high\" decoding=\"async\" width=\"592\" height=\"591\" src=\"https:\/\/www.valparaisocreativo.cl\/wp-content\/uploads\/2022\/08\/Captura-de-Pantalla-2022-08-15-a-las-15.34.16.png\" alt=\"\" class=\"wp-image-11465\" srcset=\"https:\/\/dev.antudigital.cl\/sites\/vc\/wp-content\/uploads\/2022\/08\/Captura-de-Pantalla-2022-08-15-a-las-15.34.16.png 592w, https:\/\/dev.antudigital.cl\/sites\/vc\/wp-content\/uploads\/2022\/08\/Captura-de-Pantalla-2022-08-15-a-las-15.34.16-300x300.png 300w, https:\/\/dev.antudigital.cl\/sites\/vc\/wp-content\/uploads\/2022\/08\/Captura-de-Pantalla-2022-08-15-a-las-15.34.16-150x150.png 150w, https:\/\/dev.antudigital.cl\/sites\/vc\/wp-content\/uploads\/2022\/08\/Captura-de-Pantalla-2022-08-15-a-las-15.34.16-480x479.png 480w\" sizes=\"(max-width: 592px) 100vw, 592px\" \/><\/figure>\n","protected":false},"excerpt":{"rendered":"<p>#EstrenoNacional\u00a0| \u00abMI PA\u00cdS IMAGINARIO\u00bb, nueva pel\u00edcula de Patricio Guzm\u00e1n, despu\u00e9s de su ovaci\u00f3n en el Festival de Cannes 2022, ser\u00e1 estrenada de manera gratuita en\u00a0#Quilpu\u00e9 &#x1f3ac;\u00bfCu\u00e1ndo? Mi\u00e9rcoles 17 a las 19.00hrs en el\u00a0Teatro Juan Bustos Ram\u00edrez de la ciudad. \u00a1Entrada Liberada!Reserva tu cupo en el siguiente link: haz click aqu\u00ed V\u00eda: Quilpu\u00e9 Audiovisual<\/p>\n","protected":false},"author":1,"featured_media":11466,"comment_status":"open","ping_status":"closed","sticky":false,"template":"","format":"standard","meta":{"_acf_changed":false,"footnotes":""},"categories":[8],"tags":[],"class_list":["post-11463","post","type-post","status-publish","format-standard","has-post-thumbnail","hentry","category-noticia"],"acf":[],"yoast_head":"<!-- This site is optimized with the Yoast SEO plugin v27.1.1 - https:\/\/yoast.com\/product\/yoast-seo-wordpress\/ -->\n<title>Estreno de &quot;Mi pa\u00eds imaginario&quot; en Quilpu\u00e9 - Valpara\u00ed\u00adso Creativo<\/title>\n<meta name=\"robots\" content=\"index, follow, max-snippet:-1, max-image-preview:large, max-video-preview:-1\" \/>\n<link rel=\"canonical\" href=\"https:\/\/dev.antudigital.cl\/sites\/vc\/estreno-de-mi-pais-imaginario-en-quilpue\/\" \/>\n<meta property=\"og:locale\" content=\"es_ES\" \/>\n<meta property=\"og:type\" content=\"article\" \/>\n<meta property=\"og:title\" content=\"Estreno de &quot;Mi pa\u00eds imaginario&quot; en Quilpu\u00e9 - Valpara\u00ed\u00adso Creativo\" \/>\n<meta property=\"og:description\" content=\"#EstrenoNacional\u00a0| \u00abMI PA\u00cdS IMAGINARIO\u00bb, nueva pel\u00edcula de Patricio Guzm\u00e1n, despu\u00e9s de su ovaci\u00f3n en el Festival de Cannes 2022, ser\u00e1 estrenada de manera gratuita en\u00a0#Quilpu\u00e9 &#x1f3ac;\u00bfCu\u00e1ndo? Mi\u00e9rcoles 17 a las 19.00hrs en el\u00a0Teatro Juan Bustos Ram\u00edrez de la ciudad. \u00a1Entrada Liberada!Reserva tu cupo en el siguiente link: haz click aqu\u00ed V\u00eda: Quilpu\u00e9 Audiovisual\" \/>\n<meta property=\"og:url\" content=\"https:\/\/dev.antudigital.cl\/sites\/vc\/estreno-de-mi-pais-imaginario-en-quilpue\/\" \/>\n<meta property=\"og:site_name\" content=\"Valpara\u00ed\u00adso Creativo\" \/>\n<meta property=\"article:published_time\" content=\"2022-08-15T19:41:04+00:00\" \/>\n<meta property=\"article:modified_time\" content=\"2022-08-15T19:41:28+00:00\" \/>\n<meta property=\"og:image\" content=\"https:\/\/dev.antudigital.cl\/sites\/vc\/wp-content\/uploads\/2022\/08\/Mi_pa_s_imaginario-218617275-large.jpeg\" \/>\n\t<meta property=\"og:image:width\" content=\"750\" \/>\n\t<meta property=\"og:image:height\" content=\"400\" \/>\n\t<meta property=\"og:image:type\" content=\"image\/jpeg\" \/>\n<meta name=\"author\" content=\"Valpara\u00edso Creativo\" \/>\n<meta name=\"twitter:card\" content=\"summary_large_image\" \/>\n<meta name=\"twitter:label1\" content=\"Escrito por\" \/>\n\t<meta name=\"twitter:data1\" content=\"Valpara\u00edso Creativo\" \/>\n\t<meta name=\"twitter:label2\" content=\"Tiempo de lectura\" \/>\n\t<meta name=\"twitter:data2\" content=\"1 minuto\" \/>\n<script type=\"application\/ld+json\" class=\"yoast-schema-graph\">{\"@context\":\"https:\/\/schema.org\",\"@graph\":[{\"@type\":\"Article\",\"@id\":\"https:\/\/dev.antudigital.cl\/sites\/vc\/estreno-de-mi-pais-imaginario-en-quilpue\/#article\",\"isPartOf\":{\"@id\":\"https:\/\/dev.antudigital.cl\/sites\/vc\/estreno-de-mi-pais-imaginario-en-quilpue\/\"},\"author\":{\"name\":\"Valpara\u00edso Creativo\",\"@id\":\"https:\/\/dev.antudigital.cl\/sites\/vc\/#\/schema\/person\/c2b9da8dd545e27166fc5ab232837318\"},\"headline\":\"Estreno de \u00abMi pa\u00eds imaginario\u00bb en Quilpu\u00e9\",\"datePublished\":\"2022-08-15T19:41:04+00:00\",\"dateModified\":\"2022-08-15T19:41:28+00:00\",\"mainEntityOfPage\":{\"@id\":\"https:\/\/dev.antudigital.cl\/sites\/vc\/estreno-de-mi-pais-imaginario-en-quilpue\/\"},\"wordCount\":74,\"commentCount\":0,\"image\":{\"@id\":\"https:\/\/dev.antudigital.cl\/sites\/vc\/estreno-de-mi-pais-imaginario-en-quilpue\/#primaryimage\"},\"thumbnailUrl\":\"https:\/\/dev.antudigital.cl\/sites\/vc\/wp-content\/uploads\/2022\/08\/Mi_pa_s_imaginario-218617275-large.jpeg\",\"articleSection\":[\"Noticia\"],\"inLanguage\":\"es\",\"potentialAction\":[{\"@type\":\"CommentAction\",\"name\":\"Comment\",\"target\":[\"https:\/\/dev.antudigital.cl\/sites\/vc\/estreno-de-mi-pais-imaginario-en-quilpue\/#respond\"]}]},{\"@type\":\"WebPage\",\"@id\":\"https:\/\/dev.antudigital.cl\/sites\/vc\/estreno-de-mi-pais-imaginario-en-quilpue\/\",\"url\":\"https:\/\/dev.antudigital.cl\/sites\/vc\/estreno-de-mi-pais-imaginario-en-quilpue\/\",\"name\":\"Estreno de \\\"Mi pa\u00eds imaginario\\\" en Quilpu\u00e9 - Valpara\u00ed\u00adso Creativo\",\"isPartOf\":{\"@id\":\"https:\/\/dev.antudigital.cl\/sites\/vc\/#website\"},\"primaryImageOfPage\":{\"@id\":\"https:\/\/dev.antudigital.cl\/sites\/vc\/estreno-de-mi-pais-imaginario-en-quilpue\/#primaryimage\"},\"image\":{\"@id\":\"https:\/\/dev.antudigital.cl\/sites\/vc\/estreno-de-mi-pais-imaginario-en-quilpue\/#primaryimage\"},\"thumbnailUrl\":\"https:\/\/dev.antudigital.cl\/sites\/vc\/wp-content\/uploads\/2022\/08\/Mi_pa_s_imaginario-218617275-large.jpeg\",\"datePublished\":\"2022-08-15T19:41:04+00:00\",\"dateModified\":\"2022-08-15T19:41:28+00:00\",\"author\":{\"@id\":\"https:\/\/dev.antudigital.cl\/sites\/vc\/#\/schema\/person\/c2b9da8dd545e27166fc5ab232837318\"},\"breadcrumb\":{\"@id\":\"https:\/\/dev.antudigital.cl\/sites\/vc\/estreno-de-mi-pais-imaginario-en-quilpue\/#breadcrumb\"},\"inLanguage\":\"es\",\"potentialAction\":[{\"@type\":\"ReadAction\",\"target\":[\"https:\/\/dev.antudigital.cl\/sites\/vc\/estreno-de-mi-pais-imaginario-en-quilpue\/\"]}]},{\"@type\":\"ImageObject\",\"inLanguage\":\"es\",\"@id\":\"https:\/\/dev.antudigital.cl\/sites\/vc\/estreno-de-mi-pais-imaginario-en-quilpue\/#primaryimage\",\"url\":\"https:\/\/dev.antudigital.cl\/sites\/vc\/wp-content\/uploads\/2022\/08\/Mi_pa_s_imaginario-218617275-large.jpeg\",\"contentUrl\":\"https:\/\/dev.antudigital.cl\/sites\/vc\/wp-content\/uploads\/2022\/08\/Mi_pa_s_imaginario-218617275-large.jpeg\",\"width\":750,\"height\":400},{\"@type\":\"BreadcrumbList\",\"@id\":\"https:\/\/dev.antudigital.cl\/sites\/vc\/estreno-de-mi-pais-imaginario-en-quilpue\/#breadcrumb\",\"itemListElement\":[{\"@type\":\"ListItem\",\"position\":1,\"name\":\"Home\",\"item\":\"https:\/\/dev.antudigital.cl\/sites\/vc\/\"},{\"@type\":\"ListItem\",\"position\":2,\"name\":\"Estreno de \u00abMi pa\u00eds imaginario\u00bb en Quilpu\u00e9\"}]},{\"@type\":\"WebSite\",\"@id\":\"https:\/\/dev.antudigital.cl\/sites\/vc\/#website\",\"url\":\"https:\/\/dev.antudigital.cl\/sites\/vc\/\",\"name\":\"Valpara\u00ed\u00adso Creativo\",\"description\":\"\",\"potentialAction\":[{\"@type\":\"SearchAction\",\"target\":{\"@type\":\"EntryPoint\",\"urlTemplate\":\"https:\/\/dev.antudigital.cl\/sites\/vc\/?s={search_term_string}\"},\"query-input\":{\"@type\":\"PropertyValueSpecification\",\"valueRequired\":true,\"valueName\":\"search_term_string\"}}],\"inLanguage\":\"es\"},{\"@type\":\"Person\",\"@id\":\"https:\/\/dev.antudigital.cl\/sites\/vc\/#\/schema\/person\/c2b9da8dd545e27166fc5ab232837318\",\"name\":\"Valpara\u00edso Creativo\",\"description\":\"Periodista de cultura en la Regi\u00f3n de Valpara\u00edso.\",\"url\":\"https:\/\/dev.antudigital.cl\/sites\/vc\/author\/valpoadmin\/\"}]}<\/script>\n<!-- \/ Yoast SEO plugin. -->","yoast_head_json":{"title":"Estreno de \"Mi pa\u00eds imaginario\" en Quilpu\u00e9 - Valpara\u00ed\u00adso Creativo","robots":{"index":"index","follow":"follow","max-snippet":"max-snippet:-1","max-image-preview":"max-image-preview:large","max-video-preview":"max-video-preview:-1"},"canonical":"https:\/\/dev.antudigital.cl\/sites\/vc\/estreno-de-mi-pais-imaginario-en-quilpue\/","og_locale":"es_ES","og_type":"article","og_title":"Estreno de \"Mi pa\u00eds imaginario\" en Quilpu\u00e9 - Valpara\u00ed\u00adso Creativo","og_description":"#EstrenoNacional\u00a0| \u00abMI PA\u00cdS IMAGINARIO\u00bb, nueva pel\u00edcula de Patricio Guzm\u00e1n, despu\u00e9s de su ovaci\u00f3n en el Festival de Cannes 2022, ser\u00e1 estrenada de manera gratuita en\u00a0#Quilpu\u00e9 &#x1f3ac;\u00bfCu\u00e1ndo? Mi\u00e9rcoles 17 a las 19.00hrs en el\u00a0Teatro Juan Bustos Ram\u00edrez de la ciudad. \u00a1Entrada Liberada!Reserva tu cupo en el siguiente link: haz click aqu\u00ed V\u00eda: Quilpu\u00e9 Audiovisual","og_url":"https:\/\/dev.antudigital.cl\/sites\/vc\/estreno-de-mi-pais-imaginario-en-quilpue\/","og_site_name":"Valpara\u00ed\u00adso Creativo","article_published_time":"2022-08-15T19:41:04+00:00","article_modified_time":"2022-08-15T19:41:28+00:00","og_image":[{"width":750,"height":400,"url":"https:\/\/dev.antudigital.cl\/sites\/vc\/wp-content\/uploads\/2022\/08\/Mi_pa_s_imaginario-218617275-large.jpeg","type":"image\/jpeg"}],"author":"Valpara\u00edso Creativo","twitter_card":"summary_large_image","twitter_misc":{"Escrito por":"Valpara\u00edso Creativo","Tiempo de lectura":"1 minuto"},"schema":{"@context":"https:\/\/schema.org","@graph":[{"@type":"Article","@id":"https:\/\/dev.antudigital.cl\/sites\/vc\/estreno-de-mi-pais-imaginario-en-quilpue\/#article","isPartOf":{"@id":"https:\/\/dev.antudigital.cl\/sites\/vc\/estreno-de-mi-pais-imaginario-en-quilpue\/"},"author":{"name":"Valpara\u00edso Creativo","@id":"https:\/\/dev.antudigital.cl\/sites\/vc\/#\/schema\/person\/c2b9da8dd545e27166fc5ab232837318"},"headline":"Estreno de \u00abMi pa\u00eds imaginario\u00bb en Quilpu\u00e9","datePublished":"2022-08-15T19:41:04+00:00","dateModified":"2022-08-15T19:41:28+00:00","mainEntityOfPage":{"@id":"https:\/\/dev.antudigital.cl\/sites\/vc\/estreno-de-mi-pais-imaginario-en-quilpue\/"},"wordCount":74,"commentCount":0,"image":{"@id":"https:\/\/dev.antudigital.cl\/sites\/vc\/estreno-de-mi-pais-imaginario-en-quilpue\/#primaryimage"},"thumbnailUrl":"https:\/\/dev.antudigital.cl\/sites\/vc\/wp-content\/uploads\/2022\/08\/Mi_pa_s_imaginario-218617275-large.jpeg","articleSection":["Noticia"],"inLanguage":"es","potentialAction":[{"@type":"CommentAction","name":"Comment","target":["https:\/\/dev.antudigital.cl\/sites\/vc\/estreno-de-mi-pais-imaginario-en-quilpue\/#respond"]}]},{"@type":"WebPage","@id":"https:\/\/dev.antudigital.cl\/sites\/vc\/estreno-de-mi-pais-imaginario-en-quilpue\/","url":"https:\/\/dev.antudigital.cl\/sites\/vc\/estreno-de-mi-pais-imaginario-en-quilpue\/","name":"Estreno de \"Mi pa\u00eds imaginario\" en Quilpu\u00e9 - Valpara\u00ed\u00adso Creativo","isPartOf":{"@id":"https:\/\/dev.antudigital.cl\/sites\/vc\/#website"},"primaryImageOfPage":{"@id":"https:\/\/dev.antudigital.cl\/sites\/vc\/estreno-de-mi-pais-imaginario-en-quilpue\/#primaryimage"},"image":{"@id":"https:\/\/dev.antudigital.cl\/sites\/vc\/estreno-de-mi-pais-imaginario-en-quilpue\/#primaryimage"},"thumbnailUrl":"https:\/\/dev.antudigital.cl\/sites\/vc\/wp-content\/uploads\/2022\/08\/Mi_pa_s_imaginario-218617275-large.jpeg","datePublished":"2022-08-15T19:41:04+00:00","dateModified":"2022-08-15T19:41:28+00:00","author":{"@id":"https:\/\/dev.antudigital.cl\/sites\/vc\/#\/schema\/person\/c2b9da8dd545e27166fc5ab232837318"},"breadcrumb":{"@id":"https:\/\/dev.antudigital.cl\/sites\/vc\/estreno-de-mi-pais-imaginario-en-quilpue\/#breadcrumb"},"inLanguage":"es","potentialAction":[{"@type":"ReadAction","target":["https:\/\/dev.antudigital.cl\/sites\/vc\/estreno-de-mi-pais-imaginario-en-quilpue\/"]}]},{"@type":"ImageObject","inLanguage":"es","@id":"https:\/\/dev.antudigital.cl\/sites\/vc\/estreno-de-mi-pais-imaginario-en-quilpue\/#primaryimage","url":"https:\/\/dev.antudigital.cl\/sites\/vc\/wp-content\/uploads\/2022\/08\/Mi_pa_s_imaginario-218617275-large.jpeg","contentUrl":"https:\/\/dev.antudigital.cl\/sites\/vc\/wp-content\/uploads\/2022\/08\/Mi_pa_s_imaginario-218617275-large.jpeg","width":750,"height":400},{"@type":"BreadcrumbList","@id":"https:\/\/dev.antudigital.cl\/sites\/vc\/estreno-de-mi-pais-imaginario-en-quilpue\/#breadcrumb","itemListElement":[{"@type":"ListItem","position":1,"name":"Home","item":"https:\/\/dev.antudigital.cl\/sites\/vc\/"},{"@type":"ListItem","position":2,"name":"Estreno de \u00abMi pa\u00eds imaginario\u00bb en Quilpu\u00e9"}]},{"@type":"WebSite","@id":"https:\/\/dev.antudigital.cl\/sites\/vc\/#website","url":"https:\/\/dev.antudigital.cl\/sites\/vc\/","name":"Valpara\u00ed\u00adso Creativo","description":"","potentialAction":[{"@type":"SearchAction","target":{"@type":"EntryPoint","urlTemplate":"https:\/\/dev.antudigital.cl\/sites\/vc\/?s={search_term_string}"},"query-input":{"@type":"PropertyValueSpecification","valueRequired":true,"valueName":"search_term_string"}}],"inLanguage":"es"},{"@type":"Person","@id":"https:\/\/dev.antudigital.cl\/sites\/vc\/#\/schema\/person\/c2b9da8dd545e27166fc5ab232837318","name":"Valpara\u00edso Creativo","description":"Periodista de cultura en la Regi\u00f3n de Valpara\u00edso.","url":"https:\/\/dev.antudigital.cl\/sites\/vc\/author\/valpoadmin\/"}]}},"_links":{"self":[{"href":"https:\/\/dev.antudigital.cl\/sites\/vc\/wp-json\/wp\/v2\/posts\/11463","targetHints":{"allow":["GET"]}}],"collection":[{"href":"https:\/\/dev.antudigital.cl\/sites\/vc\/wp-json\/wp\/v2\/posts"}],"about":[{"href":"https:\/\/dev.antudigital.cl\/sites\/vc\/wp-json\/wp\/v2\/types\/post"}],"author":[{"embeddable":true,"href":"https:\/\/dev.antudigital.cl\/sites\/vc\/wp-json\/wp\/v2\/users\/1"}],"replies":[{"embeddable":true,"href":"https:\/\/dev.antudigital.cl\/sites\/vc\/wp-json\/wp\/v2\/comments?post=11463"}],"version-history":[{"count":3,"href":"https:\/\/dev.antudigital.cl\/sites\/vc\/wp-json\/wp\/v2\/posts\/11463\/revisions"}],"predecessor-version":[{"id":11468,"href":"https:\/\/dev.antudigital.cl\/sites\/vc\/wp-json\/wp\/v2\/posts\/11463\/revisions\/11468"}],"wp:featuredmedia":[{"embeddable":true,"href":"https:\/\/dev.antudigital.cl\/sites\/vc\/wp-json\/wp\/v2\/media\/11466"}],"wp:attachment":[{"href":"https:\/\/dev.antudigital.cl\/sites\/vc\/wp-json\/wp\/v2\/media?parent=11463"}],"wp:term":[{"taxonomy":"category","embeddable":true,"href":"https:\/\/dev.antudigital.cl\/sites\/vc\/wp-json\/wp\/v2\/categories?post=11463"},{"taxonomy":"post_tag","embeddable":true,"href":"https:\/\/dev.antudigital.cl\/sites\/vc\/wp-json\/wp\/v2\/tags?post=11463"}],"curies":[{"name":"wp","href":"https:\/\/api.w.org\/{rel}","templated":true}]}}