{"id":11470,"date":"2022-08-15T19:52:18","date_gmt":"2022-08-15T19:52:18","guid":{"rendered":"https:\/\/www.valparaisocreativo.cl\/?p=11470"},"modified":"2022-08-15T19:52:23","modified_gmt":"2022-08-15T19:52:23","slug":"se-abre-la-convocatoria-para-ser-parte-de-las-brigadas-del-fifv-2022","status":"publish","type":"post","link":"https:\/\/dev.antudigital.cl\/sites\/vc\/se-abre-la-convocatoria-para-ser-parte-de-las-brigadas-del-fifv-2022\/","title":{"rendered":"Se abre la convocatoria para ser parte de las Brigadas del FIFV 2022"},"content":{"rendered":"\n<p><a href=\"https:\/\/www.instagram.com\/explore\/tags\/convocatoriasfifv2022\/\"><br>#ConvocatoriasFIFV2022<\/a>\u00a0| Ya est\u00e1 abierta la invitaci\u00f3n a colectiv@s de fot\u00f3graf@s de Chile y el mundo a participar de las\u00a0<a href=\"https:\/\/www.instagram.com\/explore\/tags\/brigadas\/\">Brigadas<\/a>\u00a0del pr\u00f3ximo Festival Internacional de Fotograf\u00eda de Valpara\u00edso a realizarse entre el <strong>23 y 30 de octubre<\/strong> en el Parque Cultural de Valpara\u00edso.<\/p>\n\n\n\n<p>Este a\u00f1o el\u00a0<a href=\"https:\/\/www.instagram.com\/explore\/tags\/fifv\/\">#FIFV<\/a>\u00a0vuelve a poner el cuerpo tras dos a\u00f1os de realidad virtualizada. Volver\u00e1n a tomarse la ciudad, y a registrarla simult\u00e1neamente a trav\u00e9s de cientos de c\u00e1maras, con diversas miradas.<br><a href=\"https:\/\/www.instagram.com\/explore\/tags\/ra%C3%ADzycaos\/\">#Ra\u00edzyCaos<\/a>\u00a0es la tem\u00e1tica que atraviesa todas las actividades y exposiciones del Festival este 2022. Un lema que nos abre un mundo de posibilidades y pensamientos en relaci\u00f3n a este binomio, rizom\u00e1tico y plurivalente.<\/p>\n\n\n\n<p>\u00bfQuieres postular? Ingresa a <a href=\"http:\/\/www.fifv.cl\/2022\">www.fifv.cl\/2022 <\/a>y ah\u00ed encontrar\u00e1s la informaci\u00f3n.<br>El plazo vence el 12 de septiembre.<\/p>\n\n\n\n<p>M\u00e1s informaci\u00f3n en <a href=\"https:\/\/www.instagram.com\/casaespacio_fifv\/\">Casa Espacio Buenos Aires 824 <\/a><\/p>\n\n\n\n<figure class=\"wp-block-image size-large\"><img fetchpriority=\"high\" decoding=\"async\" width=\"1024\" height=\"1024\" src=\"https:\/\/www.valparaisocreativo.cl\/wp-content\/uploads\/2022\/08\/FIFV-1024x1024.jpeg\" alt=\"\" class=\"wp-image-11471\" srcset=\"https:\/\/dev.antudigital.cl\/sites\/vc\/wp-content\/uploads\/2022\/08\/FIFV-1024x1024.jpeg 1024w, https:\/\/dev.antudigital.cl\/sites\/vc\/wp-content\/uploads\/2022\/08\/FIFV-300x300.jpeg 300w, https:\/\/dev.antudigital.cl\/sites\/vc\/wp-content\/uploads\/2022\/08\/FIFV-150x150.jpeg 150w, https:\/\/dev.antudigital.cl\/sites\/vc\/wp-content\/uploads\/2022\/08\/FIFV-768x768.jpeg 768w, https:\/\/dev.antudigital.cl\/sites\/vc\/wp-content\/uploads\/2022\/08\/FIFV-980x980.jpeg 980w, https:\/\/dev.antudigital.cl\/sites\/vc\/wp-content\/uploads\/2022\/08\/FIFV-480x480.jpeg 480w, https:\/\/dev.antudigital.cl\/sites\/vc\/wp-content\/uploads\/2022\/08\/FIFV.jpeg 1080w\" sizes=\"(max-width: 1024px) 100vw, 1024px\" \/><\/figure>\n","protected":false},"excerpt":{"rendered":"<p>#ConvocatoriasFIFV2022\u00a0| Ya est\u00e1 abierta la invitaci\u00f3n a colectiv@s de fot\u00f3graf@s de Chile y el mundo a participar de las\u00a0Brigadas\u00a0del pr\u00f3ximo Festival Internacional de Fotograf\u00eda de Valpara\u00edso a realizarse entre el 23 y 30 de octubre en el Parque Cultural de Valpara\u00edso. Este a\u00f1o el\u00a0#FIFV\u00a0vuelve a poner el cuerpo tras dos a\u00f1os de realidad virtualizada. Volver\u00e1n [&hellip;]<\/p>\n","protected":false},"author":1,"featured_media":11472,"comment_status":"open","ping_status":"closed","sticky":false,"template":"","format":"standard","meta":{"_acf_changed":false,"footnotes":""},"categories":[8],"tags":[],"class_list":["post-11470","post","type-post","status-publish","format-standard","has-post-thumbnail","hentry","category-noticia"],"acf":[],"yoast_head":"<!-- This site is optimized with the Yoast SEO plugin v27.1.1 - https:\/\/yoast.com\/product\/yoast-seo-wordpress\/ -->\n<title>Se abre la convocatoria para ser parte de las Brigadas del FIFV 2022 - Valpara\u00ed\u00adso Creativo<\/title>\n<meta name=\"robots\" content=\"index, follow, max-snippet:-1, max-image-preview:large, max-video-preview:-1\" \/>\n<link rel=\"canonical\" href=\"https:\/\/dev.antudigital.cl\/sites\/vc\/se-abre-la-convocatoria-para-ser-parte-de-las-brigadas-del-fifv-2022\/\" \/>\n<meta property=\"og:locale\" content=\"es_ES\" \/>\n<meta property=\"og:type\" content=\"article\" \/>\n<meta property=\"og:title\" content=\"Se abre la convocatoria para ser parte de las Brigadas del FIFV 2022 - Valpara\u00ed\u00adso Creativo\" \/>\n<meta property=\"og:description\" content=\"#ConvocatoriasFIFV2022\u00a0| Ya est\u00e1 abierta la invitaci\u00f3n a colectiv@s de fot\u00f3graf@s de Chile y el mundo a participar de las\u00a0Brigadas\u00a0del pr\u00f3ximo Festival Internacional de Fotograf\u00eda de Valpara\u00edso a realizarse entre el 23 y 30 de octubre en el Parque Cultural de Valpara\u00edso. Este a\u00f1o el\u00a0#FIFV\u00a0vuelve a poner el cuerpo tras dos a\u00f1os de realidad virtualizada. Volver\u00e1n [&hellip;]\" \/>\n<meta property=\"og:url\" content=\"https:\/\/dev.antudigital.cl\/sites\/vc\/se-abre-la-convocatoria-para-ser-parte-de-las-brigadas-del-fifv-2022\/\" \/>\n<meta property=\"og:site_name\" content=\"Valpara\u00ed\u00adso Creativo\" \/>\n<meta property=\"article:published_time\" content=\"2022-08-15T19:52:18+00:00\" \/>\n<meta property=\"article:modified_time\" content=\"2022-08-15T19:52:23+00:00\" \/>\n<meta property=\"og:image\" content=\"https:\/\/dev.antudigital.cl\/sites\/vc\/wp-content\/uploads\/2022\/08\/166604970_4433788029989078_838410891818810924_n.png\" \/>\n\t<meta property=\"og:image:width\" content=\"960\" \/>\n\t<meta property=\"og:image:height\" content=\"365\" \/>\n\t<meta property=\"og:image:type\" content=\"image\/png\" \/>\n<meta name=\"author\" content=\"Valpara\u00edso Creativo\" \/>\n<meta name=\"twitter:card\" content=\"summary_large_image\" \/>\n<meta name=\"twitter:label1\" content=\"Escrito por\" \/>\n\t<meta name=\"twitter:data1\" content=\"Valpara\u00edso Creativo\" \/>\n\t<meta name=\"twitter:label2\" content=\"Tiempo de lectura\" \/>\n\t<meta name=\"twitter:data2\" content=\"1 minuto\" \/>\n<script type=\"application\/ld+json\" class=\"yoast-schema-graph\">{\"@context\":\"https:\/\/schema.org\",\"@graph\":[{\"@type\":\"Article\",\"@id\":\"https:\/\/dev.antudigital.cl\/sites\/vc\/se-abre-la-convocatoria-para-ser-parte-de-las-brigadas-del-fifv-2022\/#article\",\"isPartOf\":{\"@id\":\"https:\/\/dev.antudigital.cl\/sites\/vc\/se-abre-la-convocatoria-para-ser-parte-de-las-brigadas-del-fifv-2022\/\"},\"author\":{\"name\":\"Valpara\u00edso Creativo\",\"@id\":\"https:\/\/dev.antudigital.cl\/sites\/vc\/#\/schema\/person\/c2b9da8dd545e27166fc5ab232837318\"},\"headline\":\"Se abre la convocatoria para ser parte de las Brigadas del FIFV 2022\",\"datePublished\":\"2022-08-15T19:52:18+00:00\",\"dateModified\":\"2022-08-15T19:52:23+00:00\",\"mainEntityOfPage\":{\"@id\":\"https:\/\/dev.antudigital.cl\/sites\/vc\/se-abre-la-convocatoria-para-ser-parte-de-las-brigadas-del-fifv-2022\/\"},\"wordCount\":166,\"commentCount\":0,\"image\":{\"@id\":\"https:\/\/dev.antudigital.cl\/sites\/vc\/se-abre-la-convocatoria-para-ser-parte-de-las-brigadas-del-fifv-2022\/#primaryimage\"},\"thumbnailUrl\":\"https:\/\/dev.antudigital.cl\/sites\/vc\/wp-content\/uploads\/2022\/08\/166604970_4433788029989078_838410891818810924_n.png\",\"articleSection\":[\"Noticia\"],\"inLanguage\":\"es\",\"potentialAction\":[{\"@type\":\"CommentAction\",\"name\":\"Comment\",\"target\":[\"https:\/\/dev.antudigital.cl\/sites\/vc\/se-abre-la-convocatoria-para-ser-parte-de-las-brigadas-del-fifv-2022\/#respond\"]}]},{\"@type\":\"WebPage\",\"@id\":\"https:\/\/dev.antudigital.cl\/sites\/vc\/se-abre-la-convocatoria-para-ser-parte-de-las-brigadas-del-fifv-2022\/\",\"url\":\"https:\/\/dev.antudigital.cl\/sites\/vc\/se-abre-la-convocatoria-para-ser-parte-de-las-brigadas-del-fifv-2022\/\",\"name\":\"Se abre la convocatoria para ser parte de las Brigadas del FIFV 2022 - Valpara\u00ed\u00adso Creativo\",\"isPartOf\":{\"@id\":\"https:\/\/dev.antudigital.cl\/sites\/vc\/#website\"},\"primaryImageOfPage\":{\"@id\":\"https:\/\/dev.antudigital.cl\/sites\/vc\/se-abre-la-convocatoria-para-ser-parte-de-las-brigadas-del-fifv-2022\/#primaryimage\"},\"image\":{\"@id\":\"https:\/\/dev.antudigital.cl\/sites\/vc\/se-abre-la-convocatoria-para-ser-parte-de-las-brigadas-del-fifv-2022\/#primaryimage\"},\"thumbnailUrl\":\"https:\/\/dev.antudigital.cl\/sites\/vc\/wp-content\/uploads\/2022\/08\/166604970_4433788029989078_838410891818810924_n.png\",\"datePublished\":\"2022-08-15T19:52:18+00:00\",\"dateModified\":\"2022-08-15T19:52:23+00:00\",\"author\":{\"@id\":\"https:\/\/dev.antudigital.cl\/sites\/vc\/#\/schema\/person\/c2b9da8dd545e27166fc5ab232837318\"},\"breadcrumb\":{\"@id\":\"https:\/\/dev.antudigital.cl\/sites\/vc\/se-abre-la-convocatoria-para-ser-parte-de-las-brigadas-del-fifv-2022\/#breadcrumb\"},\"inLanguage\":\"es\",\"potentialAction\":[{\"@type\":\"ReadAction\",\"target\":[\"https:\/\/dev.antudigital.cl\/sites\/vc\/se-abre-la-convocatoria-para-ser-parte-de-las-brigadas-del-fifv-2022\/\"]}]},{\"@type\":\"ImageObject\",\"inLanguage\":\"es\",\"@id\":\"https:\/\/dev.antudigital.cl\/sites\/vc\/se-abre-la-convocatoria-para-ser-parte-de-las-brigadas-del-fifv-2022\/#primaryimage\",\"url\":\"https:\/\/dev.antudigital.cl\/sites\/vc\/wp-content\/uploads\/2022\/08\/166604970_4433788029989078_838410891818810924_n.png\",\"contentUrl\":\"https:\/\/dev.antudigital.cl\/sites\/vc\/wp-content\/uploads\/2022\/08\/166604970_4433788029989078_838410891818810924_n.png\",\"width\":960,\"height\":365},{\"@type\":\"BreadcrumbList\",\"@id\":\"https:\/\/dev.antudigital.cl\/sites\/vc\/se-abre-la-convocatoria-para-ser-parte-de-las-brigadas-del-fifv-2022\/#breadcrumb\",\"itemListElement\":[{\"@type\":\"ListItem\",\"position\":1,\"name\":\"Home\",\"item\":\"https:\/\/dev.antudigital.cl\/sites\/vc\/\"},{\"@type\":\"ListItem\",\"position\":2,\"name\":\"Se abre la convocatoria para ser parte de las Brigadas del FIFV 2022\"}]},{\"@type\":\"WebSite\",\"@id\":\"https:\/\/dev.antudigital.cl\/sites\/vc\/#website\",\"url\":\"https:\/\/dev.antudigital.cl\/sites\/vc\/\",\"name\":\"Valpara\u00ed\u00adso Creativo\",\"description\":\"\",\"potentialAction\":[{\"@type\":\"SearchAction\",\"target\":{\"@type\":\"EntryPoint\",\"urlTemplate\":\"https:\/\/dev.antudigital.cl\/sites\/vc\/?s={search_term_string}\"},\"query-input\":{\"@type\":\"PropertyValueSpecification\",\"valueRequired\":true,\"valueName\":\"search_term_string\"}}],\"inLanguage\":\"es\"},{\"@type\":\"Person\",\"@id\":\"https:\/\/dev.antudigital.cl\/sites\/vc\/#\/schema\/person\/c2b9da8dd545e27166fc5ab232837318\",\"name\":\"Valpara\u00edso Creativo\",\"description\":\"Periodista de cultura en la Regi\u00f3n de Valpara\u00edso.\",\"url\":\"https:\/\/dev.antudigital.cl\/sites\/vc\/author\/valpoadmin\/\"}]}<\/script>\n<!-- \/ Yoast SEO plugin. -->","yoast_head_json":{"title":"Se abre la convocatoria para ser parte de las Brigadas del FIFV 2022 - Valpara\u00ed\u00adso Creativo","robots":{"index":"index","follow":"follow","max-snippet":"max-snippet:-1","max-image-preview":"max-image-preview:large","max-video-preview":"max-video-preview:-1"},"canonical":"https:\/\/dev.antudigital.cl\/sites\/vc\/se-abre-la-convocatoria-para-ser-parte-de-las-brigadas-del-fifv-2022\/","og_locale":"es_ES","og_type":"article","og_title":"Se abre la convocatoria para ser parte de las Brigadas del FIFV 2022 - Valpara\u00ed\u00adso Creativo","og_description":"#ConvocatoriasFIFV2022\u00a0| Ya est\u00e1 abierta la invitaci\u00f3n a colectiv@s de fot\u00f3graf@s de Chile y el mundo a participar de las\u00a0Brigadas\u00a0del pr\u00f3ximo Festival Internacional de Fotograf\u00eda de Valpara\u00edso a realizarse entre el 23 y 30 de octubre en el Parque Cultural de Valpara\u00edso. Este a\u00f1o el\u00a0#FIFV\u00a0vuelve a poner el cuerpo tras dos a\u00f1os de realidad virtualizada. Volver\u00e1n [&hellip;]","og_url":"https:\/\/dev.antudigital.cl\/sites\/vc\/se-abre-la-convocatoria-para-ser-parte-de-las-brigadas-del-fifv-2022\/","og_site_name":"Valpara\u00ed\u00adso Creativo","article_published_time":"2022-08-15T19:52:18+00:00","article_modified_time":"2022-08-15T19:52:23+00:00","og_image":[{"width":960,"height":365,"url":"https:\/\/dev.antudigital.cl\/sites\/vc\/wp-content\/uploads\/2022\/08\/166604970_4433788029989078_838410891818810924_n.png","type":"image\/png"}],"author":"Valpara\u00edso Creativo","twitter_card":"summary_large_image","twitter_misc":{"Escrito por":"Valpara\u00edso Creativo","Tiempo de lectura":"1 minuto"},"schema":{"@context":"https:\/\/schema.org","@graph":[{"@type":"Article","@id":"https:\/\/dev.antudigital.cl\/sites\/vc\/se-abre-la-convocatoria-para-ser-parte-de-las-brigadas-del-fifv-2022\/#article","isPartOf":{"@id":"https:\/\/dev.antudigital.cl\/sites\/vc\/se-abre-la-convocatoria-para-ser-parte-de-las-brigadas-del-fifv-2022\/"},"author":{"name":"Valpara\u00edso Creativo","@id":"https:\/\/dev.antudigital.cl\/sites\/vc\/#\/schema\/person\/c2b9da8dd545e27166fc5ab232837318"},"headline":"Se abre la convocatoria para ser parte de las Brigadas del FIFV 2022","datePublished":"2022-08-15T19:52:18+00:00","dateModified":"2022-08-15T19:52:23+00:00","mainEntityOfPage":{"@id":"https:\/\/dev.antudigital.cl\/sites\/vc\/se-abre-la-convocatoria-para-ser-parte-de-las-brigadas-del-fifv-2022\/"},"wordCount":166,"commentCount":0,"image":{"@id":"https:\/\/dev.antudigital.cl\/sites\/vc\/se-abre-la-convocatoria-para-ser-parte-de-las-brigadas-del-fifv-2022\/#primaryimage"},"thumbnailUrl":"https:\/\/dev.antudigital.cl\/sites\/vc\/wp-content\/uploads\/2022\/08\/166604970_4433788029989078_838410891818810924_n.png","articleSection":["Noticia"],"inLanguage":"es","potentialAction":[{"@type":"CommentAction","name":"Comment","target":["https:\/\/dev.antudigital.cl\/sites\/vc\/se-abre-la-convocatoria-para-ser-parte-de-las-brigadas-del-fifv-2022\/#respond"]}]},{"@type":"WebPage","@id":"https:\/\/dev.antudigital.cl\/sites\/vc\/se-abre-la-convocatoria-para-ser-parte-de-las-brigadas-del-fifv-2022\/","url":"https:\/\/dev.antudigital.cl\/sites\/vc\/se-abre-la-convocatoria-para-ser-parte-de-las-brigadas-del-fifv-2022\/","name":"Se abre la convocatoria para ser parte de las Brigadas del FIFV 2022 - Valpara\u00ed\u00adso Creativo","isPartOf":{"@id":"https:\/\/dev.antudigital.cl\/sites\/vc\/#website"},"primaryImageOfPage":{"@id":"https:\/\/dev.antudigital.cl\/sites\/vc\/se-abre-la-convocatoria-para-ser-parte-de-las-brigadas-del-fifv-2022\/#primaryimage"},"image":{"@id":"https:\/\/dev.antudigital.cl\/sites\/vc\/se-abre-la-convocatoria-para-ser-parte-de-las-brigadas-del-fifv-2022\/#primaryimage"},"thumbnailUrl":"https:\/\/dev.antudigital.cl\/sites\/vc\/wp-content\/uploads\/2022\/08\/166604970_4433788029989078_838410891818810924_n.png","datePublished":"2022-08-15T19:52:18+00:00","dateModified":"2022-08-15T19:52:23+00:00","author":{"@id":"https:\/\/dev.antudigital.cl\/sites\/vc\/#\/schema\/person\/c2b9da8dd545e27166fc5ab232837318"},"breadcrumb":{"@id":"https:\/\/dev.antudigital.cl\/sites\/vc\/se-abre-la-convocatoria-para-ser-parte-de-las-brigadas-del-fifv-2022\/#breadcrumb"},"inLanguage":"es","potentialAction":[{"@type":"ReadAction","target":["https:\/\/dev.antudigital.cl\/sites\/vc\/se-abre-la-convocatoria-para-ser-parte-de-las-brigadas-del-fifv-2022\/"]}]},{"@type":"ImageObject","inLanguage":"es","@id":"https:\/\/dev.antudigital.cl\/sites\/vc\/se-abre-la-convocatoria-para-ser-parte-de-las-brigadas-del-fifv-2022\/#primaryimage","url":"https:\/\/dev.antudigital.cl\/sites\/vc\/wp-content\/uploads\/2022\/08\/166604970_4433788029989078_838410891818810924_n.png","contentUrl":"https:\/\/dev.antudigital.cl\/sites\/vc\/wp-content\/uploads\/2022\/08\/166604970_4433788029989078_838410891818810924_n.png","width":960,"height":365},{"@type":"BreadcrumbList","@id":"https:\/\/dev.antudigital.cl\/sites\/vc\/se-abre-la-convocatoria-para-ser-parte-de-las-brigadas-del-fifv-2022\/#breadcrumb","itemListElement":[{"@type":"ListItem","position":1,"name":"Home","item":"https:\/\/dev.antudigital.cl\/sites\/vc\/"},{"@type":"ListItem","position":2,"name":"Se abre la convocatoria para ser parte de las Brigadas del FIFV 2022"}]},{"@type":"WebSite","@id":"https:\/\/dev.antudigital.cl\/sites\/vc\/#website","url":"https:\/\/dev.antudigital.cl\/sites\/vc\/","name":"Valpara\u00ed\u00adso Creativo","description":"","potentialAction":[{"@type":"SearchAction","target":{"@type":"EntryPoint","urlTemplate":"https:\/\/dev.antudigital.cl\/sites\/vc\/?s={search_term_string}"},"query-input":{"@type":"PropertyValueSpecification","valueRequired":true,"valueName":"search_term_string"}}],"inLanguage":"es"},{"@type":"Person","@id":"https:\/\/dev.antudigital.cl\/sites\/vc\/#\/schema\/person\/c2b9da8dd545e27166fc5ab232837318","name":"Valpara\u00edso Creativo","description":"Periodista de cultura en la Regi\u00f3n de Valpara\u00edso.","url":"https:\/\/dev.antudigital.cl\/sites\/vc\/author\/valpoadmin\/"}]}},"_links":{"self":[{"href":"https:\/\/dev.antudigital.cl\/sites\/vc\/wp-json\/wp\/v2\/posts\/11470","targetHints":{"allow":["GET"]}}],"collection":[{"href":"https:\/\/dev.antudigital.cl\/sites\/vc\/wp-json\/wp\/v2\/posts"}],"about":[{"href":"https:\/\/dev.antudigital.cl\/sites\/vc\/wp-json\/wp\/v2\/types\/post"}],"author":[{"embeddable":true,"href":"https:\/\/dev.antudigital.cl\/sites\/vc\/wp-json\/wp\/v2\/users\/1"}],"replies":[{"embeddable":true,"href":"https:\/\/dev.antudigital.cl\/sites\/vc\/wp-json\/wp\/v2\/comments?post=11470"}],"version-history":[{"count":1,"href":"https:\/\/dev.antudigital.cl\/sites\/vc\/wp-json\/wp\/v2\/posts\/11470\/revisions"}],"predecessor-version":[{"id":11473,"href":"https:\/\/dev.antudigital.cl\/sites\/vc\/wp-json\/wp\/v2\/posts\/11470\/revisions\/11473"}],"wp:featuredmedia":[{"embeddable":true,"href":"https:\/\/dev.antudigital.cl\/sites\/vc\/wp-json\/wp\/v2\/media\/11472"}],"wp:attachment":[{"href":"https:\/\/dev.antudigital.cl\/sites\/vc\/wp-json\/wp\/v2\/media?parent=11470"}],"wp:term":[{"taxonomy":"category","embeddable":true,"href":"https:\/\/dev.antudigital.cl\/sites\/vc\/wp-json\/wp\/v2\/categories?post=11470"},{"taxonomy":"post_tag","embeddable":true,"href":"https:\/\/dev.antudigital.cl\/sites\/vc\/wp-json\/wp\/v2\/tags?post=11470"}],"curies":[{"name":"wp","href":"https:\/\/api.w.org\/{rel}","templated":true}]}}