{"id":11474,"date":"2022-08-15T20:04:08","date_gmt":"2022-08-15T20:04:08","guid":{"rendered":"https:\/\/www.valparaisocreativo.cl\/?p=11474"},"modified":"2022-08-15T20:04:14","modified_gmt":"2022-08-15T20:04:14","slug":"fundacion-muerte-y-colectiva-para-remendar-el-dolor-invitan-a-un-espacio-de-reflexion-sobre-la-muerte-en-el-parque-cultural-de-valparaiso","status":"publish","type":"post","link":"https:\/\/dev.antudigital.cl\/sites\/vc\/fundacion-muerte-y-colectiva-para-remendar-el-dolor-invitan-a-un-espacio-de-reflexion-sobre-la-muerte-en-el-parque-cultural-de-valparaiso\/","title":{"rendered":"Fundaci\u00f3n Muerte y colectiva \u201cPara remendar el dolor\u201d invitan a un espacio de reflexi\u00f3n sobre la Muerte en el Parque Cultural de Valpara\u00edso"},"content":{"rendered":"\n<p><em><strong>El s\u00e1bado 20 de agosto, de 16 a 19 hrs, llega a la Sala de Lectura del Parque Cultural de Valpara\u00edso<\/strong> el memorial itinerante \u201cPuntadas para la eternidad\u201d, una iniciativa del colectivo textil \u201c<a href=\"https:\/\/www.instagram.com\/pararemendareldolor\/\">Para remendar el dolor<\/a>\u201d, quienes junto a <a href=\"https:\/\/www.instagram.com\/encuentrosobrelamuerte\/\">Fundaci\u00f3n Muerte y EIM <\/a>invitan a la comunidad a compartir un espacio de conversaci\u00f3n sobre memoria y muerte a trav\u00e9s del bordado.<\/em><\/p>\n\n\n\n<p><br>El Encuentro Interdisciplinario sobre la Muerte (EIM) contin\u00faa su programaci\u00f3n colaborativa con diversas organizaciones para facilitar espacios de reflexi\u00f3n en torno a este tema. En esta ocasi\u00f3n, se realizar\u00e1 un nuevo encuentro en colaboraci\u00f3n con la colectiva \u201cPara remendar el dolor\u201d, quienes desde el a\u00f1o 2020 conmemoran a los fallecidos por Covid a trav\u00e9s del bordado como una forma de remendar el ritual quebrado. De esta forma, la actividad convoca a quienes quieran participar bordando un pa\u00f1o con el nombre de alguna persona fallecida por COVID, mientras se comparte t\u00e9, gloriado, se entregar\u00e1n Documentos de Voluntad Anticipada y se reflexionar\u00e1 sobre lo que ha significado el proceso de muerte en pandemia.\u00a0<\/p>\n\n\n\n<figure class=\"wp-block-image size-large\"><img fetchpriority=\"high\" decoding=\"async\" width=\"1024\" height=\"1024\" src=\"https:\/\/www.valparaisocreativo.cl\/wp-content\/uploads\/2022\/08\/EIM-1024x1024.jpeg\" alt=\"\" class=\"wp-image-11476\" srcset=\"https:\/\/dev.antudigital.cl\/sites\/vc\/wp-content\/uploads\/2022\/08\/EIM-1024x1024.jpeg 1024w, https:\/\/dev.antudigital.cl\/sites\/vc\/wp-content\/uploads\/2022\/08\/EIM-300x300.jpeg 300w, https:\/\/dev.antudigital.cl\/sites\/vc\/wp-content\/uploads\/2022\/08\/EIM-150x150.jpeg 150w, https:\/\/dev.antudigital.cl\/sites\/vc\/wp-content\/uploads\/2022\/08\/EIM-768x768.jpeg 768w, https:\/\/dev.antudigital.cl\/sites\/vc\/wp-content\/uploads\/2022\/08\/EIM-1080x1080.jpeg 1080w, https:\/\/dev.antudigital.cl\/sites\/vc\/wp-content\/uploads\/2022\/08\/EIM-1280x1280.jpeg 1280w, https:\/\/dev.antudigital.cl\/sites\/vc\/wp-content\/uploads\/2022\/08\/EIM-980x980.jpeg 980w, https:\/\/dev.antudigital.cl\/sites\/vc\/wp-content\/uploads\/2022\/08\/EIM-480x480.jpeg 480w, https:\/\/dev.antudigital.cl\/sites\/vc\/wp-content\/uploads\/2022\/08\/EIM.jpeg 1440w\" sizes=\"(max-width: 1024px) 100vw, 1024px\" \/><\/figure>\n\n\n\n<p>La colectiva cuenta que este ejercicio art\u00edstico busca \u201critualizar las p\u00e9rdidas, procesar el duelo subterr\u00e1neo que vivimos como sociedad para conectarnos colectivamente, encamin\u00e1ndonos a una sanaci\u00f3n comunitaria, a pesar de la distancia f\u00edsica. Trabajar en torno a la muerte con ritos que permitan realizar un proceso reflexivo y de conciencia, que nos humaniza y nutre la vida como una manera de ofrendar a los idos. Nos resistimos al olvido\u201d.<\/p>\n\n\n\n<p>A la fecha, \u201c<a href=\"https:\/\/www.instagram.com\/pararemendareldolor\/\">Para remendar el dolor<\/a>\u201d ha bordado 406 pa\u00f1os y cuenta con 150 bordadoras. La primera actividad presencial se realiz\u00f3 el\u00a0 1 de noviembre del 2020, a los pies del Cerro Huel\u00e9n, en Santiago, un hito dentro del proyecto, pues convoc\u00f3 presencialmente a creadoras textiles y a algunas de las familiares de las y los fallecidos. En esta actividad se comenzaron a unir los primeros pa\u00f1os, que en sus distintas versiones han itinerado por diversas ciudades y pa\u00edses.\u00a0<\/p>\n\n\n\n<p>Por su parte, Macarena Gutierrez, co-directora de Fundaci\u00f3n Muerte y co-fundadora de los Encuentros Interdisciplinarios sobre la Muerte, EIM, se\u00f1ala que \u201cel prop\u00f3sito de la actividad es mantener permanentemente abierto un espacio de reflexi\u00f3n en torno a la muerte en Valpara\u00edso, a trav\u00e9s de la articulaci\u00f3n con distintas organizaciones y colectivas para amplificar nuestras voces y compartir experiencias, todo esto como antesala de la 7ma versi\u00f3n de los EIM, que se realizar\u00e1n durante el mes de Noviembre en las ciudades de Santiago, y Valpara\u00edso\u201d.<\/p>\n\n\n\n<p>Quienes deseen sumarse a la actividad, deben inscribirse en el <a href=\"https:\/\/forms.gle\/DauvKqXguWf9dNbc8\">siguiente formulario<\/a>, disponible tambi\u00e9n en las redes sociales de <a href=\"https:\/\/www.instagram.com\/encuentrosobrelamuerte\/\">@encuentrosobrelamuerte<\/a> y <a href=\"https:\/\/www.instagram.com\/pararemendareldolor\/\">@pararemendareldolor<\/a> , o escribiendo a <a href=\"mailto:bordadospararemendar@gmail.com\">bordadospararemendar@gmail.com<\/a>.\u00a0<br><\/p>\n\n\n\n<figure class=\"wp-block-embed is-type-video is-provider-youtube wp-block-embed-youtube wp-embed-aspect-16-9 wp-has-aspect-ratio\"><div class=\"wp-block-embed__wrapper\">\n<iframe title=\"Para remendar el dolor, Primer encuentro\" width=\"800\" height=\"450\" src=\"https:\/\/www.youtube.com\/embed\/v3dDOFElK88?feature=oembed\" frameborder=\"0\" allow=\"accelerometer; autoplay; clipboard-write; encrypted-media; gyroscope; picture-in-picture; web-share\" referrerpolicy=\"strict-origin-when-cross-origin\" allowfullscreen><\/iframe>\n<\/div><\/figure>\n","protected":false},"excerpt":{"rendered":"<p>El s\u00e1bado 20 de agosto, de 16 a 19 hrs, llega a la Sala de Lectura del Parque Cultural de Valpara\u00edso el memorial itinerante \u201cPuntadas para la eternidad\u201d, una iniciativa del colectivo textil \u201cPara remendar el dolor\u201d, quienes junto a Fundaci\u00f3n Muerte y EIM invitan a la comunidad a compartir un espacio de conversaci\u00f3n sobre [&hellip;]<\/p>\n","protected":false},"author":1,"featured_media":0,"comment_status":"open","ping_status":"closed","sticky":false,"template":"","format":"standard","meta":{"_acf_changed":false,"footnotes":""},"categories":[8],"tags":[],"class_list":["post-11474","post","type-post","status-publish","format-standard","hentry","category-noticia"],"acf":[],"yoast_head":"<!-- This site is optimized with the Yoast SEO plugin v27.1.1 - https:\/\/yoast.com\/product\/yoast-seo-wordpress\/ -->\n<title>Fundaci\u00f3n Muerte y colectiva \u201cPara remendar el dolor\u201d invitan a un espacio de reflexi\u00f3n sobre la Muerte en el Parque Cultural de Valpara\u00edso - Valpara\u00ed\u00adso Creativo<\/title>\n<meta name=\"robots\" content=\"index, follow, max-snippet:-1, max-image-preview:large, max-video-preview:-1\" \/>\n<link rel=\"canonical\" href=\"https:\/\/dev.antudigital.cl\/sites\/vc\/fundacion-muerte-y-colectiva-para-remendar-el-dolor-invitan-a-un-espacio-de-reflexion-sobre-la-muerte-en-el-parque-cultural-de-valparaiso\/\" \/>\n<meta property=\"og:locale\" content=\"es_ES\" \/>\n<meta property=\"og:type\" content=\"article\" \/>\n<meta property=\"og:title\" content=\"Fundaci\u00f3n Muerte y colectiva \u201cPara remendar el dolor\u201d invitan a un espacio de reflexi\u00f3n sobre la Muerte en el Parque Cultural de Valpara\u00edso - Valpara\u00ed\u00adso Creativo\" \/>\n<meta property=\"og:description\" content=\"El s\u00e1bado 20 de agosto, de 16 a 19 hrs, llega a la Sala de Lectura del Parque Cultural de Valpara\u00edso el memorial itinerante \u201cPuntadas para la eternidad\u201d, una iniciativa del colectivo textil \u201cPara remendar el dolor\u201d, quienes junto a Fundaci\u00f3n Muerte y EIM invitan a la comunidad a compartir un espacio de conversaci\u00f3n sobre [&hellip;]\" \/>\n<meta property=\"og:url\" content=\"https:\/\/dev.antudigital.cl\/sites\/vc\/fundacion-muerte-y-colectiva-para-remendar-el-dolor-invitan-a-un-espacio-de-reflexion-sobre-la-muerte-en-el-parque-cultural-de-valparaiso\/\" \/>\n<meta property=\"og:site_name\" content=\"Valpara\u00ed\u00adso Creativo\" \/>\n<meta property=\"article:published_time\" content=\"2022-08-15T20:04:08+00:00\" \/>\n<meta property=\"article:modified_time\" content=\"2022-08-15T20:04:14+00:00\" \/>\n<meta property=\"og:image\" content=\"https:\/\/www.valparaisocreativo.cl\/wp-content\/uploads\/2022\/08\/EIM-1024x1024.jpeg\" \/>\n<meta name=\"author\" content=\"Valpara\u00edso Creativo\" \/>\n<meta name=\"twitter:card\" content=\"summary_large_image\" \/>\n<meta name=\"twitter:label1\" content=\"Escrito por\" \/>\n\t<meta name=\"twitter:data1\" content=\"Valpara\u00edso Creativo\" \/>\n\t<meta name=\"twitter:label2\" content=\"Tiempo de lectura\" \/>\n\t<meta name=\"twitter:data2\" content=\"3 minutos\" \/>\n<script type=\"application\/ld+json\" class=\"yoast-schema-graph\">{\"@context\":\"https:\/\/schema.org\",\"@graph\":[{\"@type\":\"Article\",\"@id\":\"https:\/\/dev.antudigital.cl\/sites\/vc\/fundacion-muerte-y-colectiva-para-remendar-el-dolor-invitan-a-un-espacio-de-reflexion-sobre-la-muerte-en-el-parque-cultural-de-valparaiso\/#article\",\"isPartOf\":{\"@id\":\"https:\/\/dev.antudigital.cl\/sites\/vc\/fundacion-muerte-y-colectiva-para-remendar-el-dolor-invitan-a-un-espacio-de-reflexion-sobre-la-muerte-en-el-parque-cultural-de-valparaiso\/\"},\"author\":{\"name\":\"Valpara\u00edso Creativo\",\"@id\":\"https:\/\/dev.antudigital.cl\/sites\/vc\/#\/schema\/person\/c2b9da8dd545e27166fc5ab232837318\"},\"headline\":\"Fundaci\u00f3n Muerte y colectiva \u201cPara remendar el dolor\u201d invitan a un espacio de reflexi\u00f3n sobre la Muerte en el Parque Cultural de Valpara\u00edso\",\"datePublished\":\"2022-08-15T20:04:08+00:00\",\"dateModified\":\"2022-08-15T20:04:14+00:00\",\"mainEntityOfPage\":{\"@id\":\"https:\/\/dev.antudigital.cl\/sites\/vc\/fundacion-muerte-y-colectiva-para-remendar-el-dolor-invitan-a-un-espacio-de-reflexion-sobre-la-muerte-en-el-parque-cultural-de-valparaiso\/\"},\"wordCount\":492,\"commentCount\":0,\"image\":{\"@id\":\"https:\/\/dev.antudigital.cl\/sites\/vc\/fundacion-muerte-y-colectiva-para-remendar-el-dolor-invitan-a-un-espacio-de-reflexion-sobre-la-muerte-en-el-parque-cultural-de-valparaiso\/#primaryimage\"},\"thumbnailUrl\":\"https:\/\/www.valparaisocreativo.cl\/wp-content\/uploads\/2022\/08\/EIM-1024x1024.jpeg\",\"articleSection\":[\"Noticia\"],\"inLanguage\":\"es\",\"potentialAction\":[{\"@type\":\"CommentAction\",\"name\":\"Comment\",\"target\":[\"https:\/\/dev.antudigital.cl\/sites\/vc\/fundacion-muerte-y-colectiva-para-remendar-el-dolor-invitan-a-un-espacio-de-reflexion-sobre-la-muerte-en-el-parque-cultural-de-valparaiso\/#respond\"]}]},{\"@type\":\"WebPage\",\"@id\":\"https:\/\/dev.antudigital.cl\/sites\/vc\/fundacion-muerte-y-colectiva-para-remendar-el-dolor-invitan-a-un-espacio-de-reflexion-sobre-la-muerte-en-el-parque-cultural-de-valparaiso\/\",\"url\":\"https:\/\/dev.antudigital.cl\/sites\/vc\/fundacion-muerte-y-colectiva-para-remendar-el-dolor-invitan-a-un-espacio-de-reflexion-sobre-la-muerte-en-el-parque-cultural-de-valparaiso\/\",\"name\":\"Fundaci\u00f3n Muerte y colectiva \u201cPara remendar el dolor\u201d invitan a un espacio de reflexi\u00f3n sobre la Muerte en el Parque Cultural de Valpara\u00edso - Valpara\u00ed\u00adso Creativo\",\"isPartOf\":{\"@id\":\"https:\/\/dev.antudigital.cl\/sites\/vc\/#website\"},\"primaryImageOfPage\":{\"@id\":\"https:\/\/dev.antudigital.cl\/sites\/vc\/fundacion-muerte-y-colectiva-para-remendar-el-dolor-invitan-a-un-espacio-de-reflexion-sobre-la-muerte-en-el-parque-cultural-de-valparaiso\/#primaryimage\"},\"image\":{\"@id\":\"https:\/\/dev.antudigital.cl\/sites\/vc\/fundacion-muerte-y-colectiva-para-remendar-el-dolor-invitan-a-un-espacio-de-reflexion-sobre-la-muerte-en-el-parque-cultural-de-valparaiso\/#primaryimage\"},\"thumbnailUrl\":\"https:\/\/www.valparaisocreativo.cl\/wp-content\/uploads\/2022\/08\/EIM-1024x1024.jpeg\",\"datePublished\":\"2022-08-15T20:04:08+00:00\",\"dateModified\":\"2022-08-15T20:04:14+00:00\",\"author\":{\"@id\":\"https:\/\/dev.antudigital.cl\/sites\/vc\/#\/schema\/person\/c2b9da8dd545e27166fc5ab232837318\"},\"breadcrumb\":{\"@id\":\"https:\/\/dev.antudigital.cl\/sites\/vc\/fundacion-muerte-y-colectiva-para-remendar-el-dolor-invitan-a-un-espacio-de-reflexion-sobre-la-muerte-en-el-parque-cultural-de-valparaiso\/#breadcrumb\"},\"inLanguage\":\"es\",\"potentialAction\":[{\"@type\":\"ReadAction\",\"target\":[\"https:\/\/dev.antudigital.cl\/sites\/vc\/fundacion-muerte-y-colectiva-para-remendar-el-dolor-invitan-a-un-espacio-de-reflexion-sobre-la-muerte-en-el-parque-cultural-de-valparaiso\/\"]}]},{\"@type\":\"ImageObject\",\"inLanguage\":\"es\",\"@id\":\"https:\/\/dev.antudigital.cl\/sites\/vc\/fundacion-muerte-y-colectiva-para-remendar-el-dolor-invitan-a-un-espacio-de-reflexion-sobre-la-muerte-en-el-parque-cultural-de-valparaiso\/#primaryimage\",\"url\":\"https:\/\/www.valparaisocreativo.cl\/wp-content\/uploads\/2022\/08\/EIM-1024x1024.jpeg\",\"contentUrl\":\"https:\/\/www.valparaisocreativo.cl\/wp-content\/uploads\/2022\/08\/EIM-1024x1024.jpeg\"},{\"@type\":\"BreadcrumbList\",\"@id\":\"https:\/\/dev.antudigital.cl\/sites\/vc\/fundacion-muerte-y-colectiva-para-remendar-el-dolor-invitan-a-un-espacio-de-reflexion-sobre-la-muerte-en-el-parque-cultural-de-valparaiso\/#breadcrumb\",\"itemListElement\":[{\"@type\":\"ListItem\",\"position\":1,\"name\":\"Home\",\"item\":\"https:\/\/dev.antudigital.cl\/sites\/vc\/\"},{\"@type\":\"ListItem\",\"position\":2,\"name\":\"Fundaci\u00f3n Muerte y colectiva \u201cPara remendar el dolor\u201d invitan a un espacio de reflexi\u00f3n sobre la Muerte en el Parque Cultural de Valpara\u00edso\"}]},{\"@type\":\"WebSite\",\"@id\":\"https:\/\/dev.antudigital.cl\/sites\/vc\/#website\",\"url\":\"https:\/\/dev.antudigital.cl\/sites\/vc\/\",\"name\":\"Valpara\u00ed\u00adso Creativo\",\"description\":\"\",\"potentialAction\":[{\"@type\":\"SearchAction\",\"target\":{\"@type\":\"EntryPoint\",\"urlTemplate\":\"https:\/\/dev.antudigital.cl\/sites\/vc\/?s={search_term_string}\"},\"query-input\":{\"@type\":\"PropertyValueSpecification\",\"valueRequired\":true,\"valueName\":\"search_term_string\"}}],\"inLanguage\":\"es\"},{\"@type\":\"Person\",\"@id\":\"https:\/\/dev.antudigital.cl\/sites\/vc\/#\/schema\/person\/c2b9da8dd545e27166fc5ab232837318\",\"name\":\"Valpara\u00edso Creativo\",\"description\":\"Periodista de cultura en la Regi\u00f3n de Valpara\u00edso.\",\"url\":\"https:\/\/dev.antudigital.cl\/sites\/vc\/author\/valpoadmin\/\"}]}<\/script>\n<!-- \/ Yoast SEO plugin. -->","yoast_head_json":{"title":"Fundaci\u00f3n Muerte y colectiva \u201cPara remendar el dolor\u201d invitan a un espacio de reflexi\u00f3n sobre la Muerte en el Parque Cultural de Valpara\u00edso - Valpara\u00ed\u00adso Creativo","robots":{"index":"index","follow":"follow","max-snippet":"max-snippet:-1","max-image-preview":"max-image-preview:large","max-video-preview":"max-video-preview:-1"},"canonical":"https:\/\/dev.antudigital.cl\/sites\/vc\/fundacion-muerte-y-colectiva-para-remendar-el-dolor-invitan-a-un-espacio-de-reflexion-sobre-la-muerte-en-el-parque-cultural-de-valparaiso\/","og_locale":"es_ES","og_type":"article","og_title":"Fundaci\u00f3n Muerte y colectiva \u201cPara remendar el dolor\u201d invitan a un espacio de reflexi\u00f3n sobre la Muerte en el Parque Cultural de Valpara\u00edso - Valpara\u00ed\u00adso Creativo","og_description":"El s\u00e1bado 20 de agosto, de 16 a 19 hrs, llega a la Sala de Lectura del Parque Cultural de Valpara\u00edso el memorial itinerante \u201cPuntadas para la eternidad\u201d, una iniciativa del colectivo textil \u201cPara remendar el dolor\u201d, quienes junto a Fundaci\u00f3n Muerte y EIM invitan a la comunidad a compartir un espacio de conversaci\u00f3n sobre [&hellip;]","og_url":"https:\/\/dev.antudigital.cl\/sites\/vc\/fundacion-muerte-y-colectiva-para-remendar-el-dolor-invitan-a-un-espacio-de-reflexion-sobre-la-muerte-en-el-parque-cultural-de-valparaiso\/","og_site_name":"Valpara\u00ed\u00adso Creativo","article_published_time":"2022-08-15T20:04:08+00:00","article_modified_time":"2022-08-15T20:04:14+00:00","og_image":[{"url":"https:\/\/www.valparaisocreativo.cl\/wp-content\/uploads\/2022\/08\/EIM-1024x1024.jpeg","type":"","width":"","height":""}],"author":"Valpara\u00edso Creativo","twitter_card":"summary_large_image","twitter_misc":{"Escrito por":"Valpara\u00edso Creativo","Tiempo de lectura":"3 minutos"},"schema":{"@context":"https:\/\/schema.org","@graph":[{"@type":"Article","@id":"https:\/\/dev.antudigital.cl\/sites\/vc\/fundacion-muerte-y-colectiva-para-remendar-el-dolor-invitan-a-un-espacio-de-reflexion-sobre-la-muerte-en-el-parque-cultural-de-valparaiso\/#article","isPartOf":{"@id":"https:\/\/dev.antudigital.cl\/sites\/vc\/fundacion-muerte-y-colectiva-para-remendar-el-dolor-invitan-a-un-espacio-de-reflexion-sobre-la-muerte-en-el-parque-cultural-de-valparaiso\/"},"author":{"name":"Valpara\u00edso Creativo","@id":"https:\/\/dev.antudigital.cl\/sites\/vc\/#\/schema\/person\/c2b9da8dd545e27166fc5ab232837318"},"headline":"Fundaci\u00f3n Muerte y colectiva \u201cPara remendar el dolor\u201d invitan a un espacio de reflexi\u00f3n sobre la Muerte en el Parque Cultural de Valpara\u00edso","datePublished":"2022-08-15T20:04:08+00:00","dateModified":"2022-08-15T20:04:14+00:00","mainEntityOfPage":{"@id":"https:\/\/dev.antudigital.cl\/sites\/vc\/fundacion-muerte-y-colectiva-para-remendar-el-dolor-invitan-a-un-espacio-de-reflexion-sobre-la-muerte-en-el-parque-cultural-de-valparaiso\/"},"wordCount":492,"commentCount":0,"image":{"@id":"https:\/\/dev.antudigital.cl\/sites\/vc\/fundacion-muerte-y-colectiva-para-remendar-el-dolor-invitan-a-un-espacio-de-reflexion-sobre-la-muerte-en-el-parque-cultural-de-valparaiso\/#primaryimage"},"thumbnailUrl":"https:\/\/www.valparaisocreativo.cl\/wp-content\/uploads\/2022\/08\/EIM-1024x1024.jpeg","articleSection":["Noticia"],"inLanguage":"es","potentialAction":[{"@type":"CommentAction","name":"Comment","target":["https:\/\/dev.antudigital.cl\/sites\/vc\/fundacion-muerte-y-colectiva-para-remendar-el-dolor-invitan-a-un-espacio-de-reflexion-sobre-la-muerte-en-el-parque-cultural-de-valparaiso\/#respond"]}]},{"@type":"WebPage","@id":"https:\/\/dev.antudigital.cl\/sites\/vc\/fundacion-muerte-y-colectiva-para-remendar-el-dolor-invitan-a-un-espacio-de-reflexion-sobre-la-muerte-en-el-parque-cultural-de-valparaiso\/","url":"https:\/\/dev.antudigital.cl\/sites\/vc\/fundacion-muerte-y-colectiva-para-remendar-el-dolor-invitan-a-un-espacio-de-reflexion-sobre-la-muerte-en-el-parque-cultural-de-valparaiso\/","name":"Fundaci\u00f3n Muerte y colectiva \u201cPara remendar el dolor\u201d invitan a un espacio de reflexi\u00f3n sobre la Muerte en el Parque Cultural de Valpara\u00edso - Valpara\u00ed\u00adso Creativo","isPartOf":{"@id":"https:\/\/dev.antudigital.cl\/sites\/vc\/#website"},"primaryImageOfPage":{"@id":"https:\/\/dev.antudigital.cl\/sites\/vc\/fundacion-muerte-y-colectiva-para-remendar-el-dolor-invitan-a-un-espacio-de-reflexion-sobre-la-muerte-en-el-parque-cultural-de-valparaiso\/#primaryimage"},"image":{"@id":"https:\/\/dev.antudigital.cl\/sites\/vc\/fundacion-muerte-y-colectiva-para-remendar-el-dolor-invitan-a-un-espacio-de-reflexion-sobre-la-muerte-en-el-parque-cultural-de-valparaiso\/#primaryimage"},"thumbnailUrl":"https:\/\/www.valparaisocreativo.cl\/wp-content\/uploads\/2022\/08\/EIM-1024x1024.jpeg","datePublished":"2022-08-15T20:04:08+00:00","dateModified":"2022-08-15T20:04:14+00:00","author":{"@id":"https:\/\/dev.antudigital.cl\/sites\/vc\/#\/schema\/person\/c2b9da8dd545e27166fc5ab232837318"},"breadcrumb":{"@id":"https:\/\/dev.antudigital.cl\/sites\/vc\/fundacion-muerte-y-colectiva-para-remendar-el-dolor-invitan-a-un-espacio-de-reflexion-sobre-la-muerte-en-el-parque-cultural-de-valparaiso\/#breadcrumb"},"inLanguage":"es","potentialAction":[{"@type":"ReadAction","target":["https:\/\/dev.antudigital.cl\/sites\/vc\/fundacion-muerte-y-colectiva-para-remendar-el-dolor-invitan-a-un-espacio-de-reflexion-sobre-la-muerte-en-el-parque-cultural-de-valparaiso\/"]}]},{"@type":"ImageObject","inLanguage":"es","@id":"https:\/\/dev.antudigital.cl\/sites\/vc\/fundacion-muerte-y-colectiva-para-remendar-el-dolor-invitan-a-un-espacio-de-reflexion-sobre-la-muerte-en-el-parque-cultural-de-valparaiso\/#primaryimage","url":"https:\/\/www.valparaisocreativo.cl\/wp-content\/uploads\/2022\/08\/EIM-1024x1024.jpeg","contentUrl":"https:\/\/www.valparaisocreativo.cl\/wp-content\/uploads\/2022\/08\/EIM-1024x1024.jpeg"},{"@type":"BreadcrumbList","@id":"https:\/\/dev.antudigital.cl\/sites\/vc\/fundacion-muerte-y-colectiva-para-remendar-el-dolor-invitan-a-un-espacio-de-reflexion-sobre-la-muerte-en-el-parque-cultural-de-valparaiso\/#breadcrumb","itemListElement":[{"@type":"ListItem","position":1,"name":"Home","item":"https:\/\/dev.antudigital.cl\/sites\/vc\/"},{"@type":"ListItem","position":2,"name":"Fundaci\u00f3n Muerte y colectiva \u201cPara remendar el dolor\u201d invitan a un espacio de reflexi\u00f3n sobre la Muerte en el Parque Cultural de Valpara\u00edso"}]},{"@type":"WebSite","@id":"https:\/\/dev.antudigital.cl\/sites\/vc\/#website","url":"https:\/\/dev.antudigital.cl\/sites\/vc\/","name":"Valpara\u00ed\u00adso Creativo","description":"","potentialAction":[{"@type":"SearchAction","target":{"@type":"EntryPoint","urlTemplate":"https:\/\/dev.antudigital.cl\/sites\/vc\/?s={search_term_string}"},"query-input":{"@type":"PropertyValueSpecification","valueRequired":true,"valueName":"search_term_string"}}],"inLanguage":"es"},{"@type":"Person","@id":"https:\/\/dev.antudigital.cl\/sites\/vc\/#\/schema\/person\/c2b9da8dd545e27166fc5ab232837318","name":"Valpara\u00edso Creativo","description":"Periodista de cultura en la Regi\u00f3n de Valpara\u00edso.","url":"https:\/\/dev.antudigital.cl\/sites\/vc\/author\/valpoadmin\/"}]}},"_links":{"self":[{"href":"https:\/\/dev.antudigital.cl\/sites\/vc\/wp-json\/wp\/v2\/posts\/11474","targetHints":{"allow":["GET"]}}],"collection":[{"href":"https:\/\/dev.antudigital.cl\/sites\/vc\/wp-json\/wp\/v2\/posts"}],"about":[{"href":"https:\/\/dev.antudigital.cl\/sites\/vc\/wp-json\/wp\/v2\/types\/post"}],"author":[{"embeddable":true,"href":"https:\/\/dev.antudigital.cl\/sites\/vc\/wp-json\/wp\/v2\/users\/1"}],"replies":[{"embeddable":true,"href":"https:\/\/dev.antudigital.cl\/sites\/vc\/wp-json\/wp\/v2\/comments?post=11474"}],"version-history":[{"count":1,"href":"https:\/\/dev.antudigital.cl\/sites\/vc\/wp-json\/wp\/v2\/posts\/11474\/revisions"}],"predecessor-version":[{"id":11477,"href":"https:\/\/dev.antudigital.cl\/sites\/vc\/wp-json\/wp\/v2\/posts\/11474\/revisions\/11477"}],"wp:attachment":[{"href":"https:\/\/dev.antudigital.cl\/sites\/vc\/wp-json\/wp\/v2\/media?parent=11474"}],"wp:term":[{"taxonomy":"category","embeddable":true,"href":"https:\/\/dev.antudigital.cl\/sites\/vc\/wp-json\/wp\/v2\/categories?post=11474"},{"taxonomy":"post_tag","embeddable":true,"href":"https:\/\/dev.antudigital.cl\/sites\/vc\/wp-json\/wp\/v2\/tags?post=11474"}],"curies":[{"name":"wp","href":"https:\/\/api.w.org\/{rel}","templated":true}]}}