{"id":11478,"date":"2022-08-15T20:52:04","date_gmt":"2022-08-15T20:52:04","guid":{"rendered":"https:\/\/www.valparaisocreativo.cl\/?p=11478"},"modified":"2022-08-15T20:54:54","modified_gmt":"2022-08-15T20:54:54","slug":"un-nuevo-espacio-para-la-literatura","status":"publish","type":"post","link":"https:\/\/dev.antudigital.cl\/sites\/vc\/un-nuevo-espacio-para-la-literatura\/","title":{"rendered":"Un nuevo espacio para la literatura"},"content":{"rendered":"\n<p>Por: <a href=\"http:\/\/instagram.com\/sedicevalontin\">Valentinne Rudolphy<\/a><\/p>\n\n\n\n<p>Lleva a\u00f1os trabajando en ferias y hace varias d\u00e9cadas ejerce como librero. Enzo Reyes me recibe en la <a href=\"https:\/\/www.facebook.com\/Expolibros-Vi%C3%B1a-103219879132645\">Expo Libros Vi\u00f1a<\/a> que est\u00e1 ubicada entre 13 y 14 norte con Libertad, en un punto estrat\u00e9gico de Vi\u00f1a del Mar ya que se encuentra junto a los centros comerciales m\u00e1s grandes de la ciudad. Se lleva a cabo hasta el 21 de agosto de manera gratuita. Cuenta con 43 stands m\u00e1s una parrilla program\u00e1tica con actividades para todo p\u00fablico. \u00bfC\u00f3mo enfrentan este desaf\u00edo para la literatura? Ac\u00e1 conversamos m\u00e1s con uno de sus organizadores y su equipo gestor:<\/p>\n\n\n\n<p><strong>\u00bfC\u00f3mo se arma esta nueva feria?<\/strong><\/p>\n\n\n\n<p>-A tres personas se nos ocurri\u00f3 \u201chagamos una feria del libro\u201d para contener instancias y generar espacios para los escritores j\u00f3venes y los no tanto. Quer\u00edamos tambi\u00e9n poder aumentar la venta de todos quienes estamos en el rubro. Nosotros estamos agrupados en lo que es la C\u00e1mara del Libro, pero esos espacios son muy costosos. Nosotros, los libreros de la Regi\u00f3n, vamos a dicha feria pero quer\u00edamos hacer un espacio alternativo que pudi\u00e9semos levantar a trav\u00e9s de nuestro propio financiamiento. Empezamos a armar esto y a consultar a la Municipalidad de Vi\u00f1a del Mar, a trav\u00e9s de su Departamento de Cultura, quienes estuvieron desde el primer momento interesados y apoy\u00e1ndonos.&nbsp;<\/p>\n\n\n\n<p>Comenzamos a arrendar el equipamiento de manera autogestionada: las luces, la instalaci\u00f3n. Una Fundaci\u00f3n (Cataleya) nos ayud\u00f3 con la inscripci\u00f3n para estos fines. Cuando la Municipalidad nos pregunt\u00f3 qu\u00e9 quer\u00edamos hacer, respondimos que una feria tan grande como la del verano en Vi\u00f1a del Mar. Ten\u00edamos el apoyo de varios escritores que firmaron un libro de apoyo para esta iniciativa, comprometi\u00e9ndose a venir y presentarse, adem\u00e1s de los 43 expositores que quer\u00edamos financiar y levantar la feria (toda la log\u00edstica que esto requiere).<\/p>\n\n\n\n<p><strong>\u00bfQui\u00e9nes conforman la organizaci\u00f3n?<\/strong><\/p>\n\n\n\n<p>-Somos 3, pero quien est\u00e1 a cargo es Raquel Rosas, yo veo la parte del programa y operativa de la feria, Enzo Reyes, y N\u00e9stor Canepa que es el tercer organizador.<\/p>\n\n\n\n<p><strong>\u00bfEs muy grande el desaf\u00edo en t\u00e9rminos burocr\u00e1ticos?<\/strong><\/p>\n\n\n\n<p>-No ha sido tan f\u00e1cil, pues requiere muchos tr\u00e1mites y hay trabas, pero logramos prepararnos y asesorarnos para hacer todo. Si bien tenemos apoyo, nosotros nos hemos puesto con todo, ha sido 100% autogesti\u00f3n. Pero hay que mencionar que para la cultura hay muchos problemas, no as\u00ed para el comercio, y ser\u00eda bueno que existieran menos problem\u00e1ticas. Espero que vayan cambiando las posibilidades para el rubro, en especial en las actividades sin fines de lucro como la nuestra.<\/p>\n\n\n\n<p><strong>Adem\u00e1s cuentan con una gran cantidad de actividades, \u00bfme puedes contar sobre eso?<\/strong><\/p>\n\n\n\n<p>-Tenemos una parrilla cultural para lo que tenemos un escenario, ac\u00e1 vienen a participar autores y autoras de diversas edades y de todos los estilos. Vino ya Pablo Simonetti, vendr\u00e1 el periodista Pedro Cayuqueo, y muchos otros nombres m\u00e1s que pueden ver en nuestro programa. Y cada d\u00eda con tem\u00e1ticas diferentes.<\/p>\n\n\n\n<p><strong>\u00bfQui\u00e9nes son los y las expositoras?<\/strong><\/p>\n\n\n\n<p>&#8211; Est\u00e1n 43 stands como te mencion\u00e9, que incluyen a editoriales como Planeta, Penguin Random House, que son m\u00e1s grandes; pero a la vez tenemos una gran cantidad de librer\u00edas de distintas partes, no s\u00f3lo locales.<\/p>\n\n\n\n<p><strong>\u00bfHasta ahora c\u00f3mo les ha ido con la audiencia? Est\u00e1n en un punto muy estrat\u00e9gico de flujo de gente.<\/strong><\/p>\n\n\n\n<p>-Hemos tenido cerca de 3.000 personas diarias que ingresan a la Expolibros Vi\u00f1a. Creemos que es bastante bueno. Las ventas son otra cosa, pero logramos sostenernos y generar empleo a trav\u00e9s de esta instancia. Tenemos la idea de que la gente lea, de que los ni\u00f1os lean, entonces tenemos que sacrificarnos para que este p\u00fablico tenga acceso a los libros. Este es nuestro grano de arena en ese sentido. Por ejemplo, cada stand decidi\u00f3 por su parte tener un stock en liquidaci\u00f3n para que existan opciones de todos los precios. Hay muchas ofertas para facilitar el acceso a la lectura, a la par que se rifan libros a trav\u00e9s de concursos en nuestras redes sociales.<\/p>\n\n\n\n<p><strong>Llevan desde el 2 de agosto a la fecha ya en pie, \u00bfcreen que replicar\u00e1n la instancia?<\/strong><\/p>\n\n\n\n<p>-Ahora estamos en modo postular al Fondo del Libro para poder hacer una segunda versi\u00f3n el pr\u00f3ximo a\u00f1o, y contar con financiamiento extra nos vendr\u00eda bien para apoyar los libreros. Adem\u00e1s nos llamaron de otra Municipalidad para que pudi\u00e9semos replicar esta Expolibros en otra comuna, en Quillota espec\u00edficamente. Nos gustar\u00eda compartir lo que hacemos con otras ciudades, como Valpara\u00edso, y llevarla all\u00e1 por ejemplo. Queremos que sea itinerante, pero es una feria que busca profesionalizar el rubro.<\/p>\n\n\n\n<figure class=\"wp-block-image size-large\"><img fetchpriority=\"high\" decoding=\"async\" width=\"1024\" height=\"1024\" src=\"https:\/\/www.valparaisocreativo.cl\/wp-content\/uploads\/2022\/08\/Expolibros-1024x1024.jpeg\" alt=\"\" class=\"wp-image-11479\" srcset=\"https:\/\/dev.antudigital.cl\/sites\/vc\/wp-content\/uploads\/2022\/08\/Expolibros-1024x1024.jpeg 1024w, https:\/\/dev.antudigital.cl\/sites\/vc\/wp-content\/uploads\/2022\/08\/Expolibros-300x300.jpeg 300w, https:\/\/dev.antudigital.cl\/sites\/vc\/wp-content\/uploads\/2022\/08\/Expolibros-150x150.jpeg 150w, https:\/\/dev.antudigital.cl\/sites\/vc\/wp-content\/uploads\/2022\/08\/Expolibros-768x768.jpeg 768w, https:\/\/dev.antudigital.cl\/sites\/vc\/wp-content\/uploads\/2022\/08\/Expolibros-980x980.jpeg 980w, https:\/\/dev.antudigital.cl\/sites\/vc\/wp-content\/uploads\/2022\/08\/Expolibros-480x480.jpeg 480w, https:\/\/dev.antudigital.cl\/sites\/vc\/wp-content\/uploads\/2022\/08\/Expolibros.jpeg 1080w\" sizes=\"(max-width: 1024px) 100vw, 1024px\" \/><\/figure>\n\n\n\n<p><strong>\u00bfEs muy dif\u00edcil el rubro de las librer\u00edas? Desde su experiencia.<\/strong><\/p>\n\n\n\n<p>-Mira yo empec\u00e9 a los 22 a\u00f1os en el mundo del libro, y desde entonces no he salido m\u00e1s, tengo 61 a\u00f1os y sigo en lo mismo, son 40 a\u00f1os en ferias, en librer\u00edas, editoriales. He viajado gracias a esto y me contacto con distribuidores, he recorrido toda Am\u00e9rica con mi compa\u00f1era Raquel Rosas, con quien hemos hecho otras ferias m\u00e1s peque\u00f1as en otras ciudades.<\/p>\n\n\n\n<p>Varios de nosotros llevamos varios a\u00f1os en el rubro, por lo que no fue dif\u00edcil por ejemplo conseguir apoyo para gestionar la feria en el sentido de los y las invitadas y generar una parrilla interesante de actividades para todas las edades.<\/p>\n\n\n\n<p><strong>Finalmente, \u00bfcu\u00e1l piensas que es el estado de la lector\u00eda en el pa\u00eds? \u00bfC\u00f3mo ves a la audiencia?<\/strong><\/p>\n\n\n\n<p>-Mucha gente me dice que \u201cel chileno no lee\u201d, pero yo he estado en Per\u00fa, M\u00e9xico, Espa\u00f1a, y en m\u00e1s pa\u00edses &#8211; y en todos lados es la misma cosa. No tengo contacto con no-lectores ya que lo m\u00edo es la literatura. S\u00ed hay una cosa de temporadas: en la \u00e9poca de verano con turistas sube mucho m\u00e1s la venta de libros, pero m\u00e1s que nada hay que saber identificar lo que el lector o la lectora quieran, buscar diversidad de temas y de t\u00edtulos.&nbsp;<\/p>\n\n\n\n<p>Mi mirada es que falta apoyo a las editoriales de parte del Estado, generando nuevas pol\u00edticas culturales que apoyen a sector ya que existen muchas editoriales independientes en el pa\u00eds, y apoyar a la producci\u00f3n nacional. Quiz\u00e1s faltan m\u00e1s ferias tambi\u00e9n: que hayan m\u00e1s espacios de encuentro lector-autor y eso es lo que queremos fomentar. Tenemos que propiciar a trav\u00e9s de la ejecuci\u00f3n estos espacios, para que los ni\u00f1os en especial sientan agrado por el libro y generar fomento lector desde esa edad.<\/p>\n\n\n\n<p><\/p>\n\n\n\n<p><strong>Recuerda:<\/strong><a href=\"https:\/\/www.instagram.com\/expolibrosvina\/\"> Expolibros Vi\u00f1a<\/a> est\u00e1 disponible hasta el 21 de agosto en Plaza O\u2019Higgins de Vi\u00f1a del Mar (Libertad, entre 13 y 14 norte). Es una invitaci\u00f3n a que la gente venga, conozca a escritores y escritoras, pueda acceder a libros y disfrute. \u201cEs de libreros para libreros y para el p\u00fablico en general\u201d.<\/p>\n","protected":false},"excerpt":{"rendered":"<p>Por: Valentinne Rudolphy Lleva a\u00f1os trabajando en ferias y hace varias d\u00e9cadas ejerce como librero. Enzo Reyes me recibe en la Expo Libros Vi\u00f1a que est\u00e1 ubicada entre 13 y 14 norte con Libertad, en un punto estrat\u00e9gico de Vi\u00f1a del Mar ya que se encuentra junto a los centros comerciales m\u00e1s grandes de la [&hellip;]<\/p>\n","protected":false},"author":1,"featured_media":11480,"comment_status":"open","ping_status":"closed","sticky":false,"template":"","format":"standard","meta":{"_acf_changed":false,"footnotes":""},"categories":[8],"tags":[],"class_list":["post-11478","post","type-post","status-publish","format-standard","has-post-thumbnail","hentry","category-noticia"],"acf":[],"yoast_head":"<!-- This site is optimized with the Yoast SEO plugin v27.1.1 - https:\/\/yoast.com\/product\/yoast-seo-wordpress\/ -->\n<title>Un nuevo espacio para la literatura - Valpara\u00ed\u00adso Creativo<\/title>\n<meta name=\"robots\" content=\"index, follow, max-snippet:-1, max-image-preview:large, max-video-preview:-1\" \/>\n<link rel=\"canonical\" href=\"https:\/\/dev.antudigital.cl\/sites\/vc\/un-nuevo-espacio-para-la-literatura\/\" \/>\n<meta property=\"og:locale\" content=\"es_ES\" \/>\n<meta property=\"og:type\" content=\"article\" \/>\n<meta property=\"og:title\" content=\"Un nuevo espacio para la literatura - Valpara\u00ed\u00adso Creativo\" \/>\n<meta property=\"og:description\" content=\"Por: Valentinne Rudolphy Lleva a\u00f1os trabajando en ferias y hace varias d\u00e9cadas ejerce como librero. Enzo Reyes me recibe en la Expo Libros Vi\u00f1a que est\u00e1 ubicada entre 13 y 14 norte con Libertad, en un punto estrat\u00e9gico de Vi\u00f1a del Mar ya que se encuentra junto a los centros comerciales m\u00e1s grandes de la [&hellip;]\" \/>\n<meta property=\"og:url\" content=\"https:\/\/dev.antudigital.cl\/sites\/vc\/un-nuevo-espacio-para-la-literatura\/\" \/>\n<meta property=\"og:site_name\" content=\"Valpara\u00ed\u00adso Creativo\" \/>\n<meta property=\"article:published_time\" content=\"2022-08-15T20:52:04+00:00\" \/>\n<meta property=\"article:modified_time\" content=\"2022-08-15T20:54:54+00:00\" \/>\n<meta property=\"og:image\" content=\"https:\/\/dev.antudigital.cl\/sites\/vc\/wp-content\/uploads\/2022\/08\/Captura-de-Pantalla-2022-08-15-a-las-16.06.07.png\" \/>\n\t<meta property=\"og:image:width\" content=\"978\" \/>\n\t<meta property=\"og:image:height\" content=\"360\" \/>\n\t<meta property=\"og:image:type\" content=\"image\/png\" \/>\n<meta name=\"author\" content=\"Valpara\u00edso Creativo\" \/>\n<meta name=\"twitter:card\" content=\"summary_large_image\" \/>\n<meta name=\"twitter:label1\" content=\"Escrito por\" \/>\n\t<meta name=\"twitter:data1\" content=\"Valpara\u00edso Creativo\" \/>\n\t<meta name=\"twitter:label2\" content=\"Tiempo de lectura\" \/>\n\t<meta name=\"twitter:data2\" content=\"6 minutos\" \/>\n<script type=\"application\/ld+json\" class=\"yoast-schema-graph\">{\"@context\":\"https:\/\/schema.org\",\"@graph\":[{\"@type\":\"Article\",\"@id\":\"https:\/\/dev.antudigital.cl\/sites\/vc\/un-nuevo-espacio-para-la-literatura\/#article\",\"isPartOf\":{\"@id\":\"https:\/\/dev.antudigital.cl\/sites\/vc\/un-nuevo-espacio-para-la-literatura\/\"},\"author\":{\"name\":\"Valpara\u00edso Creativo\",\"@id\":\"https:\/\/dev.antudigital.cl\/sites\/vc\/#\/schema\/person\/c2b9da8dd545e27166fc5ab232837318\"},\"headline\":\"Un nuevo espacio para la literatura\",\"datePublished\":\"2022-08-15T20:52:04+00:00\",\"dateModified\":\"2022-08-15T20:54:54+00:00\",\"mainEntityOfPage\":{\"@id\":\"https:\/\/dev.antudigital.cl\/sites\/vc\/un-nuevo-espacio-para-la-literatura\/\"},\"wordCount\":1216,\"commentCount\":0,\"image\":{\"@id\":\"https:\/\/dev.antudigital.cl\/sites\/vc\/un-nuevo-espacio-para-la-literatura\/#primaryimage\"},\"thumbnailUrl\":\"https:\/\/dev.antudigital.cl\/sites\/vc\/wp-content\/uploads\/2022\/08\/Captura-de-Pantalla-2022-08-15-a-las-16.06.07.png\",\"articleSection\":[\"Noticia\"],\"inLanguage\":\"es\",\"potentialAction\":[{\"@type\":\"CommentAction\",\"name\":\"Comment\",\"target\":[\"https:\/\/dev.antudigital.cl\/sites\/vc\/un-nuevo-espacio-para-la-literatura\/#respond\"]}]},{\"@type\":\"WebPage\",\"@id\":\"https:\/\/dev.antudigital.cl\/sites\/vc\/un-nuevo-espacio-para-la-literatura\/\",\"url\":\"https:\/\/dev.antudigital.cl\/sites\/vc\/un-nuevo-espacio-para-la-literatura\/\",\"name\":\"Un nuevo espacio para la literatura - Valpara\u00ed\u00adso Creativo\",\"isPartOf\":{\"@id\":\"https:\/\/dev.antudigital.cl\/sites\/vc\/#website\"},\"primaryImageOfPage\":{\"@id\":\"https:\/\/dev.antudigital.cl\/sites\/vc\/un-nuevo-espacio-para-la-literatura\/#primaryimage\"},\"image\":{\"@id\":\"https:\/\/dev.antudigital.cl\/sites\/vc\/un-nuevo-espacio-para-la-literatura\/#primaryimage\"},\"thumbnailUrl\":\"https:\/\/dev.antudigital.cl\/sites\/vc\/wp-content\/uploads\/2022\/08\/Captura-de-Pantalla-2022-08-15-a-las-16.06.07.png\",\"datePublished\":\"2022-08-15T20:52:04+00:00\",\"dateModified\":\"2022-08-15T20:54:54+00:00\",\"author\":{\"@id\":\"https:\/\/dev.antudigital.cl\/sites\/vc\/#\/schema\/person\/c2b9da8dd545e27166fc5ab232837318\"},\"breadcrumb\":{\"@id\":\"https:\/\/dev.antudigital.cl\/sites\/vc\/un-nuevo-espacio-para-la-literatura\/#breadcrumb\"},\"inLanguage\":\"es\",\"potentialAction\":[{\"@type\":\"ReadAction\",\"target\":[\"https:\/\/dev.antudigital.cl\/sites\/vc\/un-nuevo-espacio-para-la-literatura\/\"]}]},{\"@type\":\"ImageObject\",\"inLanguage\":\"es\",\"@id\":\"https:\/\/dev.antudigital.cl\/sites\/vc\/un-nuevo-espacio-para-la-literatura\/#primaryimage\",\"url\":\"https:\/\/dev.antudigital.cl\/sites\/vc\/wp-content\/uploads\/2022\/08\/Captura-de-Pantalla-2022-08-15-a-las-16.06.07.png\",\"contentUrl\":\"https:\/\/dev.antudigital.cl\/sites\/vc\/wp-content\/uploads\/2022\/08\/Captura-de-Pantalla-2022-08-15-a-las-16.06.07.png\",\"width\":978,\"height\":360},{\"@type\":\"BreadcrumbList\",\"@id\":\"https:\/\/dev.antudigital.cl\/sites\/vc\/un-nuevo-espacio-para-la-literatura\/#breadcrumb\",\"itemListElement\":[{\"@type\":\"ListItem\",\"position\":1,\"name\":\"Home\",\"item\":\"https:\/\/dev.antudigital.cl\/sites\/vc\/\"},{\"@type\":\"ListItem\",\"position\":2,\"name\":\"Un nuevo espacio para la literatura\"}]},{\"@type\":\"WebSite\",\"@id\":\"https:\/\/dev.antudigital.cl\/sites\/vc\/#website\",\"url\":\"https:\/\/dev.antudigital.cl\/sites\/vc\/\",\"name\":\"Valpara\u00ed\u00adso Creativo\",\"description\":\"\",\"potentialAction\":[{\"@type\":\"SearchAction\",\"target\":{\"@type\":\"EntryPoint\",\"urlTemplate\":\"https:\/\/dev.antudigital.cl\/sites\/vc\/?s={search_term_string}\"},\"query-input\":{\"@type\":\"PropertyValueSpecification\",\"valueRequired\":true,\"valueName\":\"search_term_string\"}}],\"inLanguage\":\"es\"},{\"@type\":\"Person\",\"@id\":\"https:\/\/dev.antudigital.cl\/sites\/vc\/#\/schema\/person\/c2b9da8dd545e27166fc5ab232837318\",\"name\":\"Valpara\u00edso Creativo\",\"description\":\"Periodista de cultura en la Regi\u00f3n de Valpara\u00edso.\",\"url\":\"https:\/\/dev.antudigital.cl\/sites\/vc\/author\/valpoadmin\/\"}]}<\/script>\n<!-- \/ Yoast SEO plugin. -->","yoast_head_json":{"title":"Un nuevo espacio para la literatura - Valpara\u00ed\u00adso Creativo","robots":{"index":"index","follow":"follow","max-snippet":"max-snippet:-1","max-image-preview":"max-image-preview:large","max-video-preview":"max-video-preview:-1"},"canonical":"https:\/\/dev.antudigital.cl\/sites\/vc\/un-nuevo-espacio-para-la-literatura\/","og_locale":"es_ES","og_type":"article","og_title":"Un nuevo espacio para la literatura - Valpara\u00ed\u00adso Creativo","og_description":"Por: Valentinne Rudolphy Lleva a\u00f1os trabajando en ferias y hace varias d\u00e9cadas ejerce como librero. Enzo Reyes me recibe en la Expo Libros Vi\u00f1a que est\u00e1 ubicada entre 13 y 14 norte con Libertad, en un punto estrat\u00e9gico de Vi\u00f1a del Mar ya que se encuentra junto a los centros comerciales m\u00e1s grandes de la [&hellip;]","og_url":"https:\/\/dev.antudigital.cl\/sites\/vc\/un-nuevo-espacio-para-la-literatura\/","og_site_name":"Valpara\u00ed\u00adso Creativo","article_published_time":"2022-08-15T20:52:04+00:00","article_modified_time":"2022-08-15T20:54:54+00:00","og_image":[{"width":978,"height":360,"url":"https:\/\/dev.antudigital.cl\/sites\/vc\/wp-content\/uploads\/2022\/08\/Captura-de-Pantalla-2022-08-15-a-las-16.06.07.png","type":"image\/png"}],"author":"Valpara\u00edso Creativo","twitter_card":"summary_large_image","twitter_misc":{"Escrito por":"Valpara\u00edso Creativo","Tiempo de lectura":"6 minutos"},"schema":{"@context":"https:\/\/schema.org","@graph":[{"@type":"Article","@id":"https:\/\/dev.antudigital.cl\/sites\/vc\/un-nuevo-espacio-para-la-literatura\/#article","isPartOf":{"@id":"https:\/\/dev.antudigital.cl\/sites\/vc\/un-nuevo-espacio-para-la-literatura\/"},"author":{"name":"Valpara\u00edso Creativo","@id":"https:\/\/dev.antudigital.cl\/sites\/vc\/#\/schema\/person\/c2b9da8dd545e27166fc5ab232837318"},"headline":"Un nuevo espacio para la literatura","datePublished":"2022-08-15T20:52:04+00:00","dateModified":"2022-08-15T20:54:54+00:00","mainEntityOfPage":{"@id":"https:\/\/dev.antudigital.cl\/sites\/vc\/un-nuevo-espacio-para-la-literatura\/"},"wordCount":1216,"commentCount":0,"image":{"@id":"https:\/\/dev.antudigital.cl\/sites\/vc\/un-nuevo-espacio-para-la-literatura\/#primaryimage"},"thumbnailUrl":"https:\/\/dev.antudigital.cl\/sites\/vc\/wp-content\/uploads\/2022\/08\/Captura-de-Pantalla-2022-08-15-a-las-16.06.07.png","articleSection":["Noticia"],"inLanguage":"es","potentialAction":[{"@type":"CommentAction","name":"Comment","target":["https:\/\/dev.antudigital.cl\/sites\/vc\/un-nuevo-espacio-para-la-literatura\/#respond"]}]},{"@type":"WebPage","@id":"https:\/\/dev.antudigital.cl\/sites\/vc\/un-nuevo-espacio-para-la-literatura\/","url":"https:\/\/dev.antudigital.cl\/sites\/vc\/un-nuevo-espacio-para-la-literatura\/","name":"Un nuevo espacio para la literatura - Valpara\u00ed\u00adso Creativo","isPartOf":{"@id":"https:\/\/dev.antudigital.cl\/sites\/vc\/#website"},"primaryImageOfPage":{"@id":"https:\/\/dev.antudigital.cl\/sites\/vc\/un-nuevo-espacio-para-la-literatura\/#primaryimage"},"image":{"@id":"https:\/\/dev.antudigital.cl\/sites\/vc\/un-nuevo-espacio-para-la-literatura\/#primaryimage"},"thumbnailUrl":"https:\/\/dev.antudigital.cl\/sites\/vc\/wp-content\/uploads\/2022\/08\/Captura-de-Pantalla-2022-08-15-a-las-16.06.07.png","datePublished":"2022-08-15T20:52:04+00:00","dateModified":"2022-08-15T20:54:54+00:00","author":{"@id":"https:\/\/dev.antudigital.cl\/sites\/vc\/#\/schema\/person\/c2b9da8dd545e27166fc5ab232837318"},"breadcrumb":{"@id":"https:\/\/dev.antudigital.cl\/sites\/vc\/un-nuevo-espacio-para-la-literatura\/#breadcrumb"},"inLanguage":"es","potentialAction":[{"@type":"ReadAction","target":["https:\/\/dev.antudigital.cl\/sites\/vc\/un-nuevo-espacio-para-la-literatura\/"]}]},{"@type":"ImageObject","inLanguage":"es","@id":"https:\/\/dev.antudigital.cl\/sites\/vc\/un-nuevo-espacio-para-la-literatura\/#primaryimage","url":"https:\/\/dev.antudigital.cl\/sites\/vc\/wp-content\/uploads\/2022\/08\/Captura-de-Pantalla-2022-08-15-a-las-16.06.07.png","contentUrl":"https:\/\/dev.antudigital.cl\/sites\/vc\/wp-content\/uploads\/2022\/08\/Captura-de-Pantalla-2022-08-15-a-las-16.06.07.png","width":978,"height":360},{"@type":"BreadcrumbList","@id":"https:\/\/dev.antudigital.cl\/sites\/vc\/un-nuevo-espacio-para-la-literatura\/#breadcrumb","itemListElement":[{"@type":"ListItem","position":1,"name":"Home","item":"https:\/\/dev.antudigital.cl\/sites\/vc\/"},{"@type":"ListItem","position":2,"name":"Un nuevo espacio para la literatura"}]},{"@type":"WebSite","@id":"https:\/\/dev.antudigital.cl\/sites\/vc\/#website","url":"https:\/\/dev.antudigital.cl\/sites\/vc\/","name":"Valpara\u00ed\u00adso Creativo","description":"","potentialAction":[{"@type":"SearchAction","target":{"@type":"EntryPoint","urlTemplate":"https:\/\/dev.antudigital.cl\/sites\/vc\/?s={search_term_string}"},"query-input":{"@type":"PropertyValueSpecification","valueRequired":true,"valueName":"search_term_string"}}],"inLanguage":"es"},{"@type":"Person","@id":"https:\/\/dev.antudigital.cl\/sites\/vc\/#\/schema\/person\/c2b9da8dd545e27166fc5ab232837318","name":"Valpara\u00edso Creativo","description":"Periodista de cultura en la Regi\u00f3n de Valpara\u00edso.","url":"https:\/\/dev.antudigital.cl\/sites\/vc\/author\/valpoadmin\/"}]}},"_links":{"self":[{"href":"https:\/\/dev.antudigital.cl\/sites\/vc\/wp-json\/wp\/v2\/posts\/11478","targetHints":{"allow":["GET"]}}],"collection":[{"href":"https:\/\/dev.antudigital.cl\/sites\/vc\/wp-json\/wp\/v2\/posts"}],"about":[{"href":"https:\/\/dev.antudigital.cl\/sites\/vc\/wp-json\/wp\/v2\/types\/post"}],"author":[{"embeddable":true,"href":"https:\/\/dev.antudigital.cl\/sites\/vc\/wp-json\/wp\/v2\/users\/1"}],"replies":[{"embeddable":true,"href":"https:\/\/dev.antudigital.cl\/sites\/vc\/wp-json\/wp\/v2\/comments?post=11478"}],"version-history":[{"count":2,"href":"https:\/\/dev.antudigital.cl\/sites\/vc\/wp-json\/wp\/v2\/posts\/11478\/revisions"}],"predecessor-version":[{"id":11482,"href":"https:\/\/dev.antudigital.cl\/sites\/vc\/wp-json\/wp\/v2\/posts\/11478\/revisions\/11482"}],"wp:featuredmedia":[{"embeddable":true,"href":"https:\/\/dev.antudigital.cl\/sites\/vc\/wp-json\/wp\/v2\/media\/11480"}],"wp:attachment":[{"href":"https:\/\/dev.antudigital.cl\/sites\/vc\/wp-json\/wp\/v2\/media?parent=11478"}],"wp:term":[{"taxonomy":"category","embeddable":true,"href":"https:\/\/dev.antudigital.cl\/sites\/vc\/wp-json\/wp\/v2\/categories?post=11478"},{"taxonomy":"post_tag","embeddable":true,"href":"https:\/\/dev.antudigital.cl\/sites\/vc\/wp-json\/wp\/v2\/tags?post=11478"}],"curies":[{"name":"wp","href":"https:\/\/api.w.org\/{rel}","templated":true}]}}