{"id":11496,"date":"2022-08-22T22:12:13","date_gmt":"2022-08-22T22:12:13","guid":{"rendered":"https:\/\/www.valparaisocreativo.cl\/?p=11496"},"modified":"2022-08-22T22:12:18","modified_gmt":"2022-08-22T22:12:18","slug":"atencion-ninos-y-ninas-revisa-la-convocatoria-de-biblioteca-paul-harris","status":"publish","type":"post","link":"https:\/\/dev.antudigital.cl\/sites\/vc\/atencion-ninos-y-ninas-revisa-la-convocatoria-de-biblioteca-paul-harris\/","title":{"rendered":"\u00a1Atenci\u00f3n ni\u00f1os y ni\u00f1as! Revisa la convocatoria de Biblioteca Paul Harris"},"content":{"rendered":"\n<p>La <a href=\"https:\/\/www.villalemana.cl\/2021\/11\/biblioteca-publica-paul-harris-reabre-sus-puertas\/\">Biblioteca Paul Harris<\/a> invita a colegios a parcitipar de la agenda de septiembre y octubre para \u00abCu\u00e9ntame un Cuento\u00bb, actividades de fomento lector en\u00a0<a href=\"https:\/\/www.instagram.com\/bibliopaulharris\/\">@bibliopaulharris<\/a><\/p>\n\n\n\n<p>Las actividades son gratuitas y est\u00e1n dirigidas a ni\u00f1os, ni\u00f1as y ni\u00f1es de Primer y Segundo Nivel de Transici\u00f3n y Educaci\u00f3n B\u00e1sica (de 1\u00b0 a 6\u00b0 B\u00e1sico)<\/p>\n\n\n\n<p>Se trata de actividades l\u00fadico educativas, apoyadas con material lector, din\u00e1micas y juegos que incentivan la imaginaci\u00f3n, creatividad y el gusto por la lectura de nuestro ni\u00f1os, ni\u00f1as y ni\u00f1es.<\/p>\n\n\n\n<p>&#x1f449;&#x1f3fb;Para participar deben agendar su visita escribiendo al correo &#x1f4e9;biblioteca@villalemana.cl <\/p>\n\n\n\n<p>Se agendar\u00e1 por orden de solicitud y de acuerdo a disponibilidad en nuestro calendario.<\/p>\n\n\n\n<figure class=\"wp-block-image size-full\"><img fetchpriority=\"high\" decoding=\"async\" width=\"595\" height=\"595\" src=\"https:\/\/www.valparaisocreativo.cl\/wp-content\/uploads\/2022\/08\/Captura-de-Pantalla-2022-08-22-a-las-18.07.41.png\" alt=\"\" class=\"wp-image-11498\" srcset=\"https:\/\/dev.antudigital.cl\/sites\/vc\/wp-content\/uploads\/2022\/08\/Captura-de-Pantalla-2022-08-22-a-las-18.07.41.png 595w, https:\/\/dev.antudigital.cl\/sites\/vc\/wp-content\/uploads\/2022\/08\/Captura-de-Pantalla-2022-08-22-a-las-18.07.41-300x300.png 300w, https:\/\/dev.antudigital.cl\/sites\/vc\/wp-content\/uploads\/2022\/08\/Captura-de-Pantalla-2022-08-22-a-las-18.07.41-150x150.png 150w, https:\/\/dev.antudigital.cl\/sites\/vc\/wp-content\/uploads\/2022\/08\/Captura-de-Pantalla-2022-08-22-a-las-18.07.41-480x480.png 480w\" sizes=\"(max-width: 595px) 100vw, 595px\" \/><\/figure>\n","protected":false},"excerpt":{"rendered":"<p>La Biblioteca Paul Harris invita a colegios a parcitipar de la agenda de septiembre y octubre para \u00abCu\u00e9ntame un Cuento\u00bb, actividades de fomento lector en\u00a0@bibliopaulharris Las actividades son gratuitas y est\u00e1n dirigidas a ni\u00f1os, ni\u00f1as y ni\u00f1es de Primer y Segundo Nivel de Transici\u00f3n y Educaci\u00f3n B\u00e1sica (de 1\u00b0 a 6\u00b0 B\u00e1sico) Se trata de [&hellip;]<\/p>\n","protected":false},"author":1,"featured_media":11497,"comment_status":"open","ping_status":"closed","sticky":false,"template":"","format":"standard","meta":{"_acf_changed":false,"footnotes":""},"categories":[8],"tags":[],"class_list":["post-11496","post","type-post","status-publish","format-standard","has-post-thumbnail","hentry","category-noticia"],"acf":[],"yoast_head":"<!-- This site is optimized with the Yoast SEO plugin v27.1.1 - https:\/\/yoast.com\/product\/yoast-seo-wordpress\/ -->\n<title>\u00a1Atenci\u00f3n ni\u00f1os y ni\u00f1as! Revisa la convocatoria de Biblioteca Paul Harris - Valpara\u00ed\u00adso Creativo<\/title>\n<meta name=\"robots\" content=\"index, follow, max-snippet:-1, max-image-preview:large, max-video-preview:-1\" \/>\n<link rel=\"canonical\" href=\"https:\/\/dev.antudigital.cl\/sites\/vc\/atencion-ninos-y-ninas-revisa-la-convocatoria-de-biblioteca-paul-harris\/\" \/>\n<meta property=\"og:locale\" content=\"es_ES\" \/>\n<meta property=\"og:type\" content=\"article\" \/>\n<meta property=\"og:title\" content=\"\u00a1Atenci\u00f3n ni\u00f1os y ni\u00f1as! Revisa la convocatoria de Biblioteca Paul Harris - Valpara\u00ed\u00adso Creativo\" \/>\n<meta property=\"og:description\" content=\"La Biblioteca Paul Harris invita a colegios a parcitipar de la agenda de septiembre y octubre para \u00abCu\u00e9ntame un Cuento\u00bb, actividades de fomento lector en\u00a0@bibliopaulharris Las actividades son gratuitas y est\u00e1n dirigidas a ni\u00f1os, ni\u00f1as y ni\u00f1es de Primer y Segundo Nivel de Transici\u00f3n y Educaci\u00f3n B\u00e1sica (de 1\u00b0 a 6\u00b0 B\u00e1sico) Se trata de [&hellip;]\" \/>\n<meta property=\"og:url\" content=\"https:\/\/dev.antudigital.cl\/sites\/vc\/atencion-ninos-y-ninas-revisa-la-convocatoria-de-biblioteca-paul-harris\/\" \/>\n<meta property=\"og:site_name\" content=\"Valpara\u00ed\u00adso Creativo\" \/>\n<meta property=\"article:published_time\" content=\"2022-08-22T22:12:13+00:00\" \/>\n<meta property=\"article:modified_time\" content=\"2022-08-22T22:12:18+00:00\" \/>\n<meta property=\"og:image\" content=\"https:\/\/dev.antudigital.cl\/sites\/vc\/wp-content\/uploads\/2022\/08\/52719277_2175932632449617_6692036041940926464_n.jpeg\" \/>\n\t<meta property=\"og:image:width\" content=\"2048\" \/>\n\t<meta property=\"og:image:height\" content=\"1365\" \/>\n\t<meta property=\"og:image:type\" content=\"image\/jpeg\" \/>\n<meta name=\"author\" content=\"Valpara\u00edso Creativo\" \/>\n<meta name=\"twitter:card\" content=\"summary_large_image\" \/>\n<meta name=\"twitter:label1\" content=\"Escrito por\" \/>\n\t<meta name=\"twitter:data1\" content=\"Valpara\u00edso Creativo\" \/>\n\t<meta name=\"twitter:label2\" content=\"Tiempo de lectura\" \/>\n\t<meta name=\"twitter:data2\" content=\"1 minuto\" \/>\n<script type=\"application\/ld+json\" class=\"yoast-schema-graph\">{\"@context\":\"https:\/\/schema.org\",\"@graph\":[{\"@type\":\"Article\",\"@id\":\"https:\/\/dev.antudigital.cl\/sites\/vc\/atencion-ninos-y-ninas-revisa-la-convocatoria-de-biblioteca-paul-harris\/#article\",\"isPartOf\":{\"@id\":\"https:\/\/dev.antudigital.cl\/sites\/vc\/atencion-ninos-y-ninas-revisa-la-convocatoria-de-biblioteca-paul-harris\/\"},\"author\":{\"name\":\"Valpara\u00edso Creativo\",\"@id\":\"https:\/\/dev.antudigital.cl\/sites\/vc\/#\/schema\/person\/c2b9da8dd545e27166fc5ab232837318\"},\"headline\":\"\u00a1Atenci\u00f3n ni\u00f1os y ni\u00f1as! Revisa la convocatoria de Biblioteca Paul Harris\",\"datePublished\":\"2022-08-22T22:12:13+00:00\",\"dateModified\":\"2022-08-22T22:12:18+00:00\",\"mainEntityOfPage\":{\"@id\":\"https:\/\/dev.antudigital.cl\/sites\/vc\/atencion-ninos-y-ninas-revisa-la-convocatoria-de-biblioteca-paul-harris\/\"},\"wordCount\":144,\"commentCount\":0,\"image\":{\"@id\":\"https:\/\/dev.antudigital.cl\/sites\/vc\/atencion-ninos-y-ninas-revisa-la-convocatoria-de-biblioteca-paul-harris\/#primaryimage\"},\"thumbnailUrl\":\"https:\/\/dev.antudigital.cl\/sites\/vc\/wp-content\/uploads\/2022\/08\/52719277_2175932632449617_6692036041940926464_n.jpeg\",\"articleSection\":[\"Noticia\"],\"inLanguage\":\"es\",\"potentialAction\":[{\"@type\":\"CommentAction\",\"name\":\"Comment\",\"target\":[\"https:\/\/dev.antudigital.cl\/sites\/vc\/atencion-ninos-y-ninas-revisa-la-convocatoria-de-biblioteca-paul-harris\/#respond\"]}]},{\"@type\":\"WebPage\",\"@id\":\"https:\/\/dev.antudigital.cl\/sites\/vc\/atencion-ninos-y-ninas-revisa-la-convocatoria-de-biblioteca-paul-harris\/\",\"url\":\"https:\/\/dev.antudigital.cl\/sites\/vc\/atencion-ninos-y-ninas-revisa-la-convocatoria-de-biblioteca-paul-harris\/\",\"name\":\"\u00a1Atenci\u00f3n ni\u00f1os y ni\u00f1as! Revisa la convocatoria de Biblioteca Paul Harris - Valpara\u00ed\u00adso Creativo\",\"isPartOf\":{\"@id\":\"https:\/\/dev.antudigital.cl\/sites\/vc\/#website\"},\"primaryImageOfPage\":{\"@id\":\"https:\/\/dev.antudigital.cl\/sites\/vc\/atencion-ninos-y-ninas-revisa-la-convocatoria-de-biblioteca-paul-harris\/#primaryimage\"},\"image\":{\"@id\":\"https:\/\/dev.antudigital.cl\/sites\/vc\/atencion-ninos-y-ninas-revisa-la-convocatoria-de-biblioteca-paul-harris\/#primaryimage\"},\"thumbnailUrl\":\"https:\/\/dev.antudigital.cl\/sites\/vc\/wp-content\/uploads\/2022\/08\/52719277_2175932632449617_6692036041940926464_n.jpeg\",\"datePublished\":\"2022-08-22T22:12:13+00:00\",\"dateModified\":\"2022-08-22T22:12:18+00:00\",\"author\":{\"@id\":\"https:\/\/dev.antudigital.cl\/sites\/vc\/#\/schema\/person\/c2b9da8dd545e27166fc5ab232837318\"},\"breadcrumb\":{\"@id\":\"https:\/\/dev.antudigital.cl\/sites\/vc\/atencion-ninos-y-ninas-revisa-la-convocatoria-de-biblioteca-paul-harris\/#breadcrumb\"},\"inLanguage\":\"es\",\"potentialAction\":[{\"@type\":\"ReadAction\",\"target\":[\"https:\/\/dev.antudigital.cl\/sites\/vc\/atencion-ninos-y-ninas-revisa-la-convocatoria-de-biblioteca-paul-harris\/\"]}]},{\"@type\":\"ImageObject\",\"inLanguage\":\"es\",\"@id\":\"https:\/\/dev.antudigital.cl\/sites\/vc\/atencion-ninos-y-ninas-revisa-la-convocatoria-de-biblioteca-paul-harris\/#primaryimage\",\"url\":\"https:\/\/dev.antudigital.cl\/sites\/vc\/wp-content\/uploads\/2022\/08\/52719277_2175932632449617_6692036041940926464_n.jpeg\",\"contentUrl\":\"https:\/\/dev.antudigital.cl\/sites\/vc\/wp-content\/uploads\/2022\/08\/52719277_2175932632449617_6692036041940926464_n.jpeg\",\"width\":2048,\"height\":1365},{\"@type\":\"BreadcrumbList\",\"@id\":\"https:\/\/dev.antudigital.cl\/sites\/vc\/atencion-ninos-y-ninas-revisa-la-convocatoria-de-biblioteca-paul-harris\/#breadcrumb\",\"itemListElement\":[{\"@type\":\"ListItem\",\"position\":1,\"name\":\"Home\",\"item\":\"https:\/\/dev.antudigital.cl\/sites\/vc\/\"},{\"@type\":\"ListItem\",\"position\":2,\"name\":\"\u00a1Atenci\u00f3n ni\u00f1os y ni\u00f1as! Revisa la convocatoria de Biblioteca Paul Harris\"}]},{\"@type\":\"WebSite\",\"@id\":\"https:\/\/dev.antudigital.cl\/sites\/vc\/#website\",\"url\":\"https:\/\/dev.antudigital.cl\/sites\/vc\/\",\"name\":\"Valpara\u00ed\u00adso Creativo\",\"description\":\"\",\"potentialAction\":[{\"@type\":\"SearchAction\",\"target\":{\"@type\":\"EntryPoint\",\"urlTemplate\":\"https:\/\/dev.antudigital.cl\/sites\/vc\/?s={search_term_string}\"},\"query-input\":{\"@type\":\"PropertyValueSpecification\",\"valueRequired\":true,\"valueName\":\"search_term_string\"}}],\"inLanguage\":\"es\"},{\"@type\":\"Person\",\"@id\":\"https:\/\/dev.antudigital.cl\/sites\/vc\/#\/schema\/person\/c2b9da8dd545e27166fc5ab232837318\",\"name\":\"Valpara\u00edso Creativo\",\"description\":\"Periodista de cultura en la Regi\u00f3n de Valpara\u00edso.\",\"url\":\"https:\/\/dev.antudigital.cl\/sites\/vc\/author\/valpoadmin\/\"}]}<\/script>\n<!-- \/ Yoast SEO plugin. -->","yoast_head_json":{"title":"\u00a1Atenci\u00f3n ni\u00f1os y ni\u00f1as! Revisa la convocatoria de Biblioteca Paul Harris - Valpara\u00ed\u00adso Creativo","robots":{"index":"index","follow":"follow","max-snippet":"max-snippet:-1","max-image-preview":"max-image-preview:large","max-video-preview":"max-video-preview:-1"},"canonical":"https:\/\/dev.antudigital.cl\/sites\/vc\/atencion-ninos-y-ninas-revisa-la-convocatoria-de-biblioteca-paul-harris\/","og_locale":"es_ES","og_type":"article","og_title":"\u00a1Atenci\u00f3n ni\u00f1os y ni\u00f1as! Revisa la convocatoria de Biblioteca Paul Harris - Valpara\u00ed\u00adso Creativo","og_description":"La Biblioteca Paul Harris invita a colegios a parcitipar de la agenda de septiembre y octubre para \u00abCu\u00e9ntame un Cuento\u00bb, actividades de fomento lector en\u00a0@bibliopaulharris Las actividades son gratuitas y est\u00e1n dirigidas a ni\u00f1os, ni\u00f1as y ni\u00f1es de Primer y Segundo Nivel de Transici\u00f3n y Educaci\u00f3n B\u00e1sica (de 1\u00b0 a 6\u00b0 B\u00e1sico) Se trata de [&hellip;]","og_url":"https:\/\/dev.antudigital.cl\/sites\/vc\/atencion-ninos-y-ninas-revisa-la-convocatoria-de-biblioteca-paul-harris\/","og_site_name":"Valpara\u00ed\u00adso Creativo","article_published_time":"2022-08-22T22:12:13+00:00","article_modified_time":"2022-08-22T22:12:18+00:00","og_image":[{"width":2048,"height":1365,"url":"https:\/\/dev.antudigital.cl\/sites\/vc\/wp-content\/uploads\/2022\/08\/52719277_2175932632449617_6692036041940926464_n.jpeg","type":"image\/jpeg"}],"author":"Valpara\u00edso Creativo","twitter_card":"summary_large_image","twitter_misc":{"Escrito por":"Valpara\u00edso Creativo","Tiempo de lectura":"1 minuto"},"schema":{"@context":"https:\/\/schema.org","@graph":[{"@type":"Article","@id":"https:\/\/dev.antudigital.cl\/sites\/vc\/atencion-ninos-y-ninas-revisa-la-convocatoria-de-biblioteca-paul-harris\/#article","isPartOf":{"@id":"https:\/\/dev.antudigital.cl\/sites\/vc\/atencion-ninos-y-ninas-revisa-la-convocatoria-de-biblioteca-paul-harris\/"},"author":{"name":"Valpara\u00edso Creativo","@id":"https:\/\/dev.antudigital.cl\/sites\/vc\/#\/schema\/person\/c2b9da8dd545e27166fc5ab232837318"},"headline":"\u00a1Atenci\u00f3n ni\u00f1os y ni\u00f1as! Revisa la convocatoria de Biblioteca Paul Harris","datePublished":"2022-08-22T22:12:13+00:00","dateModified":"2022-08-22T22:12:18+00:00","mainEntityOfPage":{"@id":"https:\/\/dev.antudigital.cl\/sites\/vc\/atencion-ninos-y-ninas-revisa-la-convocatoria-de-biblioteca-paul-harris\/"},"wordCount":144,"commentCount":0,"image":{"@id":"https:\/\/dev.antudigital.cl\/sites\/vc\/atencion-ninos-y-ninas-revisa-la-convocatoria-de-biblioteca-paul-harris\/#primaryimage"},"thumbnailUrl":"https:\/\/dev.antudigital.cl\/sites\/vc\/wp-content\/uploads\/2022\/08\/52719277_2175932632449617_6692036041940926464_n.jpeg","articleSection":["Noticia"],"inLanguage":"es","potentialAction":[{"@type":"CommentAction","name":"Comment","target":["https:\/\/dev.antudigital.cl\/sites\/vc\/atencion-ninos-y-ninas-revisa-la-convocatoria-de-biblioteca-paul-harris\/#respond"]}]},{"@type":"WebPage","@id":"https:\/\/dev.antudigital.cl\/sites\/vc\/atencion-ninos-y-ninas-revisa-la-convocatoria-de-biblioteca-paul-harris\/","url":"https:\/\/dev.antudigital.cl\/sites\/vc\/atencion-ninos-y-ninas-revisa-la-convocatoria-de-biblioteca-paul-harris\/","name":"\u00a1Atenci\u00f3n ni\u00f1os y ni\u00f1as! Revisa la convocatoria de Biblioteca Paul Harris - Valpara\u00ed\u00adso Creativo","isPartOf":{"@id":"https:\/\/dev.antudigital.cl\/sites\/vc\/#website"},"primaryImageOfPage":{"@id":"https:\/\/dev.antudigital.cl\/sites\/vc\/atencion-ninos-y-ninas-revisa-la-convocatoria-de-biblioteca-paul-harris\/#primaryimage"},"image":{"@id":"https:\/\/dev.antudigital.cl\/sites\/vc\/atencion-ninos-y-ninas-revisa-la-convocatoria-de-biblioteca-paul-harris\/#primaryimage"},"thumbnailUrl":"https:\/\/dev.antudigital.cl\/sites\/vc\/wp-content\/uploads\/2022\/08\/52719277_2175932632449617_6692036041940926464_n.jpeg","datePublished":"2022-08-22T22:12:13+00:00","dateModified":"2022-08-22T22:12:18+00:00","author":{"@id":"https:\/\/dev.antudigital.cl\/sites\/vc\/#\/schema\/person\/c2b9da8dd545e27166fc5ab232837318"},"breadcrumb":{"@id":"https:\/\/dev.antudigital.cl\/sites\/vc\/atencion-ninos-y-ninas-revisa-la-convocatoria-de-biblioteca-paul-harris\/#breadcrumb"},"inLanguage":"es","potentialAction":[{"@type":"ReadAction","target":["https:\/\/dev.antudigital.cl\/sites\/vc\/atencion-ninos-y-ninas-revisa-la-convocatoria-de-biblioteca-paul-harris\/"]}]},{"@type":"ImageObject","inLanguage":"es","@id":"https:\/\/dev.antudigital.cl\/sites\/vc\/atencion-ninos-y-ninas-revisa-la-convocatoria-de-biblioteca-paul-harris\/#primaryimage","url":"https:\/\/dev.antudigital.cl\/sites\/vc\/wp-content\/uploads\/2022\/08\/52719277_2175932632449617_6692036041940926464_n.jpeg","contentUrl":"https:\/\/dev.antudigital.cl\/sites\/vc\/wp-content\/uploads\/2022\/08\/52719277_2175932632449617_6692036041940926464_n.jpeg","width":2048,"height":1365},{"@type":"BreadcrumbList","@id":"https:\/\/dev.antudigital.cl\/sites\/vc\/atencion-ninos-y-ninas-revisa-la-convocatoria-de-biblioteca-paul-harris\/#breadcrumb","itemListElement":[{"@type":"ListItem","position":1,"name":"Home","item":"https:\/\/dev.antudigital.cl\/sites\/vc\/"},{"@type":"ListItem","position":2,"name":"\u00a1Atenci\u00f3n ni\u00f1os y ni\u00f1as! Revisa la convocatoria de Biblioteca Paul Harris"}]},{"@type":"WebSite","@id":"https:\/\/dev.antudigital.cl\/sites\/vc\/#website","url":"https:\/\/dev.antudigital.cl\/sites\/vc\/","name":"Valpara\u00ed\u00adso Creativo","description":"","potentialAction":[{"@type":"SearchAction","target":{"@type":"EntryPoint","urlTemplate":"https:\/\/dev.antudigital.cl\/sites\/vc\/?s={search_term_string}"},"query-input":{"@type":"PropertyValueSpecification","valueRequired":true,"valueName":"search_term_string"}}],"inLanguage":"es"},{"@type":"Person","@id":"https:\/\/dev.antudigital.cl\/sites\/vc\/#\/schema\/person\/c2b9da8dd545e27166fc5ab232837318","name":"Valpara\u00edso Creativo","description":"Periodista de cultura en la Regi\u00f3n de Valpara\u00edso.","url":"https:\/\/dev.antudigital.cl\/sites\/vc\/author\/valpoadmin\/"}]}},"_links":{"self":[{"href":"https:\/\/dev.antudigital.cl\/sites\/vc\/wp-json\/wp\/v2\/posts\/11496","targetHints":{"allow":["GET"]}}],"collection":[{"href":"https:\/\/dev.antudigital.cl\/sites\/vc\/wp-json\/wp\/v2\/posts"}],"about":[{"href":"https:\/\/dev.antudigital.cl\/sites\/vc\/wp-json\/wp\/v2\/types\/post"}],"author":[{"embeddable":true,"href":"https:\/\/dev.antudigital.cl\/sites\/vc\/wp-json\/wp\/v2\/users\/1"}],"replies":[{"embeddable":true,"href":"https:\/\/dev.antudigital.cl\/sites\/vc\/wp-json\/wp\/v2\/comments?post=11496"}],"version-history":[{"count":1,"href":"https:\/\/dev.antudigital.cl\/sites\/vc\/wp-json\/wp\/v2\/posts\/11496\/revisions"}],"predecessor-version":[{"id":11499,"href":"https:\/\/dev.antudigital.cl\/sites\/vc\/wp-json\/wp\/v2\/posts\/11496\/revisions\/11499"}],"wp:featuredmedia":[{"embeddable":true,"href":"https:\/\/dev.antudigital.cl\/sites\/vc\/wp-json\/wp\/v2\/media\/11497"}],"wp:attachment":[{"href":"https:\/\/dev.antudigital.cl\/sites\/vc\/wp-json\/wp\/v2\/media?parent=11496"}],"wp:term":[{"taxonomy":"category","embeddable":true,"href":"https:\/\/dev.antudigital.cl\/sites\/vc\/wp-json\/wp\/v2\/categories?post=11496"},{"taxonomy":"post_tag","embeddable":true,"href":"https:\/\/dev.antudigital.cl\/sites\/vc\/wp-json\/wp\/v2\/tags?post=11496"}],"curies":[{"name":"wp","href":"https:\/\/api.w.org\/{rel}","templated":true}]}}