{"id":11504,"date":"2022-08-22T22:25:49","date_gmt":"2022-08-22T22:25:49","guid":{"rendered":"https:\/\/www.valparaisocreativo.cl\/?p=11504"},"modified":"2022-08-22T22:26:10","modified_gmt":"2022-08-22T22:26:10","slug":"nueva-convocatoria-proyecto-valparaiso-arcoiris","status":"publish","type":"post","link":"https:\/\/dev.antudigital.cl\/sites\/vc\/nueva-convocatoria-proyecto-valparaiso-arcoiris\/","title":{"rendered":"Nueva convocatoria: Proyecto Valpara\u00edso Arco\u00edris"},"content":{"rendered":"\n<p>\u00a1Pintemos nuestro plan de m\u00faltiples colores! Si eres parte del muralismo o de alg\u00fan colectivo muralista, te invitamos a participar del Proyecto Valpara\u00edso Arco\u00edris de la <a href=\"https:\/\/www.instagram.com\/valpocultura\/\">Alcald\u00eda Ciudadana<\/a>.<\/p>\n\n\n\n<p>En colaboraci\u00f3n con el Museo Baburizza y Tricolor, presentamos esta oportunidad para darle una nueva cara a nuestro&nbsp;<a href=\"https:\/\/www.instagram.com\/explore\/tags\/valpara%C3%ADso%E2%9C%A8\/\">#Valpara\u00edso&#x2728;<\/a>, vincul\u00e1ndolo con el arte y la comunidad porte\u00f1a&#x1f44f;&#x1f4e3;.<\/p>\n\n\n\n<p>&#x1f4cb; Revisa las bases y formularios en <a href=\"http:\/\/museobaburizza.cl\">museobaburizza.cl<\/a>.<\/p>\n\n\n\n<figure class=\"wp-block-image size-large\"><img fetchpriority=\"high\" decoding=\"async\" width=\"820\" height=\"1024\" src=\"https:\/\/www.valparaisocreativo.cl\/wp-content\/uploads\/2022\/08\/300448542_3187981481413567_4883734977625610487_n-820x1024.jpeg\" alt=\"\" class=\"wp-image-11505\" srcset=\"https:\/\/dev.antudigital.cl\/sites\/vc\/wp-content\/uploads\/2022\/08\/300448542_3187981481413567_4883734977625610487_n-820x1024.jpeg 820w, https:\/\/dev.antudigital.cl\/sites\/vc\/wp-content\/uploads\/2022\/08\/300448542_3187981481413567_4883734977625610487_n-240x300.jpeg 240w, https:\/\/dev.antudigital.cl\/sites\/vc\/wp-content\/uploads\/2022\/08\/300448542_3187981481413567_4883734977625610487_n-768x959.jpeg 768w, https:\/\/dev.antudigital.cl\/sites\/vc\/wp-content\/uploads\/2022\/08\/300448542_3187981481413567_4883734977625610487_n-980x1224.jpeg 980w, https:\/\/dev.antudigital.cl\/sites\/vc\/wp-content\/uploads\/2022\/08\/300448542_3187981481413567_4883734977625610487_n-480x600.jpeg 480w, https:\/\/dev.antudigital.cl\/sites\/vc\/wp-content\/uploads\/2022\/08\/300448542_3187981481413567_4883734977625610487_n.jpeg 1024w\" sizes=\"(max-width: 820px) 100vw, 820px\" \/><\/figure>\n","protected":false},"excerpt":{"rendered":"<p>\u00a1Pintemos nuestro plan de m\u00faltiples colores! Si eres parte del muralismo o de alg\u00fan colectivo muralista, te invitamos a participar del Proyecto Valpara\u00edso Arco\u00edris de la Alcald\u00eda Ciudadana. En colaboraci\u00f3n con el Museo Baburizza y Tricolor, presentamos esta oportunidad para darle una nueva cara a nuestro&nbsp;#Valpara\u00edso&#x2728;, vincul\u00e1ndolo con el arte y la comunidad porte\u00f1a&#x1f44f;&#x1f4e3;. &#x1f4cb; [&hellip;]<\/p>\n","protected":false},"author":1,"featured_media":11506,"comment_status":"open","ping_status":"closed","sticky":false,"template":"","format":"standard","meta":{"_acf_changed":false,"footnotes":""},"categories":[8],"tags":[],"class_list":["post-11504","post","type-post","status-publish","format-standard","has-post-thumbnail","hentry","category-noticia"],"acf":[],"yoast_head":"<!-- This site is optimized with the Yoast SEO plugin v27.1.1 - https:\/\/yoast.com\/product\/yoast-seo-wordpress\/ -->\n<title>Nueva convocatoria: Proyecto Valpara\u00edso Arco\u00edris - Valpara\u00ed\u00adso Creativo<\/title>\n<meta name=\"robots\" content=\"index, follow, max-snippet:-1, max-image-preview:large, max-video-preview:-1\" \/>\n<link rel=\"canonical\" href=\"https:\/\/dev.antudigital.cl\/sites\/vc\/nueva-convocatoria-proyecto-valparaiso-arcoiris\/\" \/>\n<meta property=\"og:locale\" content=\"es_ES\" \/>\n<meta property=\"og:type\" content=\"article\" \/>\n<meta property=\"og:title\" content=\"Nueva convocatoria: Proyecto Valpara\u00edso Arco\u00edris - Valpara\u00ed\u00adso Creativo\" \/>\n<meta property=\"og:description\" content=\"\u00a1Pintemos nuestro plan de m\u00faltiples colores! Si eres parte del muralismo o de alg\u00fan colectivo muralista, te invitamos a participar del Proyecto Valpara\u00edso Arco\u00edris de la Alcald\u00eda Ciudadana. En colaboraci\u00f3n con el Museo Baburizza y Tricolor, presentamos esta oportunidad para darle una nueva cara a nuestro&nbsp;#Valpara\u00edso&#x2728;, vincul\u00e1ndolo con el arte y la comunidad porte\u00f1a&#x1f44f;&#x1f4e3;. &#x1f4cb; [&hellip;]\" \/>\n<meta property=\"og:url\" content=\"https:\/\/dev.antudigital.cl\/sites\/vc\/nueva-convocatoria-proyecto-valparaiso-arcoiris\/\" \/>\n<meta property=\"og:site_name\" content=\"Valpara\u00ed\u00adso Creativo\" \/>\n<meta property=\"article:published_time\" content=\"2022-08-22T22:25:49+00:00\" \/>\n<meta property=\"article:modified_time\" content=\"2022-08-22T22:26:10+00:00\" \/>\n<meta property=\"og:image\" content=\"https:\/\/dev.antudigital.cl\/sites\/vc\/wp-content\/uploads\/2022\/08\/VALPARAISOCREATIVO-16-scaled.jpg\" \/>\n\t<meta property=\"og:image:width\" content=\"2560\" \/>\n\t<meta property=\"og:image:height\" content=\"998\" \/>\n\t<meta property=\"og:image:type\" content=\"image\/jpeg\" \/>\n<meta name=\"author\" content=\"Valpara\u00edso Creativo\" \/>\n<meta name=\"twitter:card\" content=\"summary_large_image\" \/>\n<meta name=\"twitter:label1\" content=\"Escrito por\" \/>\n\t<meta name=\"twitter:data1\" content=\"Valpara\u00edso Creativo\" \/>\n\t<meta name=\"twitter:label2\" content=\"Tiempo de lectura\" \/>\n\t<meta name=\"twitter:data2\" content=\"1 minuto\" \/>\n<script type=\"application\/ld+json\" class=\"yoast-schema-graph\">{\"@context\":\"https:\/\/schema.org\",\"@graph\":[{\"@type\":\"Article\",\"@id\":\"https:\/\/dev.antudigital.cl\/sites\/vc\/nueva-convocatoria-proyecto-valparaiso-arcoiris\/#article\",\"isPartOf\":{\"@id\":\"https:\/\/dev.antudigital.cl\/sites\/vc\/nueva-convocatoria-proyecto-valparaiso-arcoiris\/\"},\"author\":{\"name\":\"Valpara\u00edso Creativo\",\"@id\":\"https:\/\/dev.antudigital.cl\/sites\/vc\/#\/schema\/person\/c2b9da8dd545e27166fc5ab232837318\"},\"headline\":\"Nueva convocatoria: Proyecto Valpara\u00edso Arco\u00edris\",\"datePublished\":\"2022-08-22T22:25:49+00:00\",\"dateModified\":\"2022-08-22T22:26:10+00:00\",\"mainEntityOfPage\":{\"@id\":\"https:\/\/dev.antudigital.cl\/sites\/vc\/nueva-convocatoria-proyecto-valparaiso-arcoiris\/\"},\"wordCount\":90,\"commentCount\":0,\"image\":{\"@id\":\"https:\/\/dev.antudigital.cl\/sites\/vc\/nueva-convocatoria-proyecto-valparaiso-arcoiris\/#primaryimage\"},\"thumbnailUrl\":\"https:\/\/dev.antudigital.cl\/sites\/vc\/wp-content\/uploads\/2022\/08\/VALPARAISOCREATIVO-16-scaled.jpg\",\"articleSection\":[\"Noticia\"],\"inLanguage\":\"es\",\"potentialAction\":[{\"@type\":\"CommentAction\",\"name\":\"Comment\",\"target\":[\"https:\/\/dev.antudigital.cl\/sites\/vc\/nueva-convocatoria-proyecto-valparaiso-arcoiris\/#respond\"]}]},{\"@type\":\"WebPage\",\"@id\":\"https:\/\/dev.antudigital.cl\/sites\/vc\/nueva-convocatoria-proyecto-valparaiso-arcoiris\/\",\"url\":\"https:\/\/dev.antudigital.cl\/sites\/vc\/nueva-convocatoria-proyecto-valparaiso-arcoiris\/\",\"name\":\"Nueva convocatoria: Proyecto Valpara\u00edso Arco\u00edris - Valpara\u00ed\u00adso Creativo\",\"isPartOf\":{\"@id\":\"https:\/\/dev.antudigital.cl\/sites\/vc\/#website\"},\"primaryImageOfPage\":{\"@id\":\"https:\/\/dev.antudigital.cl\/sites\/vc\/nueva-convocatoria-proyecto-valparaiso-arcoiris\/#primaryimage\"},\"image\":{\"@id\":\"https:\/\/dev.antudigital.cl\/sites\/vc\/nueva-convocatoria-proyecto-valparaiso-arcoiris\/#primaryimage\"},\"thumbnailUrl\":\"https:\/\/dev.antudigital.cl\/sites\/vc\/wp-content\/uploads\/2022\/08\/VALPARAISOCREATIVO-16-scaled.jpg\",\"datePublished\":\"2022-08-22T22:25:49+00:00\",\"dateModified\":\"2022-08-22T22:26:10+00:00\",\"author\":{\"@id\":\"https:\/\/dev.antudigital.cl\/sites\/vc\/#\/schema\/person\/c2b9da8dd545e27166fc5ab232837318\"},\"breadcrumb\":{\"@id\":\"https:\/\/dev.antudigital.cl\/sites\/vc\/nueva-convocatoria-proyecto-valparaiso-arcoiris\/#breadcrumb\"},\"inLanguage\":\"es\",\"potentialAction\":[{\"@type\":\"ReadAction\",\"target\":[\"https:\/\/dev.antudigital.cl\/sites\/vc\/nueva-convocatoria-proyecto-valparaiso-arcoiris\/\"]}]},{\"@type\":\"ImageObject\",\"inLanguage\":\"es\",\"@id\":\"https:\/\/dev.antudigital.cl\/sites\/vc\/nueva-convocatoria-proyecto-valparaiso-arcoiris\/#primaryimage\",\"url\":\"https:\/\/dev.antudigital.cl\/sites\/vc\/wp-content\/uploads\/2022\/08\/VALPARAISOCREATIVO-16-scaled.jpg\",\"contentUrl\":\"https:\/\/dev.antudigital.cl\/sites\/vc\/wp-content\/uploads\/2022\/08\/VALPARAISOCREATIVO-16-scaled.jpg\",\"width\":2560,\"height\":998},{\"@type\":\"BreadcrumbList\",\"@id\":\"https:\/\/dev.antudigital.cl\/sites\/vc\/nueva-convocatoria-proyecto-valparaiso-arcoiris\/#breadcrumb\",\"itemListElement\":[{\"@type\":\"ListItem\",\"position\":1,\"name\":\"Home\",\"item\":\"https:\/\/dev.antudigital.cl\/sites\/vc\/\"},{\"@type\":\"ListItem\",\"position\":2,\"name\":\"Nueva convocatoria: Proyecto Valpara\u00edso Arco\u00edris\"}]},{\"@type\":\"WebSite\",\"@id\":\"https:\/\/dev.antudigital.cl\/sites\/vc\/#website\",\"url\":\"https:\/\/dev.antudigital.cl\/sites\/vc\/\",\"name\":\"Valpara\u00ed\u00adso Creativo\",\"description\":\"\",\"potentialAction\":[{\"@type\":\"SearchAction\",\"target\":{\"@type\":\"EntryPoint\",\"urlTemplate\":\"https:\/\/dev.antudigital.cl\/sites\/vc\/?s={search_term_string}\"},\"query-input\":{\"@type\":\"PropertyValueSpecification\",\"valueRequired\":true,\"valueName\":\"search_term_string\"}}],\"inLanguage\":\"es\"},{\"@type\":\"Person\",\"@id\":\"https:\/\/dev.antudigital.cl\/sites\/vc\/#\/schema\/person\/c2b9da8dd545e27166fc5ab232837318\",\"name\":\"Valpara\u00edso Creativo\",\"description\":\"Periodista de cultura en la Regi\u00f3n de Valpara\u00edso.\",\"url\":\"https:\/\/dev.antudigital.cl\/sites\/vc\/author\/valpoadmin\/\"}]}<\/script>\n<!-- \/ Yoast SEO plugin. -->","yoast_head_json":{"title":"Nueva convocatoria: Proyecto Valpara\u00edso Arco\u00edris - Valpara\u00ed\u00adso Creativo","robots":{"index":"index","follow":"follow","max-snippet":"max-snippet:-1","max-image-preview":"max-image-preview:large","max-video-preview":"max-video-preview:-1"},"canonical":"https:\/\/dev.antudigital.cl\/sites\/vc\/nueva-convocatoria-proyecto-valparaiso-arcoiris\/","og_locale":"es_ES","og_type":"article","og_title":"Nueva convocatoria: Proyecto Valpara\u00edso Arco\u00edris - Valpara\u00ed\u00adso Creativo","og_description":"\u00a1Pintemos nuestro plan de m\u00faltiples colores! Si eres parte del muralismo o de alg\u00fan colectivo muralista, te invitamos a participar del Proyecto Valpara\u00edso Arco\u00edris de la Alcald\u00eda Ciudadana. En colaboraci\u00f3n con el Museo Baburizza y Tricolor, presentamos esta oportunidad para darle una nueva cara a nuestro&nbsp;#Valpara\u00edso&#x2728;, vincul\u00e1ndolo con el arte y la comunidad porte\u00f1a&#x1f44f;&#x1f4e3;. &#x1f4cb; [&hellip;]","og_url":"https:\/\/dev.antudigital.cl\/sites\/vc\/nueva-convocatoria-proyecto-valparaiso-arcoiris\/","og_site_name":"Valpara\u00ed\u00adso Creativo","article_published_time":"2022-08-22T22:25:49+00:00","article_modified_time":"2022-08-22T22:26:10+00:00","og_image":[{"width":2560,"height":998,"url":"https:\/\/dev.antudigital.cl\/sites\/vc\/wp-content\/uploads\/2022\/08\/VALPARAISOCREATIVO-16-scaled.jpg","type":"image\/jpeg"}],"author":"Valpara\u00edso Creativo","twitter_card":"summary_large_image","twitter_misc":{"Escrito por":"Valpara\u00edso Creativo","Tiempo de lectura":"1 minuto"},"schema":{"@context":"https:\/\/schema.org","@graph":[{"@type":"Article","@id":"https:\/\/dev.antudigital.cl\/sites\/vc\/nueva-convocatoria-proyecto-valparaiso-arcoiris\/#article","isPartOf":{"@id":"https:\/\/dev.antudigital.cl\/sites\/vc\/nueva-convocatoria-proyecto-valparaiso-arcoiris\/"},"author":{"name":"Valpara\u00edso Creativo","@id":"https:\/\/dev.antudigital.cl\/sites\/vc\/#\/schema\/person\/c2b9da8dd545e27166fc5ab232837318"},"headline":"Nueva convocatoria: Proyecto Valpara\u00edso Arco\u00edris","datePublished":"2022-08-22T22:25:49+00:00","dateModified":"2022-08-22T22:26:10+00:00","mainEntityOfPage":{"@id":"https:\/\/dev.antudigital.cl\/sites\/vc\/nueva-convocatoria-proyecto-valparaiso-arcoiris\/"},"wordCount":90,"commentCount":0,"image":{"@id":"https:\/\/dev.antudigital.cl\/sites\/vc\/nueva-convocatoria-proyecto-valparaiso-arcoiris\/#primaryimage"},"thumbnailUrl":"https:\/\/dev.antudigital.cl\/sites\/vc\/wp-content\/uploads\/2022\/08\/VALPARAISOCREATIVO-16-scaled.jpg","articleSection":["Noticia"],"inLanguage":"es","potentialAction":[{"@type":"CommentAction","name":"Comment","target":["https:\/\/dev.antudigital.cl\/sites\/vc\/nueva-convocatoria-proyecto-valparaiso-arcoiris\/#respond"]}]},{"@type":"WebPage","@id":"https:\/\/dev.antudigital.cl\/sites\/vc\/nueva-convocatoria-proyecto-valparaiso-arcoiris\/","url":"https:\/\/dev.antudigital.cl\/sites\/vc\/nueva-convocatoria-proyecto-valparaiso-arcoiris\/","name":"Nueva convocatoria: Proyecto Valpara\u00edso Arco\u00edris - Valpara\u00ed\u00adso Creativo","isPartOf":{"@id":"https:\/\/dev.antudigital.cl\/sites\/vc\/#website"},"primaryImageOfPage":{"@id":"https:\/\/dev.antudigital.cl\/sites\/vc\/nueva-convocatoria-proyecto-valparaiso-arcoiris\/#primaryimage"},"image":{"@id":"https:\/\/dev.antudigital.cl\/sites\/vc\/nueva-convocatoria-proyecto-valparaiso-arcoiris\/#primaryimage"},"thumbnailUrl":"https:\/\/dev.antudigital.cl\/sites\/vc\/wp-content\/uploads\/2022\/08\/VALPARAISOCREATIVO-16-scaled.jpg","datePublished":"2022-08-22T22:25:49+00:00","dateModified":"2022-08-22T22:26:10+00:00","author":{"@id":"https:\/\/dev.antudigital.cl\/sites\/vc\/#\/schema\/person\/c2b9da8dd545e27166fc5ab232837318"},"breadcrumb":{"@id":"https:\/\/dev.antudigital.cl\/sites\/vc\/nueva-convocatoria-proyecto-valparaiso-arcoiris\/#breadcrumb"},"inLanguage":"es","potentialAction":[{"@type":"ReadAction","target":["https:\/\/dev.antudigital.cl\/sites\/vc\/nueva-convocatoria-proyecto-valparaiso-arcoiris\/"]}]},{"@type":"ImageObject","inLanguage":"es","@id":"https:\/\/dev.antudigital.cl\/sites\/vc\/nueva-convocatoria-proyecto-valparaiso-arcoiris\/#primaryimage","url":"https:\/\/dev.antudigital.cl\/sites\/vc\/wp-content\/uploads\/2022\/08\/VALPARAISOCREATIVO-16-scaled.jpg","contentUrl":"https:\/\/dev.antudigital.cl\/sites\/vc\/wp-content\/uploads\/2022\/08\/VALPARAISOCREATIVO-16-scaled.jpg","width":2560,"height":998},{"@type":"BreadcrumbList","@id":"https:\/\/dev.antudigital.cl\/sites\/vc\/nueva-convocatoria-proyecto-valparaiso-arcoiris\/#breadcrumb","itemListElement":[{"@type":"ListItem","position":1,"name":"Home","item":"https:\/\/dev.antudigital.cl\/sites\/vc\/"},{"@type":"ListItem","position":2,"name":"Nueva convocatoria: Proyecto Valpara\u00edso Arco\u00edris"}]},{"@type":"WebSite","@id":"https:\/\/dev.antudigital.cl\/sites\/vc\/#website","url":"https:\/\/dev.antudigital.cl\/sites\/vc\/","name":"Valpara\u00ed\u00adso Creativo","description":"","potentialAction":[{"@type":"SearchAction","target":{"@type":"EntryPoint","urlTemplate":"https:\/\/dev.antudigital.cl\/sites\/vc\/?s={search_term_string}"},"query-input":{"@type":"PropertyValueSpecification","valueRequired":true,"valueName":"search_term_string"}}],"inLanguage":"es"},{"@type":"Person","@id":"https:\/\/dev.antudigital.cl\/sites\/vc\/#\/schema\/person\/c2b9da8dd545e27166fc5ab232837318","name":"Valpara\u00edso Creativo","description":"Periodista de cultura en la Regi\u00f3n de Valpara\u00edso.","url":"https:\/\/dev.antudigital.cl\/sites\/vc\/author\/valpoadmin\/"}]}},"_links":{"self":[{"href":"https:\/\/dev.antudigital.cl\/sites\/vc\/wp-json\/wp\/v2\/posts\/11504","targetHints":{"allow":["GET"]}}],"collection":[{"href":"https:\/\/dev.antudigital.cl\/sites\/vc\/wp-json\/wp\/v2\/posts"}],"about":[{"href":"https:\/\/dev.antudigital.cl\/sites\/vc\/wp-json\/wp\/v2\/types\/post"}],"author":[{"embeddable":true,"href":"https:\/\/dev.antudigital.cl\/sites\/vc\/wp-json\/wp\/v2\/users\/1"}],"replies":[{"embeddable":true,"href":"https:\/\/dev.antudigital.cl\/sites\/vc\/wp-json\/wp\/v2\/comments?post=11504"}],"version-history":[{"count":2,"href":"https:\/\/dev.antudigital.cl\/sites\/vc\/wp-json\/wp\/v2\/posts\/11504\/revisions"}],"predecessor-version":[{"id":11508,"href":"https:\/\/dev.antudigital.cl\/sites\/vc\/wp-json\/wp\/v2\/posts\/11504\/revisions\/11508"}],"wp:featuredmedia":[{"embeddable":true,"href":"https:\/\/dev.antudigital.cl\/sites\/vc\/wp-json\/wp\/v2\/media\/11506"}],"wp:attachment":[{"href":"https:\/\/dev.antudigital.cl\/sites\/vc\/wp-json\/wp\/v2\/media?parent=11504"}],"wp:term":[{"taxonomy":"category","embeddable":true,"href":"https:\/\/dev.antudigital.cl\/sites\/vc\/wp-json\/wp\/v2\/categories?post=11504"},{"taxonomy":"post_tag","embeddable":true,"href":"https:\/\/dev.antudigital.cl\/sites\/vc\/wp-json\/wp\/v2\/tags?post=11504"}],"curies":[{"name":"wp","href":"https:\/\/api.w.org\/{rel}","templated":true}]}}