{"id":11522,"date":"2022-08-25T22:18:54","date_gmt":"2022-08-25T22:18:54","guid":{"rendered":"https:\/\/www.valparaisocreativo.cl\/?p=11522"},"modified":"2022-08-25T22:19:00","modified_gmt":"2022-08-25T22:19:00","slug":"tangos-chacareras-y-milongas-se-toman-el-puerto-este-sabado-27-directamente-desde-argentina-con-rogers-de-ovando","status":"publish","type":"post","link":"https:\/\/dev.antudigital.cl\/sites\/vc\/tangos-chacareras-y-milongas-se-toman-el-puerto-este-sabado-27-directamente-desde-argentina-con-rogers-de-ovando\/","title":{"rendered":"Tangos, chacareras y milongas se toman el puerto este s\u00e1bado 27 directamente desde Argentina con \u201cRogers de Ovando\u201d"},"content":{"rendered":"\n<p>Para los amantes de lo rom\u00e1ntico y de la buena m\u00fasica, este s\u00e1bado 27 de agosto se presentan en la Casa de la Cultura de Valpara\u00edso el grupo musical argentino \u201cRogers de Ovando\u201d quienes traen al puerto lo mejor de la m\u00fasica trasandina con tangos, chacareras y milongas que har\u00e1n vibrar al p\u00fablico porte\u00f1o.<\/p>\n\n\n\n<p>Saliendo recientemente de la grabaci\u00f3n de su primer disco \u201cPaisajes de un nuevo tango\u201d en el reconocido espacio Estudios del Sur, llegan a Valpara\u00edso para presentar un repertorio lleno de nostalgia y romanticismo que repasar\u00e1 tangos del ayer y contempor\u00e1neos interpretados con gran calidad musical para deleitar al p\u00fablico que llegar\u00e1 este s\u00e1bado a la Casa de la Cultura de Valpara\u00edso.\u00a0<\/p>\n\n\n\n<figure class=\"wp-block-image size-full\"><img fetchpriority=\"high\" decoding=\"async\" width=\"700\" height=\"700\" src=\"https:\/\/www.valparaisocreativo.cl\/wp-content\/uploads\/2022\/08\/Yoli-4.jpeg\" alt=\"\" class=\"wp-image-11524\" srcset=\"https:\/\/dev.antudigital.cl\/sites\/vc\/wp-content\/uploads\/2022\/08\/Yoli-4.jpeg 700w, https:\/\/dev.antudigital.cl\/sites\/vc\/wp-content\/uploads\/2022\/08\/Yoli-4-300x300.jpeg 300w, https:\/\/dev.antudigital.cl\/sites\/vc\/wp-content\/uploads\/2022\/08\/Yoli-4-150x150.jpeg 150w, https:\/\/dev.antudigital.cl\/sites\/vc\/wp-content\/uploads\/2022\/08\/Yoli-4-480x480.jpeg 480w\" sizes=\"(max-width: 700px) 100vw, 700px\" \/><\/figure>\n\n\n\n<p>Entre los integrantes de este querido grupo se encuentra el violinista chileno Pablo Rogers, quien se encuentra radicado en Buenos Aires, Argentina, hace ya ocho a\u00f1os. Y ha sido gracias al lenguaje de la m\u00fasica que ha logrado instalarse entre los mejores int\u00e9rpretes del tango, la chacarera y la milonga, lugar donde conoci\u00f3 y se encontr\u00f3 con la destacada pianista de reconocida trayectoria en Argentina, Paula de Ovando, quien ha trabajado con diferentes grupos musicales de los barrios bonaerenses. Adem\u00e1s, ser\u00e1n acompa\u00f1ados en Valpara\u00edso por la cantante y compositora argentina Yoli Campos, quien es una destacada y querida folclorista representante de las mejores chacareras argentinas.<\/p>\n\n\n\n<p><strong>La invitaci\u00f3n para pasar una agradable noche es para este s\u00e1bado 27 de agosto a las 21 horas en la Casa de la Cultura de Valpara\u00edso (ex Piedra Feliz) ubicada en Err\u00e1zuriz #1054. La entrada tiene un costo de $10.000 y para las primeras 20 reservas viene con un cover de regalo. Para reservas y compra de entradas, comunicarse a los tel\u00e9fonos +569 7336 3754 o +549 11 6484 0883.<\/strong><\/p>\n","protected":false},"excerpt":{"rendered":"<p>Para los amantes de lo rom\u00e1ntico y de la buena m\u00fasica, este s\u00e1bado 27 de agosto se presentan en la Casa de la Cultura de Valpara\u00edso el grupo musical argentino \u201cRogers de Ovando\u201d quienes traen al puerto lo mejor de la m\u00fasica trasandina con tangos, chacareras y milongas que har\u00e1n vibrar al p\u00fablico porte\u00f1o. Saliendo [&hellip;]<\/p>\n","protected":false},"author":1,"featured_media":11523,"comment_status":"open","ping_status":"closed","sticky":false,"template":"","format":"standard","meta":{"_acf_changed":false,"footnotes":""},"categories":[8],"tags":[],"class_list":["post-11522","post","type-post","status-publish","format-standard","has-post-thumbnail","hentry","category-noticia"],"acf":[],"yoast_head":"<!-- This site is optimized with the Yoast SEO plugin v27.1.1 - https:\/\/yoast.com\/product\/yoast-seo-wordpress\/ -->\n<title>Tangos, chacareras y milongas se toman el puerto este s\u00e1bado 27 directamente desde Argentina con \u201cRogers de Ovando\u201d - Valpara\u00ed\u00adso Creativo<\/title>\n<meta name=\"robots\" content=\"index, follow, max-snippet:-1, max-image-preview:large, max-video-preview:-1\" \/>\n<link rel=\"canonical\" href=\"https:\/\/dev.antudigital.cl\/sites\/vc\/tangos-chacareras-y-milongas-se-toman-el-puerto-este-sabado-27-directamente-desde-argentina-con-rogers-de-ovando\/\" \/>\n<meta property=\"og:locale\" content=\"es_ES\" \/>\n<meta property=\"og:type\" content=\"article\" \/>\n<meta property=\"og:title\" content=\"Tangos, chacareras y milongas se toman el puerto este s\u00e1bado 27 directamente desde Argentina con \u201cRogers de Ovando\u201d - Valpara\u00ed\u00adso Creativo\" \/>\n<meta property=\"og:description\" content=\"Para los amantes de lo rom\u00e1ntico y de la buena m\u00fasica, este s\u00e1bado 27 de agosto se presentan en la Casa de la Cultura de Valpara\u00edso el grupo musical argentino \u201cRogers de Ovando\u201d quienes traen al puerto lo mejor de la m\u00fasica trasandina con tangos, chacareras y milongas que har\u00e1n vibrar al p\u00fablico porte\u00f1o. Saliendo [&hellip;]\" \/>\n<meta property=\"og:url\" content=\"https:\/\/dev.antudigital.cl\/sites\/vc\/tangos-chacareras-y-milongas-se-toman-el-puerto-este-sabado-27-directamente-desde-argentina-con-rogers-de-ovando\/\" \/>\n<meta property=\"og:site_name\" content=\"Valpara\u00ed\u00adso Creativo\" \/>\n<meta property=\"article:published_time\" content=\"2022-08-25T22:18:54+00:00\" \/>\n<meta property=\"article:modified_time\" content=\"2022-08-25T22:19:00+00:00\" \/>\n<meta property=\"og:image\" content=\"https:\/\/dev.antudigital.cl\/sites\/vc\/wp-content\/uploads\/2022\/08\/Rogers-de-Ovando.jpeg\" \/>\n\t<meta property=\"og:image:width\" content=\"1280\" \/>\n\t<meta property=\"og:image:height\" content=\"853\" \/>\n\t<meta property=\"og:image:type\" content=\"image\/jpeg\" \/>\n<meta name=\"author\" content=\"Valpara\u00edso Creativo\" \/>\n<meta name=\"twitter:card\" content=\"summary_large_image\" \/>\n<meta name=\"twitter:label1\" content=\"Escrito por\" \/>\n\t<meta name=\"twitter:data1\" content=\"Valpara\u00edso Creativo\" \/>\n\t<meta name=\"twitter:label2\" content=\"Tiempo de lectura\" \/>\n\t<meta name=\"twitter:data2\" content=\"2 minutos\" \/>\n<script type=\"application\/ld+json\" class=\"yoast-schema-graph\">{\"@context\":\"https:\/\/schema.org\",\"@graph\":[{\"@type\":\"Article\",\"@id\":\"https:\/\/dev.antudigital.cl\/sites\/vc\/tangos-chacareras-y-milongas-se-toman-el-puerto-este-sabado-27-directamente-desde-argentina-con-rogers-de-ovando\/#article\",\"isPartOf\":{\"@id\":\"https:\/\/dev.antudigital.cl\/sites\/vc\/tangos-chacareras-y-milongas-se-toman-el-puerto-este-sabado-27-directamente-desde-argentina-con-rogers-de-ovando\/\"},\"author\":{\"name\":\"Valpara\u00edso Creativo\",\"@id\":\"https:\/\/dev.antudigital.cl\/sites\/vc\/#\/schema\/person\/c2b9da8dd545e27166fc5ab232837318\"},\"headline\":\"Tangos, chacareras y milongas se toman el puerto este s\u00e1bado 27 directamente desde Argentina con \u201cRogers de Ovando\u201d\",\"datePublished\":\"2022-08-25T22:18:54+00:00\",\"dateModified\":\"2022-08-25T22:19:00+00:00\",\"mainEntityOfPage\":{\"@id\":\"https:\/\/dev.antudigital.cl\/sites\/vc\/tangos-chacareras-y-milongas-se-toman-el-puerto-este-sabado-27-directamente-desde-argentina-con-rogers-de-ovando\/\"},\"wordCount\":321,\"commentCount\":0,\"image\":{\"@id\":\"https:\/\/dev.antudigital.cl\/sites\/vc\/tangos-chacareras-y-milongas-se-toman-el-puerto-este-sabado-27-directamente-desde-argentina-con-rogers-de-ovando\/#primaryimage\"},\"thumbnailUrl\":\"https:\/\/dev.antudigital.cl\/sites\/vc\/wp-content\/uploads\/2022\/08\/Rogers-de-Ovando.jpeg\",\"articleSection\":[\"Noticia\"],\"inLanguage\":\"es\",\"potentialAction\":[{\"@type\":\"CommentAction\",\"name\":\"Comment\",\"target\":[\"https:\/\/dev.antudigital.cl\/sites\/vc\/tangos-chacareras-y-milongas-se-toman-el-puerto-este-sabado-27-directamente-desde-argentina-con-rogers-de-ovando\/#respond\"]}]},{\"@type\":\"WebPage\",\"@id\":\"https:\/\/dev.antudigital.cl\/sites\/vc\/tangos-chacareras-y-milongas-se-toman-el-puerto-este-sabado-27-directamente-desde-argentina-con-rogers-de-ovando\/\",\"url\":\"https:\/\/dev.antudigital.cl\/sites\/vc\/tangos-chacareras-y-milongas-se-toman-el-puerto-este-sabado-27-directamente-desde-argentina-con-rogers-de-ovando\/\",\"name\":\"Tangos, chacareras y milongas se toman el puerto este s\u00e1bado 27 directamente desde Argentina con \u201cRogers de Ovando\u201d - Valpara\u00ed\u00adso Creativo\",\"isPartOf\":{\"@id\":\"https:\/\/dev.antudigital.cl\/sites\/vc\/#website\"},\"primaryImageOfPage\":{\"@id\":\"https:\/\/dev.antudigital.cl\/sites\/vc\/tangos-chacareras-y-milongas-se-toman-el-puerto-este-sabado-27-directamente-desde-argentina-con-rogers-de-ovando\/#primaryimage\"},\"image\":{\"@id\":\"https:\/\/dev.antudigital.cl\/sites\/vc\/tangos-chacareras-y-milongas-se-toman-el-puerto-este-sabado-27-directamente-desde-argentina-con-rogers-de-ovando\/#primaryimage\"},\"thumbnailUrl\":\"https:\/\/dev.antudigital.cl\/sites\/vc\/wp-content\/uploads\/2022\/08\/Rogers-de-Ovando.jpeg\",\"datePublished\":\"2022-08-25T22:18:54+00:00\",\"dateModified\":\"2022-08-25T22:19:00+00:00\",\"author\":{\"@id\":\"https:\/\/dev.antudigital.cl\/sites\/vc\/#\/schema\/person\/c2b9da8dd545e27166fc5ab232837318\"},\"breadcrumb\":{\"@id\":\"https:\/\/dev.antudigital.cl\/sites\/vc\/tangos-chacareras-y-milongas-se-toman-el-puerto-este-sabado-27-directamente-desde-argentina-con-rogers-de-ovando\/#breadcrumb\"},\"inLanguage\":\"es\",\"potentialAction\":[{\"@type\":\"ReadAction\",\"target\":[\"https:\/\/dev.antudigital.cl\/sites\/vc\/tangos-chacareras-y-milongas-se-toman-el-puerto-este-sabado-27-directamente-desde-argentina-con-rogers-de-ovando\/\"]}]},{\"@type\":\"ImageObject\",\"inLanguage\":\"es\",\"@id\":\"https:\/\/dev.antudigital.cl\/sites\/vc\/tangos-chacareras-y-milongas-se-toman-el-puerto-este-sabado-27-directamente-desde-argentina-con-rogers-de-ovando\/#primaryimage\",\"url\":\"https:\/\/dev.antudigital.cl\/sites\/vc\/wp-content\/uploads\/2022\/08\/Rogers-de-Ovando.jpeg\",\"contentUrl\":\"https:\/\/dev.antudigital.cl\/sites\/vc\/wp-content\/uploads\/2022\/08\/Rogers-de-Ovando.jpeg\",\"width\":1280,\"height\":853},{\"@type\":\"BreadcrumbList\",\"@id\":\"https:\/\/dev.antudigital.cl\/sites\/vc\/tangos-chacareras-y-milongas-se-toman-el-puerto-este-sabado-27-directamente-desde-argentina-con-rogers-de-ovando\/#breadcrumb\",\"itemListElement\":[{\"@type\":\"ListItem\",\"position\":1,\"name\":\"Home\",\"item\":\"https:\/\/dev.antudigital.cl\/sites\/vc\/\"},{\"@type\":\"ListItem\",\"position\":2,\"name\":\"Tangos, chacareras y milongas se toman el puerto este s\u00e1bado 27 directamente desde Argentina con \u201cRogers de Ovando\u201d\"}]},{\"@type\":\"WebSite\",\"@id\":\"https:\/\/dev.antudigital.cl\/sites\/vc\/#website\",\"url\":\"https:\/\/dev.antudigital.cl\/sites\/vc\/\",\"name\":\"Valpara\u00ed\u00adso Creativo\",\"description\":\"\",\"potentialAction\":[{\"@type\":\"SearchAction\",\"target\":{\"@type\":\"EntryPoint\",\"urlTemplate\":\"https:\/\/dev.antudigital.cl\/sites\/vc\/?s={search_term_string}\"},\"query-input\":{\"@type\":\"PropertyValueSpecification\",\"valueRequired\":true,\"valueName\":\"search_term_string\"}}],\"inLanguage\":\"es\"},{\"@type\":\"Person\",\"@id\":\"https:\/\/dev.antudigital.cl\/sites\/vc\/#\/schema\/person\/c2b9da8dd545e27166fc5ab232837318\",\"name\":\"Valpara\u00edso Creativo\",\"description\":\"Periodista de cultura en la Regi\u00f3n de Valpara\u00edso.\",\"url\":\"https:\/\/dev.antudigital.cl\/sites\/vc\/author\/valpoadmin\/\"}]}<\/script>\n<!-- \/ Yoast SEO plugin. -->","yoast_head_json":{"title":"Tangos, chacareras y milongas se toman el puerto este s\u00e1bado 27 directamente desde Argentina con \u201cRogers de Ovando\u201d - Valpara\u00ed\u00adso Creativo","robots":{"index":"index","follow":"follow","max-snippet":"max-snippet:-1","max-image-preview":"max-image-preview:large","max-video-preview":"max-video-preview:-1"},"canonical":"https:\/\/dev.antudigital.cl\/sites\/vc\/tangos-chacareras-y-milongas-se-toman-el-puerto-este-sabado-27-directamente-desde-argentina-con-rogers-de-ovando\/","og_locale":"es_ES","og_type":"article","og_title":"Tangos, chacareras y milongas se toman el puerto este s\u00e1bado 27 directamente desde Argentina con \u201cRogers de Ovando\u201d - Valpara\u00ed\u00adso Creativo","og_description":"Para los amantes de lo rom\u00e1ntico y de la buena m\u00fasica, este s\u00e1bado 27 de agosto se presentan en la Casa de la Cultura de Valpara\u00edso el grupo musical argentino \u201cRogers de Ovando\u201d quienes traen al puerto lo mejor de la m\u00fasica trasandina con tangos, chacareras y milongas que har\u00e1n vibrar al p\u00fablico porte\u00f1o. Saliendo [&hellip;]","og_url":"https:\/\/dev.antudigital.cl\/sites\/vc\/tangos-chacareras-y-milongas-se-toman-el-puerto-este-sabado-27-directamente-desde-argentina-con-rogers-de-ovando\/","og_site_name":"Valpara\u00ed\u00adso Creativo","article_published_time":"2022-08-25T22:18:54+00:00","article_modified_time":"2022-08-25T22:19:00+00:00","og_image":[{"width":1280,"height":853,"url":"https:\/\/dev.antudigital.cl\/sites\/vc\/wp-content\/uploads\/2022\/08\/Rogers-de-Ovando.jpeg","type":"image\/jpeg"}],"author":"Valpara\u00edso Creativo","twitter_card":"summary_large_image","twitter_misc":{"Escrito por":"Valpara\u00edso Creativo","Tiempo de lectura":"2 minutos"},"schema":{"@context":"https:\/\/schema.org","@graph":[{"@type":"Article","@id":"https:\/\/dev.antudigital.cl\/sites\/vc\/tangos-chacareras-y-milongas-se-toman-el-puerto-este-sabado-27-directamente-desde-argentina-con-rogers-de-ovando\/#article","isPartOf":{"@id":"https:\/\/dev.antudigital.cl\/sites\/vc\/tangos-chacareras-y-milongas-se-toman-el-puerto-este-sabado-27-directamente-desde-argentina-con-rogers-de-ovando\/"},"author":{"name":"Valpara\u00edso Creativo","@id":"https:\/\/dev.antudigital.cl\/sites\/vc\/#\/schema\/person\/c2b9da8dd545e27166fc5ab232837318"},"headline":"Tangos, chacareras y milongas se toman el puerto este s\u00e1bado 27 directamente desde Argentina con \u201cRogers de Ovando\u201d","datePublished":"2022-08-25T22:18:54+00:00","dateModified":"2022-08-25T22:19:00+00:00","mainEntityOfPage":{"@id":"https:\/\/dev.antudigital.cl\/sites\/vc\/tangos-chacareras-y-milongas-se-toman-el-puerto-este-sabado-27-directamente-desde-argentina-con-rogers-de-ovando\/"},"wordCount":321,"commentCount":0,"image":{"@id":"https:\/\/dev.antudigital.cl\/sites\/vc\/tangos-chacareras-y-milongas-se-toman-el-puerto-este-sabado-27-directamente-desde-argentina-con-rogers-de-ovando\/#primaryimage"},"thumbnailUrl":"https:\/\/dev.antudigital.cl\/sites\/vc\/wp-content\/uploads\/2022\/08\/Rogers-de-Ovando.jpeg","articleSection":["Noticia"],"inLanguage":"es","potentialAction":[{"@type":"CommentAction","name":"Comment","target":["https:\/\/dev.antudigital.cl\/sites\/vc\/tangos-chacareras-y-milongas-se-toman-el-puerto-este-sabado-27-directamente-desde-argentina-con-rogers-de-ovando\/#respond"]}]},{"@type":"WebPage","@id":"https:\/\/dev.antudigital.cl\/sites\/vc\/tangos-chacareras-y-milongas-se-toman-el-puerto-este-sabado-27-directamente-desde-argentina-con-rogers-de-ovando\/","url":"https:\/\/dev.antudigital.cl\/sites\/vc\/tangos-chacareras-y-milongas-se-toman-el-puerto-este-sabado-27-directamente-desde-argentina-con-rogers-de-ovando\/","name":"Tangos, chacareras y milongas se toman el puerto este s\u00e1bado 27 directamente desde Argentina con \u201cRogers de Ovando\u201d - Valpara\u00ed\u00adso Creativo","isPartOf":{"@id":"https:\/\/dev.antudigital.cl\/sites\/vc\/#website"},"primaryImageOfPage":{"@id":"https:\/\/dev.antudigital.cl\/sites\/vc\/tangos-chacareras-y-milongas-se-toman-el-puerto-este-sabado-27-directamente-desde-argentina-con-rogers-de-ovando\/#primaryimage"},"image":{"@id":"https:\/\/dev.antudigital.cl\/sites\/vc\/tangos-chacareras-y-milongas-se-toman-el-puerto-este-sabado-27-directamente-desde-argentina-con-rogers-de-ovando\/#primaryimage"},"thumbnailUrl":"https:\/\/dev.antudigital.cl\/sites\/vc\/wp-content\/uploads\/2022\/08\/Rogers-de-Ovando.jpeg","datePublished":"2022-08-25T22:18:54+00:00","dateModified":"2022-08-25T22:19:00+00:00","author":{"@id":"https:\/\/dev.antudigital.cl\/sites\/vc\/#\/schema\/person\/c2b9da8dd545e27166fc5ab232837318"},"breadcrumb":{"@id":"https:\/\/dev.antudigital.cl\/sites\/vc\/tangos-chacareras-y-milongas-se-toman-el-puerto-este-sabado-27-directamente-desde-argentina-con-rogers-de-ovando\/#breadcrumb"},"inLanguage":"es","potentialAction":[{"@type":"ReadAction","target":["https:\/\/dev.antudigital.cl\/sites\/vc\/tangos-chacareras-y-milongas-se-toman-el-puerto-este-sabado-27-directamente-desde-argentina-con-rogers-de-ovando\/"]}]},{"@type":"ImageObject","inLanguage":"es","@id":"https:\/\/dev.antudigital.cl\/sites\/vc\/tangos-chacareras-y-milongas-se-toman-el-puerto-este-sabado-27-directamente-desde-argentina-con-rogers-de-ovando\/#primaryimage","url":"https:\/\/dev.antudigital.cl\/sites\/vc\/wp-content\/uploads\/2022\/08\/Rogers-de-Ovando.jpeg","contentUrl":"https:\/\/dev.antudigital.cl\/sites\/vc\/wp-content\/uploads\/2022\/08\/Rogers-de-Ovando.jpeg","width":1280,"height":853},{"@type":"BreadcrumbList","@id":"https:\/\/dev.antudigital.cl\/sites\/vc\/tangos-chacareras-y-milongas-se-toman-el-puerto-este-sabado-27-directamente-desde-argentina-con-rogers-de-ovando\/#breadcrumb","itemListElement":[{"@type":"ListItem","position":1,"name":"Home","item":"https:\/\/dev.antudigital.cl\/sites\/vc\/"},{"@type":"ListItem","position":2,"name":"Tangos, chacareras y milongas se toman el puerto este s\u00e1bado 27 directamente desde Argentina con \u201cRogers de Ovando\u201d"}]},{"@type":"WebSite","@id":"https:\/\/dev.antudigital.cl\/sites\/vc\/#website","url":"https:\/\/dev.antudigital.cl\/sites\/vc\/","name":"Valpara\u00ed\u00adso Creativo","description":"","potentialAction":[{"@type":"SearchAction","target":{"@type":"EntryPoint","urlTemplate":"https:\/\/dev.antudigital.cl\/sites\/vc\/?s={search_term_string}"},"query-input":{"@type":"PropertyValueSpecification","valueRequired":true,"valueName":"search_term_string"}}],"inLanguage":"es"},{"@type":"Person","@id":"https:\/\/dev.antudigital.cl\/sites\/vc\/#\/schema\/person\/c2b9da8dd545e27166fc5ab232837318","name":"Valpara\u00edso Creativo","description":"Periodista de cultura en la Regi\u00f3n de Valpara\u00edso.","url":"https:\/\/dev.antudigital.cl\/sites\/vc\/author\/valpoadmin\/"}]}},"_links":{"self":[{"href":"https:\/\/dev.antudigital.cl\/sites\/vc\/wp-json\/wp\/v2\/posts\/11522","targetHints":{"allow":["GET"]}}],"collection":[{"href":"https:\/\/dev.antudigital.cl\/sites\/vc\/wp-json\/wp\/v2\/posts"}],"about":[{"href":"https:\/\/dev.antudigital.cl\/sites\/vc\/wp-json\/wp\/v2\/types\/post"}],"author":[{"embeddable":true,"href":"https:\/\/dev.antudigital.cl\/sites\/vc\/wp-json\/wp\/v2\/users\/1"}],"replies":[{"embeddable":true,"href":"https:\/\/dev.antudigital.cl\/sites\/vc\/wp-json\/wp\/v2\/comments?post=11522"}],"version-history":[{"count":1,"href":"https:\/\/dev.antudigital.cl\/sites\/vc\/wp-json\/wp\/v2\/posts\/11522\/revisions"}],"predecessor-version":[{"id":11525,"href":"https:\/\/dev.antudigital.cl\/sites\/vc\/wp-json\/wp\/v2\/posts\/11522\/revisions\/11525"}],"wp:featuredmedia":[{"embeddable":true,"href":"https:\/\/dev.antudigital.cl\/sites\/vc\/wp-json\/wp\/v2\/media\/11523"}],"wp:attachment":[{"href":"https:\/\/dev.antudigital.cl\/sites\/vc\/wp-json\/wp\/v2\/media?parent=11522"}],"wp:term":[{"taxonomy":"category","embeddable":true,"href":"https:\/\/dev.antudigital.cl\/sites\/vc\/wp-json\/wp\/v2\/categories?post=11522"},{"taxonomy":"post_tag","embeddable":true,"href":"https:\/\/dev.antudigital.cl\/sites\/vc\/wp-json\/wp\/v2\/tags?post=11522"}],"curies":[{"name":"wp","href":"https:\/\/api.w.org\/{rel}","templated":true}]}}