{"id":11526,"date":"2022-08-25T22:43:42","date_gmt":"2022-08-25T22:43:42","guid":{"rendered":"https:\/\/www.valparaisocreativo.cl\/?p=11526"},"modified":"2022-08-25T22:43:49","modified_gmt":"2022-08-25T22:43:49","slug":"obra-familiar-caudal-por-la-liberacion-de-las-aguas-tendra-funciones-gratuitas-en-quillota-y-quilpue","status":"publish","type":"post","link":"https:\/\/dev.antudigital.cl\/sites\/vc\/obra-familiar-caudal-por-la-liberacion-de-las-aguas-tendra-funciones-gratuitas-en-quillota-y-quilpue\/","title":{"rendered":"Obra familiar \u201cCaudal. Por la liberaci\u00f3n de las aguas\u00bb tendr\u00e1 funciones gratuitas en Quillota y Quilpu\u00e9"},"content":{"rendered":"\n<p>Luego de un exitoso estreno en Valpara\u00edso, esta f\u00e1bula para la ni\u00f1ez que protagonizan animales y especies t\u00edpicas de la V regi\u00f3n, se presentar\u00e1 con entrada gratis, <strong>este s\u00e1bado 27 y domingo 28 de agosto, a las 17:00 horas, en el Centro Cultural de Quillota y el Teatro Municipal de Quilpu\u00e9, respectivamente.\u00a0<\/strong><\/p>\n\n\n\n<p>La obra \u201cCaudal\u201d de Teatro La Washa busca entregar un mensaje de amor a la vida y respeto interespecie, difundiendo las caracter\u00edsticas e identidad del territorio local y reflexionando en torno a la importancia del agua como un elemento de cuidado no tan solo para el consumo humano, sino que tambi\u00e9n para todos los seres que conviven en la naturaleza.&nbsp;<\/p>\n\n\n\n<p>La puesta en escena para todo p\u00fablico narra las aventuras de Picaflor Gigante, G\u00fci\u00f1a, Rata, Chagual y diversas especies del ecosistema local, cuando un peculiar personaje humano intenta con enga\u00f1os, robar su fuente de vida, el agua, para convertirla en un bien de consumo.&nbsp;<\/p>\n\n\n\n<figure class=\"wp-block-image size-large\"><img fetchpriority=\"high\" decoding=\"async\" width=\"1024\" height=\"682\" src=\"https:\/\/www.valparaisocreativo.cl\/wp-content\/uploads\/2022\/08\/Registro-Estreno-Caudal-Teatro-La-Washa-1024x682.jpeg\" alt=\"\" class=\"wp-image-11527\" srcset=\"https:\/\/dev.antudigital.cl\/sites\/vc\/wp-content\/uploads\/2022\/08\/Registro-Estreno-Caudal-Teatro-La-Washa-1024x682.jpeg 1024w, https:\/\/dev.antudigital.cl\/sites\/vc\/wp-content\/uploads\/2022\/08\/Registro-Estreno-Caudal-Teatro-La-Washa-300x200.jpeg 300w, https:\/\/dev.antudigital.cl\/sites\/vc\/wp-content\/uploads\/2022\/08\/Registro-Estreno-Caudal-Teatro-La-Washa-768x512.jpeg 768w, https:\/\/dev.antudigital.cl\/sites\/vc\/wp-content\/uploads\/2022\/08\/Registro-Estreno-Caudal-Teatro-La-Washa-1080x720.jpeg 1080w, https:\/\/dev.antudigital.cl\/sites\/vc\/wp-content\/uploads\/2022\/08\/Registro-Estreno-Caudal-Teatro-La-Washa-980x653.jpeg 980w, https:\/\/dev.antudigital.cl\/sites\/vc\/wp-content\/uploads\/2022\/08\/Registro-Estreno-Caudal-Teatro-La-Washa-480x320.jpeg 480w, https:\/\/dev.antudigital.cl\/sites\/vc\/wp-content\/uploads\/2022\/08\/Registro-Estreno-Caudal-Teatro-La-Washa.jpeg 1280w\" sizes=\"(max-width: 1024px) 100vw, 1024px\" \/><\/figure>\n\n\n\n<p>Este montaje es el resultado de un proyecto de Creaci\u00f3n y Producci\u00f3n teatral financiado por el Fondo de Artes Esc\u00e9nicas del Ministerio de las Culturas, las Artes y el Patrimonio; el cual reescribe la primera obra que uni\u00f3 a la compa\u00f1\u00eda en sus or\u00edgenes en 2013, pero esta vez, localizado en el bosque escler\u00f3filo de la regi\u00f3n de Valpara\u00edso.<\/p>\n\n\n\n<p>La directora de la obra Lucia Silva Vegas coment\u00f3 que desde la compa\u00f1\u00eda \u201ctenemos el coraz\u00f3n contento ya que el teatro estuvo lleno en su estreno. Caudal es una obra para divertirse, m\u00e1gica y emocionante para todas las edades en donde van a conocer algunas especies de nuestro bosque escler\u00f3filo, t\u00edpico de la V regi\u00f3n. Hablamos sobre el agua y del respeto a todas las especies, lo cual es muy importante, ya que Chile es uno de los pocos pa\u00edses que todav\u00eda tiene privatizadas las aguas\u201d.&nbsp;<\/p>\n\n\n\n<p><strong>El estreno familiar ofrecer\u00e1 sus \u00faltimas funciones gratuitas en la regi\u00f3n, este 27 de agosto en el Centro Cultural de Quillota y el domingo 28 en el Teatro Municipal de Quilpu\u00e9 Juan Bustos Ram\u00edrez.\u00a0<\/strong><\/p>\n","protected":false},"excerpt":{"rendered":"<p>Luego de un exitoso estreno en Valpara\u00edso, esta f\u00e1bula para la ni\u00f1ez que protagonizan animales y especies t\u00edpicas de la V regi\u00f3n, se presentar\u00e1 con entrada gratis, este s\u00e1bado 27 y domingo 28 de agosto, a las 17:00 horas, en el Centro Cultural de Quillota y el Teatro Municipal de Quilpu\u00e9, respectivamente.\u00a0 La obra \u201cCaudal\u201d [&hellip;]<\/p>\n","protected":false},"author":1,"featured_media":11528,"comment_status":"open","ping_status":"closed","sticky":false,"template":"","format":"standard","meta":{"_acf_changed":false,"footnotes":""},"categories":[8],"tags":[],"class_list":["post-11526","post","type-post","status-publish","format-standard","has-post-thumbnail","hentry","category-noticia"],"acf":[],"yoast_head":"<!-- This site is optimized with the Yoast SEO plugin v27.1.1 - https:\/\/yoast.com\/product\/yoast-seo-wordpress\/ -->\n<title>Obra familiar \u201cCaudal. Por la liberaci\u00f3n de las aguas&quot; tendr\u00e1 funciones gratuitas en Quillota y Quilpu\u00e9 - Valpara\u00ed\u00adso Creativo<\/title>\n<meta name=\"robots\" content=\"index, follow, max-snippet:-1, max-image-preview:large, max-video-preview:-1\" \/>\n<link rel=\"canonical\" href=\"https:\/\/dev.antudigital.cl\/sites\/vc\/obra-familiar-caudal-por-la-liberacion-de-las-aguas-tendra-funciones-gratuitas-en-quillota-y-quilpue\/\" \/>\n<meta property=\"og:locale\" content=\"es_ES\" \/>\n<meta property=\"og:type\" content=\"article\" \/>\n<meta property=\"og:title\" content=\"Obra familiar \u201cCaudal. Por la liberaci\u00f3n de las aguas&quot; tendr\u00e1 funciones gratuitas en Quillota y Quilpu\u00e9 - Valpara\u00ed\u00adso Creativo\" \/>\n<meta property=\"og:description\" content=\"Luego de un exitoso estreno en Valpara\u00edso, esta f\u00e1bula para la ni\u00f1ez que protagonizan animales y especies t\u00edpicas de la V regi\u00f3n, se presentar\u00e1 con entrada gratis, este s\u00e1bado 27 y domingo 28 de agosto, a las 17:00 horas, en el Centro Cultural de Quillota y el Teatro Municipal de Quilpu\u00e9, respectivamente.\u00a0 La obra \u201cCaudal\u201d [&hellip;]\" \/>\n<meta property=\"og:url\" content=\"https:\/\/dev.antudigital.cl\/sites\/vc\/obra-familiar-caudal-por-la-liberacion-de-las-aguas-tendra-funciones-gratuitas-en-quillota-y-quilpue\/\" \/>\n<meta property=\"og:site_name\" content=\"Valpara\u00ed\u00adso Creativo\" \/>\n<meta property=\"article:published_time\" content=\"2022-08-25T22:43:42+00:00\" \/>\n<meta property=\"article:modified_time\" content=\"2022-08-25T22:43:49+00:00\" \/>\n<meta property=\"og:image\" content=\"https:\/\/dev.antudigital.cl\/sites\/vc\/wp-content\/uploads\/2022\/08\/Picaflor-gigante-Caudal-Fotografi\u0301a-por-Francisca-Silva.jpeg\" \/>\n\t<meta property=\"og:image:width\" content=\"1280\" \/>\n\t<meta property=\"og:image:height\" content=\"853\" \/>\n\t<meta property=\"og:image:type\" content=\"image\/jpeg\" \/>\n<meta name=\"author\" content=\"Valpara\u00edso Creativo\" \/>\n<meta name=\"twitter:card\" content=\"summary_large_image\" \/>\n<meta name=\"twitter:label1\" content=\"Escrito por\" \/>\n\t<meta name=\"twitter:data1\" content=\"Valpara\u00edso Creativo\" \/>\n\t<meta name=\"twitter:label2\" content=\"Tiempo de lectura\" \/>\n\t<meta name=\"twitter:data2\" content=\"2 minutos\" \/>\n<script type=\"application\/ld+json\" class=\"yoast-schema-graph\">{\"@context\":\"https:\/\/schema.org\",\"@graph\":[{\"@type\":\"Article\",\"@id\":\"https:\/\/dev.antudigital.cl\/sites\/vc\/obra-familiar-caudal-por-la-liberacion-de-las-aguas-tendra-funciones-gratuitas-en-quillota-y-quilpue\/#article\",\"isPartOf\":{\"@id\":\"https:\/\/dev.antudigital.cl\/sites\/vc\/obra-familiar-caudal-por-la-liberacion-de-las-aguas-tendra-funciones-gratuitas-en-quillota-y-quilpue\/\"},\"author\":{\"name\":\"Valpara\u00edso Creativo\",\"@id\":\"https:\/\/dev.antudigital.cl\/sites\/vc\/#\/schema\/person\/c2b9da8dd545e27166fc5ab232837318\"},\"headline\":\"Obra familiar \u201cCaudal. Por la liberaci\u00f3n de las aguas\u00bb tendr\u00e1 funciones gratuitas en Quillota y Quilpu\u00e9\",\"datePublished\":\"2022-08-25T22:43:42+00:00\",\"dateModified\":\"2022-08-25T22:43:49+00:00\",\"mainEntityOfPage\":{\"@id\":\"https:\/\/dev.antudigital.cl\/sites\/vc\/obra-familiar-caudal-por-la-liberacion-de-las-aguas-tendra-funciones-gratuitas-en-quillota-y-quilpue\/\"},\"wordCount\":379,\"commentCount\":0,\"image\":{\"@id\":\"https:\/\/dev.antudigital.cl\/sites\/vc\/obra-familiar-caudal-por-la-liberacion-de-las-aguas-tendra-funciones-gratuitas-en-quillota-y-quilpue\/#primaryimage\"},\"thumbnailUrl\":\"https:\/\/dev.antudigital.cl\/sites\/vc\/wp-content\/uploads\/2022\/08\/Picaflor-gigante-Caudal-Fotografi\u0301a-por-Francisca-Silva.jpeg\",\"articleSection\":[\"Noticia\"],\"inLanguage\":\"es\",\"potentialAction\":[{\"@type\":\"CommentAction\",\"name\":\"Comment\",\"target\":[\"https:\/\/dev.antudigital.cl\/sites\/vc\/obra-familiar-caudal-por-la-liberacion-de-las-aguas-tendra-funciones-gratuitas-en-quillota-y-quilpue\/#respond\"]}]},{\"@type\":\"WebPage\",\"@id\":\"https:\/\/dev.antudigital.cl\/sites\/vc\/obra-familiar-caudal-por-la-liberacion-de-las-aguas-tendra-funciones-gratuitas-en-quillota-y-quilpue\/\",\"url\":\"https:\/\/dev.antudigital.cl\/sites\/vc\/obra-familiar-caudal-por-la-liberacion-de-las-aguas-tendra-funciones-gratuitas-en-quillota-y-quilpue\/\",\"name\":\"Obra familiar \u201cCaudal. Por la liberaci\u00f3n de las aguas\\\" tendr\u00e1 funciones gratuitas en Quillota y Quilpu\u00e9 - Valpara\u00ed\u00adso Creativo\",\"isPartOf\":{\"@id\":\"https:\/\/dev.antudigital.cl\/sites\/vc\/#website\"},\"primaryImageOfPage\":{\"@id\":\"https:\/\/dev.antudigital.cl\/sites\/vc\/obra-familiar-caudal-por-la-liberacion-de-las-aguas-tendra-funciones-gratuitas-en-quillota-y-quilpue\/#primaryimage\"},\"image\":{\"@id\":\"https:\/\/dev.antudigital.cl\/sites\/vc\/obra-familiar-caudal-por-la-liberacion-de-las-aguas-tendra-funciones-gratuitas-en-quillota-y-quilpue\/#primaryimage\"},\"thumbnailUrl\":\"https:\/\/dev.antudigital.cl\/sites\/vc\/wp-content\/uploads\/2022\/08\/Picaflor-gigante-Caudal-Fotografi\u0301a-por-Francisca-Silva.jpeg\",\"datePublished\":\"2022-08-25T22:43:42+00:00\",\"dateModified\":\"2022-08-25T22:43:49+00:00\",\"author\":{\"@id\":\"https:\/\/dev.antudigital.cl\/sites\/vc\/#\/schema\/person\/c2b9da8dd545e27166fc5ab232837318\"},\"breadcrumb\":{\"@id\":\"https:\/\/dev.antudigital.cl\/sites\/vc\/obra-familiar-caudal-por-la-liberacion-de-las-aguas-tendra-funciones-gratuitas-en-quillota-y-quilpue\/#breadcrumb\"},\"inLanguage\":\"es\",\"potentialAction\":[{\"@type\":\"ReadAction\",\"target\":[\"https:\/\/dev.antudigital.cl\/sites\/vc\/obra-familiar-caudal-por-la-liberacion-de-las-aguas-tendra-funciones-gratuitas-en-quillota-y-quilpue\/\"]}]},{\"@type\":\"ImageObject\",\"inLanguage\":\"es\",\"@id\":\"https:\/\/dev.antudigital.cl\/sites\/vc\/obra-familiar-caudal-por-la-liberacion-de-las-aguas-tendra-funciones-gratuitas-en-quillota-y-quilpue\/#primaryimage\",\"url\":\"https:\/\/dev.antudigital.cl\/sites\/vc\/wp-content\/uploads\/2022\/08\/Picaflor-gigante-Caudal-Fotografi\u0301a-por-Francisca-Silva.jpeg\",\"contentUrl\":\"https:\/\/dev.antudigital.cl\/sites\/vc\/wp-content\/uploads\/2022\/08\/Picaflor-gigante-Caudal-Fotografi\u0301a-por-Francisca-Silva.jpeg\",\"width\":1280,\"height\":853},{\"@type\":\"BreadcrumbList\",\"@id\":\"https:\/\/dev.antudigital.cl\/sites\/vc\/obra-familiar-caudal-por-la-liberacion-de-las-aguas-tendra-funciones-gratuitas-en-quillota-y-quilpue\/#breadcrumb\",\"itemListElement\":[{\"@type\":\"ListItem\",\"position\":1,\"name\":\"Home\",\"item\":\"https:\/\/dev.antudigital.cl\/sites\/vc\/\"},{\"@type\":\"ListItem\",\"position\":2,\"name\":\"Obra familiar \u201cCaudal. Por la liberaci\u00f3n de las aguas\u00bb tendr\u00e1 funciones gratuitas en Quillota y Quilpu\u00e9\"}]},{\"@type\":\"WebSite\",\"@id\":\"https:\/\/dev.antudigital.cl\/sites\/vc\/#website\",\"url\":\"https:\/\/dev.antudigital.cl\/sites\/vc\/\",\"name\":\"Valpara\u00ed\u00adso Creativo\",\"description\":\"\",\"potentialAction\":[{\"@type\":\"SearchAction\",\"target\":{\"@type\":\"EntryPoint\",\"urlTemplate\":\"https:\/\/dev.antudigital.cl\/sites\/vc\/?s={search_term_string}\"},\"query-input\":{\"@type\":\"PropertyValueSpecification\",\"valueRequired\":true,\"valueName\":\"search_term_string\"}}],\"inLanguage\":\"es\"},{\"@type\":\"Person\",\"@id\":\"https:\/\/dev.antudigital.cl\/sites\/vc\/#\/schema\/person\/c2b9da8dd545e27166fc5ab232837318\",\"name\":\"Valpara\u00edso Creativo\",\"description\":\"Periodista de cultura en la Regi\u00f3n de Valpara\u00edso.\",\"url\":\"https:\/\/dev.antudigital.cl\/sites\/vc\/author\/valpoadmin\/\"}]}<\/script>\n<!-- \/ Yoast SEO plugin. -->","yoast_head_json":{"title":"Obra familiar \u201cCaudal. Por la liberaci\u00f3n de las aguas\" tendr\u00e1 funciones gratuitas en Quillota y Quilpu\u00e9 - Valpara\u00ed\u00adso Creativo","robots":{"index":"index","follow":"follow","max-snippet":"max-snippet:-1","max-image-preview":"max-image-preview:large","max-video-preview":"max-video-preview:-1"},"canonical":"https:\/\/dev.antudigital.cl\/sites\/vc\/obra-familiar-caudal-por-la-liberacion-de-las-aguas-tendra-funciones-gratuitas-en-quillota-y-quilpue\/","og_locale":"es_ES","og_type":"article","og_title":"Obra familiar \u201cCaudal. Por la liberaci\u00f3n de las aguas\" tendr\u00e1 funciones gratuitas en Quillota y Quilpu\u00e9 - Valpara\u00ed\u00adso Creativo","og_description":"Luego de un exitoso estreno en Valpara\u00edso, esta f\u00e1bula para la ni\u00f1ez que protagonizan animales y especies t\u00edpicas de la V regi\u00f3n, se presentar\u00e1 con entrada gratis, este s\u00e1bado 27 y domingo 28 de agosto, a las 17:00 horas, en el Centro Cultural de Quillota y el Teatro Municipal de Quilpu\u00e9, respectivamente.\u00a0 La obra \u201cCaudal\u201d [&hellip;]","og_url":"https:\/\/dev.antudigital.cl\/sites\/vc\/obra-familiar-caudal-por-la-liberacion-de-las-aguas-tendra-funciones-gratuitas-en-quillota-y-quilpue\/","og_site_name":"Valpara\u00ed\u00adso Creativo","article_published_time":"2022-08-25T22:43:42+00:00","article_modified_time":"2022-08-25T22:43:49+00:00","og_image":[{"width":1280,"height":853,"url":"https:\/\/dev.antudigital.cl\/sites\/vc\/wp-content\/uploads\/2022\/08\/Picaflor-gigante-Caudal-Fotografi\u0301a-por-Francisca-Silva.jpeg","type":"image\/jpeg"}],"author":"Valpara\u00edso Creativo","twitter_card":"summary_large_image","twitter_misc":{"Escrito por":"Valpara\u00edso Creativo","Tiempo de lectura":"2 minutos"},"schema":{"@context":"https:\/\/schema.org","@graph":[{"@type":"Article","@id":"https:\/\/dev.antudigital.cl\/sites\/vc\/obra-familiar-caudal-por-la-liberacion-de-las-aguas-tendra-funciones-gratuitas-en-quillota-y-quilpue\/#article","isPartOf":{"@id":"https:\/\/dev.antudigital.cl\/sites\/vc\/obra-familiar-caudal-por-la-liberacion-de-las-aguas-tendra-funciones-gratuitas-en-quillota-y-quilpue\/"},"author":{"name":"Valpara\u00edso Creativo","@id":"https:\/\/dev.antudigital.cl\/sites\/vc\/#\/schema\/person\/c2b9da8dd545e27166fc5ab232837318"},"headline":"Obra familiar \u201cCaudal. Por la liberaci\u00f3n de las aguas\u00bb tendr\u00e1 funciones gratuitas en Quillota y Quilpu\u00e9","datePublished":"2022-08-25T22:43:42+00:00","dateModified":"2022-08-25T22:43:49+00:00","mainEntityOfPage":{"@id":"https:\/\/dev.antudigital.cl\/sites\/vc\/obra-familiar-caudal-por-la-liberacion-de-las-aguas-tendra-funciones-gratuitas-en-quillota-y-quilpue\/"},"wordCount":379,"commentCount":0,"image":{"@id":"https:\/\/dev.antudigital.cl\/sites\/vc\/obra-familiar-caudal-por-la-liberacion-de-las-aguas-tendra-funciones-gratuitas-en-quillota-y-quilpue\/#primaryimage"},"thumbnailUrl":"https:\/\/dev.antudigital.cl\/sites\/vc\/wp-content\/uploads\/2022\/08\/Picaflor-gigante-Caudal-Fotografi\u0301a-por-Francisca-Silva.jpeg","articleSection":["Noticia"],"inLanguage":"es","potentialAction":[{"@type":"CommentAction","name":"Comment","target":["https:\/\/dev.antudigital.cl\/sites\/vc\/obra-familiar-caudal-por-la-liberacion-de-las-aguas-tendra-funciones-gratuitas-en-quillota-y-quilpue\/#respond"]}]},{"@type":"WebPage","@id":"https:\/\/dev.antudigital.cl\/sites\/vc\/obra-familiar-caudal-por-la-liberacion-de-las-aguas-tendra-funciones-gratuitas-en-quillota-y-quilpue\/","url":"https:\/\/dev.antudigital.cl\/sites\/vc\/obra-familiar-caudal-por-la-liberacion-de-las-aguas-tendra-funciones-gratuitas-en-quillota-y-quilpue\/","name":"Obra familiar \u201cCaudal. Por la liberaci\u00f3n de las aguas\" tendr\u00e1 funciones gratuitas en Quillota y Quilpu\u00e9 - Valpara\u00ed\u00adso Creativo","isPartOf":{"@id":"https:\/\/dev.antudigital.cl\/sites\/vc\/#website"},"primaryImageOfPage":{"@id":"https:\/\/dev.antudigital.cl\/sites\/vc\/obra-familiar-caudal-por-la-liberacion-de-las-aguas-tendra-funciones-gratuitas-en-quillota-y-quilpue\/#primaryimage"},"image":{"@id":"https:\/\/dev.antudigital.cl\/sites\/vc\/obra-familiar-caudal-por-la-liberacion-de-las-aguas-tendra-funciones-gratuitas-en-quillota-y-quilpue\/#primaryimage"},"thumbnailUrl":"https:\/\/dev.antudigital.cl\/sites\/vc\/wp-content\/uploads\/2022\/08\/Picaflor-gigante-Caudal-Fotografi\u0301a-por-Francisca-Silva.jpeg","datePublished":"2022-08-25T22:43:42+00:00","dateModified":"2022-08-25T22:43:49+00:00","author":{"@id":"https:\/\/dev.antudigital.cl\/sites\/vc\/#\/schema\/person\/c2b9da8dd545e27166fc5ab232837318"},"breadcrumb":{"@id":"https:\/\/dev.antudigital.cl\/sites\/vc\/obra-familiar-caudal-por-la-liberacion-de-las-aguas-tendra-funciones-gratuitas-en-quillota-y-quilpue\/#breadcrumb"},"inLanguage":"es","potentialAction":[{"@type":"ReadAction","target":["https:\/\/dev.antudigital.cl\/sites\/vc\/obra-familiar-caudal-por-la-liberacion-de-las-aguas-tendra-funciones-gratuitas-en-quillota-y-quilpue\/"]}]},{"@type":"ImageObject","inLanguage":"es","@id":"https:\/\/dev.antudigital.cl\/sites\/vc\/obra-familiar-caudal-por-la-liberacion-de-las-aguas-tendra-funciones-gratuitas-en-quillota-y-quilpue\/#primaryimage","url":"https:\/\/dev.antudigital.cl\/sites\/vc\/wp-content\/uploads\/2022\/08\/Picaflor-gigante-Caudal-Fotografi\u0301a-por-Francisca-Silva.jpeg","contentUrl":"https:\/\/dev.antudigital.cl\/sites\/vc\/wp-content\/uploads\/2022\/08\/Picaflor-gigante-Caudal-Fotografi\u0301a-por-Francisca-Silva.jpeg","width":1280,"height":853},{"@type":"BreadcrumbList","@id":"https:\/\/dev.antudigital.cl\/sites\/vc\/obra-familiar-caudal-por-la-liberacion-de-las-aguas-tendra-funciones-gratuitas-en-quillota-y-quilpue\/#breadcrumb","itemListElement":[{"@type":"ListItem","position":1,"name":"Home","item":"https:\/\/dev.antudigital.cl\/sites\/vc\/"},{"@type":"ListItem","position":2,"name":"Obra familiar \u201cCaudal. Por la liberaci\u00f3n de las aguas\u00bb tendr\u00e1 funciones gratuitas en Quillota y Quilpu\u00e9"}]},{"@type":"WebSite","@id":"https:\/\/dev.antudigital.cl\/sites\/vc\/#website","url":"https:\/\/dev.antudigital.cl\/sites\/vc\/","name":"Valpara\u00ed\u00adso Creativo","description":"","potentialAction":[{"@type":"SearchAction","target":{"@type":"EntryPoint","urlTemplate":"https:\/\/dev.antudigital.cl\/sites\/vc\/?s={search_term_string}"},"query-input":{"@type":"PropertyValueSpecification","valueRequired":true,"valueName":"search_term_string"}}],"inLanguage":"es"},{"@type":"Person","@id":"https:\/\/dev.antudigital.cl\/sites\/vc\/#\/schema\/person\/c2b9da8dd545e27166fc5ab232837318","name":"Valpara\u00edso Creativo","description":"Periodista de cultura en la Regi\u00f3n de Valpara\u00edso.","url":"https:\/\/dev.antudigital.cl\/sites\/vc\/author\/valpoadmin\/"}]}},"_links":{"self":[{"href":"https:\/\/dev.antudigital.cl\/sites\/vc\/wp-json\/wp\/v2\/posts\/11526","targetHints":{"allow":["GET"]}}],"collection":[{"href":"https:\/\/dev.antudigital.cl\/sites\/vc\/wp-json\/wp\/v2\/posts"}],"about":[{"href":"https:\/\/dev.antudigital.cl\/sites\/vc\/wp-json\/wp\/v2\/types\/post"}],"author":[{"embeddable":true,"href":"https:\/\/dev.antudigital.cl\/sites\/vc\/wp-json\/wp\/v2\/users\/1"}],"replies":[{"embeddable":true,"href":"https:\/\/dev.antudigital.cl\/sites\/vc\/wp-json\/wp\/v2\/comments?post=11526"}],"version-history":[{"count":1,"href":"https:\/\/dev.antudigital.cl\/sites\/vc\/wp-json\/wp\/v2\/posts\/11526\/revisions"}],"predecessor-version":[{"id":11529,"href":"https:\/\/dev.antudigital.cl\/sites\/vc\/wp-json\/wp\/v2\/posts\/11526\/revisions\/11529"}],"wp:featuredmedia":[{"embeddable":true,"href":"https:\/\/dev.antudigital.cl\/sites\/vc\/wp-json\/wp\/v2\/media\/11528"}],"wp:attachment":[{"href":"https:\/\/dev.antudigital.cl\/sites\/vc\/wp-json\/wp\/v2\/media?parent=11526"}],"wp:term":[{"taxonomy":"category","embeddable":true,"href":"https:\/\/dev.antudigital.cl\/sites\/vc\/wp-json\/wp\/v2\/categories?post=11526"},{"taxonomy":"post_tag","embeddable":true,"href":"https:\/\/dev.antudigital.cl\/sites\/vc\/wp-json\/wp\/v2\/tags?post=11526"}],"curies":[{"name":"wp","href":"https:\/\/api.w.org\/{rel}","templated":true}]}}