{"id":11542,"date":"2022-08-29T14:35:05","date_gmt":"2022-08-29T14:35:05","guid":{"rendered":"https:\/\/www.valparaisocreativo.cl\/?p=11542"},"modified":"2022-08-29T14:35:10","modified_gmt":"2022-08-29T14:35:10","slug":"ya-inicio-su-nueva-version-el-festival-ojo-de-pescado","status":"publish","type":"post","link":"https:\/\/dev.antudigital.cl\/sites\/vc\/ya-inicio-su-nueva-version-el-festival-ojo-de-pescado\/","title":{"rendered":"Ya inici\u00f3 su nueva versi\u00f3n el Festival Ojo de Pescado"},"content":{"rendered":"\n<p>Con la participaci\u00f3n de autoridades, representantes de instituciones culturales, colaboradores estrat\u00e9gicos y ni\u00f1os y ni\u00f1as del jurado, este viernes 26 de agosto se realiz\u00f3, en el Centro de Extensi\u00f3n del Ministerio de las Culturas, las Artes y el Patrimonio en la regi\u00f3n de Valpara\u00edso, la inauguraci\u00f3n del <strong>11\u00b0 Festival Internacional de Cine para Ni\u00f1os, Ni\u00f1as y J\u00f3venes Ojo de Pescado, que se extender\u00e1 hasta el 2 de septiembre<\/strong> con un nutrido calendario de actividades gratuitas, presenciales y virtuales.&nbsp;<\/p>\n\n\n\n<p>La actividad cont\u00f3 con la participaci\u00f3n de la directora art\u00edstica del Festival <strong>Alejandra Fritis<\/strong>; la seremi de las Culturas, las Artes y el Patrimonio de la regi\u00f3n de Valpara\u00edso, <strong>Patricia Mix<\/strong>, el director regional de Cultura de la Municipal de Valpara\u00edso, <strong>Sebasti\u00e1n Redol\u00e9s<\/strong>; la directora ejecutiva del Parque Cultural de Valpara\u00edso (PCDV), <strong>N\u00e9lida Pozo<\/strong>: y la coordinadora general del Centro de Extensi\u00f3n Duoc UC, sede Valpara\u00edso, <strong>Loreto Salazar<\/strong>, entre otras autoridades. Adem\u00e1s de invitados internacionales, como los reconocidos directores de cine mexicanos <strong>Ana Laura Calder\u00f3n y Ra\u00fal \u201cRobin\u201d Morales<\/strong>.<\/p>\n\n\n\n<p>Durante la ceremonia, fueron presentadas las 78 obras en competencia, provenientes de 22 pa\u00edses, adem\u00e1s, se hizo un recorrido por la historia del Festival<em>,<\/em> que lleva m\u00e1s de una d\u00e9cada acompa\u00f1ando a las infancias a trav\u00e9s de cine, arte y educaci\u00f3n.<\/p>\n\n\n\n<p><\/p>\n\n\n\n<p><strong>Programaci\u00f3n presencial y virtual<\/strong><\/p>\n\n\n\n<p>Como todos los a\u00f1os, la programaci\u00f3n del Festival est\u00e1 compuesta por obras audiovisuales internacionales para ni\u00f1os, ni\u00f1as y j\u00f3venes, que est\u00e1n compitiendo en sus cuatro categor\u00edas: <strong>Competencia Profesional de Largometrajes, Competencia Profesional de Cortometrajes, Competencia Profesional de Series de TV y\/o Web y Competencia \u201cJ\u00f3venes Cineastas<\/strong>\u201d.\u00a0<\/p>\n\n\n\n<p>Las obras en competencia est\u00e1n siendo exhibidas de manera gratuita en las sedes oficiales del Festival: <strong>Parque Cultural de Valpara\u00edso, Insomnia Teatro Condell y Edificio Cousi\u00f1o DUOC UC. La entrada es liberada, pero con cupos limitados, por lo que es necesario inscribirse previamente en<span style=\"text-decoration: underline;\"> www.ojodepescado.cl\/inscripciones.<\/span><\/strong><\/p>\n\n\n\n<p>Por su parte, tanto los cap\u00edtulos de series, y los cortometrajes profesionales y de \u201cJ\u00f3venes Cineastas\u201d tambi\u00e9n est\u00e1n siendo transmitidos de manera p\u00fablica, gratuita y sin necesidad de registro en la plataforma de cine online <a href=\"https:\/\/festival.ojodepescado.cl\u00a0\">https:\/\/festival.ojodepescado.cl\u00a0<\/a><\/p>\n\n\n\n<figure class=\"wp-block-image size-large\"><img fetchpriority=\"high\" decoding=\"async\" width=\"1024\" height=\"683\" src=\"https:\/\/www.valparaisocreativo.cl\/wp-content\/uploads\/2022\/08\/IMG_0037-1024x683.jpg\" alt=\"\" class=\"wp-image-11543\" srcset=\"https:\/\/dev.antudigital.cl\/sites\/vc\/wp-content\/uploads\/2022\/08\/IMG_0037-1024x683.jpg 1024w, https:\/\/dev.antudigital.cl\/sites\/vc\/wp-content\/uploads\/2022\/08\/IMG_0037-300x200.jpg 300w, https:\/\/dev.antudigital.cl\/sites\/vc\/wp-content\/uploads\/2022\/08\/IMG_0037-768x512.jpg 768w, https:\/\/dev.antudigital.cl\/sites\/vc\/wp-content\/uploads\/2022\/08\/IMG_0037-1536x1024.jpg 1536w, https:\/\/dev.antudigital.cl\/sites\/vc\/wp-content\/uploads\/2022\/08\/IMG_0037-2048x1365.jpg 2048w, https:\/\/dev.antudigital.cl\/sites\/vc\/wp-content\/uploads\/2022\/08\/IMG_0037-1080x720.jpg 1080w, https:\/\/dev.antudigital.cl\/sites\/vc\/wp-content\/uploads\/2022\/08\/IMG_0037-1280x854.jpg 1280w, https:\/\/dev.antudigital.cl\/sites\/vc\/wp-content\/uploads\/2022\/08\/IMG_0037-980x653.jpg 980w, https:\/\/dev.antudigital.cl\/sites\/vc\/wp-content\/uploads\/2022\/08\/IMG_0037-480x320.jpg 480w\" sizes=\"(max-width: 1024px) 100vw, 1024px\" \/><\/figure>\n\n\n\n<p><strong>J\u00f3venes cineastas<\/strong><\/p>\n\n\n\n<p>Es importante destacar, que la categor\u00eda \u201cJ\u00f3venes Cineastas\u201d, en la que participan obras creadas por ni\u00f1os, ni\u00f1as y j\u00f3venes, est\u00e1 siendo auspiciada por DIRECTV, que acompa\u00f1a al Festival desde sus primeras ediciones y, esta vez, se suma a trav\u00e9s de su programa de Sustentabilidad Escuela Plus, que ofrece contenidos educativos audiovisuales en m\u00e1s de 3000 escuelas rurales de Chile.<\/p>\n\n\n\n<p>Gracias a ello, alrededor de veinte j\u00f3venes participantes viajan hasta Valpara\u00edso, desde Buenos Aires, Florida, Isidro Casanova (Argentina), Chiclayo (Per\u00fa) y Bogot\u00e1 (Colombia), para participar presencialmente del certamen. Mientras que, representando a Chile, viajar\u00e1n j\u00f3venes de Lanco, Santiago, Gorbea, Villa Alemana, Calama y Buin.<\/p>\n\n\n\n<p>Tambi\u00e9n se realizar\u00e1n una serie de actividades dirigidas especialmente a los J\u00f3venes Cineastas, dentro de la que destaca un encuentro con los invitados internacionales; un conversatorio junto al director y dibujante Lucas Palacios, quien presentar\u00e1 la serie \u00a1Acci\u00f3n! Contenido exclusivo de Escuela Plus, y un encuentro con el periodista deportivo y productor de DIRECTV Sports, Javier Fucks. Los detalles de esta programaci\u00f3n se encuentran en www.ojodepescado.cl\/programaci\u00f3n-festival<\/p>\n\n\n\n<p>Finalmente, y de manera in\u00e9dita, este a\u00f1o debuta el \u201cPremio NTV\u201d para los participantes de la categor\u00eda J\u00f3venes Cineastas. Las y los ganadores de este galard\u00f3n tendr\u00e1n la oportunidad de exhibir sus cortometrajes en la se\u00f1al de NTV.\u00a0<\/p>\n\n\n\n<p><\/p>\n\n\n\n<p>Para m\u00e1s informaci\u00f3n, visita <a href=\"https:\/\/www.instagram.com\/festivalojodepescado\/\">sus redes sociales. <\/a><\/p>\n","protected":false},"excerpt":{"rendered":"<p>Con la participaci\u00f3n de autoridades, representantes de instituciones culturales, colaboradores estrat\u00e9gicos y ni\u00f1os y ni\u00f1as del jurado, este viernes 26 de agosto se realiz\u00f3, en el Centro de Extensi\u00f3n del Ministerio de las Culturas, las Artes y el Patrimonio en la regi\u00f3n de Valpara\u00edso, la inauguraci\u00f3n del 11\u00b0 Festival Internacional de Cine para Ni\u00f1os, Ni\u00f1as [&hellip;]<\/p>\n","protected":false},"author":1,"featured_media":11544,"comment_status":"open","ping_status":"closed","sticky":false,"template":"","format":"standard","meta":{"_acf_changed":false,"footnotes":""},"categories":[1],"tags":[],"class_list":["post-11542","post","type-post","status-publish","format-standard","has-post-thumbnail","hentry","category-uncategorized"],"acf":[],"yoast_head":"<!-- This site is optimized with the Yoast SEO plugin v27.1.1 - https:\/\/yoast.com\/product\/yoast-seo-wordpress\/ -->\n<title>Ya inici\u00f3 su nueva versi\u00f3n el Festival Ojo de Pescado - Valpara\u00ed\u00adso Creativo<\/title>\n<meta name=\"robots\" content=\"index, follow, max-snippet:-1, max-image-preview:large, max-video-preview:-1\" \/>\n<link rel=\"canonical\" href=\"https:\/\/dev.antudigital.cl\/sites\/vc\/ya-inicio-su-nueva-version-el-festival-ojo-de-pescado\/\" \/>\n<meta property=\"og:locale\" content=\"es_ES\" \/>\n<meta property=\"og:type\" content=\"article\" \/>\n<meta property=\"og:title\" content=\"Ya inici\u00f3 su nueva versi\u00f3n el Festival Ojo de Pescado - Valpara\u00ed\u00adso Creativo\" \/>\n<meta property=\"og:description\" content=\"Con la participaci\u00f3n de autoridades, representantes de instituciones culturales, colaboradores estrat\u00e9gicos y ni\u00f1os y ni\u00f1as del jurado, este viernes 26 de agosto se realiz\u00f3, en el Centro de Extensi\u00f3n del Ministerio de las Culturas, las Artes y el Patrimonio en la regi\u00f3n de Valpara\u00edso, la inauguraci\u00f3n del 11\u00b0 Festival Internacional de Cine para Ni\u00f1os, Ni\u00f1as [&hellip;]\" \/>\n<meta property=\"og:url\" content=\"https:\/\/dev.antudigital.cl\/sites\/vc\/ya-inicio-su-nueva-version-el-festival-ojo-de-pescado\/\" \/>\n<meta property=\"og:site_name\" content=\"Valpara\u00ed\u00adso Creativo\" \/>\n<meta property=\"article:published_time\" content=\"2022-08-29T14:35:05+00:00\" \/>\n<meta property=\"article:modified_time\" content=\"2022-08-29T14:35:10+00:00\" \/>\n<meta property=\"og:image\" content=\"https:\/\/dev.antudigital.cl\/sites\/vc\/wp-content\/uploads\/2022\/08\/WhatsApp-Image-2022-08-26-at-5.03.45-PM1.jpeg\" \/>\n\t<meta property=\"og:image:width\" content=\"1024\" \/>\n\t<meta property=\"og:image:height\" content=\"768\" \/>\n\t<meta property=\"og:image:type\" content=\"image\/jpeg\" \/>\n<meta name=\"author\" content=\"Valpara\u00edso Creativo\" \/>\n<meta name=\"twitter:card\" content=\"summary_large_image\" \/>\n<meta name=\"twitter:label1\" content=\"Escrito por\" \/>\n\t<meta name=\"twitter:data1\" content=\"Valpara\u00edso Creativo\" \/>\n\t<meta name=\"twitter:label2\" content=\"Tiempo de lectura\" \/>\n\t<meta name=\"twitter:data2\" content=\"3 minutos\" \/>\n<script type=\"application\/ld+json\" class=\"yoast-schema-graph\">{\"@context\":\"https:\/\/schema.org\",\"@graph\":[{\"@type\":\"Article\",\"@id\":\"https:\/\/dev.antudigital.cl\/sites\/vc\/ya-inicio-su-nueva-version-el-festival-ojo-de-pescado\/#article\",\"isPartOf\":{\"@id\":\"https:\/\/dev.antudigital.cl\/sites\/vc\/ya-inicio-su-nueva-version-el-festival-ojo-de-pescado\/\"},\"author\":{\"name\":\"Valpara\u00edso Creativo\",\"@id\":\"https:\/\/dev.antudigital.cl\/sites\/vc\/#\/schema\/person\/c2b9da8dd545e27166fc5ab232837318\"},\"headline\":\"Ya inici\u00f3 su nueva versi\u00f3n el Festival Ojo de Pescado\",\"datePublished\":\"2022-08-29T14:35:05+00:00\",\"dateModified\":\"2022-08-29T14:35:10+00:00\",\"mainEntityOfPage\":{\"@id\":\"https:\/\/dev.antudigital.cl\/sites\/vc\/ya-inicio-su-nueva-version-el-festival-ojo-de-pescado\/\"},\"wordCount\":648,\"commentCount\":0,\"image\":{\"@id\":\"https:\/\/dev.antudigital.cl\/sites\/vc\/ya-inicio-su-nueva-version-el-festival-ojo-de-pescado\/#primaryimage\"},\"thumbnailUrl\":\"https:\/\/dev.antudigital.cl\/sites\/vc\/wp-content\/uploads\/2022\/08\/WhatsApp-Image-2022-08-26-at-5.03.45-PM1.jpeg\",\"articleSection\":[\"Uncategorized\"],\"inLanguage\":\"es\",\"potentialAction\":[{\"@type\":\"CommentAction\",\"name\":\"Comment\",\"target\":[\"https:\/\/dev.antudigital.cl\/sites\/vc\/ya-inicio-su-nueva-version-el-festival-ojo-de-pescado\/#respond\"]}]},{\"@type\":\"WebPage\",\"@id\":\"https:\/\/dev.antudigital.cl\/sites\/vc\/ya-inicio-su-nueva-version-el-festival-ojo-de-pescado\/\",\"url\":\"https:\/\/dev.antudigital.cl\/sites\/vc\/ya-inicio-su-nueva-version-el-festival-ojo-de-pescado\/\",\"name\":\"Ya inici\u00f3 su nueva versi\u00f3n el Festival Ojo de Pescado - Valpara\u00ed\u00adso Creativo\",\"isPartOf\":{\"@id\":\"https:\/\/dev.antudigital.cl\/sites\/vc\/#website\"},\"primaryImageOfPage\":{\"@id\":\"https:\/\/dev.antudigital.cl\/sites\/vc\/ya-inicio-su-nueva-version-el-festival-ojo-de-pescado\/#primaryimage\"},\"image\":{\"@id\":\"https:\/\/dev.antudigital.cl\/sites\/vc\/ya-inicio-su-nueva-version-el-festival-ojo-de-pescado\/#primaryimage\"},\"thumbnailUrl\":\"https:\/\/dev.antudigital.cl\/sites\/vc\/wp-content\/uploads\/2022\/08\/WhatsApp-Image-2022-08-26-at-5.03.45-PM1.jpeg\",\"datePublished\":\"2022-08-29T14:35:05+00:00\",\"dateModified\":\"2022-08-29T14:35:10+00:00\",\"author\":{\"@id\":\"https:\/\/dev.antudigital.cl\/sites\/vc\/#\/schema\/person\/c2b9da8dd545e27166fc5ab232837318\"},\"breadcrumb\":{\"@id\":\"https:\/\/dev.antudigital.cl\/sites\/vc\/ya-inicio-su-nueva-version-el-festival-ojo-de-pescado\/#breadcrumb\"},\"inLanguage\":\"es\",\"potentialAction\":[{\"@type\":\"ReadAction\",\"target\":[\"https:\/\/dev.antudigital.cl\/sites\/vc\/ya-inicio-su-nueva-version-el-festival-ojo-de-pescado\/\"]}]},{\"@type\":\"ImageObject\",\"inLanguage\":\"es\",\"@id\":\"https:\/\/dev.antudigital.cl\/sites\/vc\/ya-inicio-su-nueva-version-el-festival-ojo-de-pescado\/#primaryimage\",\"url\":\"https:\/\/dev.antudigital.cl\/sites\/vc\/wp-content\/uploads\/2022\/08\/WhatsApp-Image-2022-08-26-at-5.03.45-PM1.jpeg\",\"contentUrl\":\"https:\/\/dev.antudigital.cl\/sites\/vc\/wp-content\/uploads\/2022\/08\/WhatsApp-Image-2022-08-26-at-5.03.45-PM1.jpeg\",\"width\":1024,\"height\":768},{\"@type\":\"BreadcrumbList\",\"@id\":\"https:\/\/dev.antudigital.cl\/sites\/vc\/ya-inicio-su-nueva-version-el-festival-ojo-de-pescado\/#breadcrumb\",\"itemListElement\":[{\"@type\":\"ListItem\",\"position\":1,\"name\":\"Home\",\"item\":\"https:\/\/dev.antudigital.cl\/sites\/vc\/\"},{\"@type\":\"ListItem\",\"position\":2,\"name\":\"Ya inici\u00f3 su nueva versi\u00f3n el Festival Ojo de Pescado\"}]},{\"@type\":\"WebSite\",\"@id\":\"https:\/\/dev.antudigital.cl\/sites\/vc\/#website\",\"url\":\"https:\/\/dev.antudigital.cl\/sites\/vc\/\",\"name\":\"Valpara\u00ed\u00adso Creativo\",\"description\":\"\",\"potentialAction\":[{\"@type\":\"SearchAction\",\"target\":{\"@type\":\"EntryPoint\",\"urlTemplate\":\"https:\/\/dev.antudigital.cl\/sites\/vc\/?s={search_term_string}\"},\"query-input\":{\"@type\":\"PropertyValueSpecification\",\"valueRequired\":true,\"valueName\":\"search_term_string\"}}],\"inLanguage\":\"es\"},{\"@type\":\"Person\",\"@id\":\"https:\/\/dev.antudigital.cl\/sites\/vc\/#\/schema\/person\/c2b9da8dd545e27166fc5ab232837318\",\"name\":\"Valpara\u00edso Creativo\",\"description\":\"Periodista de cultura en la Regi\u00f3n de Valpara\u00edso.\",\"url\":\"https:\/\/dev.antudigital.cl\/sites\/vc\/author\/valpoadmin\/\"}]}<\/script>\n<!-- \/ Yoast SEO plugin. -->","yoast_head_json":{"title":"Ya inici\u00f3 su nueva versi\u00f3n el Festival Ojo de Pescado - Valpara\u00ed\u00adso Creativo","robots":{"index":"index","follow":"follow","max-snippet":"max-snippet:-1","max-image-preview":"max-image-preview:large","max-video-preview":"max-video-preview:-1"},"canonical":"https:\/\/dev.antudigital.cl\/sites\/vc\/ya-inicio-su-nueva-version-el-festival-ojo-de-pescado\/","og_locale":"es_ES","og_type":"article","og_title":"Ya inici\u00f3 su nueva versi\u00f3n el Festival Ojo de Pescado - Valpara\u00ed\u00adso Creativo","og_description":"Con la participaci\u00f3n de autoridades, representantes de instituciones culturales, colaboradores estrat\u00e9gicos y ni\u00f1os y ni\u00f1as del jurado, este viernes 26 de agosto se realiz\u00f3, en el Centro de Extensi\u00f3n del Ministerio de las Culturas, las Artes y el Patrimonio en la regi\u00f3n de Valpara\u00edso, la inauguraci\u00f3n del 11\u00b0 Festival Internacional de Cine para Ni\u00f1os, Ni\u00f1as [&hellip;]","og_url":"https:\/\/dev.antudigital.cl\/sites\/vc\/ya-inicio-su-nueva-version-el-festival-ojo-de-pescado\/","og_site_name":"Valpara\u00ed\u00adso Creativo","article_published_time":"2022-08-29T14:35:05+00:00","article_modified_time":"2022-08-29T14:35:10+00:00","og_image":[{"width":1024,"height":768,"url":"https:\/\/dev.antudigital.cl\/sites\/vc\/wp-content\/uploads\/2022\/08\/WhatsApp-Image-2022-08-26-at-5.03.45-PM1.jpeg","type":"image\/jpeg"}],"author":"Valpara\u00edso Creativo","twitter_card":"summary_large_image","twitter_misc":{"Escrito por":"Valpara\u00edso Creativo","Tiempo de lectura":"3 minutos"},"schema":{"@context":"https:\/\/schema.org","@graph":[{"@type":"Article","@id":"https:\/\/dev.antudigital.cl\/sites\/vc\/ya-inicio-su-nueva-version-el-festival-ojo-de-pescado\/#article","isPartOf":{"@id":"https:\/\/dev.antudigital.cl\/sites\/vc\/ya-inicio-su-nueva-version-el-festival-ojo-de-pescado\/"},"author":{"name":"Valpara\u00edso Creativo","@id":"https:\/\/dev.antudigital.cl\/sites\/vc\/#\/schema\/person\/c2b9da8dd545e27166fc5ab232837318"},"headline":"Ya inici\u00f3 su nueva versi\u00f3n el Festival Ojo de Pescado","datePublished":"2022-08-29T14:35:05+00:00","dateModified":"2022-08-29T14:35:10+00:00","mainEntityOfPage":{"@id":"https:\/\/dev.antudigital.cl\/sites\/vc\/ya-inicio-su-nueva-version-el-festival-ojo-de-pescado\/"},"wordCount":648,"commentCount":0,"image":{"@id":"https:\/\/dev.antudigital.cl\/sites\/vc\/ya-inicio-su-nueva-version-el-festival-ojo-de-pescado\/#primaryimage"},"thumbnailUrl":"https:\/\/dev.antudigital.cl\/sites\/vc\/wp-content\/uploads\/2022\/08\/WhatsApp-Image-2022-08-26-at-5.03.45-PM1.jpeg","articleSection":["Uncategorized"],"inLanguage":"es","potentialAction":[{"@type":"CommentAction","name":"Comment","target":["https:\/\/dev.antudigital.cl\/sites\/vc\/ya-inicio-su-nueva-version-el-festival-ojo-de-pescado\/#respond"]}]},{"@type":"WebPage","@id":"https:\/\/dev.antudigital.cl\/sites\/vc\/ya-inicio-su-nueva-version-el-festival-ojo-de-pescado\/","url":"https:\/\/dev.antudigital.cl\/sites\/vc\/ya-inicio-su-nueva-version-el-festival-ojo-de-pescado\/","name":"Ya inici\u00f3 su nueva versi\u00f3n el Festival Ojo de Pescado - Valpara\u00ed\u00adso Creativo","isPartOf":{"@id":"https:\/\/dev.antudigital.cl\/sites\/vc\/#website"},"primaryImageOfPage":{"@id":"https:\/\/dev.antudigital.cl\/sites\/vc\/ya-inicio-su-nueva-version-el-festival-ojo-de-pescado\/#primaryimage"},"image":{"@id":"https:\/\/dev.antudigital.cl\/sites\/vc\/ya-inicio-su-nueva-version-el-festival-ojo-de-pescado\/#primaryimage"},"thumbnailUrl":"https:\/\/dev.antudigital.cl\/sites\/vc\/wp-content\/uploads\/2022\/08\/WhatsApp-Image-2022-08-26-at-5.03.45-PM1.jpeg","datePublished":"2022-08-29T14:35:05+00:00","dateModified":"2022-08-29T14:35:10+00:00","author":{"@id":"https:\/\/dev.antudigital.cl\/sites\/vc\/#\/schema\/person\/c2b9da8dd545e27166fc5ab232837318"},"breadcrumb":{"@id":"https:\/\/dev.antudigital.cl\/sites\/vc\/ya-inicio-su-nueva-version-el-festival-ojo-de-pescado\/#breadcrumb"},"inLanguage":"es","potentialAction":[{"@type":"ReadAction","target":["https:\/\/dev.antudigital.cl\/sites\/vc\/ya-inicio-su-nueva-version-el-festival-ojo-de-pescado\/"]}]},{"@type":"ImageObject","inLanguage":"es","@id":"https:\/\/dev.antudigital.cl\/sites\/vc\/ya-inicio-su-nueva-version-el-festival-ojo-de-pescado\/#primaryimage","url":"https:\/\/dev.antudigital.cl\/sites\/vc\/wp-content\/uploads\/2022\/08\/WhatsApp-Image-2022-08-26-at-5.03.45-PM1.jpeg","contentUrl":"https:\/\/dev.antudigital.cl\/sites\/vc\/wp-content\/uploads\/2022\/08\/WhatsApp-Image-2022-08-26-at-5.03.45-PM1.jpeg","width":1024,"height":768},{"@type":"BreadcrumbList","@id":"https:\/\/dev.antudigital.cl\/sites\/vc\/ya-inicio-su-nueva-version-el-festival-ojo-de-pescado\/#breadcrumb","itemListElement":[{"@type":"ListItem","position":1,"name":"Home","item":"https:\/\/dev.antudigital.cl\/sites\/vc\/"},{"@type":"ListItem","position":2,"name":"Ya inici\u00f3 su nueva versi\u00f3n el Festival Ojo de Pescado"}]},{"@type":"WebSite","@id":"https:\/\/dev.antudigital.cl\/sites\/vc\/#website","url":"https:\/\/dev.antudigital.cl\/sites\/vc\/","name":"Valpara\u00ed\u00adso Creativo","description":"","potentialAction":[{"@type":"SearchAction","target":{"@type":"EntryPoint","urlTemplate":"https:\/\/dev.antudigital.cl\/sites\/vc\/?s={search_term_string}"},"query-input":{"@type":"PropertyValueSpecification","valueRequired":true,"valueName":"search_term_string"}}],"inLanguage":"es"},{"@type":"Person","@id":"https:\/\/dev.antudigital.cl\/sites\/vc\/#\/schema\/person\/c2b9da8dd545e27166fc5ab232837318","name":"Valpara\u00edso Creativo","description":"Periodista de cultura en la Regi\u00f3n de Valpara\u00edso.","url":"https:\/\/dev.antudigital.cl\/sites\/vc\/author\/valpoadmin\/"}]}},"_links":{"self":[{"href":"https:\/\/dev.antudigital.cl\/sites\/vc\/wp-json\/wp\/v2\/posts\/11542","targetHints":{"allow":["GET"]}}],"collection":[{"href":"https:\/\/dev.antudigital.cl\/sites\/vc\/wp-json\/wp\/v2\/posts"}],"about":[{"href":"https:\/\/dev.antudigital.cl\/sites\/vc\/wp-json\/wp\/v2\/types\/post"}],"author":[{"embeddable":true,"href":"https:\/\/dev.antudigital.cl\/sites\/vc\/wp-json\/wp\/v2\/users\/1"}],"replies":[{"embeddable":true,"href":"https:\/\/dev.antudigital.cl\/sites\/vc\/wp-json\/wp\/v2\/comments?post=11542"}],"version-history":[{"count":1,"href":"https:\/\/dev.antudigital.cl\/sites\/vc\/wp-json\/wp\/v2\/posts\/11542\/revisions"}],"predecessor-version":[{"id":11545,"href":"https:\/\/dev.antudigital.cl\/sites\/vc\/wp-json\/wp\/v2\/posts\/11542\/revisions\/11545"}],"wp:featuredmedia":[{"embeddable":true,"href":"https:\/\/dev.antudigital.cl\/sites\/vc\/wp-json\/wp\/v2\/media\/11544"}],"wp:attachment":[{"href":"https:\/\/dev.antudigital.cl\/sites\/vc\/wp-json\/wp\/v2\/media?parent=11542"}],"wp:term":[{"taxonomy":"category","embeddable":true,"href":"https:\/\/dev.antudigital.cl\/sites\/vc\/wp-json\/wp\/v2\/categories?post=11542"},{"taxonomy":"post_tag","embeddable":true,"href":"https:\/\/dev.antudigital.cl\/sites\/vc\/wp-json\/wp\/v2\/tags?post=11542"}],"curies":[{"name":"wp","href":"https:\/\/api.w.org\/{rel}","templated":true}]}}