{"id":11546,"date":"2022-08-29T15:20:38","date_gmt":"2022-08-29T15:20:38","guid":{"rendered":"https:\/\/www.valparaisocreativo.cl\/?p=11546"},"modified":"2022-08-29T15:20:44","modified_gmt":"2022-08-29T15:20:44","slug":"canciones-de-bolsillo-vuelve-con-shows-en-valparaiso-y-san-antonio","status":"publish","type":"post","link":"https:\/\/dev.antudigital.cl\/sites\/vc\/canciones-de-bolsillo-vuelve-con-shows-en-valparaiso-y-san-antonio\/","title":{"rendered":"Canciones de Bolsillo vuelve con shows en Valpara\u00edso y San Antonio"},"content":{"rendered":"\n<p>\u00a1Vuelven las Canciones de Bolsillo! El ciclo de conciertos de peque\u00f1o formato de Centex tendr\u00e1 una nueva edici\u00f3n entre septiembre y diciembre, con la participaci\u00f3n de artistas que cultivan diversos estilos. En esta ocasi\u00f3n se cuenta con la curator\u00eda por parte del portal regional de cr\u00edtica musical, Ni\u00f1a Provincia (<strong>www.ninaprovincia.cl<\/strong>). Adem\u00e1s, las tocatas no s\u00f3lo se realizar\u00e1n en dependencias de Centex, sino que tambi\u00e9n en San Antonio, la Radio Valent\u00edn Letelier y la Plaza Sotomayor en Valpara\u00edso. \u00a0<\/p>\n\n\n\n<p>El jueves 1 de septiembre se presentar\u00e1 Noah Blanco, m\u00fasico que recientemente edit\u00f3 su primer trabajo larga duraci\u00f3n, Nene, placa que tuvo una c\u00e1lida recepci\u00f3n por parte de la cr\u00edtica, donde se pueden encontrar canciones que son excelentes exponentes del pop de sintetizadores, con matices folk, todo desde una mirada intimista y marcada por el activismo de las disidencias. Ese d\u00eda tambi\u00e9n se presentar\u00e1 Extra\u00f1os en la Noche, banda de Synthpop con tintes new wave oriunda de Valpara\u00edso y Limache.<\/p>\n\n\n\n<p>El viernes 2 de septiembre ser\u00e1 el turno de Nando Garc\u00eda, artista que dio sus primeros pasos en la m\u00fasica en Los Andes, pero que luego de radicarse en la capital, lanz\u00f3 este a\u00f1o su disco debut, Pirueta, trabajo por el cual estuvo nominado como Mejor Cantautor en los premios Pulsar. En esta jornada lo acompa\u00f1ar\u00e1 Korkora, agrupaci\u00f3n porte\u00f1a integrada por puras mujeres cuyas composiciones se nutren de las tradiciones gitanas con una clara tendencia a la pr\u00e1ctica musical callejera.<\/p>\n\n\n\n<p>&#x1f4c5; Jueves 1 de septiembre, Noah Blanco + Extra\u00f1os en la Noche, 19:00 Horas Antesala CENTEX.<\/p>\n\n\n\n<p>&#x1f4c5; Viernes 2 de septiembre, Nando Garc\u00eda + Korkora, 19:00 Horas. Antesala Centex<\/p>\n\n\n\n<p>&#x1f4c5; 28 de septiembre<br>Matiah Chinaski + La Charawilla, Transmisi\u00f3n espacial por Radio Valent\u00edn Letelier, Natalicio 90 V\u00edctor Jara, 18:00 Horas. Sala Musicamara UV<\/p>\n\n\n\n<p>&#x1f4c6;11 de octubre, Torito Alfaro + Lucy Brice\u00f1o- Invitados desde San Antonio: La Jockey Club Orquesta + Bohemia Mestiza. Celebraciones Mes de la M\u00fasica en Feria Ciudadana Plaza Sotomayor, 12:00 a 18:00 Horas.<\/p>\n\n\n\n<p>&#x1f4c5; Noviembre, Neculm\u00e1n + Almendra del Pilar, 20:00 Horas, Antesala CENTEX.<\/p>\n\n\n\n<p>&#x1f4c5;  17 de diciembre, Diego Lorenzini, 20:00 Horas, Teatro Centro Cultural de San Antonio.<\/p>\n\n\n\n<figure class=\"wp-block-image size-full\"><img fetchpriority=\"high\" decoding=\"async\" width=\"500\" height=\"500\" src=\"https:\/\/www.valparaisocreativo.cl\/wp-content\/uploads\/2022\/08\/CDB_SEPT_portada-500x500-1.png\" alt=\"\" class=\"wp-image-11548\" srcset=\"https:\/\/dev.antudigital.cl\/sites\/vc\/wp-content\/uploads\/2022\/08\/CDB_SEPT_portada-500x500-1.png 500w, https:\/\/dev.antudigital.cl\/sites\/vc\/wp-content\/uploads\/2022\/08\/CDB_SEPT_portada-500x500-1-300x300.png 300w, https:\/\/dev.antudigital.cl\/sites\/vc\/wp-content\/uploads\/2022\/08\/CDB_SEPT_portada-500x500-1-150x150.png 150w, https:\/\/dev.antudigital.cl\/sites\/vc\/wp-content\/uploads\/2022\/08\/CDB_SEPT_portada-500x500-1-480x480.png 480w\" sizes=\"(max-width: 500px) 100vw, 500px\" \/><\/figure>\n","protected":false},"excerpt":{"rendered":"<p>\u00a1Vuelven las Canciones de Bolsillo! El ciclo de conciertos de peque\u00f1o formato de Centex tendr\u00e1 una nueva edici\u00f3n entre septiembre y diciembre, con la participaci\u00f3n de artistas que cultivan diversos estilos. En esta ocasi\u00f3n se cuenta con la curator\u00eda por parte del portal regional de cr\u00edtica musical, Ni\u00f1a Provincia (www.ninaprovincia.cl). Adem\u00e1s, las tocatas no s\u00f3lo [&hellip;]<\/p>\n","protected":false},"author":1,"featured_media":11547,"comment_status":"open","ping_status":"closed","sticky":false,"template":"","format":"standard","meta":{"_acf_changed":false,"footnotes":""},"categories":[8],"tags":[],"class_list":["post-11546","post","type-post","status-publish","format-standard","has-post-thumbnail","hentry","category-noticia"],"acf":[],"yoast_head":"<!-- This site is optimized with the Yoast SEO plugin v27.1.1 - https:\/\/yoast.com\/product\/yoast-seo-wordpress\/ -->\n<title>Canciones de Bolsillo vuelve con shows en Valpara\u00edso y San Antonio - Valpara\u00ed\u00adso Creativo<\/title>\n<meta name=\"robots\" content=\"index, follow, max-snippet:-1, max-image-preview:large, max-video-preview:-1\" \/>\n<link rel=\"canonical\" href=\"https:\/\/dev.antudigital.cl\/sites\/vc\/canciones-de-bolsillo-vuelve-con-shows-en-valparaiso-y-san-antonio\/\" \/>\n<meta property=\"og:locale\" content=\"es_ES\" \/>\n<meta property=\"og:type\" content=\"article\" \/>\n<meta property=\"og:title\" content=\"Canciones de Bolsillo vuelve con shows en Valpara\u00edso y San Antonio - Valpara\u00ed\u00adso Creativo\" \/>\n<meta property=\"og:description\" content=\"\u00a1Vuelven las Canciones de Bolsillo! El ciclo de conciertos de peque\u00f1o formato de Centex tendr\u00e1 una nueva edici\u00f3n entre septiembre y diciembre, con la participaci\u00f3n de artistas que cultivan diversos estilos. En esta ocasi\u00f3n se cuenta con la curator\u00eda por parte del portal regional de cr\u00edtica musical, Ni\u00f1a Provincia (www.ninaprovincia.cl). Adem\u00e1s, las tocatas no s\u00f3lo [&hellip;]\" \/>\n<meta property=\"og:url\" content=\"https:\/\/dev.antudigital.cl\/sites\/vc\/canciones-de-bolsillo-vuelve-con-shows-en-valparaiso-y-san-antonio\/\" \/>\n<meta property=\"og:site_name\" content=\"Valpara\u00ed\u00adso Creativo\" \/>\n<meta property=\"article:published_time\" content=\"2022-08-29T15:20:38+00:00\" \/>\n<meta property=\"article:modified_time\" content=\"2022-08-29T15:20:44+00:00\" \/>\n<meta property=\"og:image\" content=\"https:\/\/dev.antudigital.cl\/sites\/vc\/wp-content\/uploads\/2022\/08\/e_centex_01.jpeg\" \/>\n\t<meta property=\"og:image:width\" content=\"1920\" \/>\n\t<meta property=\"og:image:height\" content=\"1080\" \/>\n\t<meta property=\"og:image:type\" content=\"image\/jpeg\" \/>\n<meta name=\"author\" content=\"Valpara\u00edso Creativo\" \/>\n<meta name=\"twitter:card\" content=\"summary_large_image\" \/>\n<meta name=\"twitter:label1\" content=\"Escrito por\" \/>\n\t<meta name=\"twitter:data1\" content=\"Valpara\u00edso Creativo\" \/>\n\t<meta name=\"twitter:label2\" content=\"Tiempo de lectura\" \/>\n\t<meta name=\"twitter:data2\" content=\"2 minutos\" \/>\n<script type=\"application\/ld+json\" class=\"yoast-schema-graph\">{\"@context\":\"https:\/\/schema.org\",\"@graph\":[{\"@type\":\"Article\",\"@id\":\"https:\/\/dev.antudigital.cl\/sites\/vc\/canciones-de-bolsillo-vuelve-con-shows-en-valparaiso-y-san-antonio\/#article\",\"isPartOf\":{\"@id\":\"https:\/\/dev.antudigital.cl\/sites\/vc\/canciones-de-bolsillo-vuelve-con-shows-en-valparaiso-y-san-antonio\/\"},\"author\":{\"name\":\"Valpara\u00edso Creativo\",\"@id\":\"https:\/\/dev.antudigital.cl\/sites\/vc\/#\/schema\/person\/c2b9da8dd545e27166fc5ab232837318\"},\"headline\":\"Canciones de Bolsillo vuelve con shows en Valpara\u00edso y San Antonio\",\"datePublished\":\"2022-08-29T15:20:38+00:00\",\"dateModified\":\"2022-08-29T15:20:44+00:00\",\"mainEntityOfPage\":{\"@id\":\"https:\/\/dev.antudigital.cl\/sites\/vc\/canciones-de-bolsillo-vuelve-con-shows-en-valparaiso-y-san-antonio\/\"},\"wordCount\":390,\"commentCount\":0,\"image\":{\"@id\":\"https:\/\/dev.antudigital.cl\/sites\/vc\/canciones-de-bolsillo-vuelve-con-shows-en-valparaiso-y-san-antonio\/#primaryimage\"},\"thumbnailUrl\":\"https:\/\/dev.antudigital.cl\/sites\/vc\/wp-content\/uploads\/2022\/08\/e_centex_01.jpeg\",\"articleSection\":[\"Noticia\"],\"inLanguage\":\"es\",\"potentialAction\":[{\"@type\":\"CommentAction\",\"name\":\"Comment\",\"target\":[\"https:\/\/dev.antudigital.cl\/sites\/vc\/canciones-de-bolsillo-vuelve-con-shows-en-valparaiso-y-san-antonio\/#respond\"]}]},{\"@type\":\"WebPage\",\"@id\":\"https:\/\/dev.antudigital.cl\/sites\/vc\/canciones-de-bolsillo-vuelve-con-shows-en-valparaiso-y-san-antonio\/\",\"url\":\"https:\/\/dev.antudigital.cl\/sites\/vc\/canciones-de-bolsillo-vuelve-con-shows-en-valparaiso-y-san-antonio\/\",\"name\":\"Canciones de Bolsillo vuelve con shows en Valpara\u00edso y San Antonio - Valpara\u00ed\u00adso Creativo\",\"isPartOf\":{\"@id\":\"https:\/\/dev.antudigital.cl\/sites\/vc\/#website\"},\"primaryImageOfPage\":{\"@id\":\"https:\/\/dev.antudigital.cl\/sites\/vc\/canciones-de-bolsillo-vuelve-con-shows-en-valparaiso-y-san-antonio\/#primaryimage\"},\"image\":{\"@id\":\"https:\/\/dev.antudigital.cl\/sites\/vc\/canciones-de-bolsillo-vuelve-con-shows-en-valparaiso-y-san-antonio\/#primaryimage\"},\"thumbnailUrl\":\"https:\/\/dev.antudigital.cl\/sites\/vc\/wp-content\/uploads\/2022\/08\/e_centex_01.jpeg\",\"datePublished\":\"2022-08-29T15:20:38+00:00\",\"dateModified\":\"2022-08-29T15:20:44+00:00\",\"author\":{\"@id\":\"https:\/\/dev.antudigital.cl\/sites\/vc\/#\/schema\/person\/c2b9da8dd545e27166fc5ab232837318\"},\"breadcrumb\":{\"@id\":\"https:\/\/dev.antudigital.cl\/sites\/vc\/canciones-de-bolsillo-vuelve-con-shows-en-valparaiso-y-san-antonio\/#breadcrumb\"},\"inLanguage\":\"es\",\"potentialAction\":[{\"@type\":\"ReadAction\",\"target\":[\"https:\/\/dev.antudigital.cl\/sites\/vc\/canciones-de-bolsillo-vuelve-con-shows-en-valparaiso-y-san-antonio\/\"]}]},{\"@type\":\"ImageObject\",\"inLanguage\":\"es\",\"@id\":\"https:\/\/dev.antudigital.cl\/sites\/vc\/canciones-de-bolsillo-vuelve-con-shows-en-valparaiso-y-san-antonio\/#primaryimage\",\"url\":\"https:\/\/dev.antudigital.cl\/sites\/vc\/wp-content\/uploads\/2022\/08\/e_centex_01.jpeg\",\"contentUrl\":\"https:\/\/dev.antudigital.cl\/sites\/vc\/wp-content\/uploads\/2022\/08\/e_centex_01.jpeg\",\"width\":1920,\"height\":1080},{\"@type\":\"BreadcrumbList\",\"@id\":\"https:\/\/dev.antudigital.cl\/sites\/vc\/canciones-de-bolsillo-vuelve-con-shows-en-valparaiso-y-san-antonio\/#breadcrumb\",\"itemListElement\":[{\"@type\":\"ListItem\",\"position\":1,\"name\":\"Home\",\"item\":\"https:\/\/dev.antudigital.cl\/sites\/vc\/\"},{\"@type\":\"ListItem\",\"position\":2,\"name\":\"Canciones de Bolsillo vuelve con shows en Valpara\u00edso y San Antonio\"}]},{\"@type\":\"WebSite\",\"@id\":\"https:\/\/dev.antudigital.cl\/sites\/vc\/#website\",\"url\":\"https:\/\/dev.antudigital.cl\/sites\/vc\/\",\"name\":\"Valpara\u00ed\u00adso Creativo\",\"description\":\"\",\"potentialAction\":[{\"@type\":\"SearchAction\",\"target\":{\"@type\":\"EntryPoint\",\"urlTemplate\":\"https:\/\/dev.antudigital.cl\/sites\/vc\/?s={search_term_string}\"},\"query-input\":{\"@type\":\"PropertyValueSpecification\",\"valueRequired\":true,\"valueName\":\"search_term_string\"}}],\"inLanguage\":\"es\"},{\"@type\":\"Person\",\"@id\":\"https:\/\/dev.antudigital.cl\/sites\/vc\/#\/schema\/person\/c2b9da8dd545e27166fc5ab232837318\",\"name\":\"Valpara\u00edso Creativo\",\"description\":\"Periodista de cultura en la Regi\u00f3n de Valpara\u00edso.\",\"url\":\"https:\/\/dev.antudigital.cl\/sites\/vc\/author\/valpoadmin\/\"}]}<\/script>\n<!-- \/ Yoast SEO plugin. -->","yoast_head_json":{"title":"Canciones de Bolsillo vuelve con shows en Valpara\u00edso y San Antonio - Valpara\u00ed\u00adso Creativo","robots":{"index":"index","follow":"follow","max-snippet":"max-snippet:-1","max-image-preview":"max-image-preview:large","max-video-preview":"max-video-preview:-1"},"canonical":"https:\/\/dev.antudigital.cl\/sites\/vc\/canciones-de-bolsillo-vuelve-con-shows-en-valparaiso-y-san-antonio\/","og_locale":"es_ES","og_type":"article","og_title":"Canciones de Bolsillo vuelve con shows en Valpara\u00edso y San Antonio - Valpara\u00ed\u00adso Creativo","og_description":"\u00a1Vuelven las Canciones de Bolsillo! El ciclo de conciertos de peque\u00f1o formato de Centex tendr\u00e1 una nueva edici\u00f3n entre septiembre y diciembre, con la participaci\u00f3n de artistas que cultivan diversos estilos. En esta ocasi\u00f3n se cuenta con la curator\u00eda por parte del portal regional de cr\u00edtica musical, Ni\u00f1a Provincia (www.ninaprovincia.cl). Adem\u00e1s, las tocatas no s\u00f3lo [&hellip;]","og_url":"https:\/\/dev.antudigital.cl\/sites\/vc\/canciones-de-bolsillo-vuelve-con-shows-en-valparaiso-y-san-antonio\/","og_site_name":"Valpara\u00ed\u00adso Creativo","article_published_time":"2022-08-29T15:20:38+00:00","article_modified_time":"2022-08-29T15:20:44+00:00","og_image":[{"width":1920,"height":1080,"url":"https:\/\/dev.antudigital.cl\/sites\/vc\/wp-content\/uploads\/2022\/08\/e_centex_01.jpeg","type":"image\/jpeg"}],"author":"Valpara\u00edso Creativo","twitter_card":"summary_large_image","twitter_misc":{"Escrito por":"Valpara\u00edso Creativo","Tiempo de lectura":"2 minutos"},"schema":{"@context":"https:\/\/schema.org","@graph":[{"@type":"Article","@id":"https:\/\/dev.antudigital.cl\/sites\/vc\/canciones-de-bolsillo-vuelve-con-shows-en-valparaiso-y-san-antonio\/#article","isPartOf":{"@id":"https:\/\/dev.antudigital.cl\/sites\/vc\/canciones-de-bolsillo-vuelve-con-shows-en-valparaiso-y-san-antonio\/"},"author":{"name":"Valpara\u00edso Creativo","@id":"https:\/\/dev.antudigital.cl\/sites\/vc\/#\/schema\/person\/c2b9da8dd545e27166fc5ab232837318"},"headline":"Canciones de Bolsillo vuelve con shows en Valpara\u00edso y San Antonio","datePublished":"2022-08-29T15:20:38+00:00","dateModified":"2022-08-29T15:20:44+00:00","mainEntityOfPage":{"@id":"https:\/\/dev.antudigital.cl\/sites\/vc\/canciones-de-bolsillo-vuelve-con-shows-en-valparaiso-y-san-antonio\/"},"wordCount":390,"commentCount":0,"image":{"@id":"https:\/\/dev.antudigital.cl\/sites\/vc\/canciones-de-bolsillo-vuelve-con-shows-en-valparaiso-y-san-antonio\/#primaryimage"},"thumbnailUrl":"https:\/\/dev.antudigital.cl\/sites\/vc\/wp-content\/uploads\/2022\/08\/e_centex_01.jpeg","articleSection":["Noticia"],"inLanguage":"es","potentialAction":[{"@type":"CommentAction","name":"Comment","target":["https:\/\/dev.antudigital.cl\/sites\/vc\/canciones-de-bolsillo-vuelve-con-shows-en-valparaiso-y-san-antonio\/#respond"]}]},{"@type":"WebPage","@id":"https:\/\/dev.antudigital.cl\/sites\/vc\/canciones-de-bolsillo-vuelve-con-shows-en-valparaiso-y-san-antonio\/","url":"https:\/\/dev.antudigital.cl\/sites\/vc\/canciones-de-bolsillo-vuelve-con-shows-en-valparaiso-y-san-antonio\/","name":"Canciones de Bolsillo vuelve con shows en Valpara\u00edso y San Antonio - Valpara\u00ed\u00adso Creativo","isPartOf":{"@id":"https:\/\/dev.antudigital.cl\/sites\/vc\/#website"},"primaryImageOfPage":{"@id":"https:\/\/dev.antudigital.cl\/sites\/vc\/canciones-de-bolsillo-vuelve-con-shows-en-valparaiso-y-san-antonio\/#primaryimage"},"image":{"@id":"https:\/\/dev.antudigital.cl\/sites\/vc\/canciones-de-bolsillo-vuelve-con-shows-en-valparaiso-y-san-antonio\/#primaryimage"},"thumbnailUrl":"https:\/\/dev.antudigital.cl\/sites\/vc\/wp-content\/uploads\/2022\/08\/e_centex_01.jpeg","datePublished":"2022-08-29T15:20:38+00:00","dateModified":"2022-08-29T15:20:44+00:00","author":{"@id":"https:\/\/dev.antudigital.cl\/sites\/vc\/#\/schema\/person\/c2b9da8dd545e27166fc5ab232837318"},"breadcrumb":{"@id":"https:\/\/dev.antudigital.cl\/sites\/vc\/canciones-de-bolsillo-vuelve-con-shows-en-valparaiso-y-san-antonio\/#breadcrumb"},"inLanguage":"es","potentialAction":[{"@type":"ReadAction","target":["https:\/\/dev.antudigital.cl\/sites\/vc\/canciones-de-bolsillo-vuelve-con-shows-en-valparaiso-y-san-antonio\/"]}]},{"@type":"ImageObject","inLanguage":"es","@id":"https:\/\/dev.antudigital.cl\/sites\/vc\/canciones-de-bolsillo-vuelve-con-shows-en-valparaiso-y-san-antonio\/#primaryimage","url":"https:\/\/dev.antudigital.cl\/sites\/vc\/wp-content\/uploads\/2022\/08\/e_centex_01.jpeg","contentUrl":"https:\/\/dev.antudigital.cl\/sites\/vc\/wp-content\/uploads\/2022\/08\/e_centex_01.jpeg","width":1920,"height":1080},{"@type":"BreadcrumbList","@id":"https:\/\/dev.antudigital.cl\/sites\/vc\/canciones-de-bolsillo-vuelve-con-shows-en-valparaiso-y-san-antonio\/#breadcrumb","itemListElement":[{"@type":"ListItem","position":1,"name":"Home","item":"https:\/\/dev.antudigital.cl\/sites\/vc\/"},{"@type":"ListItem","position":2,"name":"Canciones de Bolsillo vuelve con shows en Valpara\u00edso y San Antonio"}]},{"@type":"WebSite","@id":"https:\/\/dev.antudigital.cl\/sites\/vc\/#website","url":"https:\/\/dev.antudigital.cl\/sites\/vc\/","name":"Valpara\u00ed\u00adso Creativo","description":"","potentialAction":[{"@type":"SearchAction","target":{"@type":"EntryPoint","urlTemplate":"https:\/\/dev.antudigital.cl\/sites\/vc\/?s={search_term_string}"},"query-input":{"@type":"PropertyValueSpecification","valueRequired":true,"valueName":"search_term_string"}}],"inLanguage":"es"},{"@type":"Person","@id":"https:\/\/dev.antudigital.cl\/sites\/vc\/#\/schema\/person\/c2b9da8dd545e27166fc5ab232837318","name":"Valpara\u00edso Creativo","description":"Periodista de cultura en la Regi\u00f3n de Valpara\u00edso.","url":"https:\/\/dev.antudigital.cl\/sites\/vc\/author\/valpoadmin\/"}]}},"_links":{"self":[{"href":"https:\/\/dev.antudigital.cl\/sites\/vc\/wp-json\/wp\/v2\/posts\/11546","targetHints":{"allow":["GET"]}}],"collection":[{"href":"https:\/\/dev.antudigital.cl\/sites\/vc\/wp-json\/wp\/v2\/posts"}],"about":[{"href":"https:\/\/dev.antudigital.cl\/sites\/vc\/wp-json\/wp\/v2\/types\/post"}],"author":[{"embeddable":true,"href":"https:\/\/dev.antudigital.cl\/sites\/vc\/wp-json\/wp\/v2\/users\/1"}],"replies":[{"embeddable":true,"href":"https:\/\/dev.antudigital.cl\/sites\/vc\/wp-json\/wp\/v2\/comments?post=11546"}],"version-history":[{"count":1,"href":"https:\/\/dev.antudigital.cl\/sites\/vc\/wp-json\/wp\/v2\/posts\/11546\/revisions"}],"predecessor-version":[{"id":11554,"href":"https:\/\/dev.antudigital.cl\/sites\/vc\/wp-json\/wp\/v2\/posts\/11546\/revisions\/11554"}],"wp:featuredmedia":[{"embeddable":true,"href":"https:\/\/dev.antudigital.cl\/sites\/vc\/wp-json\/wp\/v2\/media\/11547"}],"wp:attachment":[{"href":"https:\/\/dev.antudigital.cl\/sites\/vc\/wp-json\/wp\/v2\/media?parent=11546"}],"wp:term":[{"taxonomy":"category","embeddable":true,"href":"https:\/\/dev.antudigital.cl\/sites\/vc\/wp-json\/wp\/v2\/categories?post=11546"},{"taxonomy":"post_tag","embeddable":true,"href":"https:\/\/dev.antudigital.cl\/sites\/vc\/wp-json\/wp\/v2\/tags?post=11546"}],"curies":[{"name":"wp","href":"https:\/\/api.w.org\/{rel}","templated":true}]}}