{"id":11549,"date":"2022-08-26T15:13:00","date_gmt":"2022-08-26T15:13:00","guid":{"rendered":"https:\/\/www.valparaisocreativo.cl\/?p=11549"},"modified":"2022-08-29T15:18:32","modified_gmt":"2022-08-29T15:18:32","slug":"se-abre-convocatoria-para-servicios-de-mantencion-web","status":"publish","type":"post","link":"https:\/\/dev.antudigital.cl\/sites\/vc\/se-abre-convocatoria-para-servicios-de-mantencion-web\/","title":{"rendered":"Se abre convocatoria para servicios de mantenci\u00f3n web"},"content":{"rendered":"\n<p>El Programa Estrat\u00e9gico Regional Valpara\u00edso Creativo, busca proveedor de servicios de mantenci\u00f3n para nuestra p\u00e1gina web. El objetivo de este servicio es llevar a cabo el mantenimiento y mejoras menores de la p\u00e1gina web\u00a0 www.valparaisocreativo.cl, buscando potenciar este\u00a0canal de comunicaci\u00f3n con la comunidad creativa, mostrar los hitos del programa, visibilizar los\u00a0 beneficios para la cartera de proyectos y actualizar con informaci\u00f3n vigente la secci\u00f3n cat\u00e1logo\u00a0creativo, con el fin de apoyar la dinamizaci\u00f3n, crecimiento, profesionalizaci\u00f3n y productividad de las\u00a0 econom\u00edas creativas de la regi\u00f3n de Valpara\u00edso.<\/p>\n\n\n\n<p>Los postulantes podr\u00e1n formular consultas a las Bases, a trav\u00e9s de un correo electr\u00f3nico dirigido a:\u00a0 valparaisocreativo@gmail.com<\/p>\n\n\n\n<p>Lee todas las bases y detalles en el siguiente documento: <\/p>\n\n\n\n<div data-wp-interactive=\"core\/file\" class=\"wp-block-file\"><object data-wp-bind--hidden=\"!state.hasPdfPreview\" hidden class=\"wp-block-file__embed\" data=\"https:\/\/www.valparaisocreativo.cl\/wp-content\/uploads\/2022\/08\/TDR-Web-2022.-26.08.22.pdf\" type=\"application\/pdf\" style=\"width:100%;height:600px\" aria-label=\"Incrustado de Incrustado de TDR Web 2022. 26.08.22..\"><\/object><a id=\"wp-block-file--media-f665df3d-dbca-4aa5-8c58-f3c7a7cb7c9e\" href=\"https:\/\/www.valparaisocreativo.cl\/wp-content\/uploads\/2022\/08\/TDR-Web-2022.-26.08.22.pdf\">TDR Web 2022. 26.08.22<\/a><a href=\"https:\/\/www.valparaisocreativo.cl\/wp-content\/uploads\/2022\/08\/TDR-Web-2022.-26.08.22.pdf\" class=\"wp-block-file__button\" download aria-describedby=\"wp-block-file--media-f665df3d-dbca-4aa5-8c58-f3c7a7cb7c9e\">Descarga<\/a><\/div>\n","protected":false},"excerpt":{"rendered":"<p>El Programa Estrat\u00e9gico Regional Valpara\u00edso Creativo, busca proveedor de servicios de mantenci\u00f3n para nuestra p\u00e1gina web. El objetivo de este servicio es llevar a cabo el mantenimiento y mejoras menores de la p\u00e1gina web\u00a0 www.valparaisocreativo.cl, buscando potenciar este\u00a0canal de comunicaci\u00f3n con la comunidad creativa, mostrar los hitos del programa, visibilizar los\u00a0 beneficios para la cartera [&hellip;]<\/p>\n","protected":false},"author":1,"featured_media":11552,"comment_status":"open","ping_status":"closed","sticky":false,"template":"","format":"standard","meta":{"_acf_changed":false,"footnotes":""},"categories":[8],"tags":[],"class_list":["post-11549","post","type-post","status-publish","format-standard","has-post-thumbnail","hentry","category-noticia"],"acf":[],"yoast_head":"<!-- This site is optimized with the Yoast SEO plugin v27.1.1 - https:\/\/yoast.com\/product\/yoast-seo-wordpress\/ -->\n<title>Se abre convocatoria para servicios de mantenci\u00f3n web - Valpara\u00ed\u00adso Creativo<\/title>\n<meta name=\"robots\" content=\"index, follow, max-snippet:-1, max-image-preview:large, max-video-preview:-1\" \/>\n<link rel=\"canonical\" href=\"https:\/\/dev.antudigital.cl\/sites\/vc\/se-abre-convocatoria-para-servicios-de-mantencion-web\/\" \/>\n<meta property=\"og:locale\" content=\"es_ES\" \/>\n<meta property=\"og:type\" content=\"article\" \/>\n<meta property=\"og:title\" content=\"Se abre convocatoria para servicios de mantenci\u00f3n web - Valpara\u00ed\u00adso Creativo\" \/>\n<meta property=\"og:description\" content=\"El Programa Estrat\u00e9gico Regional Valpara\u00edso Creativo, busca proveedor de servicios de mantenci\u00f3n para nuestra p\u00e1gina web. El objetivo de este servicio es llevar a cabo el mantenimiento y mejoras menores de la p\u00e1gina web\u00a0 www.valparaisocreativo.cl, buscando potenciar este\u00a0canal de comunicaci\u00f3n con la comunidad creativa, mostrar los hitos del programa, visibilizar los\u00a0 beneficios para la cartera [&hellip;]\" \/>\n<meta property=\"og:url\" content=\"https:\/\/dev.antudigital.cl\/sites\/vc\/se-abre-convocatoria-para-servicios-de-mantencion-web\/\" \/>\n<meta property=\"og:site_name\" content=\"Valpara\u00ed\u00adso Creativo\" \/>\n<meta property=\"article:published_time\" content=\"2022-08-26T15:13:00+00:00\" \/>\n<meta property=\"article:modified_time\" content=\"2022-08-29T15:18:32+00:00\" \/>\n<meta property=\"og:image\" content=\"https:\/\/dev.antudigital.cl\/sites\/vc\/wp-content\/uploads\/2022\/08\/Captura-de-Pantalla-2022-08-29-a-las-11.10.04.png\" \/>\n\t<meta property=\"og:image:width\" content=\"1440\" \/>\n\t<meta property=\"og:image:height\" content=\"482\" \/>\n\t<meta property=\"og:image:type\" content=\"image\/png\" \/>\n<meta name=\"author\" content=\"Valpara\u00edso Creativo\" \/>\n<meta name=\"twitter:card\" content=\"summary_large_image\" \/>\n<meta name=\"twitter:label1\" content=\"Escrito por\" \/>\n\t<meta name=\"twitter:data1\" content=\"Valpara\u00edso Creativo\" \/>\n\t<meta name=\"twitter:label2\" content=\"Tiempo de lectura\" \/>\n\t<meta name=\"twitter:data2\" content=\"1 minuto\" \/>\n<script type=\"application\/ld+json\" class=\"yoast-schema-graph\">{\"@context\":\"https:\/\/schema.org\",\"@graph\":[{\"@type\":\"Article\",\"@id\":\"https:\/\/dev.antudigital.cl\/sites\/vc\/se-abre-convocatoria-para-servicios-de-mantencion-web\/#article\",\"isPartOf\":{\"@id\":\"https:\/\/dev.antudigital.cl\/sites\/vc\/se-abre-convocatoria-para-servicios-de-mantencion-web\/\"},\"author\":{\"name\":\"Valpara\u00edso Creativo\",\"@id\":\"https:\/\/dev.antudigital.cl\/sites\/vc\/#\/schema\/person\/c2b9da8dd545e27166fc5ab232837318\"},\"headline\":\"Se abre convocatoria para servicios de mantenci\u00f3n web\",\"datePublished\":\"2022-08-26T15:13:00+00:00\",\"dateModified\":\"2022-08-29T15:18:32+00:00\",\"mainEntityOfPage\":{\"@id\":\"https:\/\/dev.antudigital.cl\/sites\/vc\/se-abre-convocatoria-para-servicios-de-mantencion-web\/\"},\"wordCount\":147,\"commentCount\":0,\"image\":{\"@id\":\"https:\/\/dev.antudigital.cl\/sites\/vc\/se-abre-convocatoria-para-servicios-de-mantencion-web\/#primaryimage\"},\"thumbnailUrl\":\"https:\/\/dev.antudigital.cl\/sites\/vc\/wp-content\/uploads\/2022\/08\/Captura-de-Pantalla-2022-08-29-a-las-11.10.04.png\",\"articleSection\":[\"Noticia\"],\"inLanguage\":\"es\",\"potentialAction\":[{\"@type\":\"CommentAction\",\"name\":\"Comment\",\"target\":[\"https:\/\/dev.antudigital.cl\/sites\/vc\/se-abre-convocatoria-para-servicios-de-mantencion-web\/#respond\"]}]},{\"@type\":\"WebPage\",\"@id\":\"https:\/\/dev.antudigital.cl\/sites\/vc\/se-abre-convocatoria-para-servicios-de-mantencion-web\/\",\"url\":\"https:\/\/dev.antudigital.cl\/sites\/vc\/se-abre-convocatoria-para-servicios-de-mantencion-web\/\",\"name\":\"Se abre convocatoria para servicios de mantenci\u00f3n web - Valpara\u00ed\u00adso Creativo\",\"isPartOf\":{\"@id\":\"https:\/\/dev.antudigital.cl\/sites\/vc\/#website\"},\"primaryImageOfPage\":{\"@id\":\"https:\/\/dev.antudigital.cl\/sites\/vc\/se-abre-convocatoria-para-servicios-de-mantencion-web\/#primaryimage\"},\"image\":{\"@id\":\"https:\/\/dev.antudigital.cl\/sites\/vc\/se-abre-convocatoria-para-servicios-de-mantencion-web\/#primaryimage\"},\"thumbnailUrl\":\"https:\/\/dev.antudigital.cl\/sites\/vc\/wp-content\/uploads\/2022\/08\/Captura-de-Pantalla-2022-08-29-a-las-11.10.04.png\",\"datePublished\":\"2022-08-26T15:13:00+00:00\",\"dateModified\":\"2022-08-29T15:18:32+00:00\",\"author\":{\"@id\":\"https:\/\/dev.antudigital.cl\/sites\/vc\/#\/schema\/person\/c2b9da8dd545e27166fc5ab232837318\"},\"breadcrumb\":{\"@id\":\"https:\/\/dev.antudigital.cl\/sites\/vc\/se-abre-convocatoria-para-servicios-de-mantencion-web\/#breadcrumb\"},\"inLanguage\":\"es\",\"potentialAction\":[{\"@type\":\"ReadAction\",\"target\":[\"https:\/\/dev.antudigital.cl\/sites\/vc\/se-abre-convocatoria-para-servicios-de-mantencion-web\/\"]}]},{\"@type\":\"ImageObject\",\"inLanguage\":\"es\",\"@id\":\"https:\/\/dev.antudigital.cl\/sites\/vc\/se-abre-convocatoria-para-servicios-de-mantencion-web\/#primaryimage\",\"url\":\"https:\/\/dev.antudigital.cl\/sites\/vc\/wp-content\/uploads\/2022\/08\/Captura-de-Pantalla-2022-08-29-a-las-11.10.04.png\",\"contentUrl\":\"https:\/\/dev.antudigital.cl\/sites\/vc\/wp-content\/uploads\/2022\/08\/Captura-de-Pantalla-2022-08-29-a-las-11.10.04.png\",\"width\":1440,\"height\":482},{\"@type\":\"BreadcrumbList\",\"@id\":\"https:\/\/dev.antudigital.cl\/sites\/vc\/se-abre-convocatoria-para-servicios-de-mantencion-web\/#breadcrumb\",\"itemListElement\":[{\"@type\":\"ListItem\",\"position\":1,\"name\":\"Home\",\"item\":\"https:\/\/dev.antudigital.cl\/sites\/vc\/\"},{\"@type\":\"ListItem\",\"position\":2,\"name\":\"Se abre convocatoria para servicios de mantenci\u00f3n web\"}]},{\"@type\":\"WebSite\",\"@id\":\"https:\/\/dev.antudigital.cl\/sites\/vc\/#website\",\"url\":\"https:\/\/dev.antudigital.cl\/sites\/vc\/\",\"name\":\"Valpara\u00ed\u00adso Creativo\",\"description\":\"\",\"potentialAction\":[{\"@type\":\"SearchAction\",\"target\":{\"@type\":\"EntryPoint\",\"urlTemplate\":\"https:\/\/dev.antudigital.cl\/sites\/vc\/?s={search_term_string}\"},\"query-input\":{\"@type\":\"PropertyValueSpecification\",\"valueRequired\":true,\"valueName\":\"search_term_string\"}}],\"inLanguage\":\"es\"},{\"@type\":\"Person\",\"@id\":\"https:\/\/dev.antudigital.cl\/sites\/vc\/#\/schema\/person\/c2b9da8dd545e27166fc5ab232837318\",\"name\":\"Valpara\u00edso Creativo\",\"description\":\"Periodista de cultura en la Regi\u00f3n de Valpara\u00edso.\",\"url\":\"https:\/\/dev.antudigital.cl\/sites\/vc\/author\/valpoadmin\/\"}]}<\/script>\n<!-- \/ Yoast SEO plugin. -->","yoast_head_json":{"title":"Se abre convocatoria para servicios de mantenci\u00f3n web - Valpara\u00ed\u00adso Creativo","robots":{"index":"index","follow":"follow","max-snippet":"max-snippet:-1","max-image-preview":"max-image-preview:large","max-video-preview":"max-video-preview:-1"},"canonical":"https:\/\/dev.antudigital.cl\/sites\/vc\/se-abre-convocatoria-para-servicios-de-mantencion-web\/","og_locale":"es_ES","og_type":"article","og_title":"Se abre convocatoria para servicios de mantenci\u00f3n web - Valpara\u00ed\u00adso Creativo","og_description":"El Programa Estrat\u00e9gico Regional Valpara\u00edso Creativo, busca proveedor de servicios de mantenci\u00f3n para nuestra p\u00e1gina web. El objetivo de este servicio es llevar a cabo el mantenimiento y mejoras menores de la p\u00e1gina web\u00a0 www.valparaisocreativo.cl, buscando potenciar este\u00a0canal de comunicaci\u00f3n con la comunidad creativa, mostrar los hitos del programa, visibilizar los\u00a0 beneficios para la cartera [&hellip;]","og_url":"https:\/\/dev.antudigital.cl\/sites\/vc\/se-abre-convocatoria-para-servicios-de-mantencion-web\/","og_site_name":"Valpara\u00ed\u00adso Creativo","article_published_time":"2022-08-26T15:13:00+00:00","article_modified_time":"2022-08-29T15:18:32+00:00","og_image":[{"width":1440,"height":482,"url":"https:\/\/dev.antudigital.cl\/sites\/vc\/wp-content\/uploads\/2022\/08\/Captura-de-Pantalla-2022-08-29-a-las-11.10.04.png","type":"image\/png"}],"author":"Valpara\u00edso Creativo","twitter_card":"summary_large_image","twitter_misc":{"Escrito por":"Valpara\u00edso Creativo","Tiempo de lectura":"1 minuto"},"schema":{"@context":"https:\/\/schema.org","@graph":[{"@type":"Article","@id":"https:\/\/dev.antudigital.cl\/sites\/vc\/se-abre-convocatoria-para-servicios-de-mantencion-web\/#article","isPartOf":{"@id":"https:\/\/dev.antudigital.cl\/sites\/vc\/se-abre-convocatoria-para-servicios-de-mantencion-web\/"},"author":{"name":"Valpara\u00edso Creativo","@id":"https:\/\/dev.antudigital.cl\/sites\/vc\/#\/schema\/person\/c2b9da8dd545e27166fc5ab232837318"},"headline":"Se abre convocatoria para servicios de mantenci\u00f3n web","datePublished":"2022-08-26T15:13:00+00:00","dateModified":"2022-08-29T15:18:32+00:00","mainEntityOfPage":{"@id":"https:\/\/dev.antudigital.cl\/sites\/vc\/se-abre-convocatoria-para-servicios-de-mantencion-web\/"},"wordCount":147,"commentCount":0,"image":{"@id":"https:\/\/dev.antudigital.cl\/sites\/vc\/se-abre-convocatoria-para-servicios-de-mantencion-web\/#primaryimage"},"thumbnailUrl":"https:\/\/dev.antudigital.cl\/sites\/vc\/wp-content\/uploads\/2022\/08\/Captura-de-Pantalla-2022-08-29-a-las-11.10.04.png","articleSection":["Noticia"],"inLanguage":"es","potentialAction":[{"@type":"CommentAction","name":"Comment","target":["https:\/\/dev.antudigital.cl\/sites\/vc\/se-abre-convocatoria-para-servicios-de-mantencion-web\/#respond"]}]},{"@type":"WebPage","@id":"https:\/\/dev.antudigital.cl\/sites\/vc\/se-abre-convocatoria-para-servicios-de-mantencion-web\/","url":"https:\/\/dev.antudigital.cl\/sites\/vc\/se-abre-convocatoria-para-servicios-de-mantencion-web\/","name":"Se abre convocatoria para servicios de mantenci\u00f3n web - Valpara\u00ed\u00adso Creativo","isPartOf":{"@id":"https:\/\/dev.antudigital.cl\/sites\/vc\/#website"},"primaryImageOfPage":{"@id":"https:\/\/dev.antudigital.cl\/sites\/vc\/se-abre-convocatoria-para-servicios-de-mantencion-web\/#primaryimage"},"image":{"@id":"https:\/\/dev.antudigital.cl\/sites\/vc\/se-abre-convocatoria-para-servicios-de-mantencion-web\/#primaryimage"},"thumbnailUrl":"https:\/\/dev.antudigital.cl\/sites\/vc\/wp-content\/uploads\/2022\/08\/Captura-de-Pantalla-2022-08-29-a-las-11.10.04.png","datePublished":"2022-08-26T15:13:00+00:00","dateModified":"2022-08-29T15:18:32+00:00","author":{"@id":"https:\/\/dev.antudigital.cl\/sites\/vc\/#\/schema\/person\/c2b9da8dd545e27166fc5ab232837318"},"breadcrumb":{"@id":"https:\/\/dev.antudigital.cl\/sites\/vc\/se-abre-convocatoria-para-servicios-de-mantencion-web\/#breadcrumb"},"inLanguage":"es","potentialAction":[{"@type":"ReadAction","target":["https:\/\/dev.antudigital.cl\/sites\/vc\/se-abre-convocatoria-para-servicios-de-mantencion-web\/"]}]},{"@type":"ImageObject","inLanguage":"es","@id":"https:\/\/dev.antudigital.cl\/sites\/vc\/se-abre-convocatoria-para-servicios-de-mantencion-web\/#primaryimage","url":"https:\/\/dev.antudigital.cl\/sites\/vc\/wp-content\/uploads\/2022\/08\/Captura-de-Pantalla-2022-08-29-a-las-11.10.04.png","contentUrl":"https:\/\/dev.antudigital.cl\/sites\/vc\/wp-content\/uploads\/2022\/08\/Captura-de-Pantalla-2022-08-29-a-las-11.10.04.png","width":1440,"height":482},{"@type":"BreadcrumbList","@id":"https:\/\/dev.antudigital.cl\/sites\/vc\/se-abre-convocatoria-para-servicios-de-mantencion-web\/#breadcrumb","itemListElement":[{"@type":"ListItem","position":1,"name":"Home","item":"https:\/\/dev.antudigital.cl\/sites\/vc\/"},{"@type":"ListItem","position":2,"name":"Se abre convocatoria para servicios de mantenci\u00f3n web"}]},{"@type":"WebSite","@id":"https:\/\/dev.antudigital.cl\/sites\/vc\/#website","url":"https:\/\/dev.antudigital.cl\/sites\/vc\/","name":"Valpara\u00ed\u00adso Creativo","description":"","potentialAction":[{"@type":"SearchAction","target":{"@type":"EntryPoint","urlTemplate":"https:\/\/dev.antudigital.cl\/sites\/vc\/?s={search_term_string}"},"query-input":{"@type":"PropertyValueSpecification","valueRequired":true,"valueName":"search_term_string"}}],"inLanguage":"es"},{"@type":"Person","@id":"https:\/\/dev.antudigital.cl\/sites\/vc\/#\/schema\/person\/c2b9da8dd545e27166fc5ab232837318","name":"Valpara\u00edso Creativo","description":"Periodista de cultura en la Regi\u00f3n de Valpara\u00edso.","url":"https:\/\/dev.antudigital.cl\/sites\/vc\/author\/valpoadmin\/"}]}},"_links":{"self":[{"href":"https:\/\/dev.antudigital.cl\/sites\/vc\/wp-json\/wp\/v2\/posts\/11549","targetHints":{"allow":["GET"]}}],"collection":[{"href":"https:\/\/dev.antudigital.cl\/sites\/vc\/wp-json\/wp\/v2\/posts"}],"about":[{"href":"https:\/\/dev.antudigital.cl\/sites\/vc\/wp-json\/wp\/v2\/types\/post"}],"author":[{"embeddable":true,"href":"https:\/\/dev.antudigital.cl\/sites\/vc\/wp-json\/wp\/v2\/users\/1"}],"replies":[{"embeddable":true,"href":"https:\/\/dev.antudigital.cl\/sites\/vc\/wp-json\/wp\/v2\/comments?post=11549"}],"version-history":[{"count":2,"href":"https:\/\/dev.antudigital.cl\/sites\/vc\/wp-json\/wp\/v2\/posts\/11549\/revisions"}],"predecessor-version":[{"id":11553,"href":"https:\/\/dev.antudigital.cl\/sites\/vc\/wp-json\/wp\/v2\/posts\/11549\/revisions\/11553"}],"wp:featuredmedia":[{"embeddable":true,"href":"https:\/\/dev.antudigital.cl\/sites\/vc\/wp-json\/wp\/v2\/media\/11552"}],"wp:attachment":[{"href":"https:\/\/dev.antudigital.cl\/sites\/vc\/wp-json\/wp\/v2\/media?parent=11549"}],"wp:term":[{"taxonomy":"category","embeddable":true,"href":"https:\/\/dev.antudigital.cl\/sites\/vc\/wp-json\/wp\/v2\/categories?post=11549"},{"taxonomy":"post_tag","embeddable":true,"href":"https:\/\/dev.antudigital.cl\/sites\/vc\/wp-json\/wp\/v2\/tags?post=11549"}],"curies":[{"name":"wp","href":"https:\/\/api.w.org\/{rel}","templated":true}]}}