{"id":11557,"date":"2022-08-28T00:00:00","date_gmt":"2022-08-28T00:00:00","guid":{"rendered":"https:\/\/www.valparaisocreativo.cl\/?p=11557"},"modified":"2022-08-30T00:53:13","modified_gmt":"2022-08-30T00:53:13","slug":"queremos-contar-la-historia-del-circo-entrevista-a-julio-lobos","status":"publish","type":"post","link":"https:\/\/dev.antudigital.cl\/sites\/vc\/queremos-contar-la-historia-del-circo-entrevista-a-julio-lobos\/","title":{"rendered":"\u00abQueremos contar la historia del circo\u00bb, entrevista a Julio Lobos"},"content":{"rendered":"\n<p><a href=\"https:\/\/www.instagram.com\/juliolobosmoyano\/\">Julio Lobos<\/a> trabaja en circo y eventos desde hace mucho. Lleva a\u00f1os vinculado tanto al circo tradicional como al contempor\u00e1neo, una pasi\u00f3n que lo ha llevado a liderar dos proyectos interesantes hoy en d\u00eda. Por una parte, la Fundaci\u00f3n Circomuseo, donde quieren preservar este patrimonio inmaterial, y tambi\u00e9n el Domo de las Artes, un fondo ejecutado Conecta y Colabora de Corfo que se adjudic\u00f3 post pandemia.&nbsp;<\/p>\n\n\n\n<p>\u00bfDe qu\u00e9 se tratan estos proyectos? \u00a1Desc\u00fabrelo con nosotros!<\/p>\n\n\n\n\n\n<p><strong>Cu\u00e9ntame, \u00bfc\u00f3mo fue tu experiencia con Conecta y Colabora de Corfo?<\/strong><\/p>\n\n\n\n<p>-He postulado a distintos fondos, y el de CORFO parec\u00eda ser algo alejado, pero se logr\u00f3: ya que me adjudiqu\u00e9 un Conecta y Colabora. Hab\u00edan barreras usualmente para postular, pero debido a la pandemia se bajaron varias restricciones que me permitieron calzar m\u00e1s en el perfil de postulaci\u00f3n y fue mucho m\u00e1s f\u00e1cil.<\/p>\n\n\n\n<p><strong>\u00bfCu\u00e1l fue la idea que postulaste?<\/strong><\/p>\n\n\n\n<p>-Postulamos el Domo de las artes, donde tomamos el modelo de negocios del circo tradicional, donde se presenta un espect\u00e1culo, pero en este caso se cobra por una entrada. Tambi\u00e9n hay una dulcer\u00eda inclu\u00eddo en el espacio. El circo tradicional vende churros, palomitas, ese tipo de cosas, ac\u00e1 la ide es hacerlo 3.0 y ocupar ese mismo modelo para las otras artes esc\u00e9nicas tambi\u00e9n. <\/p>\n\n\n\n<p>La infraestructura sirve para hacer m\u00fasica, danza, todo en vivo. El fondo Conecta y Colabora nos ayud\u00f3 a solventar este proyecto, pues tambi\u00e9n transmitiremos por streaming las funciones con co-ejecutores. Entonces trabajaremos con una productora en el tema audiovisual. As\u00ed se pueden generar dos entradas: una f\u00edsica y otra on line.<\/p>\n\n\n\n<p>Y con el otro co-ejecutor, que es de pantallas led, es una productora t\u00e9cnica que nos ayudar\u00e1 en lo audiovisual tambi\u00e9n.&nbsp;<\/p>\n\n\n\n<p><strong>Cu\u00e9ntame un poco m\u00e1s de ti, \u00bfcu\u00e1l es tu historia?<\/strong><\/p>\n\n\n\n<p>-Me dedicaba a la iluminaci\u00f3n y as\u00ed fue que llegu\u00e9 al circo, luego comenc\u00e9 a ser productor, hasta matrimonios hac\u00eda. A m\u00ed me gusta el circo desde peque\u00f1o, y me vincul\u00e9 desde mi trabajo con las luces, ya que arrendaba iluminaci\u00f3n para eventos puntuales de circo. Ah\u00ed conoc\u00ed a familias del circo tradicional. Entonces me empec\u00e9 a involucrar con ellos y a hacer amistad.&nbsp;<\/p>\n\n\n\n<p><strong>\u00bfCu\u00e1l es tu vinculaci\u00f3n con el circo?<\/strong><\/p>\n\n\n\n<p>-Originalmente yo soy de Casablanca. Y ah\u00ed siempre llegaba el circo, y era lo \u00fanico distinto a lo que se viv\u00eda todos los d\u00edas, y a m\u00ed me quedaba el circo en el patio de la casa, a unas cuadras.&nbsp;<\/p>\n\n\n\n<p>Yo iba al circo y ayudaba desde ni\u00f1o, quer\u00eda ser del circo. Y ten\u00eda esa libertad. Pero despu\u00e9s se me pas\u00f3 un poco ese encanto. Volv\u00ed a esto cuando me lleg\u00f3 el trabajo en el circo a\u00f1os despu\u00e9s.&nbsp;<\/p>\n\n\n\n<p><strong>Despu\u00e9s, \u00bfc\u00f3mo te seguiste metiendo en este mundo?<\/strong><\/p>\n\n\n\n<p>-Yo le ofrec\u00ed al Mimo Tuga mis equipos para su festival, que terminamos haciendo juntos de manera colaborativa. Eso fue Invasi\u00f3n Callejera. Luego me pas\u00e9 a Carpa Azul, donde trabaj\u00e9 como 10 a\u00f1os de la misma manera. Los equipos eran m\u00edos y yo los prove\u00eda, por lo que pas\u00e9 al equipo.&nbsp;<\/p>\n\n\n\n<p>Son mundos distintos de todos modos, como el circo contempor\u00e1neo y el circo tradicional, que tienen otras maneras de plantearse. Otras formas de vida incluso. En lo tradicional la gente vive y viaja con el circo, en lo actual no hay que nacer en cuna circense, sino que tienen entrenamiento o formaci\u00f3n\u2026 por eso el circo tradicional es aquel que es patrimonio inmaterial.<\/p>\n\n\n\n<p><strong>\u00bfTodo esto te llev\u00f3 a formar tu propio circo?<\/strong><\/p>\n\n\n\n<p>-Siempre fui muy cercano al circo, entonces ten\u00eda la idea de armar el m\u00edo propio. Arm\u00e9 algunas funciones en Olmu\u00e9 el 2018, pero no funcionaron como quer\u00eda.&nbsp;<\/p>\n\n\n\n<figure class=\"wp-block-image size-large\"><img fetchpriority=\"high\" decoding=\"async\" width=\"1024\" height=\"576\" src=\"https:\/\/www.valparaisocreativo.cl\/wp-content\/uploads\/2022\/08\/7316fd16-d93f-4e72-8dec-def94b861413-1024x576.jpg\" alt=\"\" class=\"wp-image-11559\" srcset=\"https:\/\/dev.antudigital.cl\/sites\/vc\/wp-content\/uploads\/2022\/08\/7316fd16-d93f-4e72-8dec-def94b861413-1024x576.jpg 1024w, https:\/\/dev.antudigital.cl\/sites\/vc\/wp-content\/uploads\/2022\/08\/7316fd16-d93f-4e72-8dec-def94b861413-300x169.jpg 300w, https:\/\/dev.antudigital.cl\/sites\/vc\/wp-content\/uploads\/2022\/08\/7316fd16-d93f-4e72-8dec-def94b861413-768x432.jpg 768w, https:\/\/dev.antudigital.cl\/sites\/vc\/wp-content\/uploads\/2022\/08\/7316fd16-d93f-4e72-8dec-def94b861413-1080x608.jpg 1080w, https:\/\/dev.antudigital.cl\/sites\/vc\/wp-content\/uploads\/2022\/08\/7316fd16-d93f-4e72-8dec-def94b861413-980x551.jpg 980w, https:\/\/dev.antudigital.cl\/sites\/vc\/wp-content\/uploads\/2022\/08\/7316fd16-d93f-4e72-8dec-def94b861413-480x270.jpg 480w, https:\/\/dev.antudigital.cl\/sites\/vc\/wp-content\/uploads\/2022\/08\/7316fd16-d93f-4e72-8dec-def94b861413.jpg 1280w\" sizes=\"(max-width: 1024px) 100vw, 1024px\" \/><figcaption>Fotos de la carpa<\/figcaption><\/figure>\n\n\n\n<p><strong>\u00bfEn qu\u00e9 etapa est\u00e1s del Domo de las Artes?<\/strong><\/p>\n\n\n\n<p>-Todav\u00eda viene la importaci\u00f3n de la carpa. Ser\u00e1 una infraestructura totalmente distinta a lo que hay, es una experiencia diferente. Esta carpa ser\u00e1 de 18 metros, a diferencia de las carpas convencionales de 25 metros cuadrados. Entran unas 300 personas, para hacerlo m\u00e1s peque\u00f1o y m\u00e1s cercano. Hoy el circo no entra en Valpara\u00edso, pues no entra por tama\u00f1o. Sin embargo una carpa m\u00e1s peque\u00f1a como esta te permite entrar a plaza u otros terrenos, tiene un sentido estrat\u00e9gico haberla hecho as\u00ed. Y delante va la dulcer\u00eda, de 10 por 12 metros, que es como una cafeter\u00eda. Este es el domo de las artes, que presentar\u00e1 otras artes esc\u00e9nicas adem\u00e1s del circo. Tenemos los equipos de sonido, de iluminaci\u00f3n, y todo va montado dentro. La idea es que sea itinerante.<\/p>\n\n\n\n<p>Esto ser\u00e1 desde octubre.&nbsp;<\/p>\n\n\n\n<p><strong>\u00bfQu\u00e9 otros proyectos tienes?<\/strong><\/p>\n\n\n\n<p>-Aparte el 2020 arm\u00e9 el proyecto Fundaci\u00f3n Circomuseo, cuyo objetivo es contribuir a la difusi\u00f3n y promoci\u00f3n y fortalecimiento del circo como patrimonio cultural inmaterial, que fue nombrada reci\u00e9n en abril del 2022, por lo que vienen todos los planes de salvaguarda de esta actividad. Es todo un proceso. Esto se trabaja con Servicio Patrimonio, donde es todo nuevo, y reci\u00e9n se dar\u00e1n las directrices de trabajo seg\u00fan planes de trabajo desde la Unesco que el Estado se compromete a cumplir.&nbsp;<\/p>\n\n\n\n<p>Por esa l\u00ednea queremos trabajar.<\/p>\n\n\n\n<p><strong>\u00bfCu\u00e1l es tu mirada sobre el circo hoy en d\u00eda?<\/strong><\/p>\n\n\n\n<p>-Hoy el circo tradicional no llega a Valpara\u00edso, antes hab\u00edan circos peque\u00f1os que transitaban por los cerros. Faltan espacios para las carpas. Eso queremos poner en valor desde la Fundaci\u00f3n<\/p>\n\n\n\n<p><strong>\u00bfCu\u00e1ndo comienzan con el Domo de las Artes?<\/strong><\/p>\n\n\n\n<p>-El Domo de las Artes nos instalaremos junto al Museo Artequ\u00edn, en Potrerillos. Esto ser\u00e1 en octubre hasta diciembre, entonces haremos una programaci\u00f3n que contenga circo, teatro, danza y m\u00fasica. Ese ser\u00e1 nuestro primer punto.&nbsp;<\/p>\n\n\n\n<figure class=\"wp-block-image size-large\"><img decoding=\"async\" width=\"1024\" height=\"576\" src=\"https:\/\/www.valparaisocreativo.cl\/wp-content\/uploads\/2022\/08\/19eaa69a-d05d-45f5-8139-a0d3d8417dfc-1024x576.jpg\" alt=\"\" class=\"wp-image-11558\" srcset=\"https:\/\/dev.antudigital.cl\/sites\/vc\/wp-content\/uploads\/2022\/08\/19eaa69a-d05d-45f5-8139-a0d3d8417dfc-1024x576.jpg 1024w, https:\/\/dev.antudigital.cl\/sites\/vc\/wp-content\/uploads\/2022\/08\/19eaa69a-d05d-45f5-8139-a0d3d8417dfc-300x169.jpg 300w, https:\/\/dev.antudigital.cl\/sites\/vc\/wp-content\/uploads\/2022\/08\/19eaa69a-d05d-45f5-8139-a0d3d8417dfc-768x432.jpg 768w, https:\/\/dev.antudigital.cl\/sites\/vc\/wp-content\/uploads\/2022\/08\/19eaa69a-d05d-45f5-8139-a0d3d8417dfc-1536x864.jpg 1536w, https:\/\/dev.antudigital.cl\/sites\/vc\/wp-content\/uploads\/2022\/08\/19eaa69a-d05d-45f5-8139-a0d3d8417dfc-1080x607.jpg 1080w, https:\/\/dev.antudigital.cl\/sites\/vc\/wp-content\/uploads\/2022\/08\/19eaa69a-d05d-45f5-8139-a0d3d8417dfc-1280x720.jpg 1280w, https:\/\/dev.antudigital.cl\/sites\/vc\/wp-content\/uploads\/2022\/08\/19eaa69a-d05d-45f5-8139-a0d3d8417dfc-980x551.jpg 980w, https:\/\/dev.antudigital.cl\/sites\/vc\/wp-content\/uploads\/2022\/08\/19eaa69a-d05d-45f5-8139-a0d3d8417dfc-480x270.jpg 480w, https:\/\/dev.antudigital.cl\/sites\/vc\/wp-content\/uploads\/2022\/08\/19eaa69a-d05d-45f5-8139-a0d3d8417dfc.jpg 1599w\" sizes=\"(max-width: 1024px) 100vw, 1024px\" \/><figcaption>Carpa en proceso<\/figcaption><\/figure>\n\n\n\n<p><strong>\u00bfD\u00f3nde se encuentran como Fundaci\u00f3n?<\/strong><\/p>\n\n\n\n<p>-Tenemos nuestra oficina en Bar\u00f3n, un espacio que hemos ido construyendo y que compartimos y es una opci\u00f3n resistir en \u00e9l. Ah\u00ed tenemos una bodega tambi\u00e9n, y lo que necesitamos hemos ido haci\u00e9ndolo con nuestras propias manos. Ac\u00e1 queremos hacer una exposici\u00f3n y contar la historia del circo chileno desde Valpara\u00edso, ya que ac\u00e1 se le considera la cuna del circo chileno.&nbsp;<\/p>\n\n\n\n<p><strong>Cu\u00e9ntanos un poco m\u00e1s de esto\u2026<\/strong><\/p>\n\n\n\n<p>El circo moderno, como lo conocemos hoy,&nbsp; lleg\u00f3 primero a Valpara\u00edso en 1827 y se llamaba Nataniel Bogardos, que era norteamericano. Vino con caballos, que era algo muy innovador en el momento. Por eso la pista del circo es circular, pues era ecuestre. De hecho, Edwards se llamaba antiguamente Calle del Circo, y Ferrari \u201cQuebrada del Circo\u201d, que eran donde se instalaban los circenses.&nbsp;<\/p>\n\n\n\n<p>Con la Fundaci\u00f3n nos relacionamos con el Departamento de Patrimonio de la Municipalidad de Valpara\u00edso, por ejemplo.&nbsp;<\/p>\n\n\n\n<p>Nataniel Bogardos se queda tres meses ac\u00e1 a un costado de la Plaza Victoria, pero antes de eso solo hab\u00edan artistas itinerantes, y el circo junta a estos artistas y monta un espect\u00e1culo, y desde entonces que se genera esa cultura en Chile. En Valpara\u00edso tambi\u00e9n llegaron los primeros animales de circo, cuando no era el puerto como lo conocemos hoy en d\u00eda. Queremos contar estas historias. Somos \u00f1o\u00f1os del circo.<\/p>\n\n\n\n<p><\/p>\n\n\n\n<p><\/p>\n\n\n\n<p>No olvides seguir a <a href=\"https:\/\/www.instagram.com\/circomuseo\/\">Fundaci\u00f3n Circomuseo en sus redes sociales<\/a>.<\/p>\n","protected":false},"excerpt":{"rendered":"<p>Julio Lobos trabaja en circo y eventos desde hace mucho. Lleva a\u00f1os vinculado tanto al circo tradicional como al contempor\u00e1neo, una pasi\u00f3n que lo ha llevado a liderar dos proyectos interesantes hoy en d\u00eda. Por una parte, la Fundaci\u00f3n Circomuseo, donde quieren preservar este patrimonio inmaterial, y tambi\u00e9n el Domo de las Artes, un fondo [&hellip;]<\/p>\n","protected":false},"author":1,"featured_media":11560,"comment_status":"open","ping_status":"closed","sticky":false,"template":"","format":"standard","meta":{"_acf_changed":false,"footnotes":""},"categories":[8],"tags":[],"class_list":["post-11557","post","type-post","status-publish","format-standard","has-post-thumbnail","hentry","category-noticia"],"acf":[],"yoast_head":"<!-- This site is optimized with the Yoast SEO plugin v27.1.1 - https:\/\/yoast.com\/product\/yoast-seo-wordpress\/ -->\n<title>&quot;Queremos contar la historia del circo&quot;, entrevista a Julio Lobos - Valpara\u00ed\u00adso Creativo<\/title>\n<meta name=\"robots\" content=\"index, follow, max-snippet:-1, max-image-preview:large, max-video-preview:-1\" \/>\n<link rel=\"canonical\" href=\"https:\/\/dev.antudigital.cl\/sites\/vc\/queremos-contar-la-historia-del-circo-entrevista-a-julio-lobos\/\" \/>\n<meta property=\"og:locale\" content=\"es_ES\" \/>\n<meta property=\"og:type\" content=\"article\" \/>\n<meta property=\"og:title\" content=\"&quot;Queremos contar la historia del circo&quot;, entrevista a Julio Lobos - Valpara\u00ed\u00adso Creativo\" \/>\n<meta property=\"og:description\" content=\"Julio Lobos trabaja en circo y eventos desde hace mucho. Lleva a\u00f1os vinculado tanto al circo tradicional como al contempor\u00e1neo, una pasi\u00f3n que lo ha llevado a liderar dos proyectos interesantes hoy en d\u00eda. Por una parte, la Fundaci\u00f3n Circomuseo, donde quieren preservar este patrimonio inmaterial, y tambi\u00e9n el Domo de las Artes, un fondo [&hellip;]\" \/>\n<meta property=\"og:url\" content=\"https:\/\/dev.antudigital.cl\/sites\/vc\/queremos-contar-la-historia-del-circo-entrevista-a-julio-lobos\/\" \/>\n<meta property=\"og:site_name\" content=\"Valpara\u00ed\u00adso Creativo\" \/>\n<meta property=\"article:published_time\" content=\"2022-08-28T00:00:00+00:00\" \/>\n<meta property=\"article:modified_time\" content=\"2022-08-30T00:53:13+00:00\" \/>\n<meta property=\"og:image\" content=\"https:\/\/dev.antudigital.cl\/sites\/vc\/wp-content\/uploads\/2022\/08\/f2b21aef-e055-410e-8bf7-c854e726751e.jpg\" \/>\n\t<meta property=\"og:image:width\" content=\"1280\" \/>\n\t<meta property=\"og:image:height\" content=\"960\" \/>\n\t<meta property=\"og:image:type\" content=\"image\/jpeg\" \/>\n<meta name=\"author\" content=\"Valpara\u00edso Creativo\" \/>\n<meta name=\"twitter:card\" content=\"summary_large_image\" \/>\n<meta name=\"twitter:label1\" content=\"Escrito por\" \/>\n\t<meta name=\"twitter:data1\" content=\"Valpara\u00edso Creativo\" \/>\n\t<meta name=\"twitter:label2\" content=\"Tiempo de lectura\" \/>\n\t<meta name=\"twitter:data2\" content=\"6 minutos\" \/>\n<script type=\"application\/ld+json\" class=\"yoast-schema-graph\">{\"@context\":\"https:\/\/schema.org\",\"@graph\":[{\"@type\":\"Article\",\"@id\":\"https:\/\/dev.antudigital.cl\/sites\/vc\/queremos-contar-la-historia-del-circo-entrevista-a-julio-lobos\/#article\",\"isPartOf\":{\"@id\":\"https:\/\/dev.antudigital.cl\/sites\/vc\/queremos-contar-la-historia-del-circo-entrevista-a-julio-lobos\/\"},\"author\":{\"name\":\"Valpara\u00edso Creativo\",\"@id\":\"https:\/\/dev.antudigital.cl\/sites\/vc\/#\/schema\/person\/c2b9da8dd545e27166fc5ab232837318\"},\"headline\":\"\u00abQueremos contar la historia del circo\u00bb, entrevista a Julio Lobos\",\"datePublished\":\"2022-08-28T00:00:00+00:00\",\"dateModified\":\"2022-08-30T00:53:13+00:00\",\"mainEntityOfPage\":{\"@id\":\"https:\/\/dev.antudigital.cl\/sites\/vc\/queremos-contar-la-historia-del-circo-entrevista-a-julio-lobos\/\"},\"wordCount\":1278,\"commentCount\":0,\"image\":{\"@id\":\"https:\/\/dev.antudigital.cl\/sites\/vc\/queremos-contar-la-historia-del-circo-entrevista-a-julio-lobos\/#primaryimage\"},\"thumbnailUrl\":\"https:\/\/dev.antudigital.cl\/sites\/vc\/wp-content\/uploads\/2022\/08\/f2b21aef-e055-410e-8bf7-c854e726751e.jpg\",\"articleSection\":[\"Noticia\"],\"inLanguage\":\"es\",\"potentialAction\":[{\"@type\":\"CommentAction\",\"name\":\"Comment\",\"target\":[\"https:\/\/dev.antudigital.cl\/sites\/vc\/queremos-contar-la-historia-del-circo-entrevista-a-julio-lobos\/#respond\"]}]},{\"@type\":\"WebPage\",\"@id\":\"https:\/\/dev.antudigital.cl\/sites\/vc\/queremos-contar-la-historia-del-circo-entrevista-a-julio-lobos\/\",\"url\":\"https:\/\/dev.antudigital.cl\/sites\/vc\/queremos-contar-la-historia-del-circo-entrevista-a-julio-lobos\/\",\"name\":\"\\\"Queremos contar la historia del circo\\\", entrevista a Julio Lobos - Valpara\u00ed\u00adso Creativo\",\"isPartOf\":{\"@id\":\"https:\/\/dev.antudigital.cl\/sites\/vc\/#website\"},\"primaryImageOfPage\":{\"@id\":\"https:\/\/dev.antudigital.cl\/sites\/vc\/queremos-contar-la-historia-del-circo-entrevista-a-julio-lobos\/#primaryimage\"},\"image\":{\"@id\":\"https:\/\/dev.antudigital.cl\/sites\/vc\/queremos-contar-la-historia-del-circo-entrevista-a-julio-lobos\/#primaryimage\"},\"thumbnailUrl\":\"https:\/\/dev.antudigital.cl\/sites\/vc\/wp-content\/uploads\/2022\/08\/f2b21aef-e055-410e-8bf7-c854e726751e.jpg\",\"datePublished\":\"2022-08-28T00:00:00+00:00\",\"dateModified\":\"2022-08-30T00:53:13+00:00\",\"author\":{\"@id\":\"https:\/\/dev.antudigital.cl\/sites\/vc\/#\/schema\/person\/c2b9da8dd545e27166fc5ab232837318\"},\"breadcrumb\":{\"@id\":\"https:\/\/dev.antudigital.cl\/sites\/vc\/queremos-contar-la-historia-del-circo-entrevista-a-julio-lobos\/#breadcrumb\"},\"inLanguage\":\"es\",\"potentialAction\":[{\"@type\":\"ReadAction\",\"target\":[\"https:\/\/dev.antudigital.cl\/sites\/vc\/queremos-contar-la-historia-del-circo-entrevista-a-julio-lobos\/\"]}]},{\"@type\":\"ImageObject\",\"inLanguage\":\"es\",\"@id\":\"https:\/\/dev.antudigital.cl\/sites\/vc\/queremos-contar-la-historia-del-circo-entrevista-a-julio-lobos\/#primaryimage\",\"url\":\"https:\/\/dev.antudigital.cl\/sites\/vc\/wp-content\/uploads\/2022\/08\/f2b21aef-e055-410e-8bf7-c854e726751e.jpg\",\"contentUrl\":\"https:\/\/dev.antudigital.cl\/sites\/vc\/wp-content\/uploads\/2022\/08\/f2b21aef-e055-410e-8bf7-c854e726751e.jpg\",\"width\":1280,\"height\":960},{\"@type\":\"BreadcrumbList\",\"@id\":\"https:\/\/dev.antudigital.cl\/sites\/vc\/queremos-contar-la-historia-del-circo-entrevista-a-julio-lobos\/#breadcrumb\",\"itemListElement\":[{\"@type\":\"ListItem\",\"position\":1,\"name\":\"Home\",\"item\":\"https:\/\/dev.antudigital.cl\/sites\/vc\/\"},{\"@type\":\"ListItem\",\"position\":2,\"name\":\"\u00abQueremos contar la historia del circo\u00bb, entrevista a Julio Lobos\"}]},{\"@type\":\"WebSite\",\"@id\":\"https:\/\/dev.antudigital.cl\/sites\/vc\/#website\",\"url\":\"https:\/\/dev.antudigital.cl\/sites\/vc\/\",\"name\":\"Valpara\u00ed\u00adso Creativo\",\"description\":\"\",\"potentialAction\":[{\"@type\":\"SearchAction\",\"target\":{\"@type\":\"EntryPoint\",\"urlTemplate\":\"https:\/\/dev.antudigital.cl\/sites\/vc\/?s={search_term_string}\"},\"query-input\":{\"@type\":\"PropertyValueSpecification\",\"valueRequired\":true,\"valueName\":\"search_term_string\"}}],\"inLanguage\":\"es\"},{\"@type\":\"Person\",\"@id\":\"https:\/\/dev.antudigital.cl\/sites\/vc\/#\/schema\/person\/c2b9da8dd545e27166fc5ab232837318\",\"name\":\"Valpara\u00edso Creativo\",\"description\":\"Periodista de cultura en la Regi\u00f3n de Valpara\u00edso.\",\"url\":\"https:\/\/dev.antudigital.cl\/sites\/vc\/author\/valpoadmin\/\"}]}<\/script>\n<!-- \/ Yoast SEO plugin. -->","yoast_head_json":{"title":"\"Queremos contar la historia del circo\", entrevista a Julio Lobos - Valpara\u00ed\u00adso Creativo","robots":{"index":"index","follow":"follow","max-snippet":"max-snippet:-1","max-image-preview":"max-image-preview:large","max-video-preview":"max-video-preview:-1"},"canonical":"https:\/\/dev.antudigital.cl\/sites\/vc\/queremos-contar-la-historia-del-circo-entrevista-a-julio-lobos\/","og_locale":"es_ES","og_type":"article","og_title":"\"Queremos contar la historia del circo\", entrevista a Julio Lobos - Valpara\u00ed\u00adso Creativo","og_description":"Julio Lobos trabaja en circo y eventos desde hace mucho. Lleva a\u00f1os vinculado tanto al circo tradicional como al contempor\u00e1neo, una pasi\u00f3n que lo ha llevado a liderar dos proyectos interesantes hoy en d\u00eda. Por una parte, la Fundaci\u00f3n Circomuseo, donde quieren preservar este patrimonio inmaterial, y tambi\u00e9n el Domo de las Artes, un fondo [&hellip;]","og_url":"https:\/\/dev.antudigital.cl\/sites\/vc\/queremos-contar-la-historia-del-circo-entrevista-a-julio-lobos\/","og_site_name":"Valpara\u00ed\u00adso Creativo","article_published_time":"2022-08-28T00:00:00+00:00","article_modified_time":"2022-08-30T00:53:13+00:00","og_image":[{"width":1280,"height":960,"url":"https:\/\/dev.antudigital.cl\/sites\/vc\/wp-content\/uploads\/2022\/08\/f2b21aef-e055-410e-8bf7-c854e726751e.jpg","type":"image\/jpeg"}],"author":"Valpara\u00edso Creativo","twitter_card":"summary_large_image","twitter_misc":{"Escrito por":"Valpara\u00edso Creativo","Tiempo de lectura":"6 minutos"},"schema":{"@context":"https:\/\/schema.org","@graph":[{"@type":"Article","@id":"https:\/\/dev.antudigital.cl\/sites\/vc\/queremos-contar-la-historia-del-circo-entrevista-a-julio-lobos\/#article","isPartOf":{"@id":"https:\/\/dev.antudigital.cl\/sites\/vc\/queremos-contar-la-historia-del-circo-entrevista-a-julio-lobos\/"},"author":{"name":"Valpara\u00edso Creativo","@id":"https:\/\/dev.antudigital.cl\/sites\/vc\/#\/schema\/person\/c2b9da8dd545e27166fc5ab232837318"},"headline":"\u00abQueremos contar la historia del circo\u00bb, entrevista a Julio Lobos","datePublished":"2022-08-28T00:00:00+00:00","dateModified":"2022-08-30T00:53:13+00:00","mainEntityOfPage":{"@id":"https:\/\/dev.antudigital.cl\/sites\/vc\/queremos-contar-la-historia-del-circo-entrevista-a-julio-lobos\/"},"wordCount":1278,"commentCount":0,"image":{"@id":"https:\/\/dev.antudigital.cl\/sites\/vc\/queremos-contar-la-historia-del-circo-entrevista-a-julio-lobos\/#primaryimage"},"thumbnailUrl":"https:\/\/dev.antudigital.cl\/sites\/vc\/wp-content\/uploads\/2022\/08\/f2b21aef-e055-410e-8bf7-c854e726751e.jpg","articleSection":["Noticia"],"inLanguage":"es","potentialAction":[{"@type":"CommentAction","name":"Comment","target":["https:\/\/dev.antudigital.cl\/sites\/vc\/queremos-contar-la-historia-del-circo-entrevista-a-julio-lobos\/#respond"]}]},{"@type":"WebPage","@id":"https:\/\/dev.antudigital.cl\/sites\/vc\/queremos-contar-la-historia-del-circo-entrevista-a-julio-lobos\/","url":"https:\/\/dev.antudigital.cl\/sites\/vc\/queremos-contar-la-historia-del-circo-entrevista-a-julio-lobos\/","name":"\"Queremos contar la historia del circo\", entrevista a Julio Lobos - Valpara\u00ed\u00adso Creativo","isPartOf":{"@id":"https:\/\/dev.antudigital.cl\/sites\/vc\/#website"},"primaryImageOfPage":{"@id":"https:\/\/dev.antudigital.cl\/sites\/vc\/queremos-contar-la-historia-del-circo-entrevista-a-julio-lobos\/#primaryimage"},"image":{"@id":"https:\/\/dev.antudigital.cl\/sites\/vc\/queremos-contar-la-historia-del-circo-entrevista-a-julio-lobos\/#primaryimage"},"thumbnailUrl":"https:\/\/dev.antudigital.cl\/sites\/vc\/wp-content\/uploads\/2022\/08\/f2b21aef-e055-410e-8bf7-c854e726751e.jpg","datePublished":"2022-08-28T00:00:00+00:00","dateModified":"2022-08-30T00:53:13+00:00","author":{"@id":"https:\/\/dev.antudigital.cl\/sites\/vc\/#\/schema\/person\/c2b9da8dd545e27166fc5ab232837318"},"breadcrumb":{"@id":"https:\/\/dev.antudigital.cl\/sites\/vc\/queremos-contar-la-historia-del-circo-entrevista-a-julio-lobos\/#breadcrumb"},"inLanguage":"es","potentialAction":[{"@type":"ReadAction","target":["https:\/\/dev.antudigital.cl\/sites\/vc\/queremos-contar-la-historia-del-circo-entrevista-a-julio-lobos\/"]}]},{"@type":"ImageObject","inLanguage":"es","@id":"https:\/\/dev.antudigital.cl\/sites\/vc\/queremos-contar-la-historia-del-circo-entrevista-a-julio-lobos\/#primaryimage","url":"https:\/\/dev.antudigital.cl\/sites\/vc\/wp-content\/uploads\/2022\/08\/f2b21aef-e055-410e-8bf7-c854e726751e.jpg","contentUrl":"https:\/\/dev.antudigital.cl\/sites\/vc\/wp-content\/uploads\/2022\/08\/f2b21aef-e055-410e-8bf7-c854e726751e.jpg","width":1280,"height":960},{"@type":"BreadcrumbList","@id":"https:\/\/dev.antudigital.cl\/sites\/vc\/queremos-contar-la-historia-del-circo-entrevista-a-julio-lobos\/#breadcrumb","itemListElement":[{"@type":"ListItem","position":1,"name":"Home","item":"https:\/\/dev.antudigital.cl\/sites\/vc\/"},{"@type":"ListItem","position":2,"name":"\u00abQueremos contar la historia del circo\u00bb, entrevista a Julio Lobos"}]},{"@type":"WebSite","@id":"https:\/\/dev.antudigital.cl\/sites\/vc\/#website","url":"https:\/\/dev.antudigital.cl\/sites\/vc\/","name":"Valpara\u00ed\u00adso Creativo","description":"","potentialAction":[{"@type":"SearchAction","target":{"@type":"EntryPoint","urlTemplate":"https:\/\/dev.antudigital.cl\/sites\/vc\/?s={search_term_string}"},"query-input":{"@type":"PropertyValueSpecification","valueRequired":true,"valueName":"search_term_string"}}],"inLanguage":"es"},{"@type":"Person","@id":"https:\/\/dev.antudigital.cl\/sites\/vc\/#\/schema\/person\/c2b9da8dd545e27166fc5ab232837318","name":"Valpara\u00edso Creativo","description":"Periodista de cultura en la Regi\u00f3n de Valpara\u00edso.","url":"https:\/\/dev.antudigital.cl\/sites\/vc\/author\/valpoadmin\/"}]}},"_links":{"self":[{"href":"https:\/\/dev.antudigital.cl\/sites\/vc\/wp-json\/wp\/v2\/posts\/11557","targetHints":{"allow":["GET"]}}],"collection":[{"href":"https:\/\/dev.antudigital.cl\/sites\/vc\/wp-json\/wp\/v2\/posts"}],"about":[{"href":"https:\/\/dev.antudigital.cl\/sites\/vc\/wp-json\/wp\/v2\/types\/post"}],"author":[{"embeddable":true,"href":"https:\/\/dev.antudigital.cl\/sites\/vc\/wp-json\/wp\/v2\/users\/1"}],"replies":[{"embeddable":true,"href":"https:\/\/dev.antudigital.cl\/sites\/vc\/wp-json\/wp\/v2\/comments?post=11557"}],"version-history":[{"count":5,"href":"https:\/\/dev.antudigital.cl\/sites\/vc\/wp-json\/wp\/v2\/posts\/11557\/revisions"}],"predecessor-version":[{"id":11566,"href":"https:\/\/dev.antudigital.cl\/sites\/vc\/wp-json\/wp\/v2\/posts\/11557\/revisions\/11566"}],"wp:featuredmedia":[{"embeddable":true,"href":"https:\/\/dev.antudigital.cl\/sites\/vc\/wp-json\/wp\/v2\/media\/11560"}],"wp:attachment":[{"href":"https:\/\/dev.antudigital.cl\/sites\/vc\/wp-json\/wp\/v2\/media?parent=11557"}],"wp:term":[{"taxonomy":"category","embeddable":true,"href":"https:\/\/dev.antudigital.cl\/sites\/vc\/wp-json\/wp\/v2\/categories?post=11557"},{"taxonomy":"post_tag","embeddable":true,"href":"https:\/\/dev.antudigital.cl\/sites\/vc\/wp-json\/wp\/v2\/tags?post=11557"}],"curies":[{"name":"wp","href":"https:\/\/api.w.org\/{rel}","templated":true}]}}