{"id":11568,"date":"2022-09-05T19:39:08","date_gmt":"2022-09-05T19:39:08","guid":{"rendered":"https:\/\/www.valparaisocreativo.cl\/?p=11568"},"modified":"2022-09-05T19:39:18","modified_gmt":"2022-09-05T19:39:18","slug":"se-inicia-la-convocatoria-a-brigadas-del-fifv-2022","status":"publish","type":"post","link":"https:\/\/dev.antudigital.cl\/sites\/vc\/se-inicia-la-convocatoria-a-brigadas-del-fifv-2022\/","title":{"rendered":"Se inicia la convocatoria a Brigadas del FIFV 2022"},"content":{"rendered":"\n<p>El <strong>Festival Internacional de Fotograf\u00eda de Valpara\u00edso<\/strong> vuelve a poner el cuerpo tras dos a\u00f1os de realidad virtualizada. Nuevamente se toma la ciudad, para contaminarnos con sus ruidos, sus olores, sus im\u00e1genes, sus gentes.\u00a0<\/p>\n\n\n\n<p>\u00a0El <strong>FIFV 2022<\/strong> se realizar\u00e1 entre el <strong>23 y 30 de octubre en el Parque Cultural de Valpara\u00edso y ya abrimos la convocatoria para postular a las Brigadas Fotogr\u00e1ficas.<\/strong>\u00a0<\/p>\n\n\n\n<p>Hoy invitan a colectivos de fot\u00f3grafas y fot\u00f3grafos a sumarse a esta experiencia creativa bajo la tem\u00e1tica Ra\u00edz &amp; Caos, un lema que este a\u00f1o atraviesa todas las actividades del Festival y que nos abre un mundo de posibilidades y pensamientos en relaci\u00f3n a este binomio, rizom\u00e1tico y plurivalente.<\/p>\n\n\n\n<p>Para conocer las <strong>bases de esta convocatoria<\/strong> ingresa <a href=\"https:\/\/693ar.r.a.d.sendibm1.com\/mk\/cl\/f\/5Br__NrrASX-pD7fa3N0Rr1MwWICNCue4miJYLgLnJA74nvU4r7SAibWYKA_kog2re96bKtTHkzZWYOqCYDyYj032gv60nR3M1g5aEWdY8c4rEKbvrxUQmgmA7ACqX3LDjMPPKMMVumfA8Rq-_5Ea_MJtds9RWMlKkyXnyeE6ZxDaIOZty49c9SEGMzv4_UyzNt2EsT0wSq8Vqc\" target=\"_blank\" rel=\"noreferrer noopener\">aqu\u00ed<\/a><a>.<\/a><\/p>\n\n\n\n<p>\u00bfQuieres conocer el resultado del trabajo de las Brigadas de otras versiones del FIFV? Ingresa <a href=\"https:\/\/693ar.r.a.d.sendibm1.com\/mk\/cl\/f\/CipWRREZ4n2rysnD1Bbcpksm2I7NYJDZzsS4hBI4U01QoGTmHOex02E5YmV6Cbh3EaHJENmkDQureFbpGSEjxGRuj00rsvLwy5-Ns3lw26iaBPzToxDVLsqxc5KLMUHLsDhaS9Y2ov8WH-jj4LmVl02bTYW-pSIJKqSd_vpQQD3YP-cSQP3D1c3InC1_JMC8RSCyBm2TZfparIBbCVxM9SXoWZ4qVo4h_rNB39qeGwATkXzH4rYhTS16gQqjbF939X78a-eO9ATi-ld-4-L-bq2dlVY\" target=\"_blank\" rel=\"noreferrer noopener\">aqu\u00ed<\/a><a>.<\/a><\/p>\n","protected":false},"excerpt":{"rendered":"<p>El Festival Internacional de Fotograf\u00eda de Valpara\u00edso vuelve a poner el cuerpo tras dos a\u00f1os de realidad virtualizada. Nuevamente se toma la ciudad, para contaminarnos con sus ruidos, sus olores, sus im\u00e1genes, sus gentes.\u00a0 \u00a0El FIFV 2022 se realizar\u00e1 entre el 23 y 30 de octubre en el Parque Cultural de Valpara\u00edso y ya abrimos [&hellip;]<\/p>\n","protected":false},"author":1,"featured_media":11569,"comment_status":"open","ping_status":"closed","sticky":false,"template":"","format":"standard","meta":{"_acf_changed":false,"footnotes":""},"categories":[8],"tags":[],"class_list":["post-11568","post","type-post","status-publish","format-standard","has-post-thumbnail","hentry","category-noticia"],"acf":[],"yoast_head":"<!-- This site is optimized with the Yoast SEO plugin v27.1.1 - https:\/\/yoast.com\/product\/yoast-seo-wordpress\/ -->\n<title>Se inicia la convocatoria a Brigadas del FIFV 2022 - Valpara\u00ed\u00adso Creativo<\/title>\n<meta name=\"robots\" content=\"index, follow, max-snippet:-1, max-image-preview:large, max-video-preview:-1\" \/>\n<link rel=\"canonical\" href=\"https:\/\/dev.antudigital.cl\/sites\/vc\/se-inicia-la-convocatoria-a-brigadas-del-fifv-2022\/\" \/>\n<meta property=\"og:locale\" content=\"es_ES\" \/>\n<meta property=\"og:type\" content=\"article\" \/>\n<meta property=\"og:title\" content=\"Se inicia la convocatoria a Brigadas del FIFV 2022 - Valpara\u00ed\u00adso Creativo\" \/>\n<meta property=\"og:description\" content=\"El Festival Internacional de Fotograf\u00eda de Valpara\u00edso vuelve a poner el cuerpo tras dos a\u00f1os de realidad virtualizada. Nuevamente se toma la ciudad, para contaminarnos con sus ruidos, sus olores, sus im\u00e1genes, sus gentes.\u00a0 \u00a0El FIFV 2022 se realizar\u00e1 entre el 23 y 30 de octubre en el Parque Cultural de Valpara\u00edso y ya abrimos [&hellip;]\" \/>\n<meta property=\"og:url\" content=\"https:\/\/dev.antudigital.cl\/sites\/vc\/se-inicia-la-convocatoria-a-brigadas-del-fifv-2022\/\" \/>\n<meta property=\"og:site_name\" content=\"Valpara\u00ed\u00adso Creativo\" \/>\n<meta property=\"article:published_time\" content=\"2022-09-05T19:39:08+00:00\" \/>\n<meta property=\"article:modified_time\" content=\"2022-09-05T19:39:18+00:00\" \/>\n<meta property=\"og:image\" content=\"https:\/\/dev.antudigital.cl\/sites\/vc\/wp-content\/uploads\/2022\/09\/unnamed.png\" \/>\n\t<meta property=\"og:image:width\" content=\"2250\" \/>\n\t<meta property=\"og:image:height\" content=\"1179\" \/>\n\t<meta property=\"og:image:type\" content=\"image\/png\" \/>\n<meta name=\"author\" content=\"Valpara\u00edso Creativo\" \/>\n<meta name=\"twitter:card\" content=\"summary_large_image\" \/>\n<meta name=\"twitter:label1\" content=\"Escrito por\" \/>\n\t<meta name=\"twitter:data1\" content=\"Valpara\u00edso Creativo\" \/>\n\t<meta name=\"twitter:label2\" content=\"Tiempo de lectura\" \/>\n\t<meta name=\"twitter:data2\" content=\"1 minuto\" \/>\n<script type=\"application\/ld+json\" class=\"yoast-schema-graph\">{\"@context\":\"https:\/\/schema.org\",\"@graph\":[{\"@type\":\"Article\",\"@id\":\"https:\/\/dev.antudigital.cl\/sites\/vc\/se-inicia-la-convocatoria-a-brigadas-del-fifv-2022\/#article\",\"isPartOf\":{\"@id\":\"https:\/\/dev.antudigital.cl\/sites\/vc\/se-inicia-la-convocatoria-a-brigadas-del-fifv-2022\/\"},\"author\":{\"name\":\"Valpara\u00edso Creativo\",\"@id\":\"https:\/\/dev.antudigital.cl\/sites\/vc\/#\/schema\/person\/c2b9da8dd545e27166fc5ab232837318\"},\"headline\":\"Se inicia la convocatoria a Brigadas del FIFV 2022\",\"datePublished\":\"2022-09-05T19:39:08+00:00\",\"dateModified\":\"2022-09-05T19:39:18+00:00\",\"mainEntityOfPage\":{\"@id\":\"https:\/\/dev.antudigital.cl\/sites\/vc\/se-inicia-la-convocatoria-a-brigadas-del-fifv-2022\/\"},\"wordCount\":155,\"commentCount\":0,\"image\":{\"@id\":\"https:\/\/dev.antudigital.cl\/sites\/vc\/se-inicia-la-convocatoria-a-brigadas-del-fifv-2022\/#primaryimage\"},\"thumbnailUrl\":\"https:\/\/dev.antudigital.cl\/sites\/vc\/wp-content\/uploads\/2022\/09\/unnamed.png\",\"articleSection\":[\"Noticia\"],\"inLanguage\":\"es\",\"potentialAction\":[{\"@type\":\"CommentAction\",\"name\":\"Comment\",\"target\":[\"https:\/\/dev.antudigital.cl\/sites\/vc\/se-inicia-la-convocatoria-a-brigadas-del-fifv-2022\/#respond\"]}]},{\"@type\":\"WebPage\",\"@id\":\"https:\/\/dev.antudigital.cl\/sites\/vc\/se-inicia-la-convocatoria-a-brigadas-del-fifv-2022\/\",\"url\":\"https:\/\/dev.antudigital.cl\/sites\/vc\/se-inicia-la-convocatoria-a-brigadas-del-fifv-2022\/\",\"name\":\"Se inicia la convocatoria a Brigadas del FIFV 2022 - Valpara\u00ed\u00adso Creativo\",\"isPartOf\":{\"@id\":\"https:\/\/dev.antudigital.cl\/sites\/vc\/#website\"},\"primaryImageOfPage\":{\"@id\":\"https:\/\/dev.antudigital.cl\/sites\/vc\/se-inicia-la-convocatoria-a-brigadas-del-fifv-2022\/#primaryimage\"},\"image\":{\"@id\":\"https:\/\/dev.antudigital.cl\/sites\/vc\/se-inicia-la-convocatoria-a-brigadas-del-fifv-2022\/#primaryimage\"},\"thumbnailUrl\":\"https:\/\/dev.antudigital.cl\/sites\/vc\/wp-content\/uploads\/2022\/09\/unnamed.png\",\"datePublished\":\"2022-09-05T19:39:08+00:00\",\"dateModified\":\"2022-09-05T19:39:18+00:00\",\"author\":{\"@id\":\"https:\/\/dev.antudigital.cl\/sites\/vc\/#\/schema\/person\/c2b9da8dd545e27166fc5ab232837318\"},\"breadcrumb\":{\"@id\":\"https:\/\/dev.antudigital.cl\/sites\/vc\/se-inicia-la-convocatoria-a-brigadas-del-fifv-2022\/#breadcrumb\"},\"inLanguage\":\"es\",\"potentialAction\":[{\"@type\":\"ReadAction\",\"target\":[\"https:\/\/dev.antudigital.cl\/sites\/vc\/se-inicia-la-convocatoria-a-brigadas-del-fifv-2022\/\"]}]},{\"@type\":\"ImageObject\",\"inLanguage\":\"es\",\"@id\":\"https:\/\/dev.antudigital.cl\/sites\/vc\/se-inicia-la-convocatoria-a-brigadas-del-fifv-2022\/#primaryimage\",\"url\":\"https:\/\/dev.antudigital.cl\/sites\/vc\/wp-content\/uploads\/2022\/09\/unnamed.png\",\"contentUrl\":\"https:\/\/dev.antudigital.cl\/sites\/vc\/wp-content\/uploads\/2022\/09\/unnamed.png\",\"width\":2250,\"height\":1179},{\"@type\":\"BreadcrumbList\",\"@id\":\"https:\/\/dev.antudigital.cl\/sites\/vc\/se-inicia-la-convocatoria-a-brigadas-del-fifv-2022\/#breadcrumb\",\"itemListElement\":[{\"@type\":\"ListItem\",\"position\":1,\"name\":\"Home\",\"item\":\"https:\/\/dev.antudigital.cl\/sites\/vc\/\"},{\"@type\":\"ListItem\",\"position\":2,\"name\":\"Se inicia la convocatoria a Brigadas del FIFV 2022\"}]},{\"@type\":\"WebSite\",\"@id\":\"https:\/\/dev.antudigital.cl\/sites\/vc\/#website\",\"url\":\"https:\/\/dev.antudigital.cl\/sites\/vc\/\",\"name\":\"Valpara\u00ed\u00adso Creativo\",\"description\":\"\",\"potentialAction\":[{\"@type\":\"SearchAction\",\"target\":{\"@type\":\"EntryPoint\",\"urlTemplate\":\"https:\/\/dev.antudigital.cl\/sites\/vc\/?s={search_term_string}\"},\"query-input\":{\"@type\":\"PropertyValueSpecification\",\"valueRequired\":true,\"valueName\":\"search_term_string\"}}],\"inLanguage\":\"es\"},{\"@type\":\"Person\",\"@id\":\"https:\/\/dev.antudigital.cl\/sites\/vc\/#\/schema\/person\/c2b9da8dd545e27166fc5ab232837318\",\"name\":\"Valpara\u00edso Creativo\",\"description\":\"Periodista de cultura en la Regi\u00f3n de Valpara\u00edso.\",\"url\":\"https:\/\/dev.antudigital.cl\/sites\/vc\/author\/valpoadmin\/\"}]}<\/script>\n<!-- \/ Yoast SEO plugin. -->","yoast_head_json":{"title":"Se inicia la convocatoria a Brigadas del FIFV 2022 - Valpara\u00ed\u00adso Creativo","robots":{"index":"index","follow":"follow","max-snippet":"max-snippet:-1","max-image-preview":"max-image-preview:large","max-video-preview":"max-video-preview:-1"},"canonical":"https:\/\/dev.antudigital.cl\/sites\/vc\/se-inicia-la-convocatoria-a-brigadas-del-fifv-2022\/","og_locale":"es_ES","og_type":"article","og_title":"Se inicia la convocatoria a Brigadas del FIFV 2022 - Valpara\u00ed\u00adso Creativo","og_description":"El Festival Internacional de Fotograf\u00eda de Valpara\u00edso vuelve a poner el cuerpo tras dos a\u00f1os de realidad virtualizada. Nuevamente se toma la ciudad, para contaminarnos con sus ruidos, sus olores, sus im\u00e1genes, sus gentes.\u00a0 \u00a0El FIFV 2022 se realizar\u00e1 entre el 23 y 30 de octubre en el Parque Cultural de Valpara\u00edso y ya abrimos [&hellip;]","og_url":"https:\/\/dev.antudigital.cl\/sites\/vc\/se-inicia-la-convocatoria-a-brigadas-del-fifv-2022\/","og_site_name":"Valpara\u00ed\u00adso Creativo","article_published_time":"2022-09-05T19:39:08+00:00","article_modified_time":"2022-09-05T19:39:18+00:00","og_image":[{"width":2250,"height":1179,"url":"https:\/\/dev.antudigital.cl\/sites\/vc\/wp-content\/uploads\/2022\/09\/unnamed.png","type":"image\/png"}],"author":"Valpara\u00edso Creativo","twitter_card":"summary_large_image","twitter_misc":{"Escrito por":"Valpara\u00edso Creativo","Tiempo de lectura":"1 minuto"},"schema":{"@context":"https:\/\/schema.org","@graph":[{"@type":"Article","@id":"https:\/\/dev.antudigital.cl\/sites\/vc\/se-inicia-la-convocatoria-a-brigadas-del-fifv-2022\/#article","isPartOf":{"@id":"https:\/\/dev.antudigital.cl\/sites\/vc\/se-inicia-la-convocatoria-a-brigadas-del-fifv-2022\/"},"author":{"name":"Valpara\u00edso Creativo","@id":"https:\/\/dev.antudigital.cl\/sites\/vc\/#\/schema\/person\/c2b9da8dd545e27166fc5ab232837318"},"headline":"Se inicia la convocatoria a Brigadas del FIFV 2022","datePublished":"2022-09-05T19:39:08+00:00","dateModified":"2022-09-05T19:39:18+00:00","mainEntityOfPage":{"@id":"https:\/\/dev.antudigital.cl\/sites\/vc\/se-inicia-la-convocatoria-a-brigadas-del-fifv-2022\/"},"wordCount":155,"commentCount":0,"image":{"@id":"https:\/\/dev.antudigital.cl\/sites\/vc\/se-inicia-la-convocatoria-a-brigadas-del-fifv-2022\/#primaryimage"},"thumbnailUrl":"https:\/\/dev.antudigital.cl\/sites\/vc\/wp-content\/uploads\/2022\/09\/unnamed.png","articleSection":["Noticia"],"inLanguage":"es","potentialAction":[{"@type":"CommentAction","name":"Comment","target":["https:\/\/dev.antudigital.cl\/sites\/vc\/se-inicia-la-convocatoria-a-brigadas-del-fifv-2022\/#respond"]}]},{"@type":"WebPage","@id":"https:\/\/dev.antudigital.cl\/sites\/vc\/se-inicia-la-convocatoria-a-brigadas-del-fifv-2022\/","url":"https:\/\/dev.antudigital.cl\/sites\/vc\/se-inicia-la-convocatoria-a-brigadas-del-fifv-2022\/","name":"Se inicia la convocatoria a Brigadas del FIFV 2022 - Valpara\u00ed\u00adso Creativo","isPartOf":{"@id":"https:\/\/dev.antudigital.cl\/sites\/vc\/#website"},"primaryImageOfPage":{"@id":"https:\/\/dev.antudigital.cl\/sites\/vc\/se-inicia-la-convocatoria-a-brigadas-del-fifv-2022\/#primaryimage"},"image":{"@id":"https:\/\/dev.antudigital.cl\/sites\/vc\/se-inicia-la-convocatoria-a-brigadas-del-fifv-2022\/#primaryimage"},"thumbnailUrl":"https:\/\/dev.antudigital.cl\/sites\/vc\/wp-content\/uploads\/2022\/09\/unnamed.png","datePublished":"2022-09-05T19:39:08+00:00","dateModified":"2022-09-05T19:39:18+00:00","author":{"@id":"https:\/\/dev.antudigital.cl\/sites\/vc\/#\/schema\/person\/c2b9da8dd545e27166fc5ab232837318"},"breadcrumb":{"@id":"https:\/\/dev.antudigital.cl\/sites\/vc\/se-inicia-la-convocatoria-a-brigadas-del-fifv-2022\/#breadcrumb"},"inLanguage":"es","potentialAction":[{"@type":"ReadAction","target":["https:\/\/dev.antudigital.cl\/sites\/vc\/se-inicia-la-convocatoria-a-brigadas-del-fifv-2022\/"]}]},{"@type":"ImageObject","inLanguage":"es","@id":"https:\/\/dev.antudigital.cl\/sites\/vc\/se-inicia-la-convocatoria-a-brigadas-del-fifv-2022\/#primaryimage","url":"https:\/\/dev.antudigital.cl\/sites\/vc\/wp-content\/uploads\/2022\/09\/unnamed.png","contentUrl":"https:\/\/dev.antudigital.cl\/sites\/vc\/wp-content\/uploads\/2022\/09\/unnamed.png","width":2250,"height":1179},{"@type":"BreadcrumbList","@id":"https:\/\/dev.antudigital.cl\/sites\/vc\/se-inicia-la-convocatoria-a-brigadas-del-fifv-2022\/#breadcrumb","itemListElement":[{"@type":"ListItem","position":1,"name":"Home","item":"https:\/\/dev.antudigital.cl\/sites\/vc\/"},{"@type":"ListItem","position":2,"name":"Se inicia la convocatoria a Brigadas del FIFV 2022"}]},{"@type":"WebSite","@id":"https:\/\/dev.antudigital.cl\/sites\/vc\/#website","url":"https:\/\/dev.antudigital.cl\/sites\/vc\/","name":"Valpara\u00ed\u00adso Creativo","description":"","potentialAction":[{"@type":"SearchAction","target":{"@type":"EntryPoint","urlTemplate":"https:\/\/dev.antudigital.cl\/sites\/vc\/?s={search_term_string}"},"query-input":{"@type":"PropertyValueSpecification","valueRequired":true,"valueName":"search_term_string"}}],"inLanguage":"es"},{"@type":"Person","@id":"https:\/\/dev.antudigital.cl\/sites\/vc\/#\/schema\/person\/c2b9da8dd545e27166fc5ab232837318","name":"Valpara\u00edso Creativo","description":"Periodista de cultura en la Regi\u00f3n de Valpara\u00edso.","url":"https:\/\/dev.antudigital.cl\/sites\/vc\/author\/valpoadmin\/"}]}},"_links":{"self":[{"href":"https:\/\/dev.antudigital.cl\/sites\/vc\/wp-json\/wp\/v2\/posts\/11568","targetHints":{"allow":["GET"]}}],"collection":[{"href":"https:\/\/dev.antudigital.cl\/sites\/vc\/wp-json\/wp\/v2\/posts"}],"about":[{"href":"https:\/\/dev.antudigital.cl\/sites\/vc\/wp-json\/wp\/v2\/types\/post"}],"author":[{"embeddable":true,"href":"https:\/\/dev.antudigital.cl\/sites\/vc\/wp-json\/wp\/v2\/users\/1"}],"replies":[{"embeddable":true,"href":"https:\/\/dev.antudigital.cl\/sites\/vc\/wp-json\/wp\/v2\/comments?post=11568"}],"version-history":[{"count":1,"href":"https:\/\/dev.antudigital.cl\/sites\/vc\/wp-json\/wp\/v2\/posts\/11568\/revisions"}],"predecessor-version":[{"id":11570,"href":"https:\/\/dev.antudigital.cl\/sites\/vc\/wp-json\/wp\/v2\/posts\/11568\/revisions\/11570"}],"wp:featuredmedia":[{"embeddable":true,"href":"https:\/\/dev.antudigital.cl\/sites\/vc\/wp-json\/wp\/v2\/media\/11569"}],"wp:attachment":[{"href":"https:\/\/dev.antudigital.cl\/sites\/vc\/wp-json\/wp\/v2\/media?parent=11568"}],"wp:term":[{"taxonomy":"category","embeddable":true,"href":"https:\/\/dev.antudigital.cl\/sites\/vc\/wp-json\/wp\/v2\/categories?post=11568"},{"taxonomy":"post_tag","embeddable":true,"href":"https:\/\/dev.antudigital.cl\/sites\/vc\/wp-json\/wp\/v2\/tags?post=11568"}],"curies":[{"name":"wp","href":"https:\/\/api.w.org\/{rel}","templated":true}]}}