{"id":11571,"date":"2022-09-05T19:46:46","date_gmt":"2022-09-05T19:46:46","guid":{"rendered":"https:\/\/www.valparaisocreativo.cl\/?p=11571"},"modified":"2022-09-05T19:46:57","modified_gmt":"2022-09-05T19:46:57","slug":"centro-cultural-ipa-trae-a-escena-de-la-mano-compania-de-teatro-ilucion","status":"publish","type":"post","link":"https:\/\/dev.antudigital.cl\/sites\/vc\/centro-cultural-ipa-trae-a-escena-de-la-mano-compania-de-teatro-ilucion\/","title":{"rendered":"Centro Cultural IPA trae a escena de la mano Compa\u00f1\u00eda de Teatro  ILUcION"},"content":{"rendered":"\n<blockquote class=\"wp-block-quote is-layout-flow wp-block-quote-is-layout-flow\"><p>\u00abSin\u00a0Motivo\u00a0Aparente\u00bb es la historia de un hombre que vuelve sobre un lugar en el que ya estuvo antes. Lugar angustiante el del reencontrarse y enfrentarse a los hechos que lo acusan de este \u2018Sin\u00a0Motivo\u2026\u00a0Aparente\u2019. Pero para \u00e9l al menos los\u00a0motivos est\u00e1n claros\u2026 solo basta que le den un poco de tiempo para poder explicarse, pues est\u00e1 seguro de haberlo entendido bien todo\u2026 \u00bfentendi\u00f3? acomp\u00e1\u00f1enos en esta obra y desc\u00fabralo usted mismo.\u201d<\/p><\/blockquote>\n\n\n\n<p><br>\u201cSin&nbsp;motivo&nbsp;aparente\u201d, tomado de la trilog\u00eda \u201cRedoble f\u00fanebre para lobos y corderos\u201d de Juan Radrig\u00e1n. Este relato en tono de comedia muestra el mundo de seres humanos marginales y la riqueza interior con que enfrentan la vida.<br>Pedro Garc\u00eda, un hombre m\u00e1s all\u00e1 de los cuarenta a\u00f1os, vagabundo. Espor\u00e1dicamente realiza algunos trabajos que le permiten sobrevivir d\u00eda a d\u00eda. Un hecho marca su vida: la muerte de su gran amigo y compadre en manos de un sujeto desconocido.<br>La obra relata como Pedro vuelve al lugar de los hechos en total arrepentimiento para justificarse ante su v\u00edctima.<\/p>\n\n\n\n<p>Una puesta en escena m\u00e1gica, sutil, llena de matices, cuenta con una creaci\u00f3n musical propia y con m\u00fasicos en vivo a cargo de Jos\u00e9 Pepe Salinas y Marco Negue, las actuaciones de Rodrigo Reyes y Claudio Vidal este \u00faltimo adem\u00e1s a cargo de la direcci\u00f3n del montaje, el dise\u00f1o lum\u00ednico de Andr\u00e9s P\u00e9rez y la producci\u00f3n Marcela Molina.<\/p>\n\n\n\n<p><strong>Jueves 08 Septiembre 2022-19:30 Horas.<br>Centro Cultural IPA-Condell N\u00b0 1349 Valpara\u00edso.<br>Entrada General $3.000.-<\/strong><\/p>\n\n\n\n<p><strong>Reservas al WhatsApp +569 99383354<\/strong><\/p>\n","protected":false},"excerpt":{"rendered":"<p>\u00abSin\u00a0Motivo\u00a0Aparente\u00bb es la historia de un hombre que vuelve sobre un lugar en el que ya estuvo antes. Lugar angustiante el del reencontrarse y enfrentarse a los hechos que lo acusan de este \u2018Sin\u00a0Motivo\u2026\u00a0Aparente\u2019. Pero para \u00e9l al menos los\u00a0motivos est\u00e1n claros\u2026 solo basta que le den un poco de tiempo para poder explicarse, pues [&hellip;]<\/p>\n","protected":false},"author":1,"featured_media":11572,"comment_status":"open","ping_status":"closed","sticky":false,"template":"","format":"standard","meta":{"_acf_changed":false,"footnotes":""},"categories":[8],"tags":[],"class_list":["post-11571","post","type-post","status-publish","format-standard","has-post-thumbnail","hentry","category-noticia"],"acf":[],"yoast_head":"<!-- This site is optimized with the Yoast SEO plugin v27.1.1 - https:\/\/yoast.com\/product\/yoast-seo-wordpress\/ -->\n<title>Centro Cultural IPA trae a escena de la mano Compa\u00f1\u00eda de Teatro ILUcION - Valpara\u00ed\u00adso Creativo<\/title>\n<meta name=\"robots\" content=\"index, follow, max-snippet:-1, max-image-preview:large, max-video-preview:-1\" \/>\n<link rel=\"canonical\" href=\"https:\/\/dev.antudigital.cl\/sites\/vc\/centro-cultural-ipa-trae-a-escena-de-la-mano-compania-de-teatro-ilucion\/\" \/>\n<meta property=\"og:locale\" content=\"es_ES\" \/>\n<meta property=\"og:type\" content=\"article\" \/>\n<meta property=\"og:title\" content=\"Centro Cultural IPA trae a escena de la mano Compa\u00f1\u00eda de Teatro ILUcION - Valpara\u00ed\u00adso Creativo\" \/>\n<meta property=\"og:description\" content=\"\u00abSin\u00a0Motivo\u00a0Aparente\u00bb es la historia de un hombre que vuelve sobre un lugar en el que ya estuvo antes. Lugar angustiante el del reencontrarse y enfrentarse a los hechos que lo acusan de este \u2018Sin\u00a0Motivo\u2026\u00a0Aparente\u2019. Pero para \u00e9l al menos los\u00a0motivos est\u00e1n claros\u2026 solo basta que le den un poco de tiempo para poder explicarse, pues [&hellip;]\" \/>\n<meta property=\"og:url\" content=\"https:\/\/dev.antudigital.cl\/sites\/vc\/centro-cultural-ipa-trae-a-escena-de-la-mano-compania-de-teatro-ilucion\/\" \/>\n<meta property=\"og:site_name\" content=\"Valpara\u00ed\u00adso Creativo\" \/>\n<meta property=\"article:published_time\" content=\"2022-09-05T19:46:46+00:00\" \/>\n<meta property=\"article:modified_time\" content=\"2022-09-05T19:46:57+00:00\" \/>\n<meta property=\"og:image\" content=\"https:\/\/dev.antudigital.cl\/sites\/vc\/wp-content\/uploads\/2022\/09\/SMA.jpg\" \/>\n\t<meta property=\"og:image:width\" content=\"1080\" \/>\n\t<meta property=\"og:image:height\" content=\"1080\" \/>\n\t<meta property=\"og:image:type\" content=\"image\/jpeg\" \/>\n<meta name=\"author\" content=\"Valpara\u00edso Creativo\" \/>\n<meta name=\"twitter:card\" content=\"summary_large_image\" \/>\n<meta name=\"twitter:label1\" content=\"Escrito por\" \/>\n\t<meta name=\"twitter:data1\" content=\"Valpara\u00edso Creativo\" \/>\n\t<meta name=\"twitter:label2\" content=\"Tiempo de lectura\" \/>\n\t<meta name=\"twitter:data2\" content=\"2 minutos\" \/>\n<script type=\"application\/ld+json\" class=\"yoast-schema-graph\">{\"@context\":\"https:\/\/schema.org\",\"@graph\":[{\"@type\":\"Article\",\"@id\":\"https:\/\/dev.antudigital.cl\/sites\/vc\/centro-cultural-ipa-trae-a-escena-de-la-mano-compania-de-teatro-ilucion\/#article\",\"isPartOf\":{\"@id\":\"https:\/\/dev.antudigital.cl\/sites\/vc\/centro-cultural-ipa-trae-a-escena-de-la-mano-compania-de-teatro-ilucion\/\"},\"author\":{\"name\":\"Valpara\u00edso Creativo\",\"@id\":\"https:\/\/dev.antudigital.cl\/sites\/vc\/#\/schema\/person\/c2b9da8dd545e27166fc5ab232837318\"},\"headline\":\"Centro Cultural IPA trae a escena de la mano Compa\u00f1\u00eda de Teatro ILUcION\",\"datePublished\":\"2022-09-05T19:46:46+00:00\",\"dateModified\":\"2022-09-05T19:46:57+00:00\",\"mainEntityOfPage\":{\"@id\":\"https:\/\/dev.antudigital.cl\/sites\/vc\/centro-cultural-ipa-trae-a-escena-de-la-mano-compania-de-teatro-ilucion\/\"},\"wordCount\":287,\"commentCount\":0,\"image\":{\"@id\":\"https:\/\/dev.antudigital.cl\/sites\/vc\/centro-cultural-ipa-trae-a-escena-de-la-mano-compania-de-teatro-ilucion\/#primaryimage\"},\"thumbnailUrl\":\"https:\/\/dev.antudigital.cl\/sites\/vc\/wp-content\/uploads\/2022\/09\/SMA.jpg\",\"articleSection\":[\"Noticia\"],\"inLanguage\":\"es\",\"potentialAction\":[{\"@type\":\"CommentAction\",\"name\":\"Comment\",\"target\":[\"https:\/\/dev.antudigital.cl\/sites\/vc\/centro-cultural-ipa-trae-a-escena-de-la-mano-compania-de-teatro-ilucion\/#respond\"]}]},{\"@type\":\"WebPage\",\"@id\":\"https:\/\/dev.antudigital.cl\/sites\/vc\/centro-cultural-ipa-trae-a-escena-de-la-mano-compania-de-teatro-ilucion\/\",\"url\":\"https:\/\/dev.antudigital.cl\/sites\/vc\/centro-cultural-ipa-trae-a-escena-de-la-mano-compania-de-teatro-ilucion\/\",\"name\":\"Centro Cultural IPA trae a escena de la mano Compa\u00f1\u00eda de Teatro ILUcION - Valpara\u00ed\u00adso Creativo\",\"isPartOf\":{\"@id\":\"https:\/\/dev.antudigital.cl\/sites\/vc\/#website\"},\"primaryImageOfPage\":{\"@id\":\"https:\/\/dev.antudigital.cl\/sites\/vc\/centro-cultural-ipa-trae-a-escena-de-la-mano-compania-de-teatro-ilucion\/#primaryimage\"},\"image\":{\"@id\":\"https:\/\/dev.antudigital.cl\/sites\/vc\/centro-cultural-ipa-trae-a-escena-de-la-mano-compania-de-teatro-ilucion\/#primaryimage\"},\"thumbnailUrl\":\"https:\/\/dev.antudigital.cl\/sites\/vc\/wp-content\/uploads\/2022\/09\/SMA.jpg\",\"datePublished\":\"2022-09-05T19:46:46+00:00\",\"dateModified\":\"2022-09-05T19:46:57+00:00\",\"author\":{\"@id\":\"https:\/\/dev.antudigital.cl\/sites\/vc\/#\/schema\/person\/c2b9da8dd545e27166fc5ab232837318\"},\"breadcrumb\":{\"@id\":\"https:\/\/dev.antudigital.cl\/sites\/vc\/centro-cultural-ipa-trae-a-escena-de-la-mano-compania-de-teatro-ilucion\/#breadcrumb\"},\"inLanguage\":\"es\",\"potentialAction\":[{\"@type\":\"ReadAction\",\"target\":[\"https:\/\/dev.antudigital.cl\/sites\/vc\/centro-cultural-ipa-trae-a-escena-de-la-mano-compania-de-teatro-ilucion\/\"]}]},{\"@type\":\"ImageObject\",\"inLanguage\":\"es\",\"@id\":\"https:\/\/dev.antudigital.cl\/sites\/vc\/centro-cultural-ipa-trae-a-escena-de-la-mano-compania-de-teatro-ilucion\/#primaryimage\",\"url\":\"https:\/\/dev.antudigital.cl\/sites\/vc\/wp-content\/uploads\/2022\/09\/SMA.jpg\",\"contentUrl\":\"https:\/\/dev.antudigital.cl\/sites\/vc\/wp-content\/uploads\/2022\/09\/SMA.jpg\",\"width\":1080,\"height\":1080},{\"@type\":\"BreadcrumbList\",\"@id\":\"https:\/\/dev.antudigital.cl\/sites\/vc\/centro-cultural-ipa-trae-a-escena-de-la-mano-compania-de-teatro-ilucion\/#breadcrumb\",\"itemListElement\":[{\"@type\":\"ListItem\",\"position\":1,\"name\":\"Home\",\"item\":\"https:\/\/dev.antudigital.cl\/sites\/vc\/\"},{\"@type\":\"ListItem\",\"position\":2,\"name\":\"Centro Cultural IPA trae a escena de la mano Compa\u00f1\u00eda de Teatro ILUcION\"}]},{\"@type\":\"WebSite\",\"@id\":\"https:\/\/dev.antudigital.cl\/sites\/vc\/#website\",\"url\":\"https:\/\/dev.antudigital.cl\/sites\/vc\/\",\"name\":\"Valpara\u00ed\u00adso Creativo\",\"description\":\"\",\"potentialAction\":[{\"@type\":\"SearchAction\",\"target\":{\"@type\":\"EntryPoint\",\"urlTemplate\":\"https:\/\/dev.antudigital.cl\/sites\/vc\/?s={search_term_string}\"},\"query-input\":{\"@type\":\"PropertyValueSpecification\",\"valueRequired\":true,\"valueName\":\"search_term_string\"}}],\"inLanguage\":\"es\"},{\"@type\":\"Person\",\"@id\":\"https:\/\/dev.antudigital.cl\/sites\/vc\/#\/schema\/person\/c2b9da8dd545e27166fc5ab232837318\",\"name\":\"Valpara\u00edso Creativo\",\"description\":\"Periodista de cultura en la Regi\u00f3n de Valpara\u00edso.\",\"url\":\"https:\/\/dev.antudigital.cl\/sites\/vc\/author\/valpoadmin\/\"}]}<\/script>\n<!-- \/ Yoast SEO plugin. -->","yoast_head_json":{"title":"Centro Cultural IPA trae a escena de la mano Compa\u00f1\u00eda de Teatro ILUcION - Valpara\u00ed\u00adso Creativo","robots":{"index":"index","follow":"follow","max-snippet":"max-snippet:-1","max-image-preview":"max-image-preview:large","max-video-preview":"max-video-preview:-1"},"canonical":"https:\/\/dev.antudigital.cl\/sites\/vc\/centro-cultural-ipa-trae-a-escena-de-la-mano-compania-de-teatro-ilucion\/","og_locale":"es_ES","og_type":"article","og_title":"Centro Cultural IPA trae a escena de la mano Compa\u00f1\u00eda de Teatro ILUcION - Valpara\u00ed\u00adso Creativo","og_description":"\u00abSin\u00a0Motivo\u00a0Aparente\u00bb es la historia de un hombre que vuelve sobre un lugar en el que ya estuvo antes. Lugar angustiante el del reencontrarse y enfrentarse a los hechos que lo acusan de este \u2018Sin\u00a0Motivo\u2026\u00a0Aparente\u2019. Pero para \u00e9l al menos los\u00a0motivos est\u00e1n claros\u2026 solo basta que le den un poco de tiempo para poder explicarse, pues [&hellip;]","og_url":"https:\/\/dev.antudigital.cl\/sites\/vc\/centro-cultural-ipa-trae-a-escena-de-la-mano-compania-de-teatro-ilucion\/","og_site_name":"Valpara\u00ed\u00adso Creativo","article_published_time":"2022-09-05T19:46:46+00:00","article_modified_time":"2022-09-05T19:46:57+00:00","og_image":[{"width":1080,"height":1080,"url":"https:\/\/dev.antudigital.cl\/sites\/vc\/wp-content\/uploads\/2022\/09\/SMA.jpg","type":"image\/jpeg"}],"author":"Valpara\u00edso Creativo","twitter_card":"summary_large_image","twitter_misc":{"Escrito por":"Valpara\u00edso Creativo","Tiempo de lectura":"2 minutos"},"schema":{"@context":"https:\/\/schema.org","@graph":[{"@type":"Article","@id":"https:\/\/dev.antudigital.cl\/sites\/vc\/centro-cultural-ipa-trae-a-escena-de-la-mano-compania-de-teatro-ilucion\/#article","isPartOf":{"@id":"https:\/\/dev.antudigital.cl\/sites\/vc\/centro-cultural-ipa-trae-a-escena-de-la-mano-compania-de-teatro-ilucion\/"},"author":{"name":"Valpara\u00edso Creativo","@id":"https:\/\/dev.antudigital.cl\/sites\/vc\/#\/schema\/person\/c2b9da8dd545e27166fc5ab232837318"},"headline":"Centro Cultural IPA trae a escena de la mano Compa\u00f1\u00eda de Teatro ILUcION","datePublished":"2022-09-05T19:46:46+00:00","dateModified":"2022-09-05T19:46:57+00:00","mainEntityOfPage":{"@id":"https:\/\/dev.antudigital.cl\/sites\/vc\/centro-cultural-ipa-trae-a-escena-de-la-mano-compania-de-teatro-ilucion\/"},"wordCount":287,"commentCount":0,"image":{"@id":"https:\/\/dev.antudigital.cl\/sites\/vc\/centro-cultural-ipa-trae-a-escena-de-la-mano-compania-de-teatro-ilucion\/#primaryimage"},"thumbnailUrl":"https:\/\/dev.antudigital.cl\/sites\/vc\/wp-content\/uploads\/2022\/09\/SMA.jpg","articleSection":["Noticia"],"inLanguage":"es","potentialAction":[{"@type":"CommentAction","name":"Comment","target":["https:\/\/dev.antudigital.cl\/sites\/vc\/centro-cultural-ipa-trae-a-escena-de-la-mano-compania-de-teatro-ilucion\/#respond"]}]},{"@type":"WebPage","@id":"https:\/\/dev.antudigital.cl\/sites\/vc\/centro-cultural-ipa-trae-a-escena-de-la-mano-compania-de-teatro-ilucion\/","url":"https:\/\/dev.antudigital.cl\/sites\/vc\/centro-cultural-ipa-trae-a-escena-de-la-mano-compania-de-teatro-ilucion\/","name":"Centro Cultural IPA trae a escena de la mano Compa\u00f1\u00eda de Teatro ILUcION - Valpara\u00ed\u00adso Creativo","isPartOf":{"@id":"https:\/\/dev.antudigital.cl\/sites\/vc\/#website"},"primaryImageOfPage":{"@id":"https:\/\/dev.antudigital.cl\/sites\/vc\/centro-cultural-ipa-trae-a-escena-de-la-mano-compania-de-teatro-ilucion\/#primaryimage"},"image":{"@id":"https:\/\/dev.antudigital.cl\/sites\/vc\/centro-cultural-ipa-trae-a-escena-de-la-mano-compania-de-teatro-ilucion\/#primaryimage"},"thumbnailUrl":"https:\/\/dev.antudigital.cl\/sites\/vc\/wp-content\/uploads\/2022\/09\/SMA.jpg","datePublished":"2022-09-05T19:46:46+00:00","dateModified":"2022-09-05T19:46:57+00:00","author":{"@id":"https:\/\/dev.antudigital.cl\/sites\/vc\/#\/schema\/person\/c2b9da8dd545e27166fc5ab232837318"},"breadcrumb":{"@id":"https:\/\/dev.antudigital.cl\/sites\/vc\/centro-cultural-ipa-trae-a-escena-de-la-mano-compania-de-teatro-ilucion\/#breadcrumb"},"inLanguage":"es","potentialAction":[{"@type":"ReadAction","target":["https:\/\/dev.antudigital.cl\/sites\/vc\/centro-cultural-ipa-trae-a-escena-de-la-mano-compania-de-teatro-ilucion\/"]}]},{"@type":"ImageObject","inLanguage":"es","@id":"https:\/\/dev.antudigital.cl\/sites\/vc\/centro-cultural-ipa-trae-a-escena-de-la-mano-compania-de-teatro-ilucion\/#primaryimage","url":"https:\/\/dev.antudigital.cl\/sites\/vc\/wp-content\/uploads\/2022\/09\/SMA.jpg","contentUrl":"https:\/\/dev.antudigital.cl\/sites\/vc\/wp-content\/uploads\/2022\/09\/SMA.jpg","width":1080,"height":1080},{"@type":"BreadcrumbList","@id":"https:\/\/dev.antudigital.cl\/sites\/vc\/centro-cultural-ipa-trae-a-escena-de-la-mano-compania-de-teatro-ilucion\/#breadcrumb","itemListElement":[{"@type":"ListItem","position":1,"name":"Home","item":"https:\/\/dev.antudigital.cl\/sites\/vc\/"},{"@type":"ListItem","position":2,"name":"Centro Cultural IPA trae a escena de la mano Compa\u00f1\u00eda de Teatro ILUcION"}]},{"@type":"WebSite","@id":"https:\/\/dev.antudigital.cl\/sites\/vc\/#website","url":"https:\/\/dev.antudigital.cl\/sites\/vc\/","name":"Valpara\u00ed\u00adso Creativo","description":"","potentialAction":[{"@type":"SearchAction","target":{"@type":"EntryPoint","urlTemplate":"https:\/\/dev.antudigital.cl\/sites\/vc\/?s={search_term_string}"},"query-input":{"@type":"PropertyValueSpecification","valueRequired":true,"valueName":"search_term_string"}}],"inLanguage":"es"},{"@type":"Person","@id":"https:\/\/dev.antudigital.cl\/sites\/vc\/#\/schema\/person\/c2b9da8dd545e27166fc5ab232837318","name":"Valpara\u00edso Creativo","description":"Periodista de cultura en la Regi\u00f3n de Valpara\u00edso.","url":"https:\/\/dev.antudigital.cl\/sites\/vc\/author\/valpoadmin\/"}]}},"_links":{"self":[{"href":"https:\/\/dev.antudigital.cl\/sites\/vc\/wp-json\/wp\/v2\/posts\/11571","targetHints":{"allow":["GET"]}}],"collection":[{"href":"https:\/\/dev.antudigital.cl\/sites\/vc\/wp-json\/wp\/v2\/posts"}],"about":[{"href":"https:\/\/dev.antudigital.cl\/sites\/vc\/wp-json\/wp\/v2\/types\/post"}],"author":[{"embeddable":true,"href":"https:\/\/dev.antudigital.cl\/sites\/vc\/wp-json\/wp\/v2\/users\/1"}],"replies":[{"embeddable":true,"href":"https:\/\/dev.antudigital.cl\/sites\/vc\/wp-json\/wp\/v2\/comments?post=11571"}],"version-history":[{"count":1,"href":"https:\/\/dev.antudigital.cl\/sites\/vc\/wp-json\/wp\/v2\/posts\/11571\/revisions"}],"predecessor-version":[{"id":11573,"href":"https:\/\/dev.antudigital.cl\/sites\/vc\/wp-json\/wp\/v2\/posts\/11571\/revisions\/11573"}],"wp:featuredmedia":[{"embeddable":true,"href":"https:\/\/dev.antudigital.cl\/sites\/vc\/wp-json\/wp\/v2\/media\/11572"}],"wp:attachment":[{"href":"https:\/\/dev.antudigital.cl\/sites\/vc\/wp-json\/wp\/v2\/media?parent=11571"}],"wp:term":[{"taxonomy":"category","embeddable":true,"href":"https:\/\/dev.antudigital.cl\/sites\/vc\/wp-json\/wp\/v2\/categories?post=11571"},{"taxonomy":"post_tag","embeddable":true,"href":"https:\/\/dev.antudigital.cl\/sites\/vc\/wp-json\/wp\/v2\/tags?post=11571"}],"curies":[{"name":"wp","href":"https:\/\/api.w.org\/{rel}","templated":true}]}}