{"id":11580,"date":"2022-09-05T23:37:13","date_gmt":"2022-09-05T23:37:13","guid":{"rendered":"https:\/\/www.valparaisocreativo.cl\/?p=11580"},"modified":"2022-09-05T23:37:20","modified_gmt":"2022-09-05T23:37:20","slug":"convocatoria-charlista-ctrlg-2022-abierta","status":"publish","type":"post","link":"https:\/\/dev.antudigital.cl\/sites\/vc\/convocatoria-charlista-ctrlg-2022-abierta\/","title":{"rendered":"Convocatoria Charlista CTRL+G 2022 abierta"},"content":{"rendered":"\n<p>Se acercas CTRL+G y est\u00e1n felices porque por primera vez abren una convocatoria para Charlista.<br><br>\u00bfC\u00f3mo participar? &#x1f914;<br><br>El principal requisito es presentar un proyecto de dise\u00f1o, por supuesto, relacionado a la sustentabilidad y ecodise\u00f1o. &#x267b;&#xfe0f;<br><br>\u00bfTienes un proyecto con estas caracter\u00edsticas o conoces a alguien que est\u00e9 desarrollando o haya desarrollado alguno?  Inv\u00edtal@ a participar&#x1f64c;&#x1f3fb;<br><br>Postulaciones abiertas hasta el 10 de septiembre &#x1f5d3;<br><br><strong>Ent\u00e9rate de todos los detalles descargando las bases que ya est\u00e1n en <a href=\"https:\/\/ctrlg.cl\/home\/convocatoria-charlista\/\">ctr<\/a><\/strong><a href=\"https:\/\/ctrlg.cl\/home\/convocatoria-charlista\/\">lg.cl &#x2b05;&#xfe0f;<\/a><\/p>\n","protected":false},"excerpt":{"rendered":"<p>Se acercas CTRL+G y est\u00e1n felices porque por primera vez abren una convocatoria para Charlista. \u00bfC\u00f3mo participar? &#x1f914; El principal requisito es presentar un proyecto de dise\u00f1o, por supuesto, relacionado a la sustentabilidad y ecodise\u00f1o. &#x267b;&#xfe0f; \u00bfTienes un proyecto con estas caracter\u00edsticas o conoces a alguien que est\u00e9 desarrollando o haya desarrollado alguno? Inv\u00edtal@ a [&hellip;]<\/p>\n","protected":false},"author":1,"featured_media":11581,"comment_status":"open","ping_status":"closed","sticky":false,"template":"","format":"standard","meta":{"_acf_changed":false,"footnotes":""},"categories":[8],"tags":[],"class_list":["post-11580","post","type-post","status-publish","format-standard","has-post-thumbnail","hentry","category-noticia"],"acf":[],"yoast_head":"<!-- This site is optimized with the Yoast SEO plugin v27.1.1 - https:\/\/yoast.com\/product\/yoast-seo-wordpress\/ -->\n<title>Convocatoria Charlista CTRL+G 2022 abierta - Valpara\u00ed\u00adso Creativo<\/title>\n<meta name=\"robots\" content=\"index, follow, max-snippet:-1, max-image-preview:large, max-video-preview:-1\" \/>\n<link rel=\"canonical\" href=\"https:\/\/dev.antudigital.cl\/sites\/vc\/convocatoria-charlista-ctrlg-2022-abierta\/\" \/>\n<meta property=\"og:locale\" content=\"es_ES\" \/>\n<meta property=\"og:type\" content=\"article\" \/>\n<meta property=\"og:title\" content=\"Convocatoria Charlista CTRL+G 2022 abierta - Valpara\u00ed\u00adso Creativo\" \/>\n<meta property=\"og:description\" content=\"Se acercas CTRL+G y est\u00e1n felices porque por primera vez abren una convocatoria para Charlista. \u00bfC\u00f3mo participar? &#x1f914; El principal requisito es presentar un proyecto de dise\u00f1o, por supuesto, relacionado a la sustentabilidad y ecodise\u00f1o. &#x267b;&#xfe0f; \u00bfTienes un proyecto con estas caracter\u00edsticas o conoces a alguien que est\u00e9 desarrollando o haya desarrollado alguno? Inv\u00edtal@ a [&hellip;]\" \/>\n<meta property=\"og:url\" content=\"https:\/\/dev.antudigital.cl\/sites\/vc\/convocatoria-charlista-ctrlg-2022-abierta\/\" \/>\n<meta property=\"og:site_name\" content=\"Valpara\u00ed\u00adso Creativo\" \/>\n<meta property=\"article:published_time\" content=\"2022-09-05T23:37:13+00:00\" \/>\n<meta property=\"article:modified_time\" content=\"2022-09-05T23:37:20+00:00\" \/>\n<meta property=\"og:image\" content=\"https:\/\/dev.antudigital.cl\/sites\/vc\/wp-content\/uploads\/2022\/09\/Captura-de-pantalla-2022-09-05-a-las-19.34.26.png\" \/>\n\t<meta property=\"og:image:width\" content=\"600\" \/>\n\t<meta property=\"og:image:height\" content=\"596\" \/>\n\t<meta property=\"og:image:type\" content=\"image\/png\" \/>\n<meta name=\"author\" content=\"Valpara\u00edso Creativo\" \/>\n<meta name=\"twitter:card\" content=\"summary_large_image\" \/>\n<meta name=\"twitter:label1\" content=\"Escrito por\" \/>\n\t<meta name=\"twitter:data1\" content=\"Valpara\u00edso Creativo\" \/>\n\t<meta name=\"twitter:label2\" content=\"Tiempo de lectura\" \/>\n\t<meta name=\"twitter:data2\" content=\"1 minuto\" \/>\n<script type=\"application\/ld+json\" class=\"yoast-schema-graph\">{\"@context\":\"https:\/\/schema.org\",\"@graph\":[{\"@type\":\"Article\",\"@id\":\"https:\/\/dev.antudigital.cl\/sites\/vc\/convocatoria-charlista-ctrlg-2022-abierta\/#article\",\"isPartOf\":{\"@id\":\"https:\/\/dev.antudigital.cl\/sites\/vc\/convocatoria-charlista-ctrlg-2022-abierta\/\"},\"author\":{\"name\":\"Valpara\u00edso Creativo\",\"@id\":\"https:\/\/dev.antudigital.cl\/sites\/vc\/#\/schema\/person\/c2b9da8dd545e27166fc5ab232837318\"},\"headline\":\"Convocatoria Charlista CTRL+G 2022 abierta\",\"datePublished\":\"2022-09-05T23:37:13+00:00\",\"dateModified\":\"2022-09-05T23:37:20+00:00\",\"mainEntityOfPage\":{\"@id\":\"https:\/\/dev.antudigital.cl\/sites\/vc\/convocatoria-charlista-ctrlg-2022-abierta\/\"},\"wordCount\":108,\"commentCount\":0,\"image\":{\"@id\":\"https:\/\/dev.antudigital.cl\/sites\/vc\/convocatoria-charlista-ctrlg-2022-abierta\/#primaryimage\"},\"thumbnailUrl\":\"https:\/\/dev.antudigital.cl\/sites\/vc\/wp-content\/uploads\/2022\/09\/Captura-de-pantalla-2022-09-05-a-las-19.34.26.png\",\"articleSection\":[\"Noticia\"],\"inLanguage\":\"es\",\"potentialAction\":[{\"@type\":\"CommentAction\",\"name\":\"Comment\",\"target\":[\"https:\/\/dev.antudigital.cl\/sites\/vc\/convocatoria-charlista-ctrlg-2022-abierta\/#respond\"]}]},{\"@type\":\"WebPage\",\"@id\":\"https:\/\/dev.antudigital.cl\/sites\/vc\/convocatoria-charlista-ctrlg-2022-abierta\/\",\"url\":\"https:\/\/dev.antudigital.cl\/sites\/vc\/convocatoria-charlista-ctrlg-2022-abierta\/\",\"name\":\"Convocatoria Charlista CTRL+G 2022 abierta - Valpara\u00ed\u00adso Creativo\",\"isPartOf\":{\"@id\":\"https:\/\/dev.antudigital.cl\/sites\/vc\/#website\"},\"primaryImageOfPage\":{\"@id\":\"https:\/\/dev.antudigital.cl\/sites\/vc\/convocatoria-charlista-ctrlg-2022-abierta\/#primaryimage\"},\"image\":{\"@id\":\"https:\/\/dev.antudigital.cl\/sites\/vc\/convocatoria-charlista-ctrlg-2022-abierta\/#primaryimage\"},\"thumbnailUrl\":\"https:\/\/dev.antudigital.cl\/sites\/vc\/wp-content\/uploads\/2022\/09\/Captura-de-pantalla-2022-09-05-a-las-19.34.26.png\",\"datePublished\":\"2022-09-05T23:37:13+00:00\",\"dateModified\":\"2022-09-05T23:37:20+00:00\",\"author\":{\"@id\":\"https:\/\/dev.antudigital.cl\/sites\/vc\/#\/schema\/person\/c2b9da8dd545e27166fc5ab232837318\"},\"breadcrumb\":{\"@id\":\"https:\/\/dev.antudigital.cl\/sites\/vc\/convocatoria-charlista-ctrlg-2022-abierta\/#breadcrumb\"},\"inLanguage\":\"es\",\"potentialAction\":[{\"@type\":\"ReadAction\",\"target\":[\"https:\/\/dev.antudigital.cl\/sites\/vc\/convocatoria-charlista-ctrlg-2022-abierta\/\"]}]},{\"@type\":\"ImageObject\",\"inLanguage\":\"es\",\"@id\":\"https:\/\/dev.antudigital.cl\/sites\/vc\/convocatoria-charlista-ctrlg-2022-abierta\/#primaryimage\",\"url\":\"https:\/\/dev.antudigital.cl\/sites\/vc\/wp-content\/uploads\/2022\/09\/Captura-de-pantalla-2022-09-05-a-las-19.34.26.png\",\"contentUrl\":\"https:\/\/dev.antudigital.cl\/sites\/vc\/wp-content\/uploads\/2022\/09\/Captura-de-pantalla-2022-09-05-a-las-19.34.26.png\",\"width\":600,\"height\":596},{\"@type\":\"BreadcrumbList\",\"@id\":\"https:\/\/dev.antudigital.cl\/sites\/vc\/convocatoria-charlista-ctrlg-2022-abierta\/#breadcrumb\",\"itemListElement\":[{\"@type\":\"ListItem\",\"position\":1,\"name\":\"Home\",\"item\":\"https:\/\/dev.antudigital.cl\/sites\/vc\/\"},{\"@type\":\"ListItem\",\"position\":2,\"name\":\"Convocatoria Charlista CTRL+G 2022 abierta\"}]},{\"@type\":\"WebSite\",\"@id\":\"https:\/\/dev.antudigital.cl\/sites\/vc\/#website\",\"url\":\"https:\/\/dev.antudigital.cl\/sites\/vc\/\",\"name\":\"Valpara\u00ed\u00adso Creativo\",\"description\":\"\",\"potentialAction\":[{\"@type\":\"SearchAction\",\"target\":{\"@type\":\"EntryPoint\",\"urlTemplate\":\"https:\/\/dev.antudigital.cl\/sites\/vc\/?s={search_term_string}\"},\"query-input\":{\"@type\":\"PropertyValueSpecification\",\"valueRequired\":true,\"valueName\":\"search_term_string\"}}],\"inLanguage\":\"es\"},{\"@type\":\"Person\",\"@id\":\"https:\/\/dev.antudigital.cl\/sites\/vc\/#\/schema\/person\/c2b9da8dd545e27166fc5ab232837318\",\"name\":\"Valpara\u00edso Creativo\",\"description\":\"Periodista de cultura en la Regi\u00f3n de Valpara\u00edso.\",\"url\":\"https:\/\/dev.antudigital.cl\/sites\/vc\/author\/valpoadmin\/\"}]}<\/script>\n<!-- \/ Yoast SEO plugin. -->","yoast_head_json":{"title":"Convocatoria Charlista CTRL+G 2022 abierta - Valpara\u00ed\u00adso Creativo","robots":{"index":"index","follow":"follow","max-snippet":"max-snippet:-1","max-image-preview":"max-image-preview:large","max-video-preview":"max-video-preview:-1"},"canonical":"https:\/\/dev.antudigital.cl\/sites\/vc\/convocatoria-charlista-ctrlg-2022-abierta\/","og_locale":"es_ES","og_type":"article","og_title":"Convocatoria Charlista CTRL+G 2022 abierta - Valpara\u00ed\u00adso Creativo","og_description":"Se acercas CTRL+G y est\u00e1n felices porque por primera vez abren una convocatoria para Charlista. \u00bfC\u00f3mo participar? &#x1f914; El principal requisito es presentar un proyecto de dise\u00f1o, por supuesto, relacionado a la sustentabilidad y ecodise\u00f1o. &#x267b;&#xfe0f; \u00bfTienes un proyecto con estas caracter\u00edsticas o conoces a alguien que est\u00e9 desarrollando o haya desarrollado alguno? Inv\u00edtal@ a [&hellip;]","og_url":"https:\/\/dev.antudigital.cl\/sites\/vc\/convocatoria-charlista-ctrlg-2022-abierta\/","og_site_name":"Valpara\u00ed\u00adso Creativo","article_published_time":"2022-09-05T23:37:13+00:00","article_modified_time":"2022-09-05T23:37:20+00:00","og_image":[{"width":600,"height":596,"url":"https:\/\/dev.antudigital.cl\/sites\/vc\/wp-content\/uploads\/2022\/09\/Captura-de-pantalla-2022-09-05-a-las-19.34.26.png","type":"image\/png"}],"author":"Valpara\u00edso Creativo","twitter_card":"summary_large_image","twitter_misc":{"Escrito por":"Valpara\u00edso Creativo","Tiempo de lectura":"1 minuto"},"schema":{"@context":"https:\/\/schema.org","@graph":[{"@type":"Article","@id":"https:\/\/dev.antudigital.cl\/sites\/vc\/convocatoria-charlista-ctrlg-2022-abierta\/#article","isPartOf":{"@id":"https:\/\/dev.antudigital.cl\/sites\/vc\/convocatoria-charlista-ctrlg-2022-abierta\/"},"author":{"name":"Valpara\u00edso Creativo","@id":"https:\/\/dev.antudigital.cl\/sites\/vc\/#\/schema\/person\/c2b9da8dd545e27166fc5ab232837318"},"headline":"Convocatoria Charlista CTRL+G 2022 abierta","datePublished":"2022-09-05T23:37:13+00:00","dateModified":"2022-09-05T23:37:20+00:00","mainEntityOfPage":{"@id":"https:\/\/dev.antudigital.cl\/sites\/vc\/convocatoria-charlista-ctrlg-2022-abierta\/"},"wordCount":108,"commentCount":0,"image":{"@id":"https:\/\/dev.antudigital.cl\/sites\/vc\/convocatoria-charlista-ctrlg-2022-abierta\/#primaryimage"},"thumbnailUrl":"https:\/\/dev.antudigital.cl\/sites\/vc\/wp-content\/uploads\/2022\/09\/Captura-de-pantalla-2022-09-05-a-las-19.34.26.png","articleSection":["Noticia"],"inLanguage":"es","potentialAction":[{"@type":"CommentAction","name":"Comment","target":["https:\/\/dev.antudigital.cl\/sites\/vc\/convocatoria-charlista-ctrlg-2022-abierta\/#respond"]}]},{"@type":"WebPage","@id":"https:\/\/dev.antudigital.cl\/sites\/vc\/convocatoria-charlista-ctrlg-2022-abierta\/","url":"https:\/\/dev.antudigital.cl\/sites\/vc\/convocatoria-charlista-ctrlg-2022-abierta\/","name":"Convocatoria Charlista CTRL+G 2022 abierta - Valpara\u00ed\u00adso Creativo","isPartOf":{"@id":"https:\/\/dev.antudigital.cl\/sites\/vc\/#website"},"primaryImageOfPage":{"@id":"https:\/\/dev.antudigital.cl\/sites\/vc\/convocatoria-charlista-ctrlg-2022-abierta\/#primaryimage"},"image":{"@id":"https:\/\/dev.antudigital.cl\/sites\/vc\/convocatoria-charlista-ctrlg-2022-abierta\/#primaryimage"},"thumbnailUrl":"https:\/\/dev.antudigital.cl\/sites\/vc\/wp-content\/uploads\/2022\/09\/Captura-de-pantalla-2022-09-05-a-las-19.34.26.png","datePublished":"2022-09-05T23:37:13+00:00","dateModified":"2022-09-05T23:37:20+00:00","author":{"@id":"https:\/\/dev.antudigital.cl\/sites\/vc\/#\/schema\/person\/c2b9da8dd545e27166fc5ab232837318"},"breadcrumb":{"@id":"https:\/\/dev.antudigital.cl\/sites\/vc\/convocatoria-charlista-ctrlg-2022-abierta\/#breadcrumb"},"inLanguage":"es","potentialAction":[{"@type":"ReadAction","target":["https:\/\/dev.antudigital.cl\/sites\/vc\/convocatoria-charlista-ctrlg-2022-abierta\/"]}]},{"@type":"ImageObject","inLanguage":"es","@id":"https:\/\/dev.antudigital.cl\/sites\/vc\/convocatoria-charlista-ctrlg-2022-abierta\/#primaryimage","url":"https:\/\/dev.antudigital.cl\/sites\/vc\/wp-content\/uploads\/2022\/09\/Captura-de-pantalla-2022-09-05-a-las-19.34.26.png","contentUrl":"https:\/\/dev.antudigital.cl\/sites\/vc\/wp-content\/uploads\/2022\/09\/Captura-de-pantalla-2022-09-05-a-las-19.34.26.png","width":600,"height":596},{"@type":"BreadcrumbList","@id":"https:\/\/dev.antudigital.cl\/sites\/vc\/convocatoria-charlista-ctrlg-2022-abierta\/#breadcrumb","itemListElement":[{"@type":"ListItem","position":1,"name":"Home","item":"https:\/\/dev.antudigital.cl\/sites\/vc\/"},{"@type":"ListItem","position":2,"name":"Convocatoria Charlista CTRL+G 2022 abierta"}]},{"@type":"WebSite","@id":"https:\/\/dev.antudigital.cl\/sites\/vc\/#website","url":"https:\/\/dev.antudigital.cl\/sites\/vc\/","name":"Valpara\u00ed\u00adso Creativo","description":"","potentialAction":[{"@type":"SearchAction","target":{"@type":"EntryPoint","urlTemplate":"https:\/\/dev.antudigital.cl\/sites\/vc\/?s={search_term_string}"},"query-input":{"@type":"PropertyValueSpecification","valueRequired":true,"valueName":"search_term_string"}}],"inLanguage":"es"},{"@type":"Person","@id":"https:\/\/dev.antudigital.cl\/sites\/vc\/#\/schema\/person\/c2b9da8dd545e27166fc5ab232837318","name":"Valpara\u00edso Creativo","description":"Periodista de cultura en la Regi\u00f3n de Valpara\u00edso.","url":"https:\/\/dev.antudigital.cl\/sites\/vc\/author\/valpoadmin\/"}]}},"_links":{"self":[{"href":"https:\/\/dev.antudigital.cl\/sites\/vc\/wp-json\/wp\/v2\/posts\/11580","targetHints":{"allow":["GET"]}}],"collection":[{"href":"https:\/\/dev.antudigital.cl\/sites\/vc\/wp-json\/wp\/v2\/posts"}],"about":[{"href":"https:\/\/dev.antudigital.cl\/sites\/vc\/wp-json\/wp\/v2\/types\/post"}],"author":[{"embeddable":true,"href":"https:\/\/dev.antudigital.cl\/sites\/vc\/wp-json\/wp\/v2\/users\/1"}],"replies":[{"embeddable":true,"href":"https:\/\/dev.antudigital.cl\/sites\/vc\/wp-json\/wp\/v2\/comments?post=11580"}],"version-history":[{"count":1,"href":"https:\/\/dev.antudigital.cl\/sites\/vc\/wp-json\/wp\/v2\/posts\/11580\/revisions"}],"predecessor-version":[{"id":11582,"href":"https:\/\/dev.antudigital.cl\/sites\/vc\/wp-json\/wp\/v2\/posts\/11580\/revisions\/11582"}],"wp:featuredmedia":[{"embeddable":true,"href":"https:\/\/dev.antudigital.cl\/sites\/vc\/wp-json\/wp\/v2\/media\/11581"}],"wp:attachment":[{"href":"https:\/\/dev.antudigital.cl\/sites\/vc\/wp-json\/wp\/v2\/media?parent=11580"}],"wp:term":[{"taxonomy":"category","embeddable":true,"href":"https:\/\/dev.antudigital.cl\/sites\/vc\/wp-json\/wp\/v2\/categories?post=11580"},{"taxonomy":"post_tag","embeddable":true,"href":"https:\/\/dev.antudigital.cl\/sites\/vc\/wp-json\/wp\/v2\/tags?post=11580"}],"curies":[{"name":"wp","href":"https:\/\/api.w.org\/{rel}","templated":true}]}}