{"id":11599,"date":"2022-09-06T00:40:29","date_gmt":"2022-09-06T00:40:29","guid":{"rendered":"https:\/\/www.valparaisocreativo.cl\/?p=11599"},"modified":"2022-09-06T00:40:36","modified_gmt":"2022-09-06T00:40:36","slug":"taller-el-oficio-editorial","status":"publish","type":"post","link":"https:\/\/dev.antudigital.cl\/sites\/vc\/taller-el-oficio-editorial\/","title":{"rendered":"Taller \u00abEl oficio editorial\u00bb"},"content":{"rendered":"\n<p>Circulo Talleres presenta una instancia  a cargo de <a href=\"https:\/\/www.instagram.com\/kikuyoeditorial.cl\/\">@kikuyoeditorial.cl<\/a> <br><br>&#x1f4e2; En este taller de 6 sesiones haremos un recorrido te\u00f3rico\/\/pr\u00e1ctico por todas las fases del quehacer editorial, entendido como un oficio org\u00e1nico: creaci\u00f3n \/\/ edici\u00f3n \/\/ dise\u00f1o \/\/ diagramaci\u00f3n \/\/ impresi\u00f3n \/\/ encuadernaci\u00f3n.<br><br>Consulta precio y promociones por interno en <a href=\"https:\/\/www.instagram.com\/circulotalleres\/\">Circulo Talleres<\/a>, aqu\u00ed no necesitas conocimientos previos, incluye materiales y saldr\u00e1s con todas las herramientas necesarias para ponerte a hacer libros o publicaciones. <br><br>Inicia el 13 de septiembre<\/p>\n","protected":false},"excerpt":{"rendered":"<p>Circulo Talleres presenta una instancia a cargo de @kikuyoeditorial.cl &#x1f4e2; En este taller de 6 sesiones haremos un recorrido te\u00f3rico\/\/pr\u00e1ctico por todas las fases del quehacer editorial, entendido como un oficio org\u00e1nico: creaci\u00f3n \/\/ edici\u00f3n \/\/ dise\u00f1o \/\/ diagramaci\u00f3n \/\/ impresi\u00f3n \/\/ encuadernaci\u00f3n. Consulta precio y promociones por interno en Circulo Talleres, aqu\u00ed no necesitas [&hellip;]<\/p>\n","protected":false},"author":1,"featured_media":11600,"comment_status":"open","ping_status":"closed","sticky":false,"template":"","format":"standard","meta":{"_acf_changed":false,"footnotes":""},"categories":[8],"tags":[],"class_list":["post-11599","post","type-post","status-publish","format-standard","has-post-thumbnail","hentry","category-noticia"],"acf":[],"yoast_head":"<!-- This site is optimized with the Yoast SEO plugin v27.1.1 - https:\/\/yoast.com\/product\/yoast-seo-wordpress\/ -->\n<title>Taller &quot;El oficio editorial&quot; - Valpara\u00ed\u00adso Creativo<\/title>\n<meta name=\"robots\" content=\"index, follow, max-snippet:-1, max-image-preview:large, max-video-preview:-1\" \/>\n<link rel=\"canonical\" href=\"https:\/\/dev.antudigital.cl\/sites\/vc\/taller-el-oficio-editorial\/\" \/>\n<meta property=\"og:locale\" content=\"es_ES\" \/>\n<meta property=\"og:type\" content=\"article\" \/>\n<meta property=\"og:title\" content=\"Taller &quot;El oficio editorial&quot; - Valpara\u00ed\u00adso Creativo\" \/>\n<meta property=\"og:description\" content=\"Circulo Talleres presenta una instancia a cargo de @kikuyoeditorial.cl &#x1f4e2; En este taller de 6 sesiones haremos un recorrido te\u00f3rico\/\/pr\u00e1ctico por todas las fases del quehacer editorial, entendido como un oficio org\u00e1nico: creaci\u00f3n \/\/ edici\u00f3n \/\/ dise\u00f1o \/\/ diagramaci\u00f3n \/\/ impresi\u00f3n \/\/ encuadernaci\u00f3n. Consulta precio y promociones por interno en Circulo Talleres, aqu\u00ed no necesitas [&hellip;]\" \/>\n<meta property=\"og:url\" content=\"https:\/\/dev.antudigital.cl\/sites\/vc\/taller-el-oficio-editorial\/\" \/>\n<meta property=\"og:site_name\" content=\"Valpara\u00ed\u00adso Creativo\" \/>\n<meta property=\"article:published_time\" content=\"2022-09-06T00:40:29+00:00\" \/>\n<meta property=\"article:modified_time\" content=\"2022-09-06T00:40:36+00:00\" \/>\n<meta property=\"og:image\" content=\"https:\/\/dev.antudigital.cl\/sites\/vc\/wp-content\/uploads\/2022\/09\/Captura-de-pantalla-2022-09-05-a-las-20.37.33.png\" \/>\n\t<meta property=\"og:image:width\" content=\"596\" \/>\n\t<meta property=\"og:image:height\" content=\"597\" \/>\n\t<meta property=\"og:image:type\" content=\"image\/png\" \/>\n<meta name=\"author\" content=\"Valpara\u00edso Creativo\" \/>\n<meta name=\"twitter:card\" content=\"summary_large_image\" \/>\n<meta name=\"twitter:label1\" content=\"Escrito por\" \/>\n\t<meta name=\"twitter:data1\" content=\"Valpara\u00edso Creativo\" \/>\n\t<meta name=\"twitter:label2\" content=\"Tiempo de lectura\" \/>\n\t<meta name=\"twitter:data2\" content=\"1 minuto\" \/>\n<script type=\"application\/ld+json\" class=\"yoast-schema-graph\">{\"@context\":\"https:\/\/schema.org\",\"@graph\":[{\"@type\":\"Article\",\"@id\":\"https:\/\/dev.antudigital.cl\/sites\/vc\/taller-el-oficio-editorial\/#article\",\"isPartOf\":{\"@id\":\"https:\/\/dev.antudigital.cl\/sites\/vc\/taller-el-oficio-editorial\/\"},\"author\":{\"name\":\"Valpara\u00edso Creativo\",\"@id\":\"https:\/\/dev.antudigital.cl\/sites\/vc\/#\/schema\/person\/c2b9da8dd545e27166fc5ab232837318\"},\"headline\":\"Taller \u00abEl oficio editorial\u00bb\",\"datePublished\":\"2022-09-06T00:40:29+00:00\",\"dateModified\":\"2022-09-06T00:40:36+00:00\",\"mainEntityOfPage\":{\"@id\":\"https:\/\/dev.antudigital.cl\/sites\/vc\/taller-el-oficio-editorial\/\"},\"wordCount\":89,\"commentCount\":0,\"image\":{\"@id\":\"https:\/\/dev.antudigital.cl\/sites\/vc\/taller-el-oficio-editorial\/#primaryimage\"},\"thumbnailUrl\":\"https:\/\/dev.antudigital.cl\/sites\/vc\/wp-content\/uploads\/2022\/09\/Captura-de-pantalla-2022-09-05-a-las-20.37.33.png\",\"articleSection\":[\"Noticia\"],\"inLanguage\":\"es\",\"potentialAction\":[{\"@type\":\"CommentAction\",\"name\":\"Comment\",\"target\":[\"https:\/\/dev.antudigital.cl\/sites\/vc\/taller-el-oficio-editorial\/#respond\"]}]},{\"@type\":\"WebPage\",\"@id\":\"https:\/\/dev.antudigital.cl\/sites\/vc\/taller-el-oficio-editorial\/\",\"url\":\"https:\/\/dev.antudigital.cl\/sites\/vc\/taller-el-oficio-editorial\/\",\"name\":\"Taller \\\"El oficio editorial\\\" - Valpara\u00ed\u00adso Creativo\",\"isPartOf\":{\"@id\":\"https:\/\/dev.antudigital.cl\/sites\/vc\/#website\"},\"primaryImageOfPage\":{\"@id\":\"https:\/\/dev.antudigital.cl\/sites\/vc\/taller-el-oficio-editorial\/#primaryimage\"},\"image\":{\"@id\":\"https:\/\/dev.antudigital.cl\/sites\/vc\/taller-el-oficio-editorial\/#primaryimage\"},\"thumbnailUrl\":\"https:\/\/dev.antudigital.cl\/sites\/vc\/wp-content\/uploads\/2022\/09\/Captura-de-pantalla-2022-09-05-a-las-20.37.33.png\",\"datePublished\":\"2022-09-06T00:40:29+00:00\",\"dateModified\":\"2022-09-06T00:40:36+00:00\",\"author\":{\"@id\":\"https:\/\/dev.antudigital.cl\/sites\/vc\/#\/schema\/person\/c2b9da8dd545e27166fc5ab232837318\"},\"breadcrumb\":{\"@id\":\"https:\/\/dev.antudigital.cl\/sites\/vc\/taller-el-oficio-editorial\/#breadcrumb\"},\"inLanguage\":\"es\",\"potentialAction\":[{\"@type\":\"ReadAction\",\"target\":[\"https:\/\/dev.antudigital.cl\/sites\/vc\/taller-el-oficio-editorial\/\"]}]},{\"@type\":\"ImageObject\",\"inLanguage\":\"es\",\"@id\":\"https:\/\/dev.antudigital.cl\/sites\/vc\/taller-el-oficio-editorial\/#primaryimage\",\"url\":\"https:\/\/dev.antudigital.cl\/sites\/vc\/wp-content\/uploads\/2022\/09\/Captura-de-pantalla-2022-09-05-a-las-20.37.33.png\",\"contentUrl\":\"https:\/\/dev.antudigital.cl\/sites\/vc\/wp-content\/uploads\/2022\/09\/Captura-de-pantalla-2022-09-05-a-las-20.37.33.png\",\"width\":596,\"height\":597},{\"@type\":\"BreadcrumbList\",\"@id\":\"https:\/\/dev.antudigital.cl\/sites\/vc\/taller-el-oficio-editorial\/#breadcrumb\",\"itemListElement\":[{\"@type\":\"ListItem\",\"position\":1,\"name\":\"Home\",\"item\":\"https:\/\/dev.antudigital.cl\/sites\/vc\/\"},{\"@type\":\"ListItem\",\"position\":2,\"name\":\"Taller \u00abEl oficio editorial\u00bb\"}]},{\"@type\":\"WebSite\",\"@id\":\"https:\/\/dev.antudigital.cl\/sites\/vc\/#website\",\"url\":\"https:\/\/dev.antudigital.cl\/sites\/vc\/\",\"name\":\"Valpara\u00ed\u00adso Creativo\",\"description\":\"\",\"potentialAction\":[{\"@type\":\"SearchAction\",\"target\":{\"@type\":\"EntryPoint\",\"urlTemplate\":\"https:\/\/dev.antudigital.cl\/sites\/vc\/?s={search_term_string}\"},\"query-input\":{\"@type\":\"PropertyValueSpecification\",\"valueRequired\":true,\"valueName\":\"search_term_string\"}}],\"inLanguage\":\"es\"},{\"@type\":\"Person\",\"@id\":\"https:\/\/dev.antudigital.cl\/sites\/vc\/#\/schema\/person\/c2b9da8dd545e27166fc5ab232837318\",\"name\":\"Valpara\u00edso Creativo\",\"description\":\"Periodista de cultura en la Regi\u00f3n de Valpara\u00edso.\",\"url\":\"https:\/\/dev.antudigital.cl\/sites\/vc\/author\/valpoadmin\/\"}]}<\/script>\n<!-- \/ Yoast SEO plugin. -->","yoast_head_json":{"title":"Taller \"El oficio editorial\" - Valpara\u00ed\u00adso Creativo","robots":{"index":"index","follow":"follow","max-snippet":"max-snippet:-1","max-image-preview":"max-image-preview:large","max-video-preview":"max-video-preview:-1"},"canonical":"https:\/\/dev.antudigital.cl\/sites\/vc\/taller-el-oficio-editorial\/","og_locale":"es_ES","og_type":"article","og_title":"Taller \"El oficio editorial\" - Valpara\u00ed\u00adso Creativo","og_description":"Circulo Talleres presenta una instancia a cargo de @kikuyoeditorial.cl &#x1f4e2; En este taller de 6 sesiones haremos un recorrido te\u00f3rico\/\/pr\u00e1ctico por todas las fases del quehacer editorial, entendido como un oficio org\u00e1nico: creaci\u00f3n \/\/ edici\u00f3n \/\/ dise\u00f1o \/\/ diagramaci\u00f3n \/\/ impresi\u00f3n \/\/ encuadernaci\u00f3n. Consulta precio y promociones por interno en Circulo Talleres, aqu\u00ed no necesitas [&hellip;]","og_url":"https:\/\/dev.antudigital.cl\/sites\/vc\/taller-el-oficio-editorial\/","og_site_name":"Valpara\u00ed\u00adso Creativo","article_published_time":"2022-09-06T00:40:29+00:00","article_modified_time":"2022-09-06T00:40:36+00:00","og_image":[{"width":596,"height":597,"url":"https:\/\/dev.antudigital.cl\/sites\/vc\/wp-content\/uploads\/2022\/09\/Captura-de-pantalla-2022-09-05-a-las-20.37.33.png","type":"image\/png"}],"author":"Valpara\u00edso Creativo","twitter_card":"summary_large_image","twitter_misc":{"Escrito por":"Valpara\u00edso Creativo","Tiempo de lectura":"1 minuto"},"schema":{"@context":"https:\/\/schema.org","@graph":[{"@type":"Article","@id":"https:\/\/dev.antudigital.cl\/sites\/vc\/taller-el-oficio-editorial\/#article","isPartOf":{"@id":"https:\/\/dev.antudigital.cl\/sites\/vc\/taller-el-oficio-editorial\/"},"author":{"name":"Valpara\u00edso Creativo","@id":"https:\/\/dev.antudigital.cl\/sites\/vc\/#\/schema\/person\/c2b9da8dd545e27166fc5ab232837318"},"headline":"Taller \u00abEl oficio editorial\u00bb","datePublished":"2022-09-06T00:40:29+00:00","dateModified":"2022-09-06T00:40:36+00:00","mainEntityOfPage":{"@id":"https:\/\/dev.antudigital.cl\/sites\/vc\/taller-el-oficio-editorial\/"},"wordCount":89,"commentCount":0,"image":{"@id":"https:\/\/dev.antudigital.cl\/sites\/vc\/taller-el-oficio-editorial\/#primaryimage"},"thumbnailUrl":"https:\/\/dev.antudigital.cl\/sites\/vc\/wp-content\/uploads\/2022\/09\/Captura-de-pantalla-2022-09-05-a-las-20.37.33.png","articleSection":["Noticia"],"inLanguage":"es","potentialAction":[{"@type":"CommentAction","name":"Comment","target":["https:\/\/dev.antudigital.cl\/sites\/vc\/taller-el-oficio-editorial\/#respond"]}]},{"@type":"WebPage","@id":"https:\/\/dev.antudigital.cl\/sites\/vc\/taller-el-oficio-editorial\/","url":"https:\/\/dev.antudigital.cl\/sites\/vc\/taller-el-oficio-editorial\/","name":"Taller \"El oficio editorial\" - Valpara\u00ed\u00adso Creativo","isPartOf":{"@id":"https:\/\/dev.antudigital.cl\/sites\/vc\/#website"},"primaryImageOfPage":{"@id":"https:\/\/dev.antudigital.cl\/sites\/vc\/taller-el-oficio-editorial\/#primaryimage"},"image":{"@id":"https:\/\/dev.antudigital.cl\/sites\/vc\/taller-el-oficio-editorial\/#primaryimage"},"thumbnailUrl":"https:\/\/dev.antudigital.cl\/sites\/vc\/wp-content\/uploads\/2022\/09\/Captura-de-pantalla-2022-09-05-a-las-20.37.33.png","datePublished":"2022-09-06T00:40:29+00:00","dateModified":"2022-09-06T00:40:36+00:00","author":{"@id":"https:\/\/dev.antudigital.cl\/sites\/vc\/#\/schema\/person\/c2b9da8dd545e27166fc5ab232837318"},"breadcrumb":{"@id":"https:\/\/dev.antudigital.cl\/sites\/vc\/taller-el-oficio-editorial\/#breadcrumb"},"inLanguage":"es","potentialAction":[{"@type":"ReadAction","target":["https:\/\/dev.antudigital.cl\/sites\/vc\/taller-el-oficio-editorial\/"]}]},{"@type":"ImageObject","inLanguage":"es","@id":"https:\/\/dev.antudigital.cl\/sites\/vc\/taller-el-oficio-editorial\/#primaryimage","url":"https:\/\/dev.antudigital.cl\/sites\/vc\/wp-content\/uploads\/2022\/09\/Captura-de-pantalla-2022-09-05-a-las-20.37.33.png","contentUrl":"https:\/\/dev.antudigital.cl\/sites\/vc\/wp-content\/uploads\/2022\/09\/Captura-de-pantalla-2022-09-05-a-las-20.37.33.png","width":596,"height":597},{"@type":"BreadcrumbList","@id":"https:\/\/dev.antudigital.cl\/sites\/vc\/taller-el-oficio-editorial\/#breadcrumb","itemListElement":[{"@type":"ListItem","position":1,"name":"Home","item":"https:\/\/dev.antudigital.cl\/sites\/vc\/"},{"@type":"ListItem","position":2,"name":"Taller \u00abEl oficio editorial\u00bb"}]},{"@type":"WebSite","@id":"https:\/\/dev.antudigital.cl\/sites\/vc\/#website","url":"https:\/\/dev.antudigital.cl\/sites\/vc\/","name":"Valpara\u00ed\u00adso Creativo","description":"","potentialAction":[{"@type":"SearchAction","target":{"@type":"EntryPoint","urlTemplate":"https:\/\/dev.antudigital.cl\/sites\/vc\/?s={search_term_string}"},"query-input":{"@type":"PropertyValueSpecification","valueRequired":true,"valueName":"search_term_string"}}],"inLanguage":"es"},{"@type":"Person","@id":"https:\/\/dev.antudigital.cl\/sites\/vc\/#\/schema\/person\/c2b9da8dd545e27166fc5ab232837318","name":"Valpara\u00edso Creativo","description":"Periodista de cultura en la Regi\u00f3n de Valpara\u00edso.","url":"https:\/\/dev.antudigital.cl\/sites\/vc\/author\/valpoadmin\/"}]}},"_links":{"self":[{"href":"https:\/\/dev.antudigital.cl\/sites\/vc\/wp-json\/wp\/v2\/posts\/11599","targetHints":{"allow":["GET"]}}],"collection":[{"href":"https:\/\/dev.antudigital.cl\/sites\/vc\/wp-json\/wp\/v2\/posts"}],"about":[{"href":"https:\/\/dev.antudigital.cl\/sites\/vc\/wp-json\/wp\/v2\/types\/post"}],"author":[{"embeddable":true,"href":"https:\/\/dev.antudigital.cl\/sites\/vc\/wp-json\/wp\/v2\/users\/1"}],"replies":[{"embeddable":true,"href":"https:\/\/dev.antudigital.cl\/sites\/vc\/wp-json\/wp\/v2\/comments?post=11599"}],"version-history":[{"count":1,"href":"https:\/\/dev.antudigital.cl\/sites\/vc\/wp-json\/wp\/v2\/posts\/11599\/revisions"}],"predecessor-version":[{"id":11601,"href":"https:\/\/dev.antudigital.cl\/sites\/vc\/wp-json\/wp\/v2\/posts\/11599\/revisions\/11601"}],"wp:featuredmedia":[{"embeddable":true,"href":"https:\/\/dev.antudigital.cl\/sites\/vc\/wp-json\/wp\/v2\/media\/11600"}],"wp:attachment":[{"href":"https:\/\/dev.antudigital.cl\/sites\/vc\/wp-json\/wp\/v2\/media?parent=11599"}],"wp:term":[{"taxonomy":"category","embeddable":true,"href":"https:\/\/dev.antudigital.cl\/sites\/vc\/wp-json\/wp\/v2\/categories?post=11599"},{"taxonomy":"post_tag","embeddable":true,"href":"https:\/\/dev.antudigital.cl\/sites\/vc\/wp-json\/wp\/v2\/tags?post=11599"}],"curies":[{"name":"wp","href":"https:\/\/api.w.org\/{rel}","templated":true}]}}