{"id":11606,"date":"2022-09-04T01:50:00","date_gmt":"2022-09-04T01:50:00","guid":{"rendered":"https:\/\/www.valparaisocreativo.cl\/?p=11606"},"modified":"2022-09-06T02:49:40","modified_gmt":"2022-09-06T02:49:40","slug":"entrevista-a-manuel-garcia-en-su-paso-por-valparaiso","status":"publish","type":"post","link":"https:\/\/dev.antudigital.cl\/sites\/vc\/entrevista-a-manuel-garcia-en-su-paso-por-valparaiso\/","title":{"rendered":"Entrevista a Manuel Garc\u00eda en su paso por Valpara\u00edso"},"content":{"rendered":"\n<p>El pasado 2 de septiembre estuvo en el Teatro Municipal de Valpara\u00edso junto a Carmen \u00abla Kuki\u00bb Gonz\u00e1lez, previo a una de las elecciones m\u00e1s importantes del pa\u00eds. Conversamos con el cantautor sobre sus motivaciones, pensamientos sobre Chile hoy y c\u00f3mo seguir\u00e1 esta gira que lo ha llevado a recorrer todo Chile y pronto fuera del pa\u00eds.<\/p>\n\n\n\n<p><em>Por: Valentinne Rudolphy<\/em><\/p>\n\n\n\n<p><strong>\u00bfQu\u00e9 te parece el momento actual que hemos estado viviendo en Chile?<\/strong><\/p>\n\n\n\n<p>-Creo que es uno de los momentos m\u00e1s coyunturales e importantes que se haya vivido desde que Chile nace como idea de pa\u00eds. Pienso que estamos frente a una oportunidad \u00fanica, no s\u00f3lo como chilenos y chilenas, sino como especie humana. Al tener una propuesta tan profunda y tan necesaria como es el borrador de constituci\u00f3n por el que fuimos todos llamados y llamadas a votar.&nbsp;<\/p>\n\n\n\n<p>Me parece que reconoce a sus ancestros, a las culturas originarias, que trata a la naturaleza como sujeto de derecho, y que est\u00e1 preocupada en t\u00e9rminos de educaci\u00f3n y de cultura, creo que es una propuesta de un mill\u00f3n de nobleza y profundidad del que tenemos que aprender.<\/p>\n\n\n\n<p>Finalmente, Chile tiene una voz importante en este momento en el mundo.<\/p>\n\n\n\n<p>Es un paso adelante como pueblo al que no podemos quedar indiferentes, independiente del resultado.<\/p>\n\n\n\n<p><strong>Meti\u00e9ndonos en la m\u00fasica. \u00bfCon qu\u00e9 nos encontramos en El Caminante?<\/strong><\/p>\n\n\n\n<p>-Bueno se trata de canciones que han sido versionadas en distintos pa\u00edses en mi repertorio. Hay singles que he estado trabajando como material que integra distintas culturas y distintos pa\u00edses y sus realidades culturales. Es una s\u00edntesis musical, junto a Carmen Paz \u201cLa Kuki\u201d Gonz\u00e1lez, una pianista chilena extraordinaria, como si fuera un rinconcito m\u00e1s \u00edntimo donde este caminante camina, valga la redundancia, en un escenario donde el caminar se vuelve reflexi\u00f3n, poes\u00eda, humor, y tambi\u00e9n de cierta forma es una actividad social y pol\u00edtica el habitar el espacio de esta manera.<\/p>\n\n\n\n<p>El disco en s\u00ed mismo tiene una serie de colaboraciones importante de artistas de todo el mundo, y es posible que aparezca una parte 2, ya que durante la pandemia pudimos trabajar con muchos artistas queridos de todo el mundo. Hay colaboraciones con M\u00e9xico, Costa Rica, Puerto Rico, Argentina, Espa\u00f1a, Chile naturalmente, Per\u00fa, entre otros.<\/p>\n\n\n\n<figure class=\"wp-block-image size-large\"><img fetchpriority=\"high\" decoding=\"async\" width=\"1024\" height=\"683\" src=\"https:\/\/www.valparaisocreativo.cl\/wp-content\/uploads\/2022\/09\/Manuel-Garcia-scaled-1-1024x683.jpg\" alt=\"\" class=\"wp-image-11609\" srcset=\"https:\/\/dev.antudigital.cl\/sites\/vc\/wp-content\/uploads\/2022\/09\/Manuel-Garcia-scaled-1-1024x683.jpg 1024w, https:\/\/dev.antudigital.cl\/sites\/vc\/wp-content\/uploads\/2022\/09\/Manuel-Garcia-scaled-1-300x200.jpg 300w, https:\/\/dev.antudigital.cl\/sites\/vc\/wp-content\/uploads\/2022\/09\/Manuel-Garcia-scaled-1-768x512.jpg 768w, https:\/\/dev.antudigital.cl\/sites\/vc\/wp-content\/uploads\/2022\/09\/Manuel-Garcia-scaled-1-1536x1024.jpg 1536w, https:\/\/dev.antudigital.cl\/sites\/vc\/wp-content\/uploads\/2022\/09\/Manuel-Garcia-scaled-1-2048x1366.jpg 2048w, https:\/\/dev.antudigital.cl\/sites\/vc\/wp-content\/uploads\/2022\/09\/Manuel-Garcia-scaled-1-1080x720.jpg 1080w, https:\/\/dev.antudigital.cl\/sites\/vc\/wp-content\/uploads\/2022\/09\/Manuel-Garcia-scaled-1-1280x854.jpg 1280w, https:\/\/dev.antudigital.cl\/sites\/vc\/wp-content\/uploads\/2022\/09\/Manuel-Garcia-scaled-1-980x653.jpg 980w, https:\/\/dev.antudigital.cl\/sites\/vc\/wp-content\/uploads\/2022\/09\/Manuel-Garcia-scaled-1-480x320.jpg 480w\" sizes=\"(max-width: 1024px) 100vw, 1024px\" \/><\/figure>\n\n\n\n<p><strong>\u00bfPor qu\u00e9 ciudades has estado en la gira El Caminante?<\/strong><\/p>\n\n\n\n<p>-Chill\u00e1n, Concepci\u00f3n, Temuco, Osorno, Valdivia, Puerto Montt, Coyhaique, La Serena, Ovalle, Valpara\u00edso y luego iremos a Chilo\u00e9 y luego a Argentina y Latinoam\u00e9rica.<\/p>\n\n\n\n<p><strong>\u00bfPara ti qu\u00e9 significa hacer m\u00fasica?<\/strong><\/p>\n\n\n\n<p>-Bueno hacer m\u00fasica es la oportunidad de aprender con humildad del mundo y luego poder entregarlo a trav\u00e9s de la belleza. Hacer m\u00fasica es poder conectar con las emociones, con el misterio de la vida, y reflexionar, reconocerse, mirarse, y reconocerse como pueblo a trav\u00e9s de la belleza de un instrumento como la guitarra y la belleza de la palabra de la tradici\u00f3n oral que encontramos en las narraciones o canciones, en cualquier esquina, como parte del presente de nuestra vida.&nbsp;<\/p>\n\n\n\n<p><strong>\u00bfQu\u00e9 piensas de la escena musical chilena? \u00bfQu\u00e9 te gusta en particular?<\/strong><\/p>\n\n\n\n<p>-A m\u00ed me gusta mucho siempre lo que pasa en Chile, ya que es un pa\u00eds muy inquieto con muchas formas diferentes de m\u00fasica, hay mucha diversidad en especial entre j\u00f3venes. Le pongo atenci\u00f3n al freestyle, a la m\u00fasica cl\u00e1sica, docta, le pongo atenci\u00f3n a la gente que hace cosas con la guitarra y lo que pasa con la escena del folklore. Tengo un sobrino por ejemplo que sacar\u00e1 su primer disco y que con sus amigos est\u00e1n haciendo cueca brava, con La Romeranza, y eso da orgullo, conmueve ver a tanta gente joven haciendo cosas.<\/p>\n","protected":false},"excerpt":{"rendered":"<p>El pasado 2 de septiembre estuvo en el Teatro Municipal de Valpara\u00edso junto a Carmen \u00abla Kuki\u00bb Gonz\u00e1lez, previo a una de las elecciones m\u00e1s importantes del pa\u00eds. Conversamos con el cantautor sobre sus motivaciones, pensamientos sobre Chile hoy y c\u00f3mo seguir\u00e1 esta gira que lo ha llevado a recorrer todo Chile y pronto fuera [&hellip;]<\/p>\n","protected":false},"author":1,"featured_media":11607,"comment_status":"open","ping_status":"closed","sticky":false,"template":"","format":"standard","meta":{"_acf_changed":false,"footnotes":""},"categories":[8],"tags":[],"class_list":["post-11606","post","type-post","status-publish","format-standard","has-post-thumbnail","hentry","category-noticia"],"acf":[],"yoast_head":"<!-- This site is optimized with the Yoast SEO plugin v27.1.1 - https:\/\/yoast.com\/product\/yoast-seo-wordpress\/ -->\n<title>Entrevista a Manuel Garc\u00eda en su paso por Valpara\u00edso - Valpara\u00ed\u00adso Creativo<\/title>\n<meta name=\"robots\" content=\"index, follow, max-snippet:-1, max-image-preview:large, max-video-preview:-1\" \/>\n<link rel=\"canonical\" href=\"https:\/\/dev.antudigital.cl\/sites\/vc\/entrevista-a-manuel-garcia-en-su-paso-por-valparaiso\/\" \/>\n<meta property=\"og:locale\" content=\"es_ES\" \/>\n<meta property=\"og:type\" content=\"article\" \/>\n<meta property=\"og:title\" content=\"Entrevista a Manuel Garc\u00eda en su paso por Valpara\u00edso - Valpara\u00ed\u00adso Creativo\" \/>\n<meta property=\"og:description\" content=\"El pasado 2 de septiembre estuvo en el Teatro Municipal de Valpara\u00edso junto a Carmen \u00abla Kuki\u00bb Gonz\u00e1lez, previo a una de las elecciones m\u00e1s importantes del pa\u00eds. Conversamos con el cantautor sobre sus motivaciones, pensamientos sobre Chile hoy y c\u00f3mo seguir\u00e1 esta gira que lo ha llevado a recorrer todo Chile y pronto fuera [&hellip;]\" \/>\n<meta property=\"og:url\" content=\"https:\/\/dev.antudigital.cl\/sites\/vc\/entrevista-a-manuel-garcia-en-su-paso-por-valparaiso\/\" \/>\n<meta property=\"og:site_name\" content=\"Valpara\u00ed\u00adso Creativo\" \/>\n<meta property=\"article:published_time\" content=\"2022-09-04T01:50:00+00:00\" \/>\n<meta property=\"article:modified_time\" content=\"2022-09-06T02:49:40+00:00\" \/>\n<meta property=\"og:image\" content=\"https:\/\/dev.antudigital.cl\/sites\/vc\/wp-content\/uploads\/2022\/09\/8968034.png\" \/>\n\t<meta property=\"og:image:width\" content=\"789\" \/>\n\t<meta property=\"og:image:height\" content=\"528\" \/>\n\t<meta property=\"og:image:type\" content=\"image\/png\" \/>\n<meta name=\"author\" content=\"Valpara\u00edso Creativo\" \/>\n<meta name=\"twitter:card\" content=\"summary_large_image\" \/>\n<meta name=\"twitter:label1\" content=\"Escrito por\" \/>\n\t<meta name=\"twitter:data1\" content=\"Valpara\u00edso Creativo\" \/>\n\t<meta name=\"twitter:label2\" content=\"Tiempo de lectura\" \/>\n\t<meta name=\"twitter:data2\" content=\"3 minutos\" \/>\n<script type=\"application\/ld+json\" class=\"yoast-schema-graph\">{\"@context\":\"https:\/\/schema.org\",\"@graph\":[{\"@type\":\"Article\",\"@id\":\"https:\/\/dev.antudigital.cl\/sites\/vc\/entrevista-a-manuel-garcia-en-su-paso-por-valparaiso\/#article\",\"isPartOf\":{\"@id\":\"https:\/\/dev.antudigital.cl\/sites\/vc\/entrevista-a-manuel-garcia-en-su-paso-por-valparaiso\/\"},\"author\":{\"name\":\"Valpara\u00edso Creativo\",\"@id\":\"https:\/\/dev.antudigital.cl\/sites\/vc\/#\/schema\/person\/c2b9da8dd545e27166fc5ab232837318\"},\"headline\":\"Entrevista a Manuel Garc\u00eda en su paso por Valpara\u00edso\",\"datePublished\":\"2022-09-04T01:50:00+00:00\",\"dateModified\":\"2022-09-06T02:49:40+00:00\",\"mainEntityOfPage\":{\"@id\":\"https:\/\/dev.antudigital.cl\/sites\/vc\/entrevista-a-manuel-garcia-en-su-paso-por-valparaiso\/\"},\"wordCount\":654,\"commentCount\":0,\"image\":{\"@id\":\"https:\/\/dev.antudigital.cl\/sites\/vc\/entrevista-a-manuel-garcia-en-su-paso-por-valparaiso\/#primaryimage\"},\"thumbnailUrl\":\"https:\/\/dev.antudigital.cl\/sites\/vc\/wp-content\/uploads\/2022\/09\/8968034.png\",\"articleSection\":[\"Noticia\"],\"inLanguage\":\"es\",\"potentialAction\":[{\"@type\":\"CommentAction\",\"name\":\"Comment\",\"target\":[\"https:\/\/dev.antudigital.cl\/sites\/vc\/entrevista-a-manuel-garcia-en-su-paso-por-valparaiso\/#respond\"]}]},{\"@type\":\"WebPage\",\"@id\":\"https:\/\/dev.antudigital.cl\/sites\/vc\/entrevista-a-manuel-garcia-en-su-paso-por-valparaiso\/\",\"url\":\"https:\/\/dev.antudigital.cl\/sites\/vc\/entrevista-a-manuel-garcia-en-su-paso-por-valparaiso\/\",\"name\":\"Entrevista a Manuel Garc\u00eda en su paso por Valpara\u00edso - Valpara\u00ed\u00adso Creativo\",\"isPartOf\":{\"@id\":\"https:\/\/dev.antudigital.cl\/sites\/vc\/#website\"},\"primaryImageOfPage\":{\"@id\":\"https:\/\/dev.antudigital.cl\/sites\/vc\/entrevista-a-manuel-garcia-en-su-paso-por-valparaiso\/#primaryimage\"},\"image\":{\"@id\":\"https:\/\/dev.antudigital.cl\/sites\/vc\/entrevista-a-manuel-garcia-en-su-paso-por-valparaiso\/#primaryimage\"},\"thumbnailUrl\":\"https:\/\/dev.antudigital.cl\/sites\/vc\/wp-content\/uploads\/2022\/09\/8968034.png\",\"datePublished\":\"2022-09-04T01:50:00+00:00\",\"dateModified\":\"2022-09-06T02:49:40+00:00\",\"author\":{\"@id\":\"https:\/\/dev.antudigital.cl\/sites\/vc\/#\/schema\/person\/c2b9da8dd545e27166fc5ab232837318\"},\"breadcrumb\":{\"@id\":\"https:\/\/dev.antudigital.cl\/sites\/vc\/entrevista-a-manuel-garcia-en-su-paso-por-valparaiso\/#breadcrumb\"},\"inLanguage\":\"es\",\"potentialAction\":[{\"@type\":\"ReadAction\",\"target\":[\"https:\/\/dev.antudigital.cl\/sites\/vc\/entrevista-a-manuel-garcia-en-su-paso-por-valparaiso\/\"]}]},{\"@type\":\"ImageObject\",\"inLanguage\":\"es\",\"@id\":\"https:\/\/dev.antudigital.cl\/sites\/vc\/entrevista-a-manuel-garcia-en-su-paso-por-valparaiso\/#primaryimage\",\"url\":\"https:\/\/dev.antudigital.cl\/sites\/vc\/wp-content\/uploads\/2022\/09\/8968034.png\",\"contentUrl\":\"https:\/\/dev.antudigital.cl\/sites\/vc\/wp-content\/uploads\/2022\/09\/8968034.png\",\"width\":789,\"height\":528},{\"@type\":\"BreadcrumbList\",\"@id\":\"https:\/\/dev.antudigital.cl\/sites\/vc\/entrevista-a-manuel-garcia-en-su-paso-por-valparaiso\/#breadcrumb\",\"itemListElement\":[{\"@type\":\"ListItem\",\"position\":1,\"name\":\"Home\",\"item\":\"https:\/\/dev.antudigital.cl\/sites\/vc\/\"},{\"@type\":\"ListItem\",\"position\":2,\"name\":\"Entrevista a Manuel Garc\u00eda en su paso por Valpara\u00edso\"}]},{\"@type\":\"WebSite\",\"@id\":\"https:\/\/dev.antudigital.cl\/sites\/vc\/#website\",\"url\":\"https:\/\/dev.antudigital.cl\/sites\/vc\/\",\"name\":\"Valpara\u00ed\u00adso Creativo\",\"description\":\"\",\"potentialAction\":[{\"@type\":\"SearchAction\",\"target\":{\"@type\":\"EntryPoint\",\"urlTemplate\":\"https:\/\/dev.antudigital.cl\/sites\/vc\/?s={search_term_string}\"},\"query-input\":{\"@type\":\"PropertyValueSpecification\",\"valueRequired\":true,\"valueName\":\"search_term_string\"}}],\"inLanguage\":\"es\"},{\"@type\":\"Person\",\"@id\":\"https:\/\/dev.antudigital.cl\/sites\/vc\/#\/schema\/person\/c2b9da8dd545e27166fc5ab232837318\",\"name\":\"Valpara\u00edso Creativo\",\"description\":\"Periodista de cultura en la Regi\u00f3n de Valpara\u00edso.\",\"url\":\"https:\/\/dev.antudigital.cl\/sites\/vc\/author\/valpoadmin\/\"}]}<\/script>\n<!-- \/ Yoast SEO plugin. -->","yoast_head_json":{"title":"Entrevista a Manuel Garc\u00eda en su paso por Valpara\u00edso - Valpara\u00ed\u00adso Creativo","robots":{"index":"index","follow":"follow","max-snippet":"max-snippet:-1","max-image-preview":"max-image-preview:large","max-video-preview":"max-video-preview:-1"},"canonical":"https:\/\/dev.antudigital.cl\/sites\/vc\/entrevista-a-manuel-garcia-en-su-paso-por-valparaiso\/","og_locale":"es_ES","og_type":"article","og_title":"Entrevista a Manuel Garc\u00eda en su paso por Valpara\u00edso - Valpara\u00ed\u00adso Creativo","og_description":"El pasado 2 de septiembre estuvo en el Teatro Municipal de Valpara\u00edso junto a Carmen \u00abla Kuki\u00bb Gonz\u00e1lez, previo a una de las elecciones m\u00e1s importantes del pa\u00eds. Conversamos con el cantautor sobre sus motivaciones, pensamientos sobre Chile hoy y c\u00f3mo seguir\u00e1 esta gira que lo ha llevado a recorrer todo Chile y pronto fuera [&hellip;]","og_url":"https:\/\/dev.antudigital.cl\/sites\/vc\/entrevista-a-manuel-garcia-en-su-paso-por-valparaiso\/","og_site_name":"Valpara\u00ed\u00adso Creativo","article_published_time":"2022-09-04T01:50:00+00:00","article_modified_time":"2022-09-06T02:49:40+00:00","og_image":[{"width":789,"height":528,"url":"https:\/\/dev.antudigital.cl\/sites\/vc\/wp-content\/uploads\/2022\/09\/8968034.png","type":"image\/png"}],"author":"Valpara\u00edso Creativo","twitter_card":"summary_large_image","twitter_misc":{"Escrito por":"Valpara\u00edso Creativo","Tiempo de lectura":"3 minutos"},"schema":{"@context":"https:\/\/schema.org","@graph":[{"@type":"Article","@id":"https:\/\/dev.antudigital.cl\/sites\/vc\/entrevista-a-manuel-garcia-en-su-paso-por-valparaiso\/#article","isPartOf":{"@id":"https:\/\/dev.antudigital.cl\/sites\/vc\/entrevista-a-manuel-garcia-en-su-paso-por-valparaiso\/"},"author":{"name":"Valpara\u00edso Creativo","@id":"https:\/\/dev.antudigital.cl\/sites\/vc\/#\/schema\/person\/c2b9da8dd545e27166fc5ab232837318"},"headline":"Entrevista a Manuel Garc\u00eda en su paso por Valpara\u00edso","datePublished":"2022-09-04T01:50:00+00:00","dateModified":"2022-09-06T02:49:40+00:00","mainEntityOfPage":{"@id":"https:\/\/dev.antudigital.cl\/sites\/vc\/entrevista-a-manuel-garcia-en-su-paso-por-valparaiso\/"},"wordCount":654,"commentCount":0,"image":{"@id":"https:\/\/dev.antudigital.cl\/sites\/vc\/entrevista-a-manuel-garcia-en-su-paso-por-valparaiso\/#primaryimage"},"thumbnailUrl":"https:\/\/dev.antudigital.cl\/sites\/vc\/wp-content\/uploads\/2022\/09\/8968034.png","articleSection":["Noticia"],"inLanguage":"es","potentialAction":[{"@type":"CommentAction","name":"Comment","target":["https:\/\/dev.antudigital.cl\/sites\/vc\/entrevista-a-manuel-garcia-en-su-paso-por-valparaiso\/#respond"]}]},{"@type":"WebPage","@id":"https:\/\/dev.antudigital.cl\/sites\/vc\/entrevista-a-manuel-garcia-en-su-paso-por-valparaiso\/","url":"https:\/\/dev.antudigital.cl\/sites\/vc\/entrevista-a-manuel-garcia-en-su-paso-por-valparaiso\/","name":"Entrevista a Manuel Garc\u00eda en su paso por Valpara\u00edso - Valpara\u00ed\u00adso Creativo","isPartOf":{"@id":"https:\/\/dev.antudigital.cl\/sites\/vc\/#website"},"primaryImageOfPage":{"@id":"https:\/\/dev.antudigital.cl\/sites\/vc\/entrevista-a-manuel-garcia-en-su-paso-por-valparaiso\/#primaryimage"},"image":{"@id":"https:\/\/dev.antudigital.cl\/sites\/vc\/entrevista-a-manuel-garcia-en-su-paso-por-valparaiso\/#primaryimage"},"thumbnailUrl":"https:\/\/dev.antudigital.cl\/sites\/vc\/wp-content\/uploads\/2022\/09\/8968034.png","datePublished":"2022-09-04T01:50:00+00:00","dateModified":"2022-09-06T02:49:40+00:00","author":{"@id":"https:\/\/dev.antudigital.cl\/sites\/vc\/#\/schema\/person\/c2b9da8dd545e27166fc5ab232837318"},"breadcrumb":{"@id":"https:\/\/dev.antudigital.cl\/sites\/vc\/entrevista-a-manuel-garcia-en-su-paso-por-valparaiso\/#breadcrumb"},"inLanguage":"es","potentialAction":[{"@type":"ReadAction","target":["https:\/\/dev.antudigital.cl\/sites\/vc\/entrevista-a-manuel-garcia-en-su-paso-por-valparaiso\/"]}]},{"@type":"ImageObject","inLanguage":"es","@id":"https:\/\/dev.antudigital.cl\/sites\/vc\/entrevista-a-manuel-garcia-en-su-paso-por-valparaiso\/#primaryimage","url":"https:\/\/dev.antudigital.cl\/sites\/vc\/wp-content\/uploads\/2022\/09\/8968034.png","contentUrl":"https:\/\/dev.antudigital.cl\/sites\/vc\/wp-content\/uploads\/2022\/09\/8968034.png","width":789,"height":528},{"@type":"BreadcrumbList","@id":"https:\/\/dev.antudigital.cl\/sites\/vc\/entrevista-a-manuel-garcia-en-su-paso-por-valparaiso\/#breadcrumb","itemListElement":[{"@type":"ListItem","position":1,"name":"Home","item":"https:\/\/dev.antudigital.cl\/sites\/vc\/"},{"@type":"ListItem","position":2,"name":"Entrevista a Manuel Garc\u00eda en su paso por Valpara\u00edso"}]},{"@type":"WebSite","@id":"https:\/\/dev.antudigital.cl\/sites\/vc\/#website","url":"https:\/\/dev.antudigital.cl\/sites\/vc\/","name":"Valpara\u00ed\u00adso Creativo","description":"","potentialAction":[{"@type":"SearchAction","target":{"@type":"EntryPoint","urlTemplate":"https:\/\/dev.antudigital.cl\/sites\/vc\/?s={search_term_string}"},"query-input":{"@type":"PropertyValueSpecification","valueRequired":true,"valueName":"search_term_string"}}],"inLanguage":"es"},{"@type":"Person","@id":"https:\/\/dev.antudigital.cl\/sites\/vc\/#\/schema\/person\/c2b9da8dd545e27166fc5ab232837318","name":"Valpara\u00edso Creativo","description":"Periodista de cultura en la Regi\u00f3n de Valpara\u00edso.","url":"https:\/\/dev.antudigital.cl\/sites\/vc\/author\/valpoadmin\/"}]}},"_links":{"self":[{"href":"https:\/\/dev.antudigital.cl\/sites\/vc\/wp-json\/wp\/v2\/posts\/11606","targetHints":{"allow":["GET"]}}],"collection":[{"href":"https:\/\/dev.antudigital.cl\/sites\/vc\/wp-json\/wp\/v2\/posts"}],"about":[{"href":"https:\/\/dev.antudigital.cl\/sites\/vc\/wp-json\/wp\/v2\/types\/post"}],"author":[{"embeddable":true,"href":"https:\/\/dev.antudigital.cl\/sites\/vc\/wp-json\/wp\/v2\/users\/1"}],"replies":[{"embeddable":true,"href":"https:\/\/dev.antudigital.cl\/sites\/vc\/wp-json\/wp\/v2\/comments?post=11606"}],"version-history":[{"count":2,"href":"https:\/\/dev.antudigital.cl\/sites\/vc\/wp-json\/wp\/v2\/posts\/11606\/revisions"}],"predecessor-version":[{"id":11611,"href":"https:\/\/dev.antudigital.cl\/sites\/vc\/wp-json\/wp\/v2\/posts\/11606\/revisions\/11611"}],"wp:featuredmedia":[{"embeddable":true,"href":"https:\/\/dev.antudigital.cl\/sites\/vc\/wp-json\/wp\/v2\/media\/11607"}],"wp:attachment":[{"href":"https:\/\/dev.antudigital.cl\/sites\/vc\/wp-json\/wp\/v2\/media?parent=11606"}],"wp:term":[{"taxonomy":"category","embeddable":true,"href":"https:\/\/dev.antudigital.cl\/sites\/vc\/wp-json\/wp\/v2\/categories?post=11606"},{"taxonomy":"post_tag","embeddable":true,"href":"https:\/\/dev.antudigital.cl\/sites\/vc\/wp-json\/wp\/v2\/tags?post=11606"}],"curies":[{"name":"wp","href":"https:\/\/api.w.org\/{rel}","templated":true}]}}