{"id":11623,"date":"2022-09-12T13:16:12","date_gmt":"2022-09-12T13:16:12","guid":{"rendered":"https:\/\/www.valparaisocreativo.cl\/?p=11623"},"modified":"2022-09-12T13:16:26","modified_gmt":"2022-09-12T13:16:26","slug":"se-viene-la-fonda-de-mi-madre-en-cinzano","status":"publish","type":"post","link":"https:\/\/dev.antudigital.cl\/sites\/vc\/se-viene-la-fonda-de-mi-madre-en-cinzano\/","title":{"rendered":"Se viene La Fonda de mi Madre en Cinzano"},"content":{"rendered":"\n<p>Desde el 15 al 18 de septiembre se llevar\u00e1 a cabo La fonda de mi madre en el cl\u00e1sico <a href=\"https:\/\/www.instagram.com\/cinzanooficial\/\">Cinzano<\/a>, d\u00edas de celebraci\u00f3n que llegan al m\u00edtico bar para aprovechar al m\u00e1ximo las fiestas patrias.<\/p>\n\n\n\n<p>Ven a disfrutar de una noche m\u00e1gica, en el bar m\u00e1s antiguo de Valpara\u00edso, una noche para revivir la bohemia porte\u00f1a que tanto amamos. Cada entrada considera una mesa para cuatro, mas el show de m\u00fasica en vivo, que el primer d\u00eda estar\u00e1 a  a cargo de la Orquesta Cinzano.<\/p>\n\n\n\n<p>Puedes conseguir tus entradas en la <a href=\"https:\/\/cinzanooficial.cl\/\">web oficial de Cinzano.<\/a><\/p>\n\n\n\n<figure class=\"wp-block-image size-full\"><img fetchpriority=\"high\" decoding=\"async\" width=\"478\" height=\"597\" src=\"https:\/\/www.valparaisocreativo.cl\/wp-content\/uploads\/2022\/09\/Captura-de-Pantalla-2022-09-12-a-las-07.05.44.png\" alt=\"\" class=\"wp-image-11625\" srcset=\"https:\/\/dev.antudigital.cl\/sites\/vc\/wp-content\/uploads\/2022\/09\/Captura-de-Pantalla-2022-09-12-a-las-07.05.44.png 478w, https:\/\/dev.antudigital.cl\/sites\/vc\/wp-content\/uploads\/2022\/09\/Captura-de-Pantalla-2022-09-12-a-las-07.05.44-240x300.png 240w\" sizes=\"(max-width: 478px) 100vw, 478px\" \/><\/figure>\n","protected":false},"excerpt":{"rendered":"<p>Desde el 15 al 18 de septiembre se llevar\u00e1 a cabo La fonda de mi madre en el cl\u00e1sico Cinzano, d\u00edas de celebraci\u00f3n que llegan al m\u00edtico bar para aprovechar al m\u00e1ximo las fiestas patrias. Ven a disfrutar de una noche m\u00e1gica, en el bar m\u00e1s antiguo de Valpara\u00edso, una noche para revivir la bohemia [&hellip;]<\/p>\n","protected":false},"author":1,"featured_media":11624,"comment_status":"open","ping_status":"closed","sticky":false,"template":"","format":"standard","meta":{"_acf_changed":false,"footnotes":""},"categories":[8],"tags":[],"class_list":["post-11623","post","type-post","status-publish","format-standard","has-post-thumbnail","hentry","category-noticia"],"acf":[],"yoast_head":"<!-- This site is optimized with the Yoast SEO plugin v27.1.1 - https:\/\/yoast.com\/product\/yoast-seo-wordpress\/ -->\n<title>Se viene La Fonda de mi Madre en Cinzano - Valpara\u00ed\u00adso Creativo<\/title>\n<meta name=\"robots\" content=\"index, follow, max-snippet:-1, max-image-preview:large, max-video-preview:-1\" \/>\n<link rel=\"canonical\" href=\"https:\/\/dev.antudigital.cl\/sites\/vc\/se-viene-la-fonda-de-mi-madre-en-cinzano\/\" \/>\n<meta property=\"og:locale\" content=\"es_ES\" \/>\n<meta property=\"og:type\" content=\"article\" \/>\n<meta property=\"og:title\" content=\"Se viene La Fonda de mi Madre en Cinzano - Valpara\u00ed\u00adso Creativo\" \/>\n<meta property=\"og:description\" content=\"Desde el 15 al 18 de septiembre se llevar\u00e1 a cabo La fonda de mi madre en el cl\u00e1sico Cinzano, d\u00edas de celebraci\u00f3n que llegan al m\u00edtico bar para aprovechar al m\u00e1ximo las fiestas patrias. Ven a disfrutar de una noche m\u00e1gica, en el bar m\u00e1s antiguo de Valpara\u00edso, una noche para revivir la bohemia [&hellip;]\" \/>\n<meta property=\"og:url\" content=\"https:\/\/dev.antudigital.cl\/sites\/vc\/se-viene-la-fonda-de-mi-madre-en-cinzano\/\" \/>\n<meta property=\"og:site_name\" content=\"Valpara\u00ed\u00adso Creativo\" \/>\n<meta property=\"article:published_time\" content=\"2022-09-12T13:16:12+00:00\" \/>\n<meta property=\"article:modified_time\" content=\"2022-09-12T13:16:26+00:00\" \/>\n<meta property=\"og:image\" content=\"https:\/\/dev.antudigital.cl\/sites\/vc\/wp-content\/uploads\/2022\/09\/file_20190515103159.jpg\" \/>\n\t<meta property=\"og:image:width\" content=\"710\" \/>\n\t<meta property=\"og:image:height\" content=\"399\" \/>\n\t<meta property=\"og:image:type\" content=\"image\/jpeg\" \/>\n<meta name=\"author\" content=\"Valpara\u00edso Creativo\" \/>\n<meta name=\"twitter:card\" content=\"summary_large_image\" \/>\n<meta name=\"twitter:label1\" content=\"Escrito por\" \/>\n\t<meta name=\"twitter:data1\" content=\"Valpara\u00edso Creativo\" \/>\n\t<meta name=\"twitter:label2\" content=\"Tiempo de lectura\" \/>\n\t<meta name=\"twitter:data2\" content=\"1 minuto\" \/>\n<script type=\"application\/ld+json\" class=\"yoast-schema-graph\">{\"@context\":\"https:\/\/schema.org\",\"@graph\":[{\"@type\":\"Article\",\"@id\":\"https:\/\/dev.antudigital.cl\/sites\/vc\/se-viene-la-fonda-de-mi-madre-en-cinzano\/#article\",\"isPartOf\":{\"@id\":\"https:\/\/dev.antudigital.cl\/sites\/vc\/se-viene-la-fonda-de-mi-madre-en-cinzano\/\"},\"author\":{\"name\":\"Valpara\u00edso Creativo\",\"@id\":\"https:\/\/dev.antudigital.cl\/sites\/vc\/#\/schema\/person\/c2b9da8dd545e27166fc5ab232837318\"},\"headline\":\"Se viene La Fonda de mi Madre en Cinzano\",\"datePublished\":\"2022-09-12T13:16:12+00:00\",\"dateModified\":\"2022-09-12T13:16:26+00:00\",\"mainEntityOfPage\":{\"@id\":\"https:\/\/dev.antudigital.cl\/sites\/vc\/se-viene-la-fonda-de-mi-madre-en-cinzano\/\"},\"wordCount\":113,\"commentCount\":0,\"image\":{\"@id\":\"https:\/\/dev.antudigital.cl\/sites\/vc\/se-viene-la-fonda-de-mi-madre-en-cinzano\/#primaryimage\"},\"thumbnailUrl\":\"https:\/\/dev.antudigital.cl\/sites\/vc\/wp-content\/uploads\/2022\/09\/file_20190515103159.jpg\",\"articleSection\":[\"Noticia\"],\"inLanguage\":\"es\",\"potentialAction\":[{\"@type\":\"CommentAction\",\"name\":\"Comment\",\"target\":[\"https:\/\/dev.antudigital.cl\/sites\/vc\/se-viene-la-fonda-de-mi-madre-en-cinzano\/#respond\"]}]},{\"@type\":\"WebPage\",\"@id\":\"https:\/\/dev.antudigital.cl\/sites\/vc\/se-viene-la-fonda-de-mi-madre-en-cinzano\/\",\"url\":\"https:\/\/dev.antudigital.cl\/sites\/vc\/se-viene-la-fonda-de-mi-madre-en-cinzano\/\",\"name\":\"Se viene La Fonda de mi Madre en Cinzano - Valpara\u00ed\u00adso Creativo\",\"isPartOf\":{\"@id\":\"https:\/\/dev.antudigital.cl\/sites\/vc\/#website\"},\"primaryImageOfPage\":{\"@id\":\"https:\/\/dev.antudigital.cl\/sites\/vc\/se-viene-la-fonda-de-mi-madre-en-cinzano\/#primaryimage\"},\"image\":{\"@id\":\"https:\/\/dev.antudigital.cl\/sites\/vc\/se-viene-la-fonda-de-mi-madre-en-cinzano\/#primaryimage\"},\"thumbnailUrl\":\"https:\/\/dev.antudigital.cl\/sites\/vc\/wp-content\/uploads\/2022\/09\/file_20190515103159.jpg\",\"datePublished\":\"2022-09-12T13:16:12+00:00\",\"dateModified\":\"2022-09-12T13:16:26+00:00\",\"author\":{\"@id\":\"https:\/\/dev.antudigital.cl\/sites\/vc\/#\/schema\/person\/c2b9da8dd545e27166fc5ab232837318\"},\"breadcrumb\":{\"@id\":\"https:\/\/dev.antudigital.cl\/sites\/vc\/se-viene-la-fonda-de-mi-madre-en-cinzano\/#breadcrumb\"},\"inLanguage\":\"es\",\"potentialAction\":[{\"@type\":\"ReadAction\",\"target\":[\"https:\/\/dev.antudigital.cl\/sites\/vc\/se-viene-la-fonda-de-mi-madre-en-cinzano\/\"]}]},{\"@type\":\"ImageObject\",\"inLanguage\":\"es\",\"@id\":\"https:\/\/dev.antudigital.cl\/sites\/vc\/se-viene-la-fonda-de-mi-madre-en-cinzano\/#primaryimage\",\"url\":\"https:\/\/dev.antudigital.cl\/sites\/vc\/wp-content\/uploads\/2022\/09\/file_20190515103159.jpg\",\"contentUrl\":\"https:\/\/dev.antudigital.cl\/sites\/vc\/wp-content\/uploads\/2022\/09\/file_20190515103159.jpg\",\"width\":710,\"height\":399},{\"@type\":\"BreadcrumbList\",\"@id\":\"https:\/\/dev.antudigital.cl\/sites\/vc\/se-viene-la-fonda-de-mi-madre-en-cinzano\/#breadcrumb\",\"itemListElement\":[{\"@type\":\"ListItem\",\"position\":1,\"name\":\"Home\",\"item\":\"https:\/\/dev.antudigital.cl\/sites\/vc\/\"},{\"@type\":\"ListItem\",\"position\":2,\"name\":\"Se viene La Fonda de mi Madre en Cinzano\"}]},{\"@type\":\"WebSite\",\"@id\":\"https:\/\/dev.antudigital.cl\/sites\/vc\/#website\",\"url\":\"https:\/\/dev.antudigital.cl\/sites\/vc\/\",\"name\":\"Valpara\u00ed\u00adso Creativo\",\"description\":\"\",\"potentialAction\":[{\"@type\":\"SearchAction\",\"target\":{\"@type\":\"EntryPoint\",\"urlTemplate\":\"https:\/\/dev.antudigital.cl\/sites\/vc\/?s={search_term_string}\"},\"query-input\":{\"@type\":\"PropertyValueSpecification\",\"valueRequired\":true,\"valueName\":\"search_term_string\"}}],\"inLanguage\":\"es\"},{\"@type\":\"Person\",\"@id\":\"https:\/\/dev.antudigital.cl\/sites\/vc\/#\/schema\/person\/c2b9da8dd545e27166fc5ab232837318\",\"name\":\"Valpara\u00edso Creativo\",\"description\":\"Periodista de cultura en la Regi\u00f3n de Valpara\u00edso.\",\"url\":\"https:\/\/dev.antudigital.cl\/sites\/vc\/author\/valpoadmin\/\"}]}<\/script>\n<!-- \/ Yoast SEO plugin. -->","yoast_head_json":{"title":"Se viene La Fonda de mi Madre en Cinzano - Valpara\u00ed\u00adso Creativo","robots":{"index":"index","follow":"follow","max-snippet":"max-snippet:-1","max-image-preview":"max-image-preview:large","max-video-preview":"max-video-preview:-1"},"canonical":"https:\/\/dev.antudigital.cl\/sites\/vc\/se-viene-la-fonda-de-mi-madre-en-cinzano\/","og_locale":"es_ES","og_type":"article","og_title":"Se viene La Fonda de mi Madre en Cinzano - Valpara\u00ed\u00adso Creativo","og_description":"Desde el 15 al 18 de septiembre se llevar\u00e1 a cabo La fonda de mi madre en el cl\u00e1sico Cinzano, d\u00edas de celebraci\u00f3n que llegan al m\u00edtico bar para aprovechar al m\u00e1ximo las fiestas patrias. Ven a disfrutar de una noche m\u00e1gica, en el bar m\u00e1s antiguo de Valpara\u00edso, una noche para revivir la bohemia [&hellip;]","og_url":"https:\/\/dev.antudigital.cl\/sites\/vc\/se-viene-la-fonda-de-mi-madre-en-cinzano\/","og_site_name":"Valpara\u00ed\u00adso Creativo","article_published_time":"2022-09-12T13:16:12+00:00","article_modified_time":"2022-09-12T13:16:26+00:00","og_image":[{"width":710,"height":399,"url":"https:\/\/dev.antudigital.cl\/sites\/vc\/wp-content\/uploads\/2022\/09\/file_20190515103159.jpg","type":"image\/jpeg"}],"author":"Valpara\u00edso Creativo","twitter_card":"summary_large_image","twitter_misc":{"Escrito por":"Valpara\u00edso Creativo","Tiempo de lectura":"1 minuto"},"schema":{"@context":"https:\/\/schema.org","@graph":[{"@type":"Article","@id":"https:\/\/dev.antudigital.cl\/sites\/vc\/se-viene-la-fonda-de-mi-madre-en-cinzano\/#article","isPartOf":{"@id":"https:\/\/dev.antudigital.cl\/sites\/vc\/se-viene-la-fonda-de-mi-madre-en-cinzano\/"},"author":{"name":"Valpara\u00edso Creativo","@id":"https:\/\/dev.antudigital.cl\/sites\/vc\/#\/schema\/person\/c2b9da8dd545e27166fc5ab232837318"},"headline":"Se viene La Fonda de mi Madre en Cinzano","datePublished":"2022-09-12T13:16:12+00:00","dateModified":"2022-09-12T13:16:26+00:00","mainEntityOfPage":{"@id":"https:\/\/dev.antudigital.cl\/sites\/vc\/se-viene-la-fonda-de-mi-madre-en-cinzano\/"},"wordCount":113,"commentCount":0,"image":{"@id":"https:\/\/dev.antudigital.cl\/sites\/vc\/se-viene-la-fonda-de-mi-madre-en-cinzano\/#primaryimage"},"thumbnailUrl":"https:\/\/dev.antudigital.cl\/sites\/vc\/wp-content\/uploads\/2022\/09\/file_20190515103159.jpg","articleSection":["Noticia"],"inLanguage":"es","potentialAction":[{"@type":"CommentAction","name":"Comment","target":["https:\/\/dev.antudigital.cl\/sites\/vc\/se-viene-la-fonda-de-mi-madre-en-cinzano\/#respond"]}]},{"@type":"WebPage","@id":"https:\/\/dev.antudigital.cl\/sites\/vc\/se-viene-la-fonda-de-mi-madre-en-cinzano\/","url":"https:\/\/dev.antudigital.cl\/sites\/vc\/se-viene-la-fonda-de-mi-madre-en-cinzano\/","name":"Se viene La Fonda de mi Madre en Cinzano - Valpara\u00ed\u00adso Creativo","isPartOf":{"@id":"https:\/\/dev.antudigital.cl\/sites\/vc\/#website"},"primaryImageOfPage":{"@id":"https:\/\/dev.antudigital.cl\/sites\/vc\/se-viene-la-fonda-de-mi-madre-en-cinzano\/#primaryimage"},"image":{"@id":"https:\/\/dev.antudigital.cl\/sites\/vc\/se-viene-la-fonda-de-mi-madre-en-cinzano\/#primaryimage"},"thumbnailUrl":"https:\/\/dev.antudigital.cl\/sites\/vc\/wp-content\/uploads\/2022\/09\/file_20190515103159.jpg","datePublished":"2022-09-12T13:16:12+00:00","dateModified":"2022-09-12T13:16:26+00:00","author":{"@id":"https:\/\/dev.antudigital.cl\/sites\/vc\/#\/schema\/person\/c2b9da8dd545e27166fc5ab232837318"},"breadcrumb":{"@id":"https:\/\/dev.antudigital.cl\/sites\/vc\/se-viene-la-fonda-de-mi-madre-en-cinzano\/#breadcrumb"},"inLanguage":"es","potentialAction":[{"@type":"ReadAction","target":["https:\/\/dev.antudigital.cl\/sites\/vc\/se-viene-la-fonda-de-mi-madre-en-cinzano\/"]}]},{"@type":"ImageObject","inLanguage":"es","@id":"https:\/\/dev.antudigital.cl\/sites\/vc\/se-viene-la-fonda-de-mi-madre-en-cinzano\/#primaryimage","url":"https:\/\/dev.antudigital.cl\/sites\/vc\/wp-content\/uploads\/2022\/09\/file_20190515103159.jpg","contentUrl":"https:\/\/dev.antudigital.cl\/sites\/vc\/wp-content\/uploads\/2022\/09\/file_20190515103159.jpg","width":710,"height":399},{"@type":"BreadcrumbList","@id":"https:\/\/dev.antudigital.cl\/sites\/vc\/se-viene-la-fonda-de-mi-madre-en-cinzano\/#breadcrumb","itemListElement":[{"@type":"ListItem","position":1,"name":"Home","item":"https:\/\/dev.antudigital.cl\/sites\/vc\/"},{"@type":"ListItem","position":2,"name":"Se viene La Fonda de mi Madre en Cinzano"}]},{"@type":"WebSite","@id":"https:\/\/dev.antudigital.cl\/sites\/vc\/#website","url":"https:\/\/dev.antudigital.cl\/sites\/vc\/","name":"Valpara\u00ed\u00adso Creativo","description":"","potentialAction":[{"@type":"SearchAction","target":{"@type":"EntryPoint","urlTemplate":"https:\/\/dev.antudigital.cl\/sites\/vc\/?s={search_term_string}"},"query-input":{"@type":"PropertyValueSpecification","valueRequired":true,"valueName":"search_term_string"}}],"inLanguage":"es"},{"@type":"Person","@id":"https:\/\/dev.antudigital.cl\/sites\/vc\/#\/schema\/person\/c2b9da8dd545e27166fc5ab232837318","name":"Valpara\u00edso Creativo","description":"Periodista de cultura en la Regi\u00f3n de Valpara\u00edso.","url":"https:\/\/dev.antudigital.cl\/sites\/vc\/author\/valpoadmin\/"}]}},"_links":{"self":[{"href":"https:\/\/dev.antudigital.cl\/sites\/vc\/wp-json\/wp\/v2\/posts\/11623","targetHints":{"allow":["GET"]}}],"collection":[{"href":"https:\/\/dev.antudigital.cl\/sites\/vc\/wp-json\/wp\/v2\/posts"}],"about":[{"href":"https:\/\/dev.antudigital.cl\/sites\/vc\/wp-json\/wp\/v2\/types\/post"}],"author":[{"embeddable":true,"href":"https:\/\/dev.antudigital.cl\/sites\/vc\/wp-json\/wp\/v2\/users\/1"}],"replies":[{"embeddable":true,"href":"https:\/\/dev.antudigital.cl\/sites\/vc\/wp-json\/wp\/v2\/comments?post=11623"}],"version-history":[{"count":1,"href":"https:\/\/dev.antudigital.cl\/sites\/vc\/wp-json\/wp\/v2\/posts\/11623\/revisions"}],"predecessor-version":[{"id":11626,"href":"https:\/\/dev.antudigital.cl\/sites\/vc\/wp-json\/wp\/v2\/posts\/11623\/revisions\/11626"}],"wp:featuredmedia":[{"embeddable":true,"href":"https:\/\/dev.antudigital.cl\/sites\/vc\/wp-json\/wp\/v2\/media\/11624"}],"wp:attachment":[{"href":"https:\/\/dev.antudigital.cl\/sites\/vc\/wp-json\/wp\/v2\/media?parent=11623"}],"wp:term":[{"taxonomy":"category","embeddable":true,"href":"https:\/\/dev.antudigital.cl\/sites\/vc\/wp-json\/wp\/v2\/categories?post=11623"},{"taxonomy":"post_tag","embeddable":true,"href":"https:\/\/dev.antudigital.cl\/sites\/vc\/wp-json\/wp\/v2\/tags?post=11623"}],"curies":[{"name":"wp","href":"https:\/\/api.w.org\/{rel}","templated":true}]}}