{"id":11629,"date":"2022-09-12T15:10:32","date_gmt":"2022-09-12T15:10:32","guid":{"rendered":"https:\/\/www.valparaisocreativo.cl\/?p=11629"},"modified":"2022-09-12T15:10:39","modified_gmt":"2022-09-12T15:10:39","slug":"no-te-pierdas-el-ciclo-de-talleres-que-100e-tiene-para-ti","status":"publish","type":"post","link":"https:\/\/dev.antudigital.cl\/sites\/vc\/no-te-pierdas-el-ciclo-de-talleres-que-100e-tiene-para-ti\/","title":{"rendered":"No te pierdas el ciclo de talleres que 100e tiene para ti"},"content":{"rendered":"\n<p><strong>\u00abInstrucci\u00f3n para obtener resoluci\u00f3n sanitaria\u00bb<\/strong><\/p>\n\n\n\n<p>&#x27a1;Se realizar\u00e1 v\u00eda presencial el d\u00eda martes 6 de septiembre a las 10.00 horas y tendr\u00e1 servicio de streaming online.<\/p>\n\n\n\n<p>&#x27a1;Direcci\u00f3n: Edificio CIAE Universidad de Valpara\u00edso,&nbsp;Blanco 1931, Valpara\u00edso.<\/p>\n\n\n\n<p>&#x27a1;Expositora: Silvia Sep\u00falveda,&nbsp;Nutricionista docente de la Carrera&nbsp;de Nutrici\u00f3n&nbsp;y Diet\u00e9tica&nbsp; de la Universidad de&nbsp; Valpara\u00edso. Mag\u00edster en Gesti\u00f3n de Servicios de Alimentaci\u00f3n y Nutrici\u00f3n de la UV.<\/p>\n\n\n\n<p>&#x27a1;Puedes inscribirte a trav\u00e9s del c\u00f3digo QR en el afiche o en el siguiente link:&nbsp;<a href=\"https:\/\/forms.gle\/D36jsoXg3EDUSki57\" target=\"_blank\" rel=\"noreferrer noopener\">https:\/\/forms.gle\/D36jsoXg3EDUSki57<\/a><\/p>\n\n\n\n<p><strong>\u00abLas claves del \u00e9xito\u00bb<\/strong><\/p>\n\n\n\n<p>&#x27a1;Se realizar\u00e1 v\u00eda online el d\u00eda mi\u00e9rcoles 7 de septiembre a las 10.00 horas.<\/p>\n\n\n\n<p>&#x27a1;Expositor: Ram\u00f3n Barros, Gerente Zona Norte de Compite.<\/p>\n\n\n\n<p>&#x27a1;Puedes inscribirte a trav\u00e9s del c\u00f3digo QR en el afiche o en el siguiente link:&nbsp;<a href=\"https:\/\/forms.gle\/LHzVdTHEKNGH4a2B9\" target=\"_blank\" rel=\"noreferrer noopener\">https:\/\/forms.gle\/LHzVdTHEKNGH4a2B9<\/a><\/p>\n\n\n\n<p><strong>\u00abConsideraciones para solicitar patente comercial\u00bb<\/strong><\/p>\n\n\n\n<p>&#x27a1;Se realizar\u00e1 v\u00eda presencial el d\u00eda jueves 8 de septiembre a las 10.00 horas y tendr\u00e1 servicio de streaming online.<\/p>\n\n\n\n<p>&#x27a1;Direcci\u00f3n: Edificio CIAE&nbsp;Universidad de Valpara\u00edso,&nbsp;Blanco 1931, Valpara\u00edso.<\/p>\n\n\n\n<p>&#x27a1;Expositor: Erich Tordecilla, Ingeniero y Egresado de Derecho.<\/p>\n\n\n\n<p>&#x27a1;Puedes inscribirte a trav\u00e9s del c\u00f3digo QR en el afiche o en el siguiente link:&nbsp;<a href=\"https:\/\/forms.gle\/nNjb7yAD3WcNXJSj9\" target=\"_blank\" rel=\"noreferrer noopener\">https:\/\/forms.gle\/nNjb7yAD3WcNXJSj9<\/a><\/p>\n\n\n\n<p><strong>\u00abFotograf\u00eda digital para emprendedores\u00bb<\/strong><\/p>\n\n\n\n<p>&#x27a1;Se realizar\u00e1 v\u00eda presencial el d\u00eda martes 13 de septiembre a las 10.00 horas y tendr\u00e1 servicio de streaming online.<\/p>\n\n\n\n<p>&#x27a1;Direcci\u00f3n: Edificio CIAE&nbsp;Universidad de Valpara\u00edso,&nbsp;Blanco 1931, Valpara\u00edso.<\/p>\n\n\n\n<p>&#x27a1;Expositor: Richard Escobar,&nbsp;Fot\u00f3grafo profesional y creador de contenido audiovisual.<\/p>\n\n\n\n<p>&#x27a1;Puedes inscribirte a trav\u00e9s del c\u00f3digo QR en el afiche o en el siguiente link:&nbsp;<a href=\"https:\/\/forms.gle\/AEeZqiuMBWBz4EwQA\" target=\"_blank\" rel=\"noreferrer noopener\">https:\/\/forms.gle\/AEeZqiuMBWBz4EwQA<\/a><\/p>\n\n\n\n<p><strong>\u00abMarketing digital y redes sociales\u00bb<\/strong><\/p>\n\n\n\n<p>&#x27a1;Se realizar\u00e1 v\u00eda presencial el d\u00eda jueves 15 de septiembre a las 10.00 horas y tendr\u00e1 servicio de streaming online.<\/p>\n\n\n\n<p>&#x27a1;Direcci\u00f3n: Campus San Felipe Universidad de Valpara\u00edso,&nbsp;Camino la Troya S\/N &amp; El Convento, Circunvalaci\u00f3n Ote., San Felipe, Valpara\u00edso.<\/p>\n\n\n\n<p>&#x27a1;Expositor: Claudio Varas,&nbsp;Director de Agencia Marketing digital Digital Atina.<\/p>\n\n\n\n<p>&#x27a1;Puedes inscribirte a trav\u00e9s del c\u00f3digo QR en el afiche o en el siguiente link:&nbsp;<a href=\"https:\/\/forms.gle\/gDG9pzDy9myHAQir7\" target=\"_blank\" rel=\"noreferrer noopener\">https:\/\/forms.gle\/gDG9pzDy9myHAQir7<\/a><\/p>\n\n\n\n<p><strong>\u00abRecomendaciones para formulaci\u00f3n de proyectos Sercotec\u00bb<\/strong><\/p>\n\n\n\n<p>&#x27a1;Se realizar\u00e1 v\u00eda presencial el d\u00eda mi\u00e9rcoles 28 de septiembre a las 10.00 horas y tendr\u00e1 servicio de streaming online.<\/p>\n\n\n\n<p>&#x27a1;Direcci\u00f3n:&nbsp;Edificio CIAE&nbsp;Universidad de Valpara\u00edso,&nbsp;Blanco 1931, Valpara\u00edso.<\/p>\n\n\n\n<p>&#x27a1;Expositora: Carol Altamirano,&nbsp;Coordinadora Unidad Alumni UV Vinculaci\u00f3n con Egresados y Empleadores.<\/p>\n\n\n\n<p>&#x27a1;Puedes inscribirte a trav\u00e9s del c\u00f3digo QR en el afiche o en el siguiente link:&nbsp;<a href=\"https:\/\/forms.gle\/PUM5fRQSytKtkGcf6\" target=\"_blank\" rel=\"noreferrer noopener\">https:\/\/forms.gle\/PUM5fRQSytKtkGcf6<\/a><\/p>\n\n\n\n<p><strong>\u00abAcercamiento a la econom\u00eda circular\u00bb<\/strong><\/p>\n\n\n\n<p>&#x27a1;Se realizar\u00e1 v\u00eda presencial el d\u00eda jueves 6 de octubre a las 10.00 horas y tendr\u00e1 servicio de streaming online.<\/p>\n\n\n\n<p>&#x27a1;Direcci\u00f3n: Auditorio Facultad de Ingenier\u00eda Universidad de Valpara\u00edso,&nbsp;General Cruz 222, Valpara\u00edso.<\/p>\n\n\n\n<p>&#x27a1;Expositora: Ana Ortega,&nbsp;Encargada de Educaci\u00f3n Ambiental de la Unidad de Medio Ambiente y Sostenibilidad de la VCM de la Universidad de Valpara\u00edso.<\/p>\n\n\n\n<p>&#x27a1;Puedes inscribirte a trav\u00e9s del c\u00f3digo QR en el afiche o en el siguiente link:&nbsp;<a href=\"https:\/\/forms.gle\/E3n7M9PJGNKA7rew9\" target=\"_blank\" rel=\"noreferrer noopener\">https:\/\/forms.gle\/E3n7M9PJGNKA7rew9<\/a><\/p>\n\n\n\n<p><strong>\u00ab10 claves para iniciar tu emprendimiento\u00bb<\/strong><\/p>\n\n\n\n<p>&#x27a1;Se realizar\u00e1 v\u00eda presencial el d\u00eda martes 11 de octubre a las 10.00 horas y tendr\u00e1 servicio de streaming online.<\/p>\n\n\n\n<p>&#x27a1;Direcci\u00f3n:&nbsp;Edificio CIAE&nbsp;Universidad de Valpara\u00edso,&nbsp;Blanco 1931, Valpara\u00edso.<\/p>\n\n\n\n<p>&#x27a1;Expositor: Francisco Rocha, Director de Bizpro Consultores.<\/p>\n\n\n\n<p>&#x27a1;Puedes inscribirte a trav\u00e9s del c\u00f3digo QR en el afiche o en el siguiente link:&nbsp;<a href=\"https:\/\/forms.gle\/j39zFRpP1eD23don7\" target=\"_blank\" rel=\"noreferrer noopener\">https:\/\/forms.gle\/j39zFRpP1eD23don7<\/a><\/p>\n\n\n\n<p><strong>\u00abInnovaci\u00f3n y emprendimiento desde la industria creativa\u00bb<\/strong><\/p>\n\n\n\n<p>&#x27a1;Se realizar\u00e1 v\u00eda presencial el d\u00eda jueves 13 de octubre a las 10.00 horas y tendr\u00e1 servicio de streaming online.<\/p>\n\n\n\n<p>&#x27a1;Direcci\u00f3n:&nbsp;Edificio CIAE&nbsp;Universidad de Valpara\u00edso,&nbsp;Blanco 1931, Valpara\u00edso.<\/p>\n\n\n\n<p>&#x27a1;Expositor: Cristian Oyanedel, Coordinador de la Unidad de Transferencia Tecnol\u00f3gica de la Vicerrector\u00eda de Investigaci\u00f3n e Innovaci\u00f3n de la Universidad de Valpara\u00edso.&nbsp;<\/p>\n\n\n\n<p>&#x27a1;Puedes inscribirte a trav\u00e9s del c\u00f3digo QR en el afiche o en el siguiente link:&nbsp;<a href=\"https:\/\/forms.gle\/EhME2Lnn1kpraASG7\" target=\"_blank\" rel=\"noreferrer noopener\">https:\/\/forms.gle\/EhME2Lnn1kpraASG7<\/a><\/p>\n\n\n\n<p><strong>Terminaci\u00f3n de contrato individual de trabajo\u00bb<\/strong><\/p>\n\n\n\n<p>&#x27a1;Se realizar\u00e1 v\u00eda presencial el d\u00eda martes 18 de octubre a las 10.00 horas y tendr\u00e1 servicio de streaming online.<\/p>\n\n\n\n<p>&#x27a1;Direcci\u00f3n:&nbsp;Edificio CIAE&nbsp;Universidad de Valpara\u00edso,&nbsp;Blanco 1931, Valpara\u00edso.<\/p>\n\n\n\n<p>&#x27a1;Expositor: Cristian Rivera,&nbsp;Abogado tramitador de la Cl\u00ednica Jur\u00eddica y de Derechos Humanos de la Escuela de Derecho de la Universidad de Valpara\u00edso.<\/p>\n\n\n\n<p>&#x27a1;Puedes inscribirte a trav\u00e9s del c\u00f3digo QR en el afiche o en el siguiente link:&nbsp;<a href=\"https:\/\/forms.gle\/m4c7UkwbCnnHDmdF6\" target=\"_blank\" rel=\"noreferrer noopener\">https:\/\/forms.gle\/m4c7UkwbCnnHDmdF6<\/a><\/p>\n\n\n\n<p><strong>\u00ab5G conectando y optimizando tu actividad\u00bb<\/strong><\/p>\n\n\n\n<p>&#x27a1;Se realizar\u00e1 v\u00eda presencial el d\u00eda jueves 20 de octubre a las 10.00 horas y tendr\u00e1 servicio de streaming online.<\/p>\n\n\n\n<p>&#x27a1;Direcci\u00f3n:&nbsp; Biblioteca&nbsp;Universidad de Valpara\u00edso Facultad de Ciencias,&nbsp;Gran Breta\u00f1a 1091, Valpara\u00edso.<\/p>\n\n\n\n<p>&#x27a1;Expositor: Nicol\u00e1s Acevedo, Ejecutivo de Innovaci\u00f3n y Transferencia Tecnol\u00f3gica Universidad de Valpara\u00edso.<\/p>\n\n\n\n<p>&#x27a1;Puedes inscribirte a trav\u00e9s del c\u00f3digo QR en el afiche o en el siguiente link:&nbsp;<a href=\"https:\/\/forms.gle\/L1TW6RKkEuQHFrXp6\" target=\"_blank\" rel=\"noreferrer noopener\">https:\/\/forms.gle\/L1TW6RKkEuQHFrXp6<\/a><\/p>\n\n\n\n<p><strong>\u00abEmprendimiento con foco en turismo\u00bb<\/strong><\/p>\n\n\n\n<p>&#x27a1;Se realizar\u00e1 v\u00eda presencial el d\u00eda martes 25 de octubre a las 10.00 horas y tendr\u00e1 servicio de streaming online.<\/p>\n\n\n\n<p>&#x27a1;Direcci\u00f3n:&nbsp; Biblioteca&nbsp;Universidad de Valpara\u00edso Facultad de Humanidades,&nbsp;Prat 677, Valpara\u00edso.<\/p>\n\n\n\n<p>&#x27a1;Expositor: Peter Villarroel,&nbsp;Acad\u00e9mico de la Universidad de Valpara\u00edso.<\/p>\n\n\n\n<p>&#x27a1;Puedes inscribirte a trav\u00e9s del c\u00f3digo QR en el afiche o en el siguiente link:&nbsp;<a href=\"https:\/\/forms.gle\/toH4YWkDRv81Reo67\" target=\"_blank\" rel=\"noreferrer noopener\">https:\/\/forms.gle\/toH4YWkDRv81Reo67<\/a><\/p>\n\n\n\n<p><strong>\u00abImpresi\u00f3n 3D \u00bfpara emprender, producir o innovar?\u00bb<\/strong><\/p>\n\n\n\n<p>&#x27a1;Se realizar\u00e1 v\u00eda presencial el d\u00eda jueves 1 de septiembre a las 10.00 horas y tendr\u00e1 servicio de streaming online.<\/p>\n\n\n\n<p>&#x27a1;Direcci\u00f3n: Auditorio Facultad de Ingenier\u00eda Universidad de Valpara\u00edso,&nbsp;General Cruz 222, Valpara\u00edso.<\/p>\n\n\n\n<p>&#x27a1;Expositor: Esteban Ruiz-Tagle, Coordinador General Fablab Universidad de Valpara\u00edso.<\/p>\n\n\n\n<p>&#x27a1;Puedes inscribirte a trav\u00e9s del c\u00f3digo QR en el afiche o en el siguiente link:&nbsp;<a href=\"https:\/\/forms.gle\/qVxHdPMiE5NTERRV7\" target=\"_blank\" rel=\"noreferrer noopener\">https:\/\/forms.gle\/qVxHdPMiE5NTERRV7<\/a><\/p>\n\n\n\n<p><strong>\u00abCANVA 1\u00bb<\/strong><\/p>\n\n\n\n<p>&#x27a1;Se realizar\u00e1 v\u00eda presencial el d\u00eda mi\u00e9rcoles 2 de noviembre a las 10.00 horas y tendr\u00e1 servicio de streaming online.<\/p>\n\n\n\n<p>&#x27a1;Direcci\u00f3n:&nbsp;Edificio CIAE&nbsp;Universidad de Valpara\u00edso,&nbsp;Blanco 1931, Valpara\u00edso.<\/p>\n\n\n\n<p>&#x27a1;Expositor: Leslie Bridshaw,&nbsp;Acad\u00e9mica, Coordinadora de Vinculaci\u00f3n con el Medio, Escuela de Ingenier\u00eda Comercial.<\/p>\n\n\n\n<p>&#x27a1;Puedes inscribirte a trav\u00e9s del c\u00f3digo QR en el afiche o en el siguiente link:&nbsp;<a href=\"https:\/\/forms.gle\/ciELiMKoKDcW3aMX9\" target=\"_blank\" rel=\"noreferrer noopener\">https:\/\/forms.gle\/ciELiMKoKDcW3aMX9<\/a><\/p>\n\n\n\n<p><strong>\u00abCANVA 2\u00bb<\/strong><\/p>\n\n\n\n<p>&#x27a1;Se realizar\u00e1 v\u00eda presencial el d\u00eda viernes 4 de noviembre a las 10.00 horas y tendr\u00e1 servicio de streaming online.<\/p>\n\n\n\n<p>&#x27a1;Direcci\u00f3n:&nbsp;Edificio CIAE&nbsp;Universidad de Valpara\u00edso,&nbsp;Blanco 1931, Valpara\u00edso.<\/p>\n\n\n\n<p>&#x27a1;Expositor: Leslie Bridshaw,&nbsp;Acad\u00e9mica, Coordinadora de Vinculaci\u00f3n con el Medio, Escuela de Ingenier\u00eda Comercial.<\/p>\n\n\n\n<p>&#x27a1;Puedes inscribirte a trav\u00e9s del c\u00f3digo QR en el afiche o en el siguiente link:&nbsp;<a href=\"https:\/\/forms.gle\/Zzv6Ltj24E5pfbwZ9\" target=\"_blank\" rel=\"noreferrer noopener\">https:\/\/forms.gle\/Zzv6Ltj24E5pfbwZ9<\/a><\/p>\n\n\n\n<p>Si tienes alg\u00fan problema o duda, por favor toma contacto con el siguiente correo electr\u00f3nico: <strong><a href=\"mailto:100e@uv.cl\" target=\"_blank\" rel=\"noreferrer noopener\">100e@uv.cl<\/a> \u00f3 al siguiente n\u00famero telef\u00f3nico\u00a0+56959446390<\/strong><\/p>\n\n\n\n<figure class=\"wp-block-image size-large\"><img fetchpriority=\"high\" decoding=\"async\" width=\"1024\" height=\"1024\" src=\"https:\/\/www.valparaisocreativo.cl\/wp-content\/uploads\/2022\/09\/Marketing-Digital-y-Redes-Sociales-1024x1024.png\" alt=\"\" class=\"wp-image-11631\" srcset=\"https:\/\/dev.antudigital.cl\/sites\/vc\/wp-content\/uploads\/2022\/09\/Marketing-Digital-y-Redes-Sociales-1024x1024.png 1024w, https:\/\/dev.antudigital.cl\/sites\/vc\/wp-content\/uploads\/2022\/09\/Marketing-Digital-y-Redes-Sociales-300x300.png 300w, https:\/\/dev.antudigital.cl\/sites\/vc\/wp-content\/uploads\/2022\/09\/Marketing-Digital-y-Redes-Sociales-150x150.png 150w, https:\/\/dev.antudigital.cl\/sites\/vc\/wp-content\/uploads\/2022\/09\/Marketing-Digital-y-Redes-Sociales-768x768.png 768w, https:\/\/dev.antudigital.cl\/sites\/vc\/wp-content\/uploads\/2022\/09\/Marketing-Digital-y-Redes-Sociales-980x980.png 980w, https:\/\/dev.antudigital.cl\/sites\/vc\/wp-content\/uploads\/2022\/09\/Marketing-Digital-y-Redes-Sociales-480x480.png 480w, https:\/\/dev.antudigital.cl\/sites\/vc\/wp-content\/uploads\/2022\/09\/Marketing-Digital-y-Redes-Sociales.png 1080w\" sizes=\"(max-width: 1024px) 100vw, 1024px\" \/><\/figure>\n","protected":false},"excerpt":{"rendered":"<p>\u00abInstrucci\u00f3n para obtener resoluci\u00f3n sanitaria\u00bb &#x27a1;Se realizar\u00e1 v\u00eda presencial el d\u00eda martes 6 de septiembre a las 10.00 horas y tendr\u00e1 servicio de streaming online. &#x27a1;Direcci\u00f3n: Edificio CIAE Universidad de Valpara\u00edso,&nbsp;Blanco 1931, Valpara\u00edso. &#x27a1;Expositora: Silvia Sep\u00falveda,&nbsp;Nutricionista docente de la Carrera&nbsp;de Nutrici\u00f3n&nbsp;y Diet\u00e9tica&nbsp; de la Universidad de&nbsp; Valpara\u00edso. Mag\u00edster en Gesti\u00f3n de Servicios de Alimentaci\u00f3n y [&hellip;]<\/p>\n","protected":false},"author":1,"featured_media":11632,"comment_status":"open","ping_status":"closed","sticky":false,"template":"","format":"standard","meta":{"_acf_changed":false,"footnotes":""},"categories":[1],"tags":[],"class_list":["post-11629","post","type-post","status-publish","format-standard","has-post-thumbnail","hentry","category-uncategorized"],"acf":[],"yoast_head":"<!-- This site is optimized with the Yoast SEO plugin v27.1.1 - https:\/\/yoast.com\/product\/yoast-seo-wordpress\/ -->\n<title>No te pierdas el ciclo de talleres que 100e tiene para ti - Valpara\u00ed\u00adso Creativo<\/title>\n<meta name=\"robots\" content=\"index, follow, max-snippet:-1, max-image-preview:large, max-video-preview:-1\" \/>\n<link rel=\"canonical\" href=\"https:\/\/dev.antudigital.cl\/sites\/vc\/no-te-pierdas-el-ciclo-de-talleres-que-100e-tiene-para-ti\/\" \/>\n<meta property=\"og:locale\" content=\"es_ES\" \/>\n<meta property=\"og:type\" content=\"article\" \/>\n<meta property=\"og:title\" content=\"No te pierdas el ciclo de talleres que 100e tiene para ti - Valpara\u00ed\u00adso Creativo\" \/>\n<meta property=\"og:description\" content=\"\u00abInstrucci\u00f3n para obtener resoluci\u00f3n sanitaria\u00bb &#x27a1;Se realizar\u00e1 v\u00eda presencial el d\u00eda martes 6 de septiembre a las 10.00 horas y tendr\u00e1 servicio de streaming online. &#x27a1;Direcci\u00f3n: Edificio CIAE Universidad de Valpara\u00edso,&nbsp;Blanco 1931, Valpara\u00edso. &#x27a1;Expositora: Silvia Sep\u00falveda,&nbsp;Nutricionista docente de la Carrera&nbsp;de Nutrici\u00f3n&nbsp;y Diet\u00e9tica&nbsp; de la Universidad de&nbsp; Valpara\u00edso. Mag\u00edster en Gesti\u00f3n de Servicios de Alimentaci\u00f3n y [&hellip;]\" \/>\n<meta property=\"og:url\" content=\"https:\/\/dev.antudigital.cl\/sites\/vc\/no-te-pierdas-el-ciclo-de-talleres-que-100e-tiene-para-ti\/\" \/>\n<meta property=\"og:site_name\" content=\"Valpara\u00ed\u00adso Creativo\" \/>\n<meta property=\"article:published_time\" content=\"2022-09-12T15:10:32+00:00\" \/>\n<meta property=\"article:modified_time\" content=\"2022-09-12T15:10:39+00:00\" \/>\n<meta property=\"og:image\" content=\"https:\/\/dev.antudigital.cl\/sites\/vc\/wp-content\/uploads\/2022\/09\/Ciclo-de-Talleres-100e.png\" \/>\n\t<meta property=\"og:image:width\" content=\"1080\" \/>\n\t<meta property=\"og:image:height\" content=\"1080\" \/>\n\t<meta property=\"og:image:type\" content=\"image\/png\" \/>\n<meta name=\"author\" content=\"Valpara\u00edso Creativo\" \/>\n<meta name=\"twitter:card\" content=\"summary_large_image\" \/>\n<meta name=\"twitter:label1\" content=\"Escrito por\" \/>\n\t<meta name=\"twitter:data1\" content=\"Valpara\u00edso Creativo\" \/>\n\t<meta name=\"twitter:label2\" content=\"Tiempo de lectura\" \/>\n\t<meta name=\"twitter:data2\" content=\"5 minutos\" \/>\n<script type=\"application\/ld+json\" class=\"yoast-schema-graph\">{\"@context\":\"https:\/\/schema.org\",\"@graph\":[{\"@type\":\"Article\",\"@id\":\"https:\/\/dev.antudigital.cl\/sites\/vc\/no-te-pierdas-el-ciclo-de-talleres-que-100e-tiene-para-ti\/#article\",\"isPartOf\":{\"@id\":\"https:\/\/dev.antudigital.cl\/sites\/vc\/no-te-pierdas-el-ciclo-de-talleres-que-100e-tiene-para-ti\/\"},\"author\":{\"name\":\"Valpara\u00edso Creativo\",\"@id\":\"https:\/\/dev.antudigital.cl\/sites\/vc\/#\/schema\/person\/c2b9da8dd545e27166fc5ab232837318\"},\"headline\":\"No te pierdas el ciclo de talleres que 100e tiene para ti\",\"datePublished\":\"2022-09-12T15:10:32+00:00\",\"dateModified\":\"2022-09-12T15:10:39+00:00\",\"mainEntityOfPage\":{\"@id\":\"https:\/\/dev.antudigital.cl\/sites\/vc\/no-te-pierdas-el-ciclo-de-talleres-que-100e-tiene-para-ti\/\"},\"wordCount\":1364,\"commentCount\":0,\"image\":{\"@id\":\"https:\/\/dev.antudigital.cl\/sites\/vc\/no-te-pierdas-el-ciclo-de-talleres-que-100e-tiene-para-ti\/#primaryimage\"},\"thumbnailUrl\":\"https:\/\/dev.antudigital.cl\/sites\/vc\/wp-content\/uploads\/2022\/09\/Ciclo-de-Talleres-100e.png\",\"articleSection\":[\"Uncategorized\"],\"inLanguage\":\"es\",\"potentialAction\":[{\"@type\":\"CommentAction\",\"name\":\"Comment\",\"target\":[\"https:\/\/dev.antudigital.cl\/sites\/vc\/no-te-pierdas-el-ciclo-de-talleres-que-100e-tiene-para-ti\/#respond\"]}]},{\"@type\":\"WebPage\",\"@id\":\"https:\/\/dev.antudigital.cl\/sites\/vc\/no-te-pierdas-el-ciclo-de-talleres-que-100e-tiene-para-ti\/\",\"url\":\"https:\/\/dev.antudigital.cl\/sites\/vc\/no-te-pierdas-el-ciclo-de-talleres-que-100e-tiene-para-ti\/\",\"name\":\"No te pierdas el ciclo de talleres que 100e tiene para ti - Valpara\u00ed\u00adso Creativo\",\"isPartOf\":{\"@id\":\"https:\/\/dev.antudigital.cl\/sites\/vc\/#website\"},\"primaryImageOfPage\":{\"@id\":\"https:\/\/dev.antudigital.cl\/sites\/vc\/no-te-pierdas-el-ciclo-de-talleres-que-100e-tiene-para-ti\/#primaryimage\"},\"image\":{\"@id\":\"https:\/\/dev.antudigital.cl\/sites\/vc\/no-te-pierdas-el-ciclo-de-talleres-que-100e-tiene-para-ti\/#primaryimage\"},\"thumbnailUrl\":\"https:\/\/dev.antudigital.cl\/sites\/vc\/wp-content\/uploads\/2022\/09\/Ciclo-de-Talleres-100e.png\",\"datePublished\":\"2022-09-12T15:10:32+00:00\",\"dateModified\":\"2022-09-12T15:10:39+00:00\",\"author\":{\"@id\":\"https:\/\/dev.antudigital.cl\/sites\/vc\/#\/schema\/person\/c2b9da8dd545e27166fc5ab232837318\"},\"breadcrumb\":{\"@id\":\"https:\/\/dev.antudigital.cl\/sites\/vc\/no-te-pierdas-el-ciclo-de-talleres-que-100e-tiene-para-ti\/#breadcrumb\"},\"inLanguage\":\"es\",\"potentialAction\":[{\"@type\":\"ReadAction\",\"target\":[\"https:\/\/dev.antudigital.cl\/sites\/vc\/no-te-pierdas-el-ciclo-de-talleres-que-100e-tiene-para-ti\/\"]}]},{\"@type\":\"ImageObject\",\"inLanguage\":\"es\",\"@id\":\"https:\/\/dev.antudigital.cl\/sites\/vc\/no-te-pierdas-el-ciclo-de-talleres-que-100e-tiene-para-ti\/#primaryimage\",\"url\":\"https:\/\/dev.antudigital.cl\/sites\/vc\/wp-content\/uploads\/2022\/09\/Ciclo-de-Talleres-100e.png\",\"contentUrl\":\"https:\/\/dev.antudigital.cl\/sites\/vc\/wp-content\/uploads\/2022\/09\/Ciclo-de-Talleres-100e.png\",\"width\":1080,\"height\":1080},{\"@type\":\"BreadcrumbList\",\"@id\":\"https:\/\/dev.antudigital.cl\/sites\/vc\/no-te-pierdas-el-ciclo-de-talleres-que-100e-tiene-para-ti\/#breadcrumb\",\"itemListElement\":[{\"@type\":\"ListItem\",\"position\":1,\"name\":\"Home\",\"item\":\"https:\/\/dev.antudigital.cl\/sites\/vc\/\"},{\"@type\":\"ListItem\",\"position\":2,\"name\":\"No te pierdas el ciclo de talleres que 100e tiene para ti\"}]},{\"@type\":\"WebSite\",\"@id\":\"https:\/\/dev.antudigital.cl\/sites\/vc\/#website\",\"url\":\"https:\/\/dev.antudigital.cl\/sites\/vc\/\",\"name\":\"Valpara\u00ed\u00adso Creativo\",\"description\":\"\",\"potentialAction\":[{\"@type\":\"SearchAction\",\"target\":{\"@type\":\"EntryPoint\",\"urlTemplate\":\"https:\/\/dev.antudigital.cl\/sites\/vc\/?s={search_term_string}\"},\"query-input\":{\"@type\":\"PropertyValueSpecification\",\"valueRequired\":true,\"valueName\":\"search_term_string\"}}],\"inLanguage\":\"es\"},{\"@type\":\"Person\",\"@id\":\"https:\/\/dev.antudigital.cl\/sites\/vc\/#\/schema\/person\/c2b9da8dd545e27166fc5ab232837318\",\"name\":\"Valpara\u00edso Creativo\",\"description\":\"Periodista de cultura en la Regi\u00f3n de Valpara\u00edso.\",\"url\":\"https:\/\/dev.antudigital.cl\/sites\/vc\/author\/valpoadmin\/\"}]}<\/script>\n<!-- \/ Yoast SEO plugin. -->","yoast_head_json":{"title":"No te pierdas el ciclo de talleres que 100e tiene para ti - Valpara\u00ed\u00adso Creativo","robots":{"index":"index","follow":"follow","max-snippet":"max-snippet:-1","max-image-preview":"max-image-preview:large","max-video-preview":"max-video-preview:-1"},"canonical":"https:\/\/dev.antudigital.cl\/sites\/vc\/no-te-pierdas-el-ciclo-de-talleres-que-100e-tiene-para-ti\/","og_locale":"es_ES","og_type":"article","og_title":"No te pierdas el ciclo de talleres que 100e tiene para ti - Valpara\u00ed\u00adso Creativo","og_description":"\u00abInstrucci\u00f3n para obtener resoluci\u00f3n sanitaria\u00bb &#x27a1;Se realizar\u00e1 v\u00eda presencial el d\u00eda martes 6 de septiembre a las 10.00 horas y tendr\u00e1 servicio de streaming online. &#x27a1;Direcci\u00f3n: Edificio CIAE Universidad de Valpara\u00edso,&nbsp;Blanco 1931, Valpara\u00edso. &#x27a1;Expositora: Silvia Sep\u00falveda,&nbsp;Nutricionista docente de la Carrera&nbsp;de Nutrici\u00f3n&nbsp;y Diet\u00e9tica&nbsp; de la Universidad de&nbsp; Valpara\u00edso. Mag\u00edster en Gesti\u00f3n de Servicios de Alimentaci\u00f3n y [&hellip;]","og_url":"https:\/\/dev.antudigital.cl\/sites\/vc\/no-te-pierdas-el-ciclo-de-talleres-que-100e-tiene-para-ti\/","og_site_name":"Valpara\u00ed\u00adso Creativo","article_published_time":"2022-09-12T15:10:32+00:00","article_modified_time":"2022-09-12T15:10:39+00:00","og_image":[{"width":1080,"height":1080,"url":"https:\/\/dev.antudigital.cl\/sites\/vc\/wp-content\/uploads\/2022\/09\/Ciclo-de-Talleres-100e.png","type":"image\/png"}],"author":"Valpara\u00edso Creativo","twitter_card":"summary_large_image","twitter_misc":{"Escrito por":"Valpara\u00edso Creativo","Tiempo de lectura":"5 minutos"},"schema":{"@context":"https:\/\/schema.org","@graph":[{"@type":"Article","@id":"https:\/\/dev.antudigital.cl\/sites\/vc\/no-te-pierdas-el-ciclo-de-talleres-que-100e-tiene-para-ti\/#article","isPartOf":{"@id":"https:\/\/dev.antudigital.cl\/sites\/vc\/no-te-pierdas-el-ciclo-de-talleres-que-100e-tiene-para-ti\/"},"author":{"name":"Valpara\u00edso Creativo","@id":"https:\/\/dev.antudigital.cl\/sites\/vc\/#\/schema\/person\/c2b9da8dd545e27166fc5ab232837318"},"headline":"No te pierdas el ciclo de talleres que 100e tiene para ti","datePublished":"2022-09-12T15:10:32+00:00","dateModified":"2022-09-12T15:10:39+00:00","mainEntityOfPage":{"@id":"https:\/\/dev.antudigital.cl\/sites\/vc\/no-te-pierdas-el-ciclo-de-talleres-que-100e-tiene-para-ti\/"},"wordCount":1364,"commentCount":0,"image":{"@id":"https:\/\/dev.antudigital.cl\/sites\/vc\/no-te-pierdas-el-ciclo-de-talleres-que-100e-tiene-para-ti\/#primaryimage"},"thumbnailUrl":"https:\/\/dev.antudigital.cl\/sites\/vc\/wp-content\/uploads\/2022\/09\/Ciclo-de-Talleres-100e.png","articleSection":["Uncategorized"],"inLanguage":"es","potentialAction":[{"@type":"CommentAction","name":"Comment","target":["https:\/\/dev.antudigital.cl\/sites\/vc\/no-te-pierdas-el-ciclo-de-talleres-que-100e-tiene-para-ti\/#respond"]}]},{"@type":"WebPage","@id":"https:\/\/dev.antudigital.cl\/sites\/vc\/no-te-pierdas-el-ciclo-de-talleres-que-100e-tiene-para-ti\/","url":"https:\/\/dev.antudigital.cl\/sites\/vc\/no-te-pierdas-el-ciclo-de-talleres-que-100e-tiene-para-ti\/","name":"No te pierdas el ciclo de talleres que 100e tiene para ti - Valpara\u00ed\u00adso Creativo","isPartOf":{"@id":"https:\/\/dev.antudigital.cl\/sites\/vc\/#website"},"primaryImageOfPage":{"@id":"https:\/\/dev.antudigital.cl\/sites\/vc\/no-te-pierdas-el-ciclo-de-talleres-que-100e-tiene-para-ti\/#primaryimage"},"image":{"@id":"https:\/\/dev.antudigital.cl\/sites\/vc\/no-te-pierdas-el-ciclo-de-talleres-que-100e-tiene-para-ti\/#primaryimage"},"thumbnailUrl":"https:\/\/dev.antudigital.cl\/sites\/vc\/wp-content\/uploads\/2022\/09\/Ciclo-de-Talleres-100e.png","datePublished":"2022-09-12T15:10:32+00:00","dateModified":"2022-09-12T15:10:39+00:00","author":{"@id":"https:\/\/dev.antudigital.cl\/sites\/vc\/#\/schema\/person\/c2b9da8dd545e27166fc5ab232837318"},"breadcrumb":{"@id":"https:\/\/dev.antudigital.cl\/sites\/vc\/no-te-pierdas-el-ciclo-de-talleres-que-100e-tiene-para-ti\/#breadcrumb"},"inLanguage":"es","potentialAction":[{"@type":"ReadAction","target":["https:\/\/dev.antudigital.cl\/sites\/vc\/no-te-pierdas-el-ciclo-de-talleres-que-100e-tiene-para-ti\/"]}]},{"@type":"ImageObject","inLanguage":"es","@id":"https:\/\/dev.antudigital.cl\/sites\/vc\/no-te-pierdas-el-ciclo-de-talleres-que-100e-tiene-para-ti\/#primaryimage","url":"https:\/\/dev.antudigital.cl\/sites\/vc\/wp-content\/uploads\/2022\/09\/Ciclo-de-Talleres-100e.png","contentUrl":"https:\/\/dev.antudigital.cl\/sites\/vc\/wp-content\/uploads\/2022\/09\/Ciclo-de-Talleres-100e.png","width":1080,"height":1080},{"@type":"BreadcrumbList","@id":"https:\/\/dev.antudigital.cl\/sites\/vc\/no-te-pierdas-el-ciclo-de-talleres-que-100e-tiene-para-ti\/#breadcrumb","itemListElement":[{"@type":"ListItem","position":1,"name":"Home","item":"https:\/\/dev.antudigital.cl\/sites\/vc\/"},{"@type":"ListItem","position":2,"name":"No te pierdas el ciclo de talleres que 100e tiene para ti"}]},{"@type":"WebSite","@id":"https:\/\/dev.antudigital.cl\/sites\/vc\/#website","url":"https:\/\/dev.antudigital.cl\/sites\/vc\/","name":"Valpara\u00ed\u00adso Creativo","description":"","potentialAction":[{"@type":"SearchAction","target":{"@type":"EntryPoint","urlTemplate":"https:\/\/dev.antudigital.cl\/sites\/vc\/?s={search_term_string}"},"query-input":{"@type":"PropertyValueSpecification","valueRequired":true,"valueName":"search_term_string"}}],"inLanguage":"es"},{"@type":"Person","@id":"https:\/\/dev.antudigital.cl\/sites\/vc\/#\/schema\/person\/c2b9da8dd545e27166fc5ab232837318","name":"Valpara\u00edso Creativo","description":"Periodista de cultura en la Regi\u00f3n de Valpara\u00edso.","url":"https:\/\/dev.antudigital.cl\/sites\/vc\/author\/valpoadmin\/"}]}},"_links":{"self":[{"href":"https:\/\/dev.antudigital.cl\/sites\/vc\/wp-json\/wp\/v2\/posts\/11629","targetHints":{"allow":["GET"]}}],"collection":[{"href":"https:\/\/dev.antudigital.cl\/sites\/vc\/wp-json\/wp\/v2\/posts"}],"about":[{"href":"https:\/\/dev.antudigital.cl\/sites\/vc\/wp-json\/wp\/v2\/types\/post"}],"author":[{"embeddable":true,"href":"https:\/\/dev.antudigital.cl\/sites\/vc\/wp-json\/wp\/v2\/users\/1"}],"replies":[{"embeddable":true,"href":"https:\/\/dev.antudigital.cl\/sites\/vc\/wp-json\/wp\/v2\/comments?post=11629"}],"version-history":[{"count":2,"href":"https:\/\/dev.antudigital.cl\/sites\/vc\/wp-json\/wp\/v2\/posts\/11629\/revisions"}],"predecessor-version":[{"id":11633,"href":"https:\/\/dev.antudigital.cl\/sites\/vc\/wp-json\/wp\/v2\/posts\/11629\/revisions\/11633"}],"wp:featuredmedia":[{"embeddable":true,"href":"https:\/\/dev.antudigital.cl\/sites\/vc\/wp-json\/wp\/v2\/media\/11632"}],"wp:attachment":[{"href":"https:\/\/dev.antudigital.cl\/sites\/vc\/wp-json\/wp\/v2\/media?parent=11629"}],"wp:term":[{"taxonomy":"category","embeddable":true,"href":"https:\/\/dev.antudigital.cl\/sites\/vc\/wp-json\/wp\/v2\/categories?post=11629"},{"taxonomy":"post_tag","embeddable":true,"href":"https:\/\/dev.antudigital.cl\/sites\/vc\/wp-json\/wp\/v2\/tags?post=11629"}],"curies":[{"name":"wp","href":"https:\/\/api.w.org\/{rel}","templated":true}]}}