{"id":11634,"date":"2022-09-12T22:53:54","date_gmt":"2022-09-12T22:53:54","guid":{"rendered":"https:\/\/www.valparaisocreativo.cl\/?p=11634"},"modified":"2022-09-12T22:59:52","modified_gmt":"2022-09-12T22:59:52","slug":"entrevista-a-la-pataleta-libreria-infantil","status":"publish","type":"post","link":"https:\/\/dev.antudigital.cl\/sites\/vc\/entrevista-a-la-pataleta-libreria-infantil\/","title":{"rendered":"Entrevista a La Pataleta, librer\u00eda infantil"},"content":{"rendered":"\n<p>Conversamos con Basti\u00e1n Cartes, uno de los gestores de <a href=\"https:\/\/www.instagram.com\/lapataleta.cl\/\">La Pataleta,<\/a> quien se encarga de la vinculaci\u00f3n con el medio de la librer\u00eda. Este es un espacio colaborativo y autogestionado que busca acercar la literatura a los ni\u00f1as y las ni\u00f1as.&nbsp;<\/p>\n\n\n\n<p>Esta es una librer\u00eda con enfoque infantil donde promueven el fomento lector a trav\u00e9s de su quehacer. Quisimos conocer m\u00e1s en profundidad de este entretenido proyecto.<\/p>\n\n\n\n<p><strong>\u00bfDesde qu\u00e9 a\u00f1o funcionan?<\/strong><\/p>\n\n\n\n<p>&#8211; Comenzamos en el 2015, en noviembre cumplimos 7 a\u00f1os. Somos la \u00fanica librer\u00eda infantil establecida en Valpara\u00edso. Nos dedicamos a la venta de libros, no funcionamos como biblioteca, sino que tenemos libros y actividades para nuestra audiencia.<\/p>\n\n\n\n<p><strong>\u00bfCu\u00e1l es la particularidad de su espacio y c\u00f3mo se acerca a la infancia?<\/strong><\/p>\n\n\n\n<p>-Una v\u00eda es que todo nuestro mobiliario est\u00e1 a la altura de los ni\u00f1os y ni\u00f1as, pues este espacio es para ellos. Los pap\u00e1s vienen y ponen el filtro de las decisiones, por ejemplo a la hora de comprar un libro, pero ac\u00e1 les damos el espacio para elegir.<\/p>\n\n\n\n<figure class=\"wp-block-image size-large\"><img fetchpriority=\"high\" decoding=\"async\" width=\"768\" height=\"1024\" src=\"https:\/\/www.valparaisocreativo.cl\/wp-content\/uploads\/2022\/09\/WhatsApp-Image-2022-09-12-at-1.28.09-PM1-768x1024.jpeg\" alt=\"\" class=\"wp-image-11636\" srcset=\"https:\/\/dev.antudigital.cl\/sites\/vc\/wp-content\/uploads\/2022\/09\/WhatsApp-Image-2022-09-12-at-1.28.09-PM1-768x1024.jpeg 768w, https:\/\/dev.antudigital.cl\/sites\/vc\/wp-content\/uploads\/2022\/09\/WhatsApp-Image-2022-09-12-at-1.28.09-PM1-225x300.jpeg 225w, https:\/\/dev.antudigital.cl\/sites\/vc\/wp-content\/uploads\/2022\/09\/WhatsApp-Image-2022-09-12-at-1.28.09-PM1-980x1307.jpeg 980w, https:\/\/dev.antudigital.cl\/sites\/vc\/wp-content\/uploads\/2022\/09\/WhatsApp-Image-2022-09-12-at-1.28.09-PM1-480x640.jpeg 480w, https:\/\/dev.antudigital.cl\/sites\/vc\/wp-content\/uploads\/2022\/09\/WhatsApp-Image-2022-09-12-at-1.28.09-PM1.jpeg 1056w\" sizes=\"(max-width: 768px) 100vw, 768px\" \/><\/figure>\n\n\n\n<p><strong>\u00bfC\u00f3mo se conforma el equipo, es interdisciplinario?<\/strong><\/p>\n\n\n\n<p>-Somos personas de distintos rubros que aportamos desde nuestras \u00e1reas, como yo que soy psic\u00f3logo, y veo los temas de los contenidos que tenemos en la librer\u00eda. No somos tan definidos, sino que &#8211; como buena autogesti\u00f3n &#8211; somos multifuncionales.&nbsp;<\/p>\n\n\n\n<p>Nos financiamos a trav\u00e9s de fondos, postulamos a dos o tres por a\u00f1o, y tenemos una miembro del equipo que ella se encarga de las postulaciones. As\u00ed nos conformamos.&nbsp;<\/p>\n\n\n\n<p>Tenemos \u00e1reas que cubrimos s\u00ed como el fomento lector. Nos dividimos harto la pega para que se repartan bien las funciones entre todos y todas.<\/p>\n\n\n\n<p><strong>\u00bfC\u00f3mo es trabajar con ni\u00f1os y ni\u00f1as lectores?<\/strong><\/p>\n\n\n\n<p>-Es bonito. Es impagable cuando uno de ellos se entusiasma por la lectura.&nbsp;<\/p>\n\n\n\n<p>No ganamos clientes, sino ni\u00f1os que abran sus mundos y que abran sus v\u00ednculos a trvav\u00e9s de la imaginaci\u00f3n. Eso es realmente lo que hay detr\u00e1s de esto. La lectura ampl\u00eda su repertorio, lo que a la larga le permite entender muchas m\u00e1s cosas. Un ni\u00f1o o ni\u00f1a que lee, imagina mucho, y es capaz de pensar m\u00e1s cosas posibles, les da herramientas.<\/p>\n\n\n\n<p><strong>\u00bfC\u00f3mo es el trabajo de guiar a ni\u00f1as y ni\u00f1os hacia la lectura?<\/strong><\/p>\n\n\n\n<p>-Hay distintos tipos de lectores, tal como con los adultos. Hay ni\u00f1os que vienen muy decididos, saben lo que quieren o conocen la librer\u00eda, otros que se pueden orientar, y siempre tambi\u00e9n hay un lector o lectora m\u00e1s t\u00edmida. Cada persona es un libro y uno como librero o librera tiene que mediar. Tambi\u00e9n est\u00e1n los adultos, que se reconectan con un lado l\u00fadico al venir.<\/p>\n\n\n\n<p><strong>\u00bfSeg\u00fan qu\u00e9 criterios eligen su selecci\u00f3n de libros?<\/strong><\/p>\n\n\n\n<p>-Primero, me pregunto, qu\u00e9 me divertir\u00eda a m\u00ed, entendiendo de que somos como equipo un filtro para nuestra audiencia. Todo el equipo selecciona t\u00edtulos, con el criterio de favorecer las editoriales nacionales, y ojal\u00e1 que sean microeditoriales, para as\u00ed tener contenido exclusivo. Por ejemplo Alison Saravia o El Cometa ludo. Tratamos de tener contenido que no est\u00e9 en las grandes cadenas de librer\u00edas, sino que apuntar a peque\u00f1os tesoros. As\u00ed damos vitrinas a talentos nacionales.&nbsp;<\/p>\n\n\n\n<figure class=\"wp-block-image size-large\"><img decoding=\"async\" width=\"768\" height=\"1024\" src=\"https:\/\/www.valparaisocreativo.cl\/wp-content\/uploads\/2022\/09\/WhatsApp-Image-2022-09-12-at-1.28.10-PM-768x1024.jpeg\" alt=\"\" class=\"wp-image-11637\" srcset=\"https:\/\/dev.antudigital.cl\/sites\/vc\/wp-content\/uploads\/2022\/09\/WhatsApp-Image-2022-09-12-at-1.28.10-PM-768x1024.jpeg 768w, https:\/\/dev.antudigital.cl\/sites\/vc\/wp-content\/uploads\/2022\/09\/WhatsApp-Image-2022-09-12-at-1.28.10-PM-225x300.jpeg 225w, https:\/\/dev.antudigital.cl\/sites\/vc\/wp-content\/uploads\/2022\/09\/WhatsApp-Image-2022-09-12-at-1.28.10-PM-980x1307.jpeg 980w, https:\/\/dev.antudigital.cl\/sites\/vc\/wp-content\/uploads\/2022\/09\/WhatsApp-Image-2022-09-12-at-1.28.10-PM-480x640.jpeg 480w, https:\/\/dev.antudigital.cl\/sites\/vc\/wp-content\/uploads\/2022\/09\/WhatsApp-Image-2022-09-12-at-1.28.10-PM.jpeg 1056w\" sizes=\"(max-width: 768px) 100vw, 768px\" \/><\/figure>\n\n\n\n<p><strong>&nbsp;\u00bfY por qu\u00e9 el nombre?<\/strong><\/p>\n\n\n\n<p>-S\u00ed, esta idea naci\u00f3 en el movimiento estudiantil del 2011, pues ah\u00ed nos conocimos. La Pataleta nace de un proyecto previo que hac\u00edamos desde estudiantes, comenzamos haciendo una Feria de Libro por Libro, donde se pod\u00edan truequear libros. Ese proyecto inicial muri\u00f3, pero quedamos siempre con la inquietud de hacer un proyecto como el actual, y el nombre tiene que ver con \u201cel rescate\u201d del concepto de pataleta de ese movimiento estudiantil, o lo que pas\u00f3 el 18 de octubre. Son transformaciones sociales vinculadas a la lectura, y queremos que las pataletas sean algo v\u00e1lido. Si uno toma una pataleta y las logramos entender, es mucho m\u00e1s constructivo. Esa met\u00e1fora sirve tanto para la infancia como para los movimientos sociales. Implica la necesidad de escuchar, y no de entrar con violencia.<\/p>\n\n\n\n<p><strong>\u00bfC\u00f3mo invitar\u00edas a los y las lectores a vincularse con la Pataleta?<\/strong><\/p>\n\n\n\n<p>-Invito a la gente a venir sin prejuicios, a\u00fan siendo adultos, ac\u00e1 pueden venir a curiosear y creo que lo peor que podemos hacer es perder el esp\u00edritu de un ni\u00f1o. Lo \u201cinfantil\u201d no es algo malo como muchas veces lo catalogamos. Un ni\u00f1o que no juega no aprende, y por eso debemos disfrutar y jugar y explorar. El libro es otra forma m\u00e1s de pasarlo bien. Salir del adultocentrismo, esa es la invitaci\u00f3n.<\/p>\n\n\n\n<p><\/p>\n\n\n\n<p><\/p>\n\n\n\n<p><a href=\"https:\/\/www.instagram.com\/lapataleta.cl\/\">No olvides seguir a La Pataleta en Instagram.<\/a><\/p>\n","protected":false},"excerpt":{"rendered":"<p>Conversamos con Basti\u00e1n Cartes, uno de los gestores de La Pataleta, quien se encarga de la vinculaci\u00f3n con el medio de la librer\u00eda. Este es un espacio colaborativo y autogestionado que busca acercar la literatura a los ni\u00f1as y las ni\u00f1as.&nbsp; Esta es una librer\u00eda con enfoque infantil donde promueven el fomento lector a trav\u00e9s [&hellip;]<\/p>\n","protected":false},"author":1,"featured_media":11635,"comment_status":"open","ping_status":"closed","sticky":false,"template":"","format":"standard","meta":{"_acf_changed":false,"footnotes":""},"categories":[8],"tags":[],"class_list":["post-11634","post","type-post","status-publish","format-standard","has-post-thumbnail","hentry","category-noticia"],"acf":[],"yoast_head":"<!-- This site is optimized with the Yoast SEO plugin v27.1.1 - https:\/\/yoast.com\/product\/yoast-seo-wordpress\/ -->\n<title>Entrevista a La Pataleta, librer\u00eda infantil - Valpara\u00ed\u00adso Creativo<\/title>\n<meta name=\"robots\" content=\"index, follow, max-snippet:-1, max-image-preview:large, max-video-preview:-1\" \/>\n<link rel=\"canonical\" href=\"https:\/\/dev.antudigital.cl\/sites\/vc\/entrevista-a-la-pataleta-libreria-infantil\/\" \/>\n<meta property=\"og:locale\" content=\"es_ES\" \/>\n<meta property=\"og:type\" content=\"article\" \/>\n<meta property=\"og:title\" content=\"Entrevista a La Pataleta, librer\u00eda infantil - Valpara\u00ed\u00adso Creativo\" \/>\n<meta property=\"og:description\" content=\"Conversamos con Basti\u00e1n Cartes, uno de los gestores de La Pataleta, quien se encarga de la vinculaci\u00f3n con el medio de la librer\u00eda. Este es un espacio colaborativo y autogestionado que busca acercar la literatura a los ni\u00f1as y las ni\u00f1as.&nbsp; Esta es una librer\u00eda con enfoque infantil donde promueven el fomento lector a trav\u00e9s [&hellip;]\" \/>\n<meta property=\"og:url\" content=\"https:\/\/dev.antudigital.cl\/sites\/vc\/entrevista-a-la-pataleta-libreria-infantil\/\" \/>\n<meta property=\"og:site_name\" content=\"Valpara\u00ed\u00adso Creativo\" \/>\n<meta property=\"article:published_time\" content=\"2022-09-12T22:53:54+00:00\" \/>\n<meta property=\"article:modified_time\" content=\"2022-09-12T22:59:52+00:00\" \/>\n<meta property=\"og:image\" content=\"https:\/\/dev.antudigital.cl\/sites\/vc\/wp-content\/uploads\/2022\/09\/WhatsApp-Image-2022-09-12-at-1.28.09-PM.jpeg\" \/>\n\t<meta property=\"og:image:width\" content=\"1408\" \/>\n\t<meta property=\"og:image:height\" content=\"1056\" \/>\n\t<meta property=\"og:image:type\" content=\"image\/jpeg\" \/>\n<meta name=\"author\" content=\"Valpara\u00edso Creativo\" \/>\n<meta name=\"twitter:card\" content=\"summary_large_image\" \/>\n<meta name=\"twitter:label1\" content=\"Escrito por\" \/>\n\t<meta name=\"twitter:data1\" content=\"Valpara\u00edso Creativo\" \/>\n\t<meta name=\"twitter:label2\" content=\"Tiempo de lectura\" \/>\n\t<meta name=\"twitter:data2\" content=\"4 minutos\" \/>\n<script type=\"application\/ld+json\" class=\"yoast-schema-graph\">{\"@context\":\"https:\/\/schema.org\",\"@graph\":[{\"@type\":\"Article\",\"@id\":\"https:\/\/dev.antudigital.cl\/sites\/vc\/entrevista-a-la-pataleta-libreria-infantil\/#article\",\"isPartOf\":{\"@id\":\"https:\/\/dev.antudigital.cl\/sites\/vc\/entrevista-a-la-pataleta-libreria-infantil\/\"},\"author\":{\"name\":\"Valpara\u00edso Creativo\",\"@id\":\"https:\/\/dev.antudigital.cl\/sites\/vc\/#\/schema\/person\/c2b9da8dd545e27166fc5ab232837318\"},\"headline\":\"Entrevista a La Pataleta, librer\u00eda infantil\",\"datePublished\":\"2022-09-12T22:53:54+00:00\",\"dateModified\":\"2022-09-12T22:59:52+00:00\",\"mainEntityOfPage\":{\"@id\":\"https:\/\/dev.antudigital.cl\/sites\/vc\/entrevista-a-la-pataleta-libreria-infantil\/\"},\"wordCount\":825,\"commentCount\":0,\"image\":{\"@id\":\"https:\/\/dev.antudigital.cl\/sites\/vc\/entrevista-a-la-pataleta-libreria-infantil\/#primaryimage\"},\"thumbnailUrl\":\"https:\/\/dev.antudigital.cl\/sites\/vc\/wp-content\/uploads\/2022\/09\/WhatsApp-Image-2022-09-12-at-1.28.09-PM.jpeg\",\"articleSection\":[\"Noticia\"],\"inLanguage\":\"es\",\"potentialAction\":[{\"@type\":\"CommentAction\",\"name\":\"Comment\",\"target\":[\"https:\/\/dev.antudigital.cl\/sites\/vc\/entrevista-a-la-pataleta-libreria-infantil\/#respond\"]}]},{\"@type\":\"WebPage\",\"@id\":\"https:\/\/dev.antudigital.cl\/sites\/vc\/entrevista-a-la-pataleta-libreria-infantil\/\",\"url\":\"https:\/\/dev.antudigital.cl\/sites\/vc\/entrevista-a-la-pataleta-libreria-infantil\/\",\"name\":\"Entrevista a La Pataleta, librer\u00eda infantil - Valpara\u00ed\u00adso Creativo\",\"isPartOf\":{\"@id\":\"https:\/\/dev.antudigital.cl\/sites\/vc\/#website\"},\"primaryImageOfPage\":{\"@id\":\"https:\/\/dev.antudigital.cl\/sites\/vc\/entrevista-a-la-pataleta-libreria-infantil\/#primaryimage\"},\"image\":{\"@id\":\"https:\/\/dev.antudigital.cl\/sites\/vc\/entrevista-a-la-pataleta-libreria-infantil\/#primaryimage\"},\"thumbnailUrl\":\"https:\/\/dev.antudigital.cl\/sites\/vc\/wp-content\/uploads\/2022\/09\/WhatsApp-Image-2022-09-12-at-1.28.09-PM.jpeg\",\"datePublished\":\"2022-09-12T22:53:54+00:00\",\"dateModified\":\"2022-09-12T22:59:52+00:00\",\"author\":{\"@id\":\"https:\/\/dev.antudigital.cl\/sites\/vc\/#\/schema\/person\/c2b9da8dd545e27166fc5ab232837318\"},\"breadcrumb\":{\"@id\":\"https:\/\/dev.antudigital.cl\/sites\/vc\/entrevista-a-la-pataleta-libreria-infantil\/#breadcrumb\"},\"inLanguage\":\"es\",\"potentialAction\":[{\"@type\":\"ReadAction\",\"target\":[\"https:\/\/dev.antudigital.cl\/sites\/vc\/entrevista-a-la-pataleta-libreria-infantil\/\"]}]},{\"@type\":\"ImageObject\",\"inLanguage\":\"es\",\"@id\":\"https:\/\/dev.antudigital.cl\/sites\/vc\/entrevista-a-la-pataleta-libreria-infantil\/#primaryimage\",\"url\":\"https:\/\/dev.antudigital.cl\/sites\/vc\/wp-content\/uploads\/2022\/09\/WhatsApp-Image-2022-09-12-at-1.28.09-PM.jpeg\",\"contentUrl\":\"https:\/\/dev.antudigital.cl\/sites\/vc\/wp-content\/uploads\/2022\/09\/WhatsApp-Image-2022-09-12-at-1.28.09-PM.jpeg\",\"width\":1408,\"height\":1056},{\"@type\":\"BreadcrumbList\",\"@id\":\"https:\/\/dev.antudigital.cl\/sites\/vc\/entrevista-a-la-pataleta-libreria-infantil\/#breadcrumb\",\"itemListElement\":[{\"@type\":\"ListItem\",\"position\":1,\"name\":\"Home\",\"item\":\"https:\/\/dev.antudigital.cl\/sites\/vc\/\"},{\"@type\":\"ListItem\",\"position\":2,\"name\":\"Entrevista a La Pataleta, librer\u00eda infantil\"}]},{\"@type\":\"WebSite\",\"@id\":\"https:\/\/dev.antudigital.cl\/sites\/vc\/#website\",\"url\":\"https:\/\/dev.antudigital.cl\/sites\/vc\/\",\"name\":\"Valpara\u00ed\u00adso Creativo\",\"description\":\"\",\"potentialAction\":[{\"@type\":\"SearchAction\",\"target\":{\"@type\":\"EntryPoint\",\"urlTemplate\":\"https:\/\/dev.antudigital.cl\/sites\/vc\/?s={search_term_string}\"},\"query-input\":{\"@type\":\"PropertyValueSpecification\",\"valueRequired\":true,\"valueName\":\"search_term_string\"}}],\"inLanguage\":\"es\"},{\"@type\":\"Person\",\"@id\":\"https:\/\/dev.antudigital.cl\/sites\/vc\/#\/schema\/person\/c2b9da8dd545e27166fc5ab232837318\",\"name\":\"Valpara\u00edso Creativo\",\"description\":\"Periodista de cultura en la Regi\u00f3n de Valpara\u00edso.\",\"url\":\"https:\/\/dev.antudigital.cl\/sites\/vc\/author\/valpoadmin\/\"}]}<\/script>\n<!-- \/ Yoast SEO plugin. -->","yoast_head_json":{"title":"Entrevista a La Pataleta, librer\u00eda infantil - Valpara\u00ed\u00adso Creativo","robots":{"index":"index","follow":"follow","max-snippet":"max-snippet:-1","max-image-preview":"max-image-preview:large","max-video-preview":"max-video-preview:-1"},"canonical":"https:\/\/dev.antudigital.cl\/sites\/vc\/entrevista-a-la-pataleta-libreria-infantil\/","og_locale":"es_ES","og_type":"article","og_title":"Entrevista a La Pataleta, librer\u00eda infantil - Valpara\u00ed\u00adso Creativo","og_description":"Conversamos con Basti\u00e1n Cartes, uno de los gestores de La Pataleta, quien se encarga de la vinculaci\u00f3n con el medio de la librer\u00eda. Este es un espacio colaborativo y autogestionado que busca acercar la literatura a los ni\u00f1as y las ni\u00f1as.&nbsp; Esta es una librer\u00eda con enfoque infantil donde promueven el fomento lector a trav\u00e9s [&hellip;]","og_url":"https:\/\/dev.antudigital.cl\/sites\/vc\/entrevista-a-la-pataleta-libreria-infantil\/","og_site_name":"Valpara\u00ed\u00adso Creativo","article_published_time":"2022-09-12T22:53:54+00:00","article_modified_time":"2022-09-12T22:59:52+00:00","og_image":[{"width":1408,"height":1056,"url":"https:\/\/dev.antudigital.cl\/sites\/vc\/wp-content\/uploads\/2022\/09\/WhatsApp-Image-2022-09-12-at-1.28.09-PM.jpeg","type":"image\/jpeg"}],"author":"Valpara\u00edso Creativo","twitter_card":"summary_large_image","twitter_misc":{"Escrito por":"Valpara\u00edso Creativo","Tiempo de lectura":"4 minutos"},"schema":{"@context":"https:\/\/schema.org","@graph":[{"@type":"Article","@id":"https:\/\/dev.antudigital.cl\/sites\/vc\/entrevista-a-la-pataleta-libreria-infantil\/#article","isPartOf":{"@id":"https:\/\/dev.antudigital.cl\/sites\/vc\/entrevista-a-la-pataleta-libreria-infantil\/"},"author":{"name":"Valpara\u00edso Creativo","@id":"https:\/\/dev.antudigital.cl\/sites\/vc\/#\/schema\/person\/c2b9da8dd545e27166fc5ab232837318"},"headline":"Entrevista a La Pataleta, librer\u00eda infantil","datePublished":"2022-09-12T22:53:54+00:00","dateModified":"2022-09-12T22:59:52+00:00","mainEntityOfPage":{"@id":"https:\/\/dev.antudigital.cl\/sites\/vc\/entrevista-a-la-pataleta-libreria-infantil\/"},"wordCount":825,"commentCount":0,"image":{"@id":"https:\/\/dev.antudigital.cl\/sites\/vc\/entrevista-a-la-pataleta-libreria-infantil\/#primaryimage"},"thumbnailUrl":"https:\/\/dev.antudigital.cl\/sites\/vc\/wp-content\/uploads\/2022\/09\/WhatsApp-Image-2022-09-12-at-1.28.09-PM.jpeg","articleSection":["Noticia"],"inLanguage":"es","potentialAction":[{"@type":"CommentAction","name":"Comment","target":["https:\/\/dev.antudigital.cl\/sites\/vc\/entrevista-a-la-pataleta-libreria-infantil\/#respond"]}]},{"@type":"WebPage","@id":"https:\/\/dev.antudigital.cl\/sites\/vc\/entrevista-a-la-pataleta-libreria-infantil\/","url":"https:\/\/dev.antudigital.cl\/sites\/vc\/entrevista-a-la-pataleta-libreria-infantil\/","name":"Entrevista a La Pataleta, librer\u00eda infantil - Valpara\u00ed\u00adso Creativo","isPartOf":{"@id":"https:\/\/dev.antudigital.cl\/sites\/vc\/#website"},"primaryImageOfPage":{"@id":"https:\/\/dev.antudigital.cl\/sites\/vc\/entrevista-a-la-pataleta-libreria-infantil\/#primaryimage"},"image":{"@id":"https:\/\/dev.antudigital.cl\/sites\/vc\/entrevista-a-la-pataleta-libreria-infantil\/#primaryimage"},"thumbnailUrl":"https:\/\/dev.antudigital.cl\/sites\/vc\/wp-content\/uploads\/2022\/09\/WhatsApp-Image-2022-09-12-at-1.28.09-PM.jpeg","datePublished":"2022-09-12T22:53:54+00:00","dateModified":"2022-09-12T22:59:52+00:00","author":{"@id":"https:\/\/dev.antudigital.cl\/sites\/vc\/#\/schema\/person\/c2b9da8dd545e27166fc5ab232837318"},"breadcrumb":{"@id":"https:\/\/dev.antudigital.cl\/sites\/vc\/entrevista-a-la-pataleta-libreria-infantil\/#breadcrumb"},"inLanguage":"es","potentialAction":[{"@type":"ReadAction","target":["https:\/\/dev.antudigital.cl\/sites\/vc\/entrevista-a-la-pataleta-libreria-infantil\/"]}]},{"@type":"ImageObject","inLanguage":"es","@id":"https:\/\/dev.antudigital.cl\/sites\/vc\/entrevista-a-la-pataleta-libreria-infantil\/#primaryimage","url":"https:\/\/dev.antudigital.cl\/sites\/vc\/wp-content\/uploads\/2022\/09\/WhatsApp-Image-2022-09-12-at-1.28.09-PM.jpeg","contentUrl":"https:\/\/dev.antudigital.cl\/sites\/vc\/wp-content\/uploads\/2022\/09\/WhatsApp-Image-2022-09-12-at-1.28.09-PM.jpeg","width":1408,"height":1056},{"@type":"BreadcrumbList","@id":"https:\/\/dev.antudigital.cl\/sites\/vc\/entrevista-a-la-pataleta-libreria-infantil\/#breadcrumb","itemListElement":[{"@type":"ListItem","position":1,"name":"Home","item":"https:\/\/dev.antudigital.cl\/sites\/vc\/"},{"@type":"ListItem","position":2,"name":"Entrevista a La Pataleta, librer\u00eda infantil"}]},{"@type":"WebSite","@id":"https:\/\/dev.antudigital.cl\/sites\/vc\/#website","url":"https:\/\/dev.antudigital.cl\/sites\/vc\/","name":"Valpara\u00ed\u00adso Creativo","description":"","potentialAction":[{"@type":"SearchAction","target":{"@type":"EntryPoint","urlTemplate":"https:\/\/dev.antudigital.cl\/sites\/vc\/?s={search_term_string}"},"query-input":{"@type":"PropertyValueSpecification","valueRequired":true,"valueName":"search_term_string"}}],"inLanguage":"es"},{"@type":"Person","@id":"https:\/\/dev.antudigital.cl\/sites\/vc\/#\/schema\/person\/c2b9da8dd545e27166fc5ab232837318","name":"Valpara\u00edso Creativo","description":"Periodista de cultura en la Regi\u00f3n de Valpara\u00edso.","url":"https:\/\/dev.antudigital.cl\/sites\/vc\/author\/valpoadmin\/"}]}},"_links":{"self":[{"href":"https:\/\/dev.antudigital.cl\/sites\/vc\/wp-json\/wp\/v2\/posts\/11634","targetHints":{"allow":["GET"]}}],"collection":[{"href":"https:\/\/dev.antudigital.cl\/sites\/vc\/wp-json\/wp\/v2\/posts"}],"about":[{"href":"https:\/\/dev.antudigital.cl\/sites\/vc\/wp-json\/wp\/v2\/types\/post"}],"author":[{"embeddable":true,"href":"https:\/\/dev.antudigital.cl\/sites\/vc\/wp-json\/wp\/v2\/users\/1"}],"replies":[{"embeddable":true,"href":"https:\/\/dev.antudigital.cl\/sites\/vc\/wp-json\/wp\/v2\/comments?post=11634"}],"version-history":[{"count":2,"href":"https:\/\/dev.antudigital.cl\/sites\/vc\/wp-json\/wp\/v2\/posts\/11634\/revisions"}],"predecessor-version":[{"id":11639,"href":"https:\/\/dev.antudigital.cl\/sites\/vc\/wp-json\/wp\/v2\/posts\/11634\/revisions\/11639"}],"wp:featuredmedia":[{"embeddable":true,"href":"https:\/\/dev.antudigital.cl\/sites\/vc\/wp-json\/wp\/v2\/media\/11635"}],"wp:attachment":[{"href":"https:\/\/dev.antudigital.cl\/sites\/vc\/wp-json\/wp\/v2\/media?parent=11634"}],"wp:term":[{"taxonomy":"category","embeddable":true,"href":"https:\/\/dev.antudigital.cl\/sites\/vc\/wp-json\/wp\/v2\/categories?post=11634"},{"taxonomy":"post_tag","embeddable":true,"href":"https:\/\/dev.antudigital.cl\/sites\/vc\/wp-json\/wp\/v2\/tags?post=11634"}],"curies":[{"name":"wp","href":"https:\/\/api.w.org\/{rel}","templated":true}]}}