{"id":11661,"date":"2022-09-20T01:00:56","date_gmt":"2022-09-20T01:00:56","guid":{"rendered":"https:\/\/www.valparaisocreativo.cl\/?p=11661"},"modified":"2022-09-20T01:01:04","modified_gmt":"2022-09-20T01:01:04","slug":"batalla-de-latte-art-en-taller-cafe","status":"publish","type":"post","link":"https:\/\/dev.antudigital.cl\/sites\/vc\/batalla-de-latte-art-en-taller-cafe\/","title":{"rendered":"Batalla de Latte Art en Taller Caf\u00e9"},"content":{"rendered":"\n<p>Taller Caf\u00e9 invita a su batalla del mes:<\/p>\n\n\n\n<blockquote class=\"wp-block-quote is-layout-flow wp-block-quote-is-layout-flow\"><p>\u00abNos vemos el s\u00e1bado 24 en una nueva Batalla de Latte Art &#x270c;&#xfe0f;. Preparen sus jarritas y sus mejores dise\u00f1os que el premio est\u00e1 pulenti &#x263a;&#xfe0f;<br>Inscr\u00edbete y gana un Set Kalita 102-D, filtros gruesos NK102, Caja Optimizador de agua <a href=\"https:\/\/www.instagram.com\/yourwaterchile\/\">@yourwaterchile<\/a> y 250gr de Caf\u00e9 de Honduras &#x2728;.<br>Las juezas de esta competencia vienen con todo &#x1f4aa; desde ya le damos gracias por el apa\u00f1e a la Cami <a href=\"https:\/\/www.instagram.com\/camilebel\/\">@camilebel<\/a> , a Luciana <a href=\"https:\/\/www.instagram.com\/espressobubblegum\/\">@espressobubblegum<\/a> y a Heidy <a href=\"https:\/\/www.instagram.com\/gomezhser\/\">@gomezhser<\/a> &#x1fac2;&#x1fac2;&#x1fac2; Las m\u00e1s bacanes del mundo mundial &#x1f60d;.<br>En el segundo piso estar\u00e1n muchas tiendas invitadas con variado chancheo, distracci\u00f3n y juegos &#x1f62c; y claro, nuestra ya cl\u00e1sica barra de filtrados &#x1f44c;\u00bb<\/p><\/blockquote>\n","protected":false},"excerpt":{"rendered":"<p>Taller Caf\u00e9 invita a su batalla del mes: \u00abNos vemos el s\u00e1bado 24 en una nueva Batalla de Latte Art &#x270c;&#xfe0f;. Preparen sus jarritas y sus mejores dise\u00f1os que el premio est\u00e1 pulenti &#x263a;&#xfe0f;Inscr\u00edbete y gana un Set Kalita 102-D, filtros gruesos NK102, Caja Optimizador de agua @yourwaterchile y 250gr de Caf\u00e9 de Honduras &#x2728;.Las [&hellip;]<\/p>\n","protected":false},"author":1,"featured_media":11662,"comment_status":"open","ping_status":"closed","sticky":false,"template":"","format":"standard","meta":{"_acf_changed":false,"footnotes":""},"categories":[1],"tags":[],"class_list":["post-11661","post","type-post","status-publish","format-standard","has-post-thumbnail","hentry","category-uncategorized"],"acf":[],"yoast_head":"<!-- This site is optimized with the Yoast SEO plugin v27.1.1 - https:\/\/yoast.com\/product\/yoast-seo-wordpress\/ -->\n<title>Batalla de Latte Art en Taller Caf\u00e9 - Valpara\u00ed\u00adso Creativo<\/title>\n<meta name=\"robots\" content=\"index, follow, max-snippet:-1, max-image-preview:large, max-video-preview:-1\" \/>\n<link rel=\"canonical\" href=\"https:\/\/dev.antudigital.cl\/sites\/vc\/batalla-de-latte-art-en-taller-cafe\/\" \/>\n<meta property=\"og:locale\" content=\"es_ES\" \/>\n<meta property=\"og:type\" content=\"article\" \/>\n<meta property=\"og:title\" content=\"Batalla de Latte Art en Taller Caf\u00e9 - Valpara\u00ed\u00adso Creativo\" \/>\n<meta property=\"og:description\" content=\"Taller Caf\u00e9 invita a su batalla del mes: \u00abNos vemos el s\u00e1bado 24 en una nueva Batalla de Latte Art &#x270c;&#xfe0f;. Preparen sus jarritas y sus mejores dise\u00f1os que el premio est\u00e1 pulenti &#x263a;&#xfe0f;Inscr\u00edbete y gana un Set Kalita 102-D, filtros gruesos NK102, Caja Optimizador de agua @yourwaterchile y 250gr de Caf\u00e9 de Honduras &#x2728;.Las [&hellip;]\" \/>\n<meta property=\"og:url\" content=\"https:\/\/dev.antudigital.cl\/sites\/vc\/batalla-de-latte-art-en-taller-cafe\/\" \/>\n<meta property=\"og:site_name\" content=\"Valpara\u00ed\u00adso Creativo\" \/>\n<meta property=\"article:published_time\" content=\"2022-09-20T01:00:56+00:00\" \/>\n<meta property=\"article:modified_time\" content=\"2022-09-20T01:01:04+00:00\" \/>\n<meta property=\"og:image\" content=\"https:\/\/dev.antudigital.cl\/sites\/vc\/wp-content\/uploads\/2022\/09\/Captura-de-Pantalla-2022-09-19-a-las-18.53.16.png\" \/>\n\t<meta property=\"og:image:width\" content=\"476\" \/>\n\t<meta property=\"og:image:height\" content=\"597\" \/>\n\t<meta property=\"og:image:type\" content=\"image\/png\" \/>\n<meta name=\"author\" content=\"Valpara\u00edso Creativo\" \/>\n<meta name=\"twitter:card\" content=\"summary_large_image\" \/>\n<meta name=\"twitter:label1\" content=\"Escrito por\" \/>\n\t<meta name=\"twitter:data1\" content=\"Valpara\u00edso Creativo\" \/>\n\t<meta name=\"twitter:label2\" content=\"Tiempo de lectura\" \/>\n\t<meta name=\"twitter:data2\" content=\"1 minuto\" \/>\n<script type=\"application\/ld+json\" class=\"yoast-schema-graph\">{\"@context\":\"https:\/\/schema.org\",\"@graph\":[{\"@type\":\"Article\",\"@id\":\"https:\/\/dev.antudigital.cl\/sites\/vc\/batalla-de-latte-art-en-taller-cafe\/#article\",\"isPartOf\":{\"@id\":\"https:\/\/dev.antudigital.cl\/sites\/vc\/batalla-de-latte-art-en-taller-cafe\/\"},\"author\":{\"name\":\"Valpara\u00edso Creativo\",\"@id\":\"https:\/\/dev.antudigital.cl\/sites\/vc\/#\/schema\/person\/c2b9da8dd545e27166fc5ab232837318\"},\"headline\":\"Batalla de Latte Art en Taller Caf\u00e9\",\"datePublished\":\"2022-09-20T01:00:56+00:00\",\"dateModified\":\"2022-09-20T01:01:04+00:00\",\"mainEntityOfPage\":{\"@id\":\"https:\/\/dev.antudigital.cl\/sites\/vc\/batalla-de-latte-art-en-taller-cafe\/\"},\"wordCount\":149,\"commentCount\":0,\"image\":{\"@id\":\"https:\/\/dev.antudigital.cl\/sites\/vc\/batalla-de-latte-art-en-taller-cafe\/#primaryimage\"},\"thumbnailUrl\":\"https:\/\/dev.antudigital.cl\/sites\/vc\/wp-content\/uploads\/2022\/09\/Captura-de-Pantalla-2022-09-19-a-las-18.53.16.png\",\"articleSection\":[\"Uncategorized\"],\"inLanguage\":\"es\",\"potentialAction\":[{\"@type\":\"CommentAction\",\"name\":\"Comment\",\"target\":[\"https:\/\/dev.antudigital.cl\/sites\/vc\/batalla-de-latte-art-en-taller-cafe\/#respond\"]}]},{\"@type\":\"WebPage\",\"@id\":\"https:\/\/dev.antudigital.cl\/sites\/vc\/batalla-de-latte-art-en-taller-cafe\/\",\"url\":\"https:\/\/dev.antudigital.cl\/sites\/vc\/batalla-de-latte-art-en-taller-cafe\/\",\"name\":\"Batalla de Latte Art en Taller Caf\u00e9 - Valpara\u00ed\u00adso Creativo\",\"isPartOf\":{\"@id\":\"https:\/\/dev.antudigital.cl\/sites\/vc\/#website\"},\"primaryImageOfPage\":{\"@id\":\"https:\/\/dev.antudigital.cl\/sites\/vc\/batalla-de-latte-art-en-taller-cafe\/#primaryimage\"},\"image\":{\"@id\":\"https:\/\/dev.antudigital.cl\/sites\/vc\/batalla-de-latte-art-en-taller-cafe\/#primaryimage\"},\"thumbnailUrl\":\"https:\/\/dev.antudigital.cl\/sites\/vc\/wp-content\/uploads\/2022\/09\/Captura-de-Pantalla-2022-09-19-a-las-18.53.16.png\",\"datePublished\":\"2022-09-20T01:00:56+00:00\",\"dateModified\":\"2022-09-20T01:01:04+00:00\",\"author\":{\"@id\":\"https:\/\/dev.antudigital.cl\/sites\/vc\/#\/schema\/person\/c2b9da8dd545e27166fc5ab232837318\"},\"breadcrumb\":{\"@id\":\"https:\/\/dev.antudigital.cl\/sites\/vc\/batalla-de-latte-art-en-taller-cafe\/#breadcrumb\"},\"inLanguage\":\"es\",\"potentialAction\":[{\"@type\":\"ReadAction\",\"target\":[\"https:\/\/dev.antudigital.cl\/sites\/vc\/batalla-de-latte-art-en-taller-cafe\/\"]}]},{\"@type\":\"ImageObject\",\"inLanguage\":\"es\",\"@id\":\"https:\/\/dev.antudigital.cl\/sites\/vc\/batalla-de-latte-art-en-taller-cafe\/#primaryimage\",\"url\":\"https:\/\/dev.antudigital.cl\/sites\/vc\/wp-content\/uploads\/2022\/09\/Captura-de-Pantalla-2022-09-19-a-las-18.53.16.png\",\"contentUrl\":\"https:\/\/dev.antudigital.cl\/sites\/vc\/wp-content\/uploads\/2022\/09\/Captura-de-Pantalla-2022-09-19-a-las-18.53.16.png\",\"width\":476,\"height\":597},{\"@type\":\"BreadcrumbList\",\"@id\":\"https:\/\/dev.antudigital.cl\/sites\/vc\/batalla-de-latte-art-en-taller-cafe\/#breadcrumb\",\"itemListElement\":[{\"@type\":\"ListItem\",\"position\":1,\"name\":\"Home\",\"item\":\"https:\/\/dev.antudigital.cl\/sites\/vc\/\"},{\"@type\":\"ListItem\",\"position\":2,\"name\":\"Batalla de Latte Art en Taller Caf\u00e9\"}]},{\"@type\":\"WebSite\",\"@id\":\"https:\/\/dev.antudigital.cl\/sites\/vc\/#website\",\"url\":\"https:\/\/dev.antudigital.cl\/sites\/vc\/\",\"name\":\"Valpara\u00ed\u00adso Creativo\",\"description\":\"\",\"potentialAction\":[{\"@type\":\"SearchAction\",\"target\":{\"@type\":\"EntryPoint\",\"urlTemplate\":\"https:\/\/dev.antudigital.cl\/sites\/vc\/?s={search_term_string}\"},\"query-input\":{\"@type\":\"PropertyValueSpecification\",\"valueRequired\":true,\"valueName\":\"search_term_string\"}}],\"inLanguage\":\"es\"},{\"@type\":\"Person\",\"@id\":\"https:\/\/dev.antudigital.cl\/sites\/vc\/#\/schema\/person\/c2b9da8dd545e27166fc5ab232837318\",\"name\":\"Valpara\u00edso Creativo\",\"description\":\"Periodista de cultura en la Regi\u00f3n de Valpara\u00edso.\",\"url\":\"https:\/\/dev.antudigital.cl\/sites\/vc\/author\/valpoadmin\/\"}]}<\/script>\n<!-- \/ Yoast SEO plugin. -->","yoast_head_json":{"title":"Batalla de Latte Art en Taller Caf\u00e9 - Valpara\u00ed\u00adso Creativo","robots":{"index":"index","follow":"follow","max-snippet":"max-snippet:-1","max-image-preview":"max-image-preview:large","max-video-preview":"max-video-preview:-1"},"canonical":"https:\/\/dev.antudigital.cl\/sites\/vc\/batalla-de-latte-art-en-taller-cafe\/","og_locale":"es_ES","og_type":"article","og_title":"Batalla de Latte Art en Taller Caf\u00e9 - Valpara\u00ed\u00adso Creativo","og_description":"Taller Caf\u00e9 invita a su batalla del mes: \u00abNos vemos el s\u00e1bado 24 en una nueva Batalla de Latte Art &#x270c;&#xfe0f;. Preparen sus jarritas y sus mejores dise\u00f1os que el premio est\u00e1 pulenti &#x263a;&#xfe0f;Inscr\u00edbete y gana un Set Kalita 102-D, filtros gruesos NK102, Caja Optimizador de agua @yourwaterchile y 250gr de Caf\u00e9 de Honduras &#x2728;.Las [&hellip;]","og_url":"https:\/\/dev.antudigital.cl\/sites\/vc\/batalla-de-latte-art-en-taller-cafe\/","og_site_name":"Valpara\u00ed\u00adso Creativo","article_published_time":"2022-09-20T01:00:56+00:00","article_modified_time":"2022-09-20T01:01:04+00:00","og_image":[{"width":476,"height":597,"url":"https:\/\/dev.antudigital.cl\/sites\/vc\/wp-content\/uploads\/2022\/09\/Captura-de-Pantalla-2022-09-19-a-las-18.53.16.png","type":"image\/png"}],"author":"Valpara\u00edso Creativo","twitter_card":"summary_large_image","twitter_misc":{"Escrito por":"Valpara\u00edso Creativo","Tiempo de lectura":"1 minuto"},"schema":{"@context":"https:\/\/schema.org","@graph":[{"@type":"Article","@id":"https:\/\/dev.antudigital.cl\/sites\/vc\/batalla-de-latte-art-en-taller-cafe\/#article","isPartOf":{"@id":"https:\/\/dev.antudigital.cl\/sites\/vc\/batalla-de-latte-art-en-taller-cafe\/"},"author":{"name":"Valpara\u00edso Creativo","@id":"https:\/\/dev.antudigital.cl\/sites\/vc\/#\/schema\/person\/c2b9da8dd545e27166fc5ab232837318"},"headline":"Batalla de Latte Art en Taller Caf\u00e9","datePublished":"2022-09-20T01:00:56+00:00","dateModified":"2022-09-20T01:01:04+00:00","mainEntityOfPage":{"@id":"https:\/\/dev.antudigital.cl\/sites\/vc\/batalla-de-latte-art-en-taller-cafe\/"},"wordCount":149,"commentCount":0,"image":{"@id":"https:\/\/dev.antudigital.cl\/sites\/vc\/batalla-de-latte-art-en-taller-cafe\/#primaryimage"},"thumbnailUrl":"https:\/\/dev.antudigital.cl\/sites\/vc\/wp-content\/uploads\/2022\/09\/Captura-de-Pantalla-2022-09-19-a-las-18.53.16.png","articleSection":["Uncategorized"],"inLanguage":"es","potentialAction":[{"@type":"CommentAction","name":"Comment","target":["https:\/\/dev.antudigital.cl\/sites\/vc\/batalla-de-latte-art-en-taller-cafe\/#respond"]}]},{"@type":"WebPage","@id":"https:\/\/dev.antudigital.cl\/sites\/vc\/batalla-de-latte-art-en-taller-cafe\/","url":"https:\/\/dev.antudigital.cl\/sites\/vc\/batalla-de-latte-art-en-taller-cafe\/","name":"Batalla de Latte Art en Taller Caf\u00e9 - Valpara\u00ed\u00adso Creativo","isPartOf":{"@id":"https:\/\/dev.antudigital.cl\/sites\/vc\/#website"},"primaryImageOfPage":{"@id":"https:\/\/dev.antudigital.cl\/sites\/vc\/batalla-de-latte-art-en-taller-cafe\/#primaryimage"},"image":{"@id":"https:\/\/dev.antudigital.cl\/sites\/vc\/batalla-de-latte-art-en-taller-cafe\/#primaryimage"},"thumbnailUrl":"https:\/\/dev.antudigital.cl\/sites\/vc\/wp-content\/uploads\/2022\/09\/Captura-de-Pantalla-2022-09-19-a-las-18.53.16.png","datePublished":"2022-09-20T01:00:56+00:00","dateModified":"2022-09-20T01:01:04+00:00","author":{"@id":"https:\/\/dev.antudigital.cl\/sites\/vc\/#\/schema\/person\/c2b9da8dd545e27166fc5ab232837318"},"breadcrumb":{"@id":"https:\/\/dev.antudigital.cl\/sites\/vc\/batalla-de-latte-art-en-taller-cafe\/#breadcrumb"},"inLanguage":"es","potentialAction":[{"@type":"ReadAction","target":["https:\/\/dev.antudigital.cl\/sites\/vc\/batalla-de-latte-art-en-taller-cafe\/"]}]},{"@type":"ImageObject","inLanguage":"es","@id":"https:\/\/dev.antudigital.cl\/sites\/vc\/batalla-de-latte-art-en-taller-cafe\/#primaryimage","url":"https:\/\/dev.antudigital.cl\/sites\/vc\/wp-content\/uploads\/2022\/09\/Captura-de-Pantalla-2022-09-19-a-las-18.53.16.png","contentUrl":"https:\/\/dev.antudigital.cl\/sites\/vc\/wp-content\/uploads\/2022\/09\/Captura-de-Pantalla-2022-09-19-a-las-18.53.16.png","width":476,"height":597},{"@type":"BreadcrumbList","@id":"https:\/\/dev.antudigital.cl\/sites\/vc\/batalla-de-latte-art-en-taller-cafe\/#breadcrumb","itemListElement":[{"@type":"ListItem","position":1,"name":"Home","item":"https:\/\/dev.antudigital.cl\/sites\/vc\/"},{"@type":"ListItem","position":2,"name":"Batalla de Latte Art en Taller Caf\u00e9"}]},{"@type":"WebSite","@id":"https:\/\/dev.antudigital.cl\/sites\/vc\/#website","url":"https:\/\/dev.antudigital.cl\/sites\/vc\/","name":"Valpara\u00ed\u00adso Creativo","description":"","potentialAction":[{"@type":"SearchAction","target":{"@type":"EntryPoint","urlTemplate":"https:\/\/dev.antudigital.cl\/sites\/vc\/?s={search_term_string}"},"query-input":{"@type":"PropertyValueSpecification","valueRequired":true,"valueName":"search_term_string"}}],"inLanguage":"es"},{"@type":"Person","@id":"https:\/\/dev.antudigital.cl\/sites\/vc\/#\/schema\/person\/c2b9da8dd545e27166fc5ab232837318","name":"Valpara\u00edso Creativo","description":"Periodista de cultura en la Regi\u00f3n de Valpara\u00edso.","url":"https:\/\/dev.antudigital.cl\/sites\/vc\/author\/valpoadmin\/"}]}},"_links":{"self":[{"href":"https:\/\/dev.antudigital.cl\/sites\/vc\/wp-json\/wp\/v2\/posts\/11661","targetHints":{"allow":["GET"]}}],"collection":[{"href":"https:\/\/dev.antudigital.cl\/sites\/vc\/wp-json\/wp\/v2\/posts"}],"about":[{"href":"https:\/\/dev.antudigital.cl\/sites\/vc\/wp-json\/wp\/v2\/types\/post"}],"author":[{"embeddable":true,"href":"https:\/\/dev.antudigital.cl\/sites\/vc\/wp-json\/wp\/v2\/users\/1"}],"replies":[{"embeddable":true,"href":"https:\/\/dev.antudigital.cl\/sites\/vc\/wp-json\/wp\/v2\/comments?post=11661"}],"version-history":[{"count":1,"href":"https:\/\/dev.antudigital.cl\/sites\/vc\/wp-json\/wp\/v2\/posts\/11661\/revisions"}],"predecessor-version":[{"id":11663,"href":"https:\/\/dev.antudigital.cl\/sites\/vc\/wp-json\/wp\/v2\/posts\/11661\/revisions\/11663"}],"wp:featuredmedia":[{"embeddable":true,"href":"https:\/\/dev.antudigital.cl\/sites\/vc\/wp-json\/wp\/v2\/media\/11662"}],"wp:attachment":[{"href":"https:\/\/dev.antudigital.cl\/sites\/vc\/wp-json\/wp\/v2\/media?parent=11661"}],"wp:term":[{"taxonomy":"category","embeddable":true,"href":"https:\/\/dev.antudigital.cl\/sites\/vc\/wp-json\/wp\/v2\/categories?post=11661"},{"taxonomy":"post_tag","embeddable":true,"href":"https:\/\/dev.antudigital.cl\/sites\/vc\/wp-json\/wp\/v2\/tags?post=11661"}],"curies":[{"name":"wp","href":"https:\/\/api.w.org\/{rel}","templated":true}]}}