{"id":11664,"date":"2022-09-20T01:07:38","date_gmt":"2022-09-20T01:07:38","guid":{"rendered":"https:\/\/www.valparaisocreativo.cl\/?p=11664"},"modified":"2022-09-20T01:07:45","modified_gmt":"2022-09-20T01:07:45","slug":"explorando-el-patrimonio-sonoro","status":"publish","type":"post","link":"https:\/\/dev.antudigital.cl\/sites\/vc\/explorando-el-patrimonio-sonoro\/","title":{"rendered":"Explorando el patrimonio sonoro"},"content":{"rendered":"\n<p><a href=\"https:\/\/www.manivela.cl\/manivela\">Manivela<\/a> es un proyecto que comienza a gestarse en Santiago pero hoy se realiza desde Zapallar. Es un equipo compuesto por Ang\u00e9lica Ovalle y Sam Gac\u00eda, quienes con gran pasi\u00f3n por los detalles han gestionado esta marca que rescata identidad musical de Chile.<\/p>\n\n\n\n<p>Todo parti\u00f3 por la b\u00fasqueda de este rescate popular, a trav\u00e9s de la creaci\u00f3n de cajas de m\u00fasica de tama\u00f1o peque\u00f1o, que contiene canciones tan diversas como el cancionero chileno: puedes encontrar desde Los Tres, a Mon Laferte, hasta el himno de equipos de f\u00fatbol insigne como del Colo Colo o Universidad de Chile.<\/p>\n\n\n\n<figure class=\"wp-block-image size-large\"><img fetchpriority=\"high\" decoding=\"async\" width=\"1024\" height=\"683\" src=\"https:\/\/www.valparaisocreativo.cl\/wp-content\/uploads\/2022\/09\/307686260_1153944511998275_4163990259097959955_n-1024x683.jpg\" alt=\"\" class=\"wp-image-11666\" srcset=\"https:\/\/dev.antudigital.cl\/sites\/vc\/wp-content\/uploads\/2022\/09\/307686260_1153944511998275_4163990259097959955_n-1024x683.jpg 1024w, https:\/\/dev.antudigital.cl\/sites\/vc\/wp-content\/uploads\/2022\/09\/307686260_1153944511998275_4163990259097959955_n-300x200.jpg 300w, https:\/\/dev.antudigital.cl\/sites\/vc\/wp-content\/uploads\/2022\/09\/307686260_1153944511998275_4163990259097959955_n-768x512.jpg 768w, https:\/\/dev.antudigital.cl\/sites\/vc\/wp-content\/uploads\/2022\/09\/307686260_1153944511998275_4163990259097959955_n-1080x720.jpg 1080w, https:\/\/dev.antudigital.cl\/sites\/vc\/wp-content\/uploads\/2022\/09\/307686260_1153944511998275_4163990259097959955_n-1280x853.jpg 1280w, https:\/\/dev.antudigital.cl\/sites\/vc\/wp-content\/uploads\/2022\/09\/307686260_1153944511998275_4163990259097959955_n-980x653.jpg 980w, https:\/\/dev.antudigital.cl\/sites\/vc\/wp-content\/uploads\/2022\/09\/307686260_1153944511998275_4163990259097959955_n-480x320.jpg 480w, https:\/\/dev.antudigital.cl\/sites\/vc\/wp-content\/uploads\/2022\/09\/307686260_1153944511998275_4163990259097959955_n.jpg 1440w\" sizes=\"(max-width: 1024px) 100vw, 1024px\" \/><\/figure>\n\n\n\n<p>Esto comenz\u00f3 hace varios a\u00f1os atr\u00e1s, con la inquietud por los sonidos que comparten Ang\u00e9lica y Sam, Entonces dise\u00f1aron las manivelas, lo que termina en un objeto \u00fanico de formato port\u00e1til que hace un perfecto regalo o decoraci\u00f3n.<\/p>\n\n\n\n<p>Estas manivelas conforman un cancionero \u00fanico en el mundo, que tiene como n\u00facleo esta identidad musical de Chile. As\u00ed, a partir de la especial atenci\u00f3n por lo sonoro, comenzaron a emanar otras iniciativas que buscan poner en valor lo local.<\/p>\n\n\n\n<figure class=\"wp-block-image size-large\"><img decoding=\"async\" width=\"1024\" height=\"1024\" src=\"https:\/\/www.valparaisocreativo.cl\/wp-content\/uploads\/2022\/09\/301931990_1140549276671132_4166796333165132745_n-1024x1024.jpg\" alt=\"\" class=\"wp-image-11665\" srcset=\"https:\/\/dev.antudigital.cl\/sites\/vc\/wp-content\/uploads\/2022\/09\/301931990_1140549276671132_4166796333165132745_n-1024x1024.jpg 1024w, https:\/\/dev.antudigital.cl\/sites\/vc\/wp-content\/uploads\/2022\/09\/301931990_1140549276671132_4166796333165132745_n-300x300.jpg 300w, https:\/\/dev.antudigital.cl\/sites\/vc\/wp-content\/uploads\/2022\/09\/301931990_1140549276671132_4166796333165132745_n-150x150.jpg 150w, https:\/\/dev.antudigital.cl\/sites\/vc\/wp-content\/uploads\/2022\/09\/301931990_1140549276671132_4166796333165132745_n-768x768.jpg 768w, https:\/\/dev.antudigital.cl\/sites\/vc\/wp-content\/uploads\/2022\/09\/301931990_1140549276671132_4166796333165132745_n-1080x1080.jpg 1080w, https:\/\/dev.antudigital.cl\/sites\/vc\/wp-content\/uploads\/2022\/09\/301931990_1140549276671132_4166796333165132745_n-1280x1280.jpg 1280w, https:\/\/dev.antudigital.cl\/sites\/vc\/wp-content\/uploads\/2022\/09\/301931990_1140549276671132_4166796333165132745_n-980x980.jpg 980w, https:\/\/dev.antudigital.cl\/sites\/vc\/wp-content\/uploads\/2022\/09\/301931990_1140549276671132_4166796333165132745_n-480x480.jpg 480w, https:\/\/dev.antudigital.cl\/sites\/vc\/wp-content\/uploads\/2022\/09\/301931990_1140549276671132_4166796333165132745_n.jpg 1440w\" sizes=\"(max-width: 1024px) 100vw, 1024px\" \/><\/figure>\n\n\n\n<p><strong>Explorando con libros<\/strong><\/p>\n\n\n\n<p>A ra\u00edz de esta exploraci\u00f3n surgi\u00f3 tambi\u00e9n <strong>\u00c1lbum Sonoro, <\/strong>una serie de libros que exploran la fauna nativa, algo que encanta tanto a ni\u00f1os y ni\u00f1as como a grandes. En sus palabras \u201cSe trata de libros que buscan acompa\u00f1ar la exploraci\u00f3n de nuestro patrimonio cultural y natural, poniendo el acento en sus sonidos, y que muestran a los m\u00e1s peque\u00f1os aquellas m\u00fasicas y expresiones sonoras que nos identifican\u201d.<\/p>\n\n\n\n<p>Ac\u00e1 hay distintos animales que son representados y se narra su entorno a trav\u00e9s de las p\u00e1ginas. Con un formato interactivo que permite disfrutar tanto de la lectura como de los sonidos y experimentarlos de manera personal y did\u00e1ctica.<\/p>\n\n\n\n<p>Con estas creaciones buscan acercar los tesoros de Chile a trav\u00e9s del o\u00edr y del leer, como ellos dicen \u201cSe trata de poner en relieve nuestra banda sonora colectiva y personal: de conectarnos a trav\u00e9s de sonidos y palabras con nosotros mismos y de mostrarnos al mundo como un pueblo con una sensibilidad po\u00e9tica y musical especial\u201d.<\/p>\n\n\n\n<figure class=\"wp-block-image size-large\"><img decoding=\"async\" width=\"1024\" height=\"1024\" src=\"https:\/\/www.valparaisocreativo.cl\/wp-content\/uploads\/2022\/09\/304761922_1143597529699640_2927832181594934647_n-1024x1024.jpg\" alt=\"\" class=\"wp-image-11668\" srcset=\"https:\/\/dev.antudigital.cl\/sites\/vc\/wp-content\/uploads\/2022\/09\/304761922_1143597529699640_2927832181594934647_n-1024x1024.jpg 1024w, https:\/\/dev.antudigital.cl\/sites\/vc\/wp-content\/uploads\/2022\/09\/304761922_1143597529699640_2927832181594934647_n-300x300.jpg 300w, https:\/\/dev.antudigital.cl\/sites\/vc\/wp-content\/uploads\/2022\/09\/304761922_1143597529699640_2927832181594934647_n-150x150.jpg 150w, https:\/\/dev.antudigital.cl\/sites\/vc\/wp-content\/uploads\/2022\/09\/304761922_1143597529699640_2927832181594934647_n-768x767.jpg 768w, https:\/\/dev.antudigital.cl\/sites\/vc\/wp-content\/uploads\/2022\/09\/304761922_1143597529699640_2927832181594934647_n-1080x1079.jpg 1080w, https:\/\/dev.antudigital.cl\/sites\/vc\/wp-content\/uploads\/2022\/09\/304761922_1143597529699640_2927832181594934647_n-1280x1279.jpg 1280w, https:\/\/dev.antudigital.cl\/sites\/vc\/wp-content\/uploads\/2022\/09\/304761922_1143597529699640_2927832181594934647_n-980x979.jpg 980w, https:\/\/dev.antudigital.cl\/sites\/vc\/wp-content\/uploads\/2022\/09\/304761922_1143597529699640_2927832181594934647_n-480x480.jpg 480w, https:\/\/dev.antudigital.cl\/sites\/vc\/wp-content\/uploads\/2022\/09\/304761922_1143597529699640_2927832181594934647_n.jpg 1440w\" sizes=\"(max-width: 1024px) 100vw, 1024px\" \/><\/figure>\n\n\n\n<p><strong>Fomento lector<\/strong><\/p>\n\n\n\n<p>A la par desarrollan otros proyectos, como la Librer\u00eda Zapallar, espacio itinerante que han estado impulsando a trav\u00e9s de actividades en el \u00faltimo tiempo.&nbsp;<\/p>\n\n\n\n<p><a href=\"https:\/\/www.instagram.com\/manivelachile\/\">Manivela<\/a> busca fomentar la lectura y aportar a la escena literaria de esta zona, que se relaciona con diversas comunas aleda\u00f1as como Cabildo, Papudo, e incluso Puchuncav\u00ed. Con una combi que funciona como librer\u00eda han ido trabajando en distintas instancias dedicadas a la lectura, y propiciando las propias. La idea es que esto vaya creciendo y abarcando todo el territorio.&nbsp;<br>Sigue a <a href=\"https:\/\/www.facebook.com\/manivelachile\">Manivela<\/a> en sus redes sociales para conocer m\u00e1s de su trabajo.<\/p>\n","protected":false},"excerpt":{"rendered":"<p>Manivela es un proyecto que comienza a gestarse en Santiago pero hoy se realiza desde Zapallar. Es un equipo compuesto por Ang\u00e9lica Ovalle y Sam Gac\u00eda, quienes con gran pasi\u00f3n por los detalles han gestionado esta marca que rescata identidad musical de Chile. Todo parti\u00f3 por la b\u00fasqueda de este rescate popular, a trav\u00e9s de [&hellip;]<\/p>\n","protected":false},"author":1,"featured_media":11667,"comment_status":"open","ping_status":"closed","sticky":false,"template":"","format":"standard","meta":{"_acf_changed":false,"footnotes":""},"categories":[8],"tags":[],"class_list":["post-11664","post","type-post","status-publish","format-standard","has-post-thumbnail","hentry","category-noticia"],"acf":[],"yoast_head":"<!-- This site is optimized with the Yoast SEO plugin v27.1.1 - https:\/\/yoast.com\/product\/yoast-seo-wordpress\/ -->\n<title>Explorando el patrimonio sonoro - Valpara\u00ed\u00adso Creativo<\/title>\n<meta name=\"robots\" content=\"index, follow, max-snippet:-1, max-image-preview:large, max-video-preview:-1\" \/>\n<link rel=\"canonical\" href=\"https:\/\/dev.antudigital.cl\/sites\/vc\/explorando-el-patrimonio-sonoro\/\" \/>\n<meta property=\"og:locale\" content=\"es_ES\" \/>\n<meta property=\"og:type\" content=\"article\" \/>\n<meta property=\"og:title\" content=\"Explorando el patrimonio sonoro - Valpara\u00ed\u00adso Creativo\" \/>\n<meta property=\"og:description\" content=\"Manivela es un proyecto que comienza a gestarse en Santiago pero hoy se realiza desde Zapallar. Es un equipo compuesto por Ang\u00e9lica Ovalle y Sam Gac\u00eda, quienes con gran pasi\u00f3n por los detalles han gestionado esta marca que rescata identidad musical de Chile. Todo parti\u00f3 por la b\u00fasqueda de este rescate popular, a trav\u00e9s de [&hellip;]\" \/>\n<meta property=\"og:url\" content=\"https:\/\/dev.antudigital.cl\/sites\/vc\/explorando-el-patrimonio-sonoro\/\" \/>\n<meta property=\"og:site_name\" content=\"Valpara\u00ed\u00adso Creativo\" \/>\n<meta property=\"article:published_time\" content=\"2022-09-20T01:07:38+00:00\" \/>\n<meta property=\"article:modified_time\" content=\"2022-09-20T01:07:45+00:00\" \/>\n<meta property=\"og:image\" content=\"https:\/\/dev.antudigital.cl\/sites\/vc\/wp-content\/uploads\/2022\/09\/307041729_1152091058850287_7142490175893134851_n.jpg\" \/>\n\t<meta property=\"og:image:width\" content=\"1440\" \/>\n\t<meta property=\"og:image:height\" content=\"960\" \/>\n\t<meta property=\"og:image:type\" content=\"image\/jpeg\" \/>\n<meta name=\"author\" content=\"Valpara\u00edso Creativo\" \/>\n<meta name=\"twitter:card\" content=\"summary_large_image\" \/>\n<meta name=\"twitter:label1\" content=\"Escrito por\" \/>\n\t<meta name=\"twitter:data1\" content=\"Valpara\u00edso Creativo\" \/>\n\t<meta name=\"twitter:label2\" content=\"Tiempo de lectura\" \/>\n\t<meta name=\"twitter:data2\" content=\"3 minutos\" \/>\n<script type=\"application\/ld+json\" class=\"yoast-schema-graph\">{\"@context\":\"https:\/\/schema.org\",\"@graph\":[{\"@type\":\"Article\",\"@id\":\"https:\/\/dev.antudigital.cl\/sites\/vc\/explorando-el-patrimonio-sonoro\/#article\",\"isPartOf\":{\"@id\":\"https:\/\/dev.antudigital.cl\/sites\/vc\/explorando-el-patrimonio-sonoro\/\"},\"author\":{\"name\":\"Valpara\u00edso Creativo\",\"@id\":\"https:\/\/dev.antudigital.cl\/sites\/vc\/#\/schema\/person\/c2b9da8dd545e27166fc5ab232837318\"},\"headline\":\"Explorando el patrimonio sonoro\",\"datePublished\":\"2022-09-20T01:07:38+00:00\",\"dateModified\":\"2022-09-20T01:07:45+00:00\",\"mainEntityOfPage\":{\"@id\":\"https:\/\/dev.antudigital.cl\/sites\/vc\/explorando-el-patrimonio-sonoro\/\"},\"wordCount\":487,\"commentCount\":0,\"image\":{\"@id\":\"https:\/\/dev.antudigital.cl\/sites\/vc\/explorando-el-patrimonio-sonoro\/#primaryimage\"},\"thumbnailUrl\":\"https:\/\/dev.antudigital.cl\/sites\/vc\/wp-content\/uploads\/2022\/09\/307041729_1152091058850287_7142490175893134851_n.jpg\",\"articleSection\":[\"Noticia\"],\"inLanguage\":\"es\",\"potentialAction\":[{\"@type\":\"CommentAction\",\"name\":\"Comment\",\"target\":[\"https:\/\/dev.antudigital.cl\/sites\/vc\/explorando-el-patrimonio-sonoro\/#respond\"]}]},{\"@type\":\"WebPage\",\"@id\":\"https:\/\/dev.antudigital.cl\/sites\/vc\/explorando-el-patrimonio-sonoro\/\",\"url\":\"https:\/\/dev.antudigital.cl\/sites\/vc\/explorando-el-patrimonio-sonoro\/\",\"name\":\"Explorando el patrimonio sonoro - Valpara\u00ed\u00adso Creativo\",\"isPartOf\":{\"@id\":\"https:\/\/dev.antudigital.cl\/sites\/vc\/#website\"},\"primaryImageOfPage\":{\"@id\":\"https:\/\/dev.antudigital.cl\/sites\/vc\/explorando-el-patrimonio-sonoro\/#primaryimage\"},\"image\":{\"@id\":\"https:\/\/dev.antudigital.cl\/sites\/vc\/explorando-el-patrimonio-sonoro\/#primaryimage\"},\"thumbnailUrl\":\"https:\/\/dev.antudigital.cl\/sites\/vc\/wp-content\/uploads\/2022\/09\/307041729_1152091058850287_7142490175893134851_n.jpg\",\"datePublished\":\"2022-09-20T01:07:38+00:00\",\"dateModified\":\"2022-09-20T01:07:45+00:00\",\"author\":{\"@id\":\"https:\/\/dev.antudigital.cl\/sites\/vc\/#\/schema\/person\/c2b9da8dd545e27166fc5ab232837318\"},\"breadcrumb\":{\"@id\":\"https:\/\/dev.antudigital.cl\/sites\/vc\/explorando-el-patrimonio-sonoro\/#breadcrumb\"},\"inLanguage\":\"es\",\"potentialAction\":[{\"@type\":\"ReadAction\",\"target\":[\"https:\/\/dev.antudigital.cl\/sites\/vc\/explorando-el-patrimonio-sonoro\/\"]}]},{\"@type\":\"ImageObject\",\"inLanguage\":\"es\",\"@id\":\"https:\/\/dev.antudigital.cl\/sites\/vc\/explorando-el-patrimonio-sonoro\/#primaryimage\",\"url\":\"https:\/\/dev.antudigital.cl\/sites\/vc\/wp-content\/uploads\/2022\/09\/307041729_1152091058850287_7142490175893134851_n.jpg\",\"contentUrl\":\"https:\/\/dev.antudigital.cl\/sites\/vc\/wp-content\/uploads\/2022\/09\/307041729_1152091058850287_7142490175893134851_n.jpg\",\"width\":1440,\"height\":960},{\"@type\":\"BreadcrumbList\",\"@id\":\"https:\/\/dev.antudigital.cl\/sites\/vc\/explorando-el-patrimonio-sonoro\/#breadcrumb\",\"itemListElement\":[{\"@type\":\"ListItem\",\"position\":1,\"name\":\"Home\",\"item\":\"https:\/\/dev.antudigital.cl\/sites\/vc\/\"},{\"@type\":\"ListItem\",\"position\":2,\"name\":\"Explorando el patrimonio sonoro\"}]},{\"@type\":\"WebSite\",\"@id\":\"https:\/\/dev.antudigital.cl\/sites\/vc\/#website\",\"url\":\"https:\/\/dev.antudigital.cl\/sites\/vc\/\",\"name\":\"Valpara\u00ed\u00adso Creativo\",\"description\":\"\",\"potentialAction\":[{\"@type\":\"SearchAction\",\"target\":{\"@type\":\"EntryPoint\",\"urlTemplate\":\"https:\/\/dev.antudigital.cl\/sites\/vc\/?s={search_term_string}\"},\"query-input\":{\"@type\":\"PropertyValueSpecification\",\"valueRequired\":true,\"valueName\":\"search_term_string\"}}],\"inLanguage\":\"es\"},{\"@type\":\"Person\",\"@id\":\"https:\/\/dev.antudigital.cl\/sites\/vc\/#\/schema\/person\/c2b9da8dd545e27166fc5ab232837318\",\"name\":\"Valpara\u00edso Creativo\",\"description\":\"Periodista de cultura en la Regi\u00f3n de Valpara\u00edso.\",\"url\":\"https:\/\/dev.antudigital.cl\/sites\/vc\/author\/valpoadmin\/\"}]}<\/script>\n<!-- \/ Yoast SEO plugin. -->","yoast_head_json":{"title":"Explorando el patrimonio sonoro - Valpara\u00ed\u00adso Creativo","robots":{"index":"index","follow":"follow","max-snippet":"max-snippet:-1","max-image-preview":"max-image-preview:large","max-video-preview":"max-video-preview:-1"},"canonical":"https:\/\/dev.antudigital.cl\/sites\/vc\/explorando-el-patrimonio-sonoro\/","og_locale":"es_ES","og_type":"article","og_title":"Explorando el patrimonio sonoro - Valpara\u00ed\u00adso Creativo","og_description":"Manivela es un proyecto que comienza a gestarse en Santiago pero hoy se realiza desde Zapallar. Es un equipo compuesto por Ang\u00e9lica Ovalle y Sam Gac\u00eda, quienes con gran pasi\u00f3n por los detalles han gestionado esta marca que rescata identidad musical de Chile. Todo parti\u00f3 por la b\u00fasqueda de este rescate popular, a trav\u00e9s de [&hellip;]","og_url":"https:\/\/dev.antudigital.cl\/sites\/vc\/explorando-el-patrimonio-sonoro\/","og_site_name":"Valpara\u00ed\u00adso Creativo","article_published_time":"2022-09-20T01:07:38+00:00","article_modified_time":"2022-09-20T01:07:45+00:00","og_image":[{"width":1440,"height":960,"url":"https:\/\/dev.antudigital.cl\/sites\/vc\/wp-content\/uploads\/2022\/09\/307041729_1152091058850287_7142490175893134851_n.jpg","type":"image\/jpeg"}],"author":"Valpara\u00edso Creativo","twitter_card":"summary_large_image","twitter_misc":{"Escrito por":"Valpara\u00edso Creativo","Tiempo de lectura":"3 minutos"},"schema":{"@context":"https:\/\/schema.org","@graph":[{"@type":"Article","@id":"https:\/\/dev.antudigital.cl\/sites\/vc\/explorando-el-patrimonio-sonoro\/#article","isPartOf":{"@id":"https:\/\/dev.antudigital.cl\/sites\/vc\/explorando-el-patrimonio-sonoro\/"},"author":{"name":"Valpara\u00edso Creativo","@id":"https:\/\/dev.antudigital.cl\/sites\/vc\/#\/schema\/person\/c2b9da8dd545e27166fc5ab232837318"},"headline":"Explorando el patrimonio sonoro","datePublished":"2022-09-20T01:07:38+00:00","dateModified":"2022-09-20T01:07:45+00:00","mainEntityOfPage":{"@id":"https:\/\/dev.antudigital.cl\/sites\/vc\/explorando-el-patrimonio-sonoro\/"},"wordCount":487,"commentCount":0,"image":{"@id":"https:\/\/dev.antudigital.cl\/sites\/vc\/explorando-el-patrimonio-sonoro\/#primaryimage"},"thumbnailUrl":"https:\/\/dev.antudigital.cl\/sites\/vc\/wp-content\/uploads\/2022\/09\/307041729_1152091058850287_7142490175893134851_n.jpg","articleSection":["Noticia"],"inLanguage":"es","potentialAction":[{"@type":"CommentAction","name":"Comment","target":["https:\/\/dev.antudigital.cl\/sites\/vc\/explorando-el-patrimonio-sonoro\/#respond"]}]},{"@type":"WebPage","@id":"https:\/\/dev.antudigital.cl\/sites\/vc\/explorando-el-patrimonio-sonoro\/","url":"https:\/\/dev.antudigital.cl\/sites\/vc\/explorando-el-patrimonio-sonoro\/","name":"Explorando el patrimonio sonoro - Valpara\u00ed\u00adso Creativo","isPartOf":{"@id":"https:\/\/dev.antudigital.cl\/sites\/vc\/#website"},"primaryImageOfPage":{"@id":"https:\/\/dev.antudigital.cl\/sites\/vc\/explorando-el-patrimonio-sonoro\/#primaryimage"},"image":{"@id":"https:\/\/dev.antudigital.cl\/sites\/vc\/explorando-el-patrimonio-sonoro\/#primaryimage"},"thumbnailUrl":"https:\/\/dev.antudigital.cl\/sites\/vc\/wp-content\/uploads\/2022\/09\/307041729_1152091058850287_7142490175893134851_n.jpg","datePublished":"2022-09-20T01:07:38+00:00","dateModified":"2022-09-20T01:07:45+00:00","author":{"@id":"https:\/\/dev.antudigital.cl\/sites\/vc\/#\/schema\/person\/c2b9da8dd545e27166fc5ab232837318"},"breadcrumb":{"@id":"https:\/\/dev.antudigital.cl\/sites\/vc\/explorando-el-patrimonio-sonoro\/#breadcrumb"},"inLanguage":"es","potentialAction":[{"@type":"ReadAction","target":["https:\/\/dev.antudigital.cl\/sites\/vc\/explorando-el-patrimonio-sonoro\/"]}]},{"@type":"ImageObject","inLanguage":"es","@id":"https:\/\/dev.antudigital.cl\/sites\/vc\/explorando-el-patrimonio-sonoro\/#primaryimage","url":"https:\/\/dev.antudigital.cl\/sites\/vc\/wp-content\/uploads\/2022\/09\/307041729_1152091058850287_7142490175893134851_n.jpg","contentUrl":"https:\/\/dev.antudigital.cl\/sites\/vc\/wp-content\/uploads\/2022\/09\/307041729_1152091058850287_7142490175893134851_n.jpg","width":1440,"height":960},{"@type":"BreadcrumbList","@id":"https:\/\/dev.antudigital.cl\/sites\/vc\/explorando-el-patrimonio-sonoro\/#breadcrumb","itemListElement":[{"@type":"ListItem","position":1,"name":"Home","item":"https:\/\/dev.antudigital.cl\/sites\/vc\/"},{"@type":"ListItem","position":2,"name":"Explorando el patrimonio sonoro"}]},{"@type":"WebSite","@id":"https:\/\/dev.antudigital.cl\/sites\/vc\/#website","url":"https:\/\/dev.antudigital.cl\/sites\/vc\/","name":"Valpara\u00ed\u00adso Creativo","description":"","potentialAction":[{"@type":"SearchAction","target":{"@type":"EntryPoint","urlTemplate":"https:\/\/dev.antudigital.cl\/sites\/vc\/?s={search_term_string}"},"query-input":{"@type":"PropertyValueSpecification","valueRequired":true,"valueName":"search_term_string"}}],"inLanguage":"es"},{"@type":"Person","@id":"https:\/\/dev.antudigital.cl\/sites\/vc\/#\/schema\/person\/c2b9da8dd545e27166fc5ab232837318","name":"Valpara\u00edso Creativo","description":"Periodista de cultura en la Regi\u00f3n de Valpara\u00edso.","url":"https:\/\/dev.antudigital.cl\/sites\/vc\/author\/valpoadmin\/"}]}},"_links":{"self":[{"href":"https:\/\/dev.antudigital.cl\/sites\/vc\/wp-json\/wp\/v2\/posts\/11664","targetHints":{"allow":["GET"]}}],"collection":[{"href":"https:\/\/dev.antudigital.cl\/sites\/vc\/wp-json\/wp\/v2\/posts"}],"about":[{"href":"https:\/\/dev.antudigital.cl\/sites\/vc\/wp-json\/wp\/v2\/types\/post"}],"author":[{"embeddable":true,"href":"https:\/\/dev.antudigital.cl\/sites\/vc\/wp-json\/wp\/v2\/users\/1"}],"replies":[{"embeddable":true,"href":"https:\/\/dev.antudigital.cl\/sites\/vc\/wp-json\/wp\/v2\/comments?post=11664"}],"version-history":[{"count":1,"href":"https:\/\/dev.antudigital.cl\/sites\/vc\/wp-json\/wp\/v2\/posts\/11664\/revisions"}],"predecessor-version":[{"id":11669,"href":"https:\/\/dev.antudigital.cl\/sites\/vc\/wp-json\/wp\/v2\/posts\/11664\/revisions\/11669"}],"wp:featuredmedia":[{"embeddable":true,"href":"https:\/\/dev.antudigital.cl\/sites\/vc\/wp-json\/wp\/v2\/media\/11667"}],"wp:attachment":[{"href":"https:\/\/dev.antudigital.cl\/sites\/vc\/wp-json\/wp\/v2\/media?parent=11664"}],"wp:term":[{"taxonomy":"category","embeddable":true,"href":"https:\/\/dev.antudigital.cl\/sites\/vc\/wp-json\/wp\/v2\/categories?post=11664"},{"taxonomy":"post_tag","embeddable":true,"href":"https:\/\/dev.antudigital.cl\/sites\/vc\/wp-json\/wp\/v2\/tags?post=11664"}],"curies":[{"name":"wp","href":"https:\/\/api.w.org\/{rel}","templated":true}]}}