{"id":11675,"date":"2022-09-24T14:03:13","date_gmt":"2022-09-24T14:03:13","guid":{"rendered":"https:\/\/www.valparaisocreativo.cl\/?p=11675"},"modified":"2022-09-24T14:03:20","modified_gmt":"2022-09-24T14:03:20","slug":"taller-libro-bordado-de-biblioteca-santiago-severin","status":"publish","type":"post","link":"https:\/\/dev.antudigital.cl\/sites\/vc\/taller-libro-bordado-de-biblioteca-santiago-severin\/","title":{"rendered":"\u00abTaller libro bordado\u00bb de Biblioteca Santiago Sever\u00edn"},"content":{"rendered":"\n<p>Este jueves 29 y s\u00e1bado 01 se dar\u00e1 inicio al \u00abPrograma de actividades de fomento lector 2022\u00bb de Biblioteca Santiago Sever\u00edn, que tiene por objetivos promover el cuidado del medioambiente, fomentar la lectura en espacios con dificultad en el acceso al libro y sensibilizar respecto al valor social de la lectura con formatos no convencionales.<\/p>\n\n\n\n<p><br>En ese contexto y en alianza con l@s amig@s de la Biblioteca Villa Berl\u00edn <a href=\"https:\/\/www.instagram.com\/bibliotecavillaberlin\/\">@bibliotecavillaberlin<\/a> y Biblioteca el Esfuerzo <a href=\"https:\/\/www.instagram.com\/bibliotecaelesfuerzo\/\">@bibliotecaelesfuerzo<\/a> de la Red de Bibliotecas Populares, realizaremos estos entretenidos talleres como lo es el de libro bordado que tendremos el jueves.<\/p>\n\n\n\n<p><br>!Tod@s invitad@s! De manera gratuita. Previa inscripci\u00f3n en <a href=\"https:\/\/www.instagram.com\/biblioseverin\/\">sus redes sociales<\/a>.<\/p>\n\n\n\n<figure class=\"wp-block-image size-full\"><img fetchpriority=\"high\" decoding=\"async\" width=\"594\" height=\"594\" src=\"https:\/\/www.valparaisocreativo.cl\/wp-content\/uploads\/2022\/09\/Captura-de-Pantalla-2022-09-22-a-las-18.42.57.png\" alt=\"\" class=\"wp-image-11677\" srcset=\"https:\/\/dev.antudigital.cl\/sites\/vc\/wp-content\/uploads\/2022\/09\/Captura-de-Pantalla-2022-09-22-a-las-18.42.57.png 594w, https:\/\/dev.antudigital.cl\/sites\/vc\/wp-content\/uploads\/2022\/09\/Captura-de-Pantalla-2022-09-22-a-las-18.42.57-300x300.png 300w, https:\/\/dev.antudigital.cl\/sites\/vc\/wp-content\/uploads\/2022\/09\/Captura-de-Pantalla-2022-09-22-a-las-18.42.57-150x150.png 150w, https:\/\/dev.antudigital.cl\/sites\/vc\/wp-content\/uploads\/2022\/09\/Captura-de-Pantalla-2022-09-22-a-las-18.42.57-480x480.png 480w\" sizes=\"(max-width: 594px) 100vw, 594px\" \/><\/figure>\n","protected":false},"excerpt":{"rendered":"<p>Este jueves 29 y s\u00e1bado 01 se dar\u00e1 inicio al \u00abPrograma de actividades de fomento lector 2022\u00bb de Biblioteca Santiago Sever\u00edn, que tiene por objetivos promover el cuidado del medioambiente, fomentar la lectura en espacios con dificultad en el acceso al libro y sensibilizar respecto al valor social de la lectura con formatos no convencionales. [&hellip;]<\/p>\n","protected":false},"author":1,"featured_media":11676,"comment_status":"open","ping_status":"closed","sticky":false,"template":"","format":"standard","meta":{"_acf_changed":false,"footnotes":""},"categories":[8],"tags":[],"class_list":["post-11675","post","type-post","status-publish","format-standard","has-post-thumbnail","hentry","category-noticia"],"acf":[],"yoast_head":"<!-- This site is optimized with the Yoast SEO plugin v27.1.1 - https:\/\/yoast.com\/product\/yoast-seo-wordpress\/ -->\n<title>&quot;Taller libro bordado&quot; de Biblioteca Santiago Sever\u00edn - Valpara\u00ed\u00adso Creativo<\/title>\n<meta name=\"robots\" content=\"index, follow, max-snippet:-1, max-image-preview:large, max-video-preview:-1\" \/>\n<link rel=\"canonical\" href=\"https:\/\/dev.antudigital.cl\/sites\/vc\/taller-libro-bordado-de-biblioteca-santiago-severin\/\" \/>\n<meta property=\"og:locale\" content=\"es_ES\" \/>\n<meta property=\"og:type\" content=\"article\" \/>\n<meta property=\"og:title\" content=\"&quot;Taller libro bordado&quot; de Biblioteca Santiago Sever\u00edn - Valpara\u00ed\u00adso Creativo\" \/>\n<meta property=\"og:description\" content=\"Este jueves 29 y s\u00e1bado 01 se dar\u00e1 inicio al \u00abPrograma de actividades de fomento lector 2022\u00bb de Biblioteca Santiago Sever\u00edn, que tiene por objetivos promover el cuidado del medioambiente, fomentar la lectura en espacios con dificultad en el acceso al libro y sensibilizar respecto al valor social de la lectura con formatos no convencionales. [&hellip;]\" \/>\n<meta property=\"og:url\" content=\"https:\/\/dev.antudigital.cl\/sites\/vc\/taller-libro-bordado-de-biblioteca-santiago-severin\/\" \/>\n<meta property=\"og:site_name\" content=\"Valpara\u00ed\u00adso Creativo\" \/>\n<meta property=\"article:published_time\" content=\"2022-09-24T14:03:13+00:00\" \/>\n<meta property=\"article:modified_time\" content=\"2022-09-24T14:03:20+00:00\" \/>\n<meta property=\"og:image\" content=\"https:\/\/dev.antudigital.cl\/sites\/vc\/wp-content\/uploads\/2022\/09\/LIBROS.jpg\" \/>\n\t<meta property=\"og:image:width\" content=\"275\" \/>\n\t<meta property=\"og:image:height\" content=\"183\" \/>\n\t<meta property=\"og:image:type\" content=\"image\/jpeg\" \/>\n<meta name=\"author\" content=\"Valpara\u00edso Creativo\" \/>\n<meta name=\"twitter:card\" content=\"summary_large_image\" \/>\n<meta name=\"twitter:label1\" content=\"Escrito por\" \/>\n\t<meta name=\"twitter:data1\" content=\"Valpara\u00edso Creativo\" \/>\n\t<meta name=\"twitter:label2\" content=\"Tiempo de lectura\" \/>\n\t<meta name=\"twitter:data2\" content=\"1 minuto\" \/>\n<script type=\"application\/ld+json\" class=\"yoast-schema-graph\">{\"@context\":\"https:\/\/schema.org\",\"@graph\":[{\"@type\":\"Article\",\"@id\":\"https:\/\/dev.antudigital.cl\/sites\/vc\/taller-libro-bordado-de-biblioteca-santiago-severin\/#article\",\"isPartOf\":{\"@id\":\"https:\/\/dev.antudigital.cl\/sites\/vc\/taller-libro-bordado-de-biblioteca-santiago-severin\/\"},\"author\":{\"name\":\"Valpara\u00edso Creativo\",\"@id\":\"https:\/\/dev.antudigital.cl\/sites\/vc\/#\/schema\/person\/c2b9da8dd545e27166fc5ab232837318\"},\"headline\":\"\u00abTaller libro bordado\u00bb de Biblioteca Santiago Sever\u00edn\",\"datePublished\":\"2022-09-24T14:03:13+00:00\",\"dateModified\":\"2022-09-24T14:03:20+00:00\",\"mainEntityOfPage\":{\"@id\":\"https:\/\/dev.antudigital.cl\/sites\/vc\/taller-libro-bordado-de-biblioteca-santiago-severin\/\"},\"wordCount\":120,\"commentCount\":0,\"image\":{\"@id\":\"https:\/\/dev.antudigital.cl\/sites\/vc\/taller-libro-bordado-de-biblioteca-santiago-severin\/#primaryimage\"},\"thumbnailUrl\":\"https:\/\/dev.antudigital.cl\/sites\/vc\/wp-content\/uploads\/2022\/09\/LIBROS.jpg\",\"articleSection\":[\"Noticia\"],\"inLanguage\":\"es\",\"potentialAction\":[{\"@type\":\"CommentAction\",\"name\":\"Comment\",\"target\":[\"https:\/\/dev.antudigital.cl\/sites\/vc\/taller-libro-bordado-de-biblioteca-santiago-severin\/#respond\"]}]},{\"@type\":\"WebPage\",\"@id\":\"https:\/\/dev.antudigital.cl\/sites\/vc\/taller-libro-bordado-de-biblioteca-santiago-severin\/\",\"url\":\"https:\/\/dev.antudigital.cl\/sites\/vc\/taller-libro-bordado-de-biblioteca-santiago-severin\/\",\"name\":\"\\\"Taller libro bordado\\\" de Biblioteca Santiago Sever\u00edn - Valpara\u00ed\u00adso Creativo\",\"isPartOf\":{\"@id\":\"https:\/\/dev.antudigital.cl\/sites\/vc\/#website\"},\"primaryImageOfPage\":{\"@id\":\"https:\/\/dev.antudigital.cl\/sites\/vc\/taller-libro-bordado-de-biblioteca-santiago-severin\/#primaryimage\"},\"image\":{\"@id\":\"https:\/\/dev.antudigital.cl\/sites\/vc\/taller-libro-bordado-de-biblioteca-santiago-severin\/#primaryimage\"},\"thumbnailUrl\":\"https:\/\/dev.antudigital.cl\/sites\/vc\/wp-content\/uploads\/2022\/09\/LIBROS.jpg\",\"datePublished\":\"2022-09-24T14:03:13+00:00\",\"dateModified\":\"2022-09-24T14:03:20+00:00\",\"author\":{\"@id\":\"https:\/\/dev.antudigital.cl\/sites\/vc\/#\/schema\/person\/c2b9da8dd545e27166fc5ab232837318\"},\"breadcrumb\":{\"@id\":\"https:\/\/dev.antudigital.cl\/sites\/vc\/taller-libro-bordado-de-biblioteca-santiago-severin\/#breadcrumb\"},\"inLanguage\":\"es\",\"potentialAction\":[{\"@type\":\"ReadAction\",\"target\":[\"https:\/\/dev.antudigital.cl\/sites\/vc\/taller-libro-bordado-de-biblioteca-santiago-severin\/\"]}]},{\"@type\":\"ImageObject\",\"inLanguage\":\"es\",\"@id\":\"https:\/\/dev.antudigital.cl\/sites\/vc\/taller-libro-bordado-de-biblioteca-santiago-severin\/#primaryimage\",\"url\":\"https:\/\/dev.antudigital.cl\/sites\/vc\/wp-content\/uploads\/2022\/09\/LIBROS.jpg\",\"contentUrl\":\"https:\/\/dev.antudigital.cl\/sites\/vc\/wp-content\/uploads\/2022\/09\/LIBROS.jpg\",\"width\":275,\"height\":183},{\"@type\":\"BreadcrumbList\",\"@id\":\"https:\/\/dev.antudigital.cl\/sites\/vc\/taller-libro-bordado-de-biblioteca-santiago-severin\/#breadcrumb\",\"itemListElement\":[{\"@type\":\"ListItem\",\"position\":1,\"name\":\"Home\",\"item\":\"https:\/\/dev.antudigital.cl\/sites\/vc\/\"},{\"@type\":\"ListItem\",\"position\":2,\"name\":\"\u00abTaller libro bordado\u00bb de Biblioteca Santiago Sever\u00edn\"}]},{\"@type\":\"WebSite\",\"@id\":\"https:\/\/dev.antudigital.cl\/sites\/vc\/#website\",\"url\":\"https:\/\/dev.antudigital.cl\/sites\/vc\/\",\"name\":\"Valpara\u00ed\u00adso Creativo\",\"description\":\"\",\"potentialAction\":[{\"@type\":\"SearchAction\",\"target\":{\"@type\":\"EntryPoint\",\"urlTemplate\":\"https:\/\/dev.antudigital.cl\/sites\/vc\/?s={search_term_string}\"},\"query-input\":{\"@type\":\"PropertyValueSpecification\",\"valueRequired\":true,\"valueName\":\"search_term_string\"}}],\"inLanguage\":\"es\"},{\"@type\":\"Person\",\"@id\":\"https:\/\/dev.antudigital.cl\/sites\/vc\/#\/schema\/person\/c2b9da8dd545e27166fc5ab232837318\",\"name\":\"Valpara\u00edso Creativo\",\"description\":\"Periodista de cultura en la Regi\u00f3n de Valpara\u00edso.\",\"url\":\"https:\/\/dev.antudigital.cl\/sites\/vc\/author\/valpoadmin\/\"}]}<\/script>\n<!-- \/ Yoast SEO plugin. -->","yoast_head_json":{"title":"\"Taller libro bordado\" de Biblioteca Santiago Sever\u00edn - Valpara\u00ed\u00adso Creativo","robots":{"index":"index","follow":"follow","max-snippet":"max-snippet:-1","max-image-preview":"max-image-preview:large","max-video-preview":"max-video-preview:-1"},"canonical":"https:\/\/dev.antudigital.cl\/sites\/vc\/taller-libro-bordado-de-biblioteca-santiago-severin\/","og_locale":"es_ES","og_type":"article","og_title":"\"Taller libro bordado\" de Biblioteca Santiago Sever\u00edn - Valpara\u00ed\u00adso Creativo","og_description":"Este jueves 29 y s\u00e1bado 01 se dar\u00e1 inicio al \u00abPrograma de actividades de fomento lector 2022\u00bb de Biblioteca Santiago Sever\u00edn, que tiene por objetivos promover el cuidado del medioambiente, fomentar la lectura en espacios con dificultad en el acceso al libro y sensibilizar respecto al valor social de la lectura con formatos no convencionales. [&hellip;]","og_url":"https:\/\/dev.antudigital.cl\/sites\/vc\/taller-libro-bordado-de-biblioteca-santiago-severin\/","og_site_name":"Valpara\u00ed\u00adso Creativo","article_published_time":"2022-09-24T14:03:13+00:00","article_modified_time":"2022-09-24T14:03:20+00:00","og_image":[{"width":275,"height":183,"url":"https:\/\/dev.antudigital.cl\/sites\/vc\/wp-content\/uploads\/2022\/09\/LIBROS.jpg","type":"image\/jpeg"}],"author":"Valpara\u00edso Creativo","twitter_card":"summary_large_image","twitter_misc":{"Escrito por":"Valpara\u00edso Creativo","Tiempo de lectura":"1 minuto"},"schema":{"@context":"https:\/\/schema.org","@graph":[{"@type":"Article","@id":"https:\/\/dev.antudigital.cl\/sites\/vc\/taller-libro-bordado-de-biblioteca-santiago-severin\/#article","isPartOf":{"@id":"https:\/\/dev.antudigital.cl\/sites\/vc\/taller-libro-bordado-de-biblioteca-santiago-severin\/"},"author":{"name":"Valpara\u00edso Creativo","@id":"https:\/\/dev.antudigital.cl\/sites\/vc\/#\/schema\/person\/c2b9da8dd545e27166fc5ab232837318"},"headline":"\u00abTaller libro bordado\u00bb de Biblioteca Santiago Sever\u00edn","datePublished":"2022-09-24T14:03:13+00:00","dateModified":"2022-09-24T14:03:20+00:00","mainEntityOfPage":{"@id":"https:\/\/dev.antudigital.cl\/sites\/vc\/taller-libro-bordado-de-biblioteca-santiago-severin\/"},"wordCount":120,"commentCount":0,"image":{"@id":"https:\/\/dev.antudigital.cl\/sites\/vc\/taller-libro-bordado-de-biblioteca-santiago-severin\/#primaryimage"},"thumbnailUrl":"https:\/\/dev.antudigital.cl\/sites\/vc\/wp-content\/uploads\/2022\/09\/LIBROS.jpg","articleSection":["Noticia"],"inLanguage":"es","potentialAction":[{"@type":"CommentAction","name":"Comment","target":["https:\/\/dev.antudigital.cl\/sites\/vc\/taller-libro-bordado-de-biblioteca-santiago-severin\/#respond"]}]},{"@type":"WebPage","@id":"https:\/\/dev.antudigital.cl\/sites\/vc\/taller-libro-bordado-de-biblioteca-santiago-severin\/","url":"https:\/\/dev.antudigital.cl\/sites\/vc\/taller-libro-bordado-de-biblioteca-santiago-severin\/","name":"\"Taller libro bordado\" de Biblioteca Santiago Sever\u00edn - Valpara\u00ed\u00adso Creativo","isPartOf":{"@id":"https:\/\/dev.antudigital.cl\/sites\/vc\/#website"},"primaryImageOfPage":{"@id":"https:\/\/dev.antudigital.cl\/sites\/vc\/taller-libro-bordado-de-biblioteca-santiago-severin\/#primaryimage"},"image":{"@id":"https:\/\/dev.antudigital.cl\/sites\/vc\/taller-libro-bordado-de-biblioteca-santiago-severin\/#primaryimage"},"thumbnailUrl":"https:\/\/dev.antudigital.cl\/sites\/vc\/wp-content\/uploads\/2022\/09\/LIBROS.jpg","datePublished":"2022-09-24T14:03:13+00:00","dateModified":"2022-09-24T14:03:20+00:00","author":{"@id":"https:\/\/dev.antudigital.cl\/sites\/vc\/#\/schema\/person\/c2b9da8dd545e27166fc5ab232837318"},"breadcrumb":{"@id":"https:\/\/dev.antudigital.cl\/sites\/vc\/taller-libro-bordado-de-biblioteca-santiago-severin\/#breadcrumb"},"inLanguage":"es","potentialAction":[{"@type":"ReadAction","target":["https:\/\/dev.antudigital.cl\/sites\/vc\/taller-libro-bordado-de-biblioteca-santiago-severin\/"]}]},{"@type":"ImageObject","inLanguage":"es","@id":"https:\/\/dev.antudigital.cl\/sites\/vc\/taller-libro-bordado-de-biblioteca-santiago-severin\/#primaryimage","url":"https:\/\/dev.antudigital.cl\/sites\/vc\/wp-content\/uploads\/2022\/09\/LIBROS.jpg","contentUrl":"https:\/\/dev.antudigital.cl\/sites\/vc\/wp-content\/uploads\/2022\/09\/LIBROS.jpg","width":275,"height":183},{"@type":"BreadcrumbList","@id":"https:\/\/dev.antudigital.cl\/sites\/vc\/taller-libro-bordado-de-biblioteca-santiago-severin\/#breadcrumb","itemListElement":[{"@type":"ListItem","position":1,"name":"Home","item":"https:\/\/dev.antudigital.cl\/sites\/vc\/"},{"@type":"ListItem","position":2,"name":"\u00abTaller libro bordado\u00bb de Biblioteca Santiago Sever\u00edn"}]},{"@type":"WebSite","@id":"https:\/\/dev.antudigital.cl\/sites\/vc\/#website","url":"https:\/\/dev.antudigital.cl\/sites\/vc\/","name":"Valpara\u00ed\u00adso Creativo","description":"","potentialAction":[{"@type":"SearchAction","target":{"@type":"EntryPoint","urlTemplate":"https:\/\/dev.antudigital.cl\/sites\/vc\/?s={search_term_string}"},"query-input":{"@type":"PropertyValueSpecification","valueRequired":true,"valueName":"search_term_string"}}],"inLanguage":"es"},{"@type":"Person","@id":"https:\/\/dev.antudigital.cl\/sites\/vc\/#\/schema\/person\/c2b9da8dd545e27166fc5ab232837318","name":"Valpara\u00edso Creativo","description":"Periodista de cultura en la Regi\u00f3n de Valpara\u00edso.","url":"https:\/\/dev.antudigital.cl\/sites\/vc\/author\/valpoadmin\/"}]}},"_links":{"self":[{"href":"https:\/\/dev.antudigital.cl\/sites\/vc\/wp-json\/wp\/v2\/posts\/11675","targetHints":{"allow":["GET"]}}],"collection":[{"href":"https:\/\/dev.antudigital.cl\/sites\/vc\/wp-json\/wp\/v2\/posts"}],"about":[{"href":"https:\/\/dev.antudigital.cl\/sites\/vc\/wp-json\/wp\/v2\/types\/post"}],"author":[{"embeddable":true,"href":"https:\/\/dev.antudigital.cl\/sites\/vc\/wp-json\/wp\/v2\/users\/1"}],"replies":[{"embeddable":true,"href":"https:\/\/dev.antudigital.cl\/sites\/vc\/wp-json\/wp\/v2\/comments?post=11675"}],"version-history":[{"count":2,"href":"https:\/\/dev.antudigital.cl\/sites\/vc\/wp-json\/wp\/v2\/posts\/11675\/revisions"}],"predecessor-version":[{"id":11679,"href":"https:\/\/dev.antudigital.cl\/sites\/vc\/wp-json\/wp\/v2\/posts\/11675\/revisions\/11679"}],"wp:featuredmedia":[{"embeddable":true,"href":"https:\/\/dev.antudigital.cl\/sites\/vc\/wp-json\/wp\/v2\/media\/11676"}],"wp:attachment":[{"href":"https:\/\/dev.antudigital.cl\/sites\/vc\/wp-json\/wp\/v2\/media?parent=11675"}],"wp:term":[{"taxonomy":"category","embeddable":true,"href":"https:\/\/dev.antudigital.cl\/sites\/vc\/wp-json\/wp\/v2\/categories?post=11675"},{"taxonomy":"post_tag","embeddable":true,"href":"https:\/\/dev.antudigital.cl\/sites\/vc\/wp-json\/wp\/v2\/tags?post=11675"}],"curies":[{"name":"wp","href":"https:\/\/api.w.org\/{rel}","templated":true}]}}