{"id":11692,"date":"2022-09-24T15:42:03","date_gmt":"2022-09-24T15:42:03","guid":{"rendered":"https:\/\/www.valparaisocreativo.cl\/?p=11692"},"modified":"2022-09-24T15:42:13","modified_gmt":"2022-09-24T15:42:13","slug":"primer-festival-en-chile-sobre-ciudad-e-infancia-invita-a-transformar-vina-del-mar-a-traves-de-intervenciones-en-el-espacio-publico","status":"publish","type":"post","link":"https:\/\/dev.antudigital.cl\/sites\/vc\/primer-festival-en-chile-sobre-ciudad-e-infancia-invita-a-transformar-vina-del-mar-a-traves-de-intervenciones-en-el-espacio-publico\/","title":{"rendered":"Primer festival en Chile sobre ciudad e infancia invita a transformar Vi\u00f1a del Mar a trav\u00e9s de intervenciones en el espacio p\u00fablico"},"content":{"rendered":"\n<p>Del 3 al 8 de octubre se realizar\u00e1 en Vi\u00f1a del Mar el Festival <strong><a href=\"https:\/\/www.facebook.com\/LOCUS-109784765075691\">LOCUS<\/a><\/strong>, que invita a ni\u00f1as, ni\u00f1os y adolescentes a so\u00f1ar la ciudad en que quieren vivir.<\/p>\n\n\n\n<p>Organizado por la <strong>Fundaci\u00f3n Escala Com\u00fan<\/strong>, con el apoyo de la Municipalidad de Vi\u00f1a del Mar y con el financiamiento del Fondo Nacional de Desarrollo Cultural y las Artes l\u00ednea de organizaci\u00f3n de festivales, ferias y encuentros convocatoria 2022, LOCUS es un festival internacional <strong>dedicado a la inclusi\u00f3n de las ideas y participaci\u00f3n de la infancia y adolescencia en la creaci\u00f3n de su ciudad, <\/strong>donde con una serie de intervenciones p\u00fablicas y actividades para toda la familia, junto a un congreso internacional con expertos, se le dar\u00e1 el espacio a la participaci\u00f3n infantil en el dise\u00f1o de sus ciudades.<\/p>\n\n\n\n<p><strong>Intervenciones urbanas y actividades en los espacios p\u00fablicos de Vi\u00f1a del Mar<\/strong><\/p>\n\n\n\n<p>Durante cinco d\u00edas el Festival LOCUS transformar\u00e1 la ciudad de Vi\u00f1a del Mar en un experimento creativo y colaborativo a trav\u00e9s de intervenciones de urbanismo t\u00e1ctico seleccionadas en el concurso de arquitectura Genius Loci y cuyo jurado estuvo compuesto por ni\u00f1as y ni\u00f1os junto a expertos.&nbsp;<\/p>\n\n\n\n<p>Este concurso nace de la visi\u00f3n e ideas de ni\u00f1os, ni\u00f1as y j\u00f3venes durante su participaci\u00f3n en los workshops realizados en el marco de LOCUS, encuentros que fueron apoyados por estudiantes de Arquitectura y Dise\u00f1o de la Pontificia Universidad Cat\u00f3lica de Valpara\u00edso y de la Universidad T\u00e9cnica Federico Santa Mar\u00eda.&nbsp;<\/p>\n\n\n\n<p>Desde el lunes 3 de octubre, Festival LOCUS activar\u00e1 estas cuatro intervenciones en espacios p\u00fablicos para que toda la ciudadan\u00eda pueda conocerlas y disfrutarlas junto con activaciones art\u00edsticas y l\u00fadicas: Plaza Parroquia, terreno de EFE al costado de la estaci\u00f3n de Vi\u00f1a del Mar, el skatepark de Sausalito y la plaza del Palacio Carrasco.<\/p>\n\n\n\n<p><strong>Congreso Digital Internacional Ciudad e Infancia<\/strong><\/p>\n\n\n\n<p>A su vez, LOCUS realizar\u00e1 el Congreso Ciudad e Infancia, donde con una serie de workshops abiertos a todo p\u00fablico que ser\u00e1n transmitidos online a trav\u00e9s de <a href=\"http:\/\/www.locusfest.cl\">www.locusfest.cl<\/a>, se dialogar\u00e1 en torno a todo lo que se est\u00e1 realizando alrededor del mundo respecto a las ciudades e infancias, para as\u00ed definir nuevas estrategias para avanzar hacia lugares habitables m\u00e1s inclusivos, accesibles y amigables para todos.<\/p>\n\n\n\n<p>Dentro de los expertos que expondr\u00e1n durante este congreso se encuentran Marta Rom\u00e1n, ge\u00f3grafa de infancia consultora de Gea21; Mat\u00edas Knust, soci\u00f3logo de las infancias y director de la Fundaci\u00f3n CIFREP.; Cecilia Vaca-Jones, consultora en materia de pol\u00edticas sociales; Tim Gill es acad\u00e9mico, escritor y consultor independiente; Rodrigo Mayorga, historiador, profesor y antrop\u00f3logo educacional; y Felipe Lecannelier, psic\u00f3logo cl\u00ednico de formaci\u00f3n, especializado en temas relativos al apego infantil, el trauma, infancia y salud mental.\u00a0<\/p>\n\n\n\n<p>Detalles de la programaci\u00f3n de actividades en <a href=\"http:\/\/www.locusfest.cl\">www.locusfest.cl<\/a> y en Instagram <a href=\"https:\/\/www.instagram.com\/locusfest\/\">@locusfest<\/a>\u00a0<\/p>\n\n\n\n<figure class=\"wp-block-image size-large\"><img fetchpriority=\"high\" decoding=\"async\" width=\"717\" height=\"1024\" src=\"https:\/\/www.valparaisocreativo.cl\/wp-content\/uploads\/2022\/09\/Afiche-Locus-717x1024.jpg\" alt=\"\" class=\"wp-image-11693\" srcset=\"https:\/\/dev.antudigital.cl\/sites\/vc\/wp-content\/uploads\/2022\/09\/Afiche-Locus-717x1024.jpg 717w, https:\/\/dev.antudigital.cl\/sites\/vc\/wp-content\/uploads\/2022\/09\/Afiche-Locus-210x300.jpg 210w, https:\/\/dev.antudigital.cl\/sites\/vc\/wp-content\/uploads\/2022\/09\/Afiche-Locus-768x1097.jpg 768w, https:\/\/dev.antudigital.cl\/sites\/vc\/wp-content\/uploads\/2022\/09\/Afiche-Locus-1075x1536.jpg 1075w, https:\/\/dev.antudigital.cl\/sites\/vc\/wp-content\/uploads\/2022\/09\/Afiche-Locus-1434x2048.jpg 1434w, https:\/\/dev.antudigital.cl\/sites\/vc\/wp-content\/uploads\/2022\/09\/Afiche-Locus-1080x1543.jpg 1080w, https:\/\/dev.antudigital.cl\/sites\/vc\/wp-content\/uploads\/2022\/09\/Afiche-Locus-1280x1829.jpg 1280w, https:\/\/dev.antudigital.cl\/sites\/vc\/wp-content\/uploads\/2022\/09\/Afiche-Locus-980x1400.jpg 980w, https:\/\/dev.antudigital.cl\/sites\/vc\/wp-content\/uploads\/2022\/09\/Afiche-Locus-480x686.jpg 480w, https:\/\/dev.antudigital.cl\/sites\/vc\/wp-content\/uploads\/2022\/09\/Afiche-Locus-scaled.jpg 1792w\" sizes=\"(max-width: 717px) 100vw, 717px\" \/><\/figure>\n","protected":false},"excerpt":{"rendered":"<p>Del 3 al 8 de octubre se realizar\u00e1 en Vi\u00f1a del Mar el Festival LOCUS, que invita a ni\u00f1as, ni\u00f1os y adolescentes a so\u00f1ar la ciudad en que quieren vivir. Organizado por la Fundaci\u00f3n Escala Com\u00fan, con el apoyo de la Municipalidad de Vi\u00f1a del Mar y con el financiamiento del Fondo Nacional de Desarrollo [&hellip;]<\/p>\n","protected":false},"author":1,"featured_media":11694,"comment_status":"open","ping_status":"closed","sticky":false,"template":"","format":"standard","meta":{"_acf_changed":false,"footnotes":""},"categories":[8],"tags":[],"class_list":["post-11692","post","type-post","status-publish","format-standard","has-post-thumbnail","hentry","category-noticia"],"acf":[],"yoast_head":"<!-- This site is optimized with the Yoast SEO plugin v27.1.1 - https:\/\/yoast.com\/product\/yoast-seo-wordpress\/ -->\n<title>Primer festival en Chile sobre ciudad e infancia invita a transformar Vi\u00f1a del Mar a trav\u00e9s de intervenciones en el espacio p\u00fablico - Valpara\u00ed\u00adso Creativo<\/title>\n<meta name=\"robots\" content=\"index, follow, max-snippet:-1, max-image-preview:large, max-video-preview:-1\" \/>\n<link rel=\"canonical\" href=\"https:\/\/dev.antudigital.cl\/sites\/vc\/primer-festival-en-chile-sobre-ciudad-e-infancia-invita-a-transformar-vina-del-mar-a-traves-de-intervenciones-en-el-espacio-publico\/\" \/>\n<meta property=\"og:locale\" content=\"es_ES\" \/>\n<meta property=\"og:type\" content=\"article\" \/>\n<meta property=\"og:title\" content=\"Primer festival en Chile sobre ciudad e infancia invita a transformar Vi\u00f1a del Mar a trav\u00e9s de intervenciones en el espacio p\u00fablico - Valpara\u00ed\u00adso Creativo\" \/>\n<meta property=\"og:description\" content=\"Del 3 al 8 de octubre se realizar\u00e1 en Vi\u00f1a del Mar el Festival LOCUS, que invita a ni\u00f1as, ni\u00f1os y adolescentes a so\u00f1ar la ciudad en que quieren vivir. Organizado por la Fundaci\u00f3n Escala Com\u00fan, con el apoyo de la Municipalidad de Vi\u00f1a del Mar y con el financiamiento del Fondo Nacional de Desarrollo [&hellip;]\" \/>\n<meta property=\"og:url\" content=\"https:\/\/dev.antudigital.cl\/sites\/vc\/primer-festival-en-chile-sobre-ciudad-e-infancia-invita-a-transformar-vina-del-mar-a-traves-de-intervenciones-en-el-espacio-publico\/\" \/>\n<meta property=\"og:site_name\" content=\"Valpara\u00ed\u00adso Creativo\" \/>\n<meta property=\"article:published_time\" content=\"2022-09-24T15:42:03+00:00\" \/>\n<meta property=\"article:modified_time\" content=\"2022-09-24T15:42:13+00:00\" \/>\n<meta property=\"og:image\" content=\"https:\/\/dev.antudigital.cl\/sites\/vc\/wp-content\/uploads\/2022\/09\/306898643_146947858026048_9116061964456837664_n.jpg\" \/>\n\t<meta property=\"og:image:width\" content=\"937\" \/>\n\t<meta property=\"og:image:height\" content=\"310\" \/>\n\t<meta property=\"og:image:type\" content=\"image\/jpeg\" \/>\n<meta name=\"author\" content=\"Valpara\u00edso Creativo\" \/>\n<meta name=\"twitter:card\" content=\"summary_large_image\" \/>\n<meta name=\"twitter:label1\" content=\"Escrito por\" \/>\n\t<meta name=\"twitter:data1\" content=\"Valpara\u00edso Creativo\" \/>\n\t<meta name=\"twitter:label2\" content=\"Tiempo de lectura\" \/>\n\t<meta name=\"twitter:data2\" content=\"3 minutos\" \/>\n<script type=\"application\/ld+json\" class=\"yoast-schema-graph\">{\"@context\":\"https:\/\/schema.org\",\"@graph\":[{\"@type\":\"Article\",\"@id\":\"https:\/\/dev.antudigital.cl\/sites\/vc\/primer-festival-en-chile-sobre-ciudad-e-infancia-invita-a-transformar-vina-del-mar-a-traves-de-intervenciones-en-el-espacio-publico\/#article\",\"isPartOf\":{\"@id\":\"https:\/\/dev.antudigital.cl\/sites\/vc\/primer-festival-en-chile-sobre-ciudad-e-infancia-invita-a-transformar-vina-del-mar-a-traves-de-intervenciones-en-el-espacio-publico\/\"},\"author\":{\"name\":\"Valpara\u00edso Creativo\",\"@id\":\"https:\/\/dev.antudigital.cl\/sites\/vc\/#\/schema\/person\/c2b9da8dd545e27166fc5ab232837318\"},\"headline\":\"Primer festival en Chile sobre ciudad e infancia invita a transformar Vi\u00f1a del Mar a trav\u00e9s de intervenciones en el espacio p\u00fablico\",\"datePublished\":\"2022-09-24T15:42:03+00:00\",\"dateModified\":\"2022-09-24T15:42:13+00:00\",\"mainEntityOfPage\":{\"@id\":\"https:\/\/dev.antudigital.cl\/sites\/vc\/primer-festival-en-chile-sobre-ciudad-e-infancia-invita-a-transformar-vina-del-mar-a-traves-de-intervenciones-en-el-espacio-publico\/\"},\"wordCount\":531,\"commentCount\":0,\"image\":{\"@id\":\"https:\/\/dev.antudigital.cl\/sites\/vc\/primer-festival-en-chile-sobre-ciudad-e-infancia-invita-a-transformar-vina-del-mar-a-traves-de-intervenciones-en-el-espacio-publico\/#primaryimage\"},\"thumbnailUrl\":\"https:\/\/dev.antudigital.cl\/sites\/vc\/wp-content\/uploads\/2022\/09\/306898643_146947858026048_9116061964456837664_n.jpg\",\"articleSection\":[\"Noticia\"],\"inLanguage\":\"es\",\"potentialAction\":[{\"@type\":\"CommentAction\",\"name\":\"Comment\",\"target\":[\"https:\/\/dev.antudigital.cl\/sites\/vc\/primer-festival-en-chile-sobre-ciudad-e-infancia-invita-a-transformar-vina-del-mar-a-traves-de-intervenciones-en-el-espacio-publico\/#respond\"]}]},{\"@type\":\"WebPage\",\"@id\":\"https:\/\/dev.antudigital.cl\/sites\/vc\/primer-festival-en-chile-sobre-ciudad-e-infancia-invita-a-transformar-vina-del-mar-a-traves-de-intervenciones-en-el-espacio-publico\/\",\"url\":\"https:\/\/dev.antudigital.cl\/sites\/vc\/primer-festival-en-chile-sobre-ciudad-e-infancia-invita-a-transformar-vina-del-mar-a-traves-de-intervenciones-en-el-espacio-publico\/\",\"name\":\"Primer festival en Chile sobre ciudad e infancia invita a transformar Vi\u00f1a del Mar a trav\u00e9s de intervenciones en el espacio p\u00fablico - Valpara\u00ed\u00adso Creativo\",\"isPartOf\":{\"@id\":\"https:\/\/dev.antudigital.cl\/sites\/vc\/#website\"},\"primaryImageOfPage\":{\"@id\":\"https:\/\/dev.antudigital.cl\/sites\/vc\/primer-festival-en-chile-sobre-ciudad-e-infancia-invita-a-transformar-vina-del-mar-a-traves-de-intervenciones-en-el-espacio-publico\/#primaryimage\"},\"image\":{\"@id\":\"https:\/\/dev.antudigital.cl\/sites\/vc\/primer-festival-en-chile-sobre-ciudad-e-infancia-invita-a-transformar-vina-del-mar-a-traves-de-intervenciones-en-el-espacio-publico\/#primaryimage\"},\"thumbnailUrl\":\"https:\/\/dev.antudigital.cl\/sites\/vc\/wp-content\/uploads\/2022\/09\/306898643_146947858026048_9116061964456837664_n.jpg\",\"datePublished\":\"2022-09-24T15:42:03+00:00\",\"dateModified\":\"2022-09-24T15:42:13+00:00\",\"author\":{\"@id\":\"https:\/\/dev.antudigital.cl\/sites\/vc\/#\/schema\/person\/c2b9da8dd545e27166fc5ab232837318\"},\"breadcrumb\":{\"@id\":\"https:\/\/dev.antudigital.cl\/sites\/vc\/primer-festival-en-chile-sobre-ciudad-e-infancia-invita-a-transformar-vina-del-mar-a-traves-de-intervenciones-en-el-espacio-publico\/#breadcrumb\"},\"inLanguage\":\"es\",\"potentialAction\":[{\"@type\":\"ReadAction\",\"target\":[\"https:\/\/dev.antudigital.cl\/sites\/vc\/primer-festival-en-chile-sobre-ciudad-e-infancia-invita-a-transformar-vina-del-mar-a-traves-de-intervenciones-en-el-espacio-publico\/\"]}]},{\"@type\":\"ImageObject\",\"inLanguage\":\"es\",\"@id\":\"https:\/\/dev.antudigital.cl\/sites\/vc\/primer-festival-en-chile-sobre-ciudad-e-infancia-invita-a-transformar-vina-del-mar-a-traves-de-intervenciones-en-el-espacio-publico\/#primaryimage\",\"url\":\"https:\/\/dev.antudigital.cl\/sites\/vc\/wp-content\/uploads\/2022\/09\/306898643_146947858026048_9116061964456837664_n.jpg\",\"contentUrl\":\"https:\/\/dev.antudigital.cl\/sites\/vc\/wp-content\/uploads\/2022\/09\/306898643_146947858026048_9116061964456837664_n.jpg\",\"width\":937,\"height\":310},{\"@type\":\"BreadcrumbList\",\"@id\":\"https:\/\/dev.antudigital.cl\/sites\/vc\/primer-festival-en-chile-sobre-ciudad-e-infancia-invita-a-transformar-vina-del-mar-a-traves-de-intervenciones-en-el-espacio-publico\/#breadcrumb\",\"itemListElement\":[{\"@type\":\"ListItem\",\"position\":1,\"name\":\"Home\",\"item\":\"https:\/\/dev.antudigital.cl\/sites\/vc\/\"},{\"@type\":\"ListItem\",\"position\":2,\"name\":\"Primer festival en Chile sobre ciudad e infancia invita a transformar Vi\u00f1a del Mar a trav\u00e9s de intervenciones en el espacio p\u00fablico\"}]},{\"@type\":\"WebSite\",\"@id\":\"https:\/\/dev.antudigital.cl\/sites\/vc\/#website\",\"url\":\"https:\/\/dev.antudigital.cl\/sites\/vc\/\",\"name\":\"Valpara\u00ed\u00adso Creativo\",\"description\":\"\",\"potentialAction\":[{\"@type\":\"SearchAction\",\"target\":{\"@type\":\"EntryPoint\",\"urlTemplate\":\"https:\/\/dev.antudigital.cl\/sites\/vc\/?s={search_term_string}\"},\"query-input\":{\"@type\":\"PropertyValueSpecification\",\"valueRequired\":true,\"valueName\":\"search_term_string\"}}],\"inLanguage\":\"es\"},{\"@type\":\"Person\",\"@id\":\"https:\/\/dev.antudigital.cl\/sites\/vc\/#\/schema\/person\/c2b9da8dd545e27166fc5ab232837318\",\"name\":\"Valpara\u00edso Creativo\",\"description\":\"Periodista de cultura en la Regi\u00f3n de Valpara\u00edso.\",\"url\":\"https:\/\/dev.antudigital.cl\/sites\/vc\/author\/valpoadmin\/\"}]}<\/script>\n<!-- \/ Yoast SEO plugin. -->","yoast_head_json":{"title":"Primer festival en Chile sobre ciudad e infancia invita a transformar Vi\u00f1a del Mar a trav\u00e9s de intervenciones en el espacio p\u00fablico - Valpara\u00ed\u00adso Creativo","robots":{"index":"index","follow":"follow","max-snippet":"max-snippet:-1","max-image-preview":"max-image-preview:large","max-video-preview":"max-video-preview:-1"},"canonical":"https:\/\/dev.antudigital.cl\/sites\/vc\/primer-festival-en-chile-sobre-ciudad-e-infancia-invita-a-transformar-vina-del-mar-a-traves-de-intervenciones-en-el-espacio-publico\/","og_locale":"es_ES","og_type":"article","og_title":"Primer festival en Chile sobre ciudad e infancia invita a transformar Vi\u00f1a del Mar a trav\u00e9s de intervenciones en el espacio p\u00fablico - Valpara\u00ed\u00adso Creativo","og_description":"Del 3 al 8 de octubre se realizar\u00e1 en Vi\u00f1a del Mar el Festival LOCUS, que invita a ni\u00f1as, ni\u00f1os y adolescentes a so\u00f1ar la ciudad en que quieren vivir. Organizado por la Fundaci\u00f3n Escala Com\u00fan, con el apoyo de la Municipalidad de Vi\u00f1a del Mar y con el financiamiento del Fondo Nacional de Desarrollo [&hellip;]","og_url":"https:\/\/dev.antudigital.cl\/sites\/vc\/primer-festival-en-chile-sobre-ciudad-e-infancia-invita-a-transformar-vina-del-mar-a-traves-de-intervenciones-en-el-espacio-publico\/","og_site_name":"Valpara\u00ed\u00adso Creativo","article_published_time":"2022-09-24T15:42:03+00:00","article_modified_time":"2022-09-24T15:42:13+00:00","og_image":[{"width":937,"height":310,"url":"https:\/\/dev.antudigital.cl\/sites\/vc\/wp-content\/uploads\/2022\/09\/306898643_146947858026048_9116061964456837664_n.jpg","type":"image\/jpeg"}],"author":"Valpara\u00edso Creativo","twitter_card":"summary_large_image","twitter_misc":{"Escrito por":"Valpara\u00edso Creativo","Tiempo de lectura":"3 minutos"},"schema":{"@context":"https:\/\/schema.org","@graph":[{"@type":"Article","@id":"https:\/\/dev.antudigital.cl\/sites\/vc\/primer-festival-en-chile-sobre-ciudad-e-infancia-invita-a-transformar-vina-del-mar-a-traves-de-intervenciones-en-el-espacio-publico\/#article","isPartOf":{"@id":"https:\/\/dev.antudigital.cl\/sites\/vc\/primer-festival-en-chile-sobre-ciudad-e-infancia-invita-a-transformar-vina-del-mar-a-traves-de-intervenciones-en-el-espacio-publico\/"},"author":{"name":"Valpara\u00edso Creativo","@id":"https:\/\/dev.antudigital.cl\/sites\/vc\/#\/schema\/person\/c2b9da8dd545e27166fc5ab232837318"},"headline":"Primer festival en Chile sobre ciudad e infancia invita a transformar Vi\u00f1a del Mar a trav\u00e9s de intervenciones en el espacio p\u00fablico","datePublished":"2022-09-24T15:42:03+00:00","dateModified":"2022-09-24T15:42:13+00:00","mainEntityOfPage":{"@id":"https:\/\/dev.antudigital.cl\/sites\/vc\/primer-festival-en-chile-sobre-ciudad-e-infancia-invita-a-transformar-vina-del-mar-a-traves-de-intervenciones-en-el-espacio-publico\/"},"wordCount":531,"commentCount":0,"image":{"@id":"https:\/\/dev.antudigital.cl\/sites\/vc\/primer-festival-en-chile-sobre-ciudad-e-infancia-invita-a-transformar-vina-del-mar-a-traves-de-intervenciones-en-el-espacio-publico\/#primaryimage"},"thumbnailUrl":"https:\/\/dev.antudigital.cl\/sites\/vc\/wp-content\/uploads\/2022\/09\/306898643_146947858026048_9116061964456837664_n.jpg","articleSection":["Noticia"],"inLanguage":"es","potentialAction":[{"@type":"CommentAction","name":"Comment","target":["https:\/\/dev.antudigital.cl\/sites\/vc\/primer-festival-en-chile-sobre-ciudad-e-infancia-invita-a-transformar-vina-del-mar-a-traves-de-intervenciones-en-el-espacio-publico\/#respond"]}]},{"@type":"WebPage","@id":"https:\/\/dev.antudigital.cl\/sites\/vc\/primer-festival-en-chile-sobre-ciudad-e-infancia-invita-a-transformar-vina-del-mar-a-traves-de-intervenciones-en-el-espacio-publico\/","url":"https:\/\/dev.antudigital.cl\/sites\/vc\/primer-festival-en-chile-sobre-ciudad-e-infancia-invita-a-transformar-vina-del-mar-a-traves-de-intervenciones-en-el-espacio-publico\/","name":"Primer festival en Chile sobre ciudad e infancia invita a transformar Vi\u00f1a del Mar a trav\u00e9s de intervenciones en el espacio p\u00fablico - Valpara\u00ed\u00adso Creativo","isPartOf":{"@id":"https:\/\/dev.antudigital.cl\/sites\/vc\/#website"},"primaryImageOfPage":{"@id":"https:\/\/dev.antudigital.cl\/sites\/vc\/primer-festival-en-chile-sobre-ciudad-e-infancia-invita-a-transformar-vina-del-mar-a-traves-de-intervenciones-en-el-espacio-publico\/#primaryimage"},"image":{"@id":"https:\/\/dev.antudigital.cl\/sites\/vc\/primer-festival-en-chile-sobre-ciudad-e-infancia-invita-a-transformar-vina-del-mar-a-traves-de-intervenciones-en-el-espacio-publico\/#primaryimage"},"thumbnailUrl":"https:\/\/dev.antudigital.cl\/sites\/vc\/wp-content\/uploads\/2022\/09\/306898643_146947858026048_9116061964456837664_n.jpg","datePublished":"2022-09-24T15:42:03+00:00","dateModified":"2022-09-24T15:42:13+00:00","author":{"@id":"https:\/\/dev.antudigital.cl\/sites\/vc\/#\/schema\/person\/c2b9da8dd545e27166fc5ab232837318"},"breadcrumb":{"@id":"https:\/\/dev.antudigital.cl\/sites\/vc\/primer-festival-en-chile-sobre-ciudad-e-infancia-invita-a-transformar-vina-del-mar-a-traves-de-intervenciones-en-el-espacio-publico\/#breadcrumb"},"inLanguage":"es","potentialAction":[{"@type":"ReadAction","target":["https:\/\/dev.antudigital.cl\/sites\/vc\/primer-festival-en-chile-sobre-ciudad-e-infancia-invita-a-transformar-vina-del-mar-a-traves-de-intervenciones-en-el-espacio-publico\/"]}]},{"@type":"ImageObject","inLanguage":"es","@id":"https:\/\/dev.antudigital.cl\/sites\/vc\/primer-festival-en-chile-sobre-ciudad-e-infancia-invita-a-transformar-vina-del-mar-a-traves-de-intervenciones-en-el-espacio-publico\/#primaryimage","url":"https:\/\/dev.antudigital.cl\/sites\/vc\/wp-content\/uploads\/2022\/09\/306898643_146947858026048_9116061964456837664_n.jpg","contentUrl":"https:\/\/dev.antudigital.cl\/sites\/vc\/wp-content\/uploads\/2022\/09\/306898643_146947858026048_9116061964456837664_n.jpg","width":937,"height":310},{"@type":"BreadcrumbList","@id":"https:\/\/dev.antudigital.cl\/sites\/vc\/primer-festival-en-chile-sobre-ciudad-e-infancia-invita-a-transformar-vina-del-mar-a-traves-de-intervenciones-en-el-espacio-publico\/#breadcrumb","itemListElement":[{"@type":"ListItem","position":1,"name":"Home","item":"https:\/\/dev.antudigital.cl\/sites\/vc\/"},{"@type":"ListItem","position":2,"name":"Primer festival en Chile sobre ciudad e infancia invita a transformar Vi\u00f1a del Mar a trav\u00e9s de intervenciones en el espacio p\u00fablico"}]},{"@type":"WebSite","@id":"https:\/\/dev.antudigital.cl\/sites\/vc\/#website","url":"https:\/\/dev.antudigital.cl\/sites\/vc\/","name":"Valpara\u00ed\u00adso Creativo","description":"","potentialAction":[{"@type":"SearchAction","target":{"@type":"EntryPoint","urlTemplate":"https:\/\/dev.antudigital.cl\/sites\/vc\/?s={search_term_string}"},"query-input":{"@type":"PropertyValueSpecification","valueRequired":true,"valueName":"search_term_string"}}],"inLanguage":"es"},{"@type":"Person","@id":"https:\/\/dev.antudigital.cl\/sites\/vc\/#\/schema\/person\/c2b9da8dd545e27166fc5ab232837318","name":"Valpara\u00edso Creativo","description":"Periodista de cultura en la Regi\u00f3n de Valpara\u00edso.","url":"https:\/\/dev.antudigital.cl\/sites\/vc\/author\/valpoadmin\/"}]}},"_links":{"self":[{"href":"https:\/\/dev.antudigital.cl\/sites\/vc\/wp-json\/wp\/v2\/posts\/11692","targetHints":{"allow":["GET"]}}],"collection":[{"href":"https:\/\/dev.antudigital.cl\/sites\/vc\/wp-json\/wp\/v2\/posts"}],"about":[{"href":"https:\/\/dev.antudigital.cl\/sites\/vc\/wp-json\/wp\/v2\/types\/post"}],"author":[{"embeddable":true,"href":"https:\/\/dev.antudigital.cl\/sites\/vc\/wp-json\/wp\/v2\/users\/1"}],"replies":[{"embeddable":true,"href":"https:\/\/dev.antudigital.cl\/sites\/vc\/wp-json\/wp\/v2\/comments?post=11692"}],"version-history":[{"count":1,"href":"https:\/\/dev.antudigital.cl\/sites\/vc\/wp-json\/wp\/v2\/posts\/11692\/revisions"}],"predecessor-version":[{"id":11695,"href":"https:\/\/dev.antudigital.cl\/sites\/vc\/wp-json\/wp\/v2\/posts\/11692\/revisions\/11695"}],"wp:featuredmedia":[{"embeddable":true,"href":"https:\/\/dev.antudigital.cl\/sites\/vc\/wp-json\/wp\/v2\/media\/11694"}],"wp:attachment":[{"href":"https:\/\/dev.antudigital.cl\/sites\/vc\/wp-json\/wp\/v2\/media?parent=11692"}],"wp:term":[{"taxonomy":"category","embeddable":true,"href":"https:\/\/dev.antudigital.cl\/sites\/vc\/wp-json\/wp\/v2\/categories?post=11692"},{"taxonomy":"post_tag","embeddable":true,"href":"https:\/\/dev.antudigital.cl\/sites\/vc\/wp-json\/wp\/v2\/tags?post=11692"}],"curies":[{"name":"wp","href":"https:\/\/api.w.org\/{rel}","templated":true}]}}