{"id":11713,"date":"2022-09-26T16:09:12","date_gmt":"2022-09-26T16:09:12","guid":{"rendered":"https:\/\/www.valparaisocreativo.cl\/?p=11713"},"modified":"2022-09-26T16:09:21","modified_gmt":"2022-09-26T16:09:21","slug":"gestion-y-pasion-desde-limache","status":"publish","type":"post","link":"https:\/\/dev.antudigital.cl\/sites\/vc\/gestion-y-pasion-desde-limache\/","title":{"rendered":"Gesti\u00f3n y pasi\u00f3n desde Limache"},"content":{"rendered":"\n<p>Paulina Berm\u00fadez Valdebenito me cita en un hermoso espacio de Limache: donde comparten el caf\u00e9 Vil\u00fa y la librer\u00eda Una casa de cart\u00f3n. Este es un punto donde la cultura moviliza y as\u00ed se percibe. Mientras tomamos un caf\u00e9, compartimos acerca de su libro <a href=\"https:\/\/www.unacasadecarton.cl\/product\/la-espera-paulina-bermudez-valdebenito\">La Espera<\/a>, su gesti\u00f3n de eventos y talleres y, obvio, sobre literatura &#8211; su pasi\u00f3n.<\/p>\n\n\n\n<p>Paulina es profesora de lenguaje de profesi\u00f3n, pero hoy, como muchas, se rearma con actividades por aqu\u00ed y por all\u00e1. Es <a href=\"https:\/\/letrasdechile.cl\/2009\/03\/03\/el-microrelato-teatral-o-miniteatro-hacia-una-nueva-categoria-textual\/\">autora<\/a> de mini ficci\u00f3n y teor\u00eda, imparte talleres, escribe rese\u00f1as para Librer\u00eda en el Blanco y fue una de las personas tras la Feria Editorial de Limache que se realiz\u00f3 el verano pasado.<\/p>\n\n\n\n<p><strong>\u00bfC\u00f3mo fue la gesti\u00f3n de la Feria del Libro que estrenaron el verano en Limache?<\/strong><\/p>\n\n\n\n<p>Nos reunimos primero quienes trabajan en el mundo literario local, librer\u00edas, editoriales y m\u00e1s. Nos juntamos con ganas de hacer algo y surgi\u00f3 la idea de hacer una feria. Entonces fuimos al municipio a contarles y nos apoyaron bastante: con infraestructura, iluminaci\u00f3n, todo lo que es producci\u00f3n, incluso permiti\u00f3 tener un honorario para m\u00fasicos invitados.&nbsp;<\/p>\n\n\n\n<p>A la vez, la feria era gratuita, no se cobraba a las editoriales ni librer\u00edas por los stand. El nivel de ventas y de visitantes fue s\u00faper bueno, por lo que nos dimos cuenta de que la gente realmente quiere libros y est\u00e1 interesada en conocer m\u00e1s.&nbsp;<\/p>\n\n\n\n<p><strong>\u00bfA quienes invitaron, solo a participantes de la Regi\u00f3n?<\/strong><\/p>\n\n\n\n<p>-De todo un poco, vinieron de todas partes. Esto fue durante el verano y nuestra primera versi\u00f3n tuvo bastante p\u00fablico. La idea de hecho, desde la Municipalidad, es que podamos mantener la iniciativa y se haga una feria fija como la de Vi\u00f1a del Mar o la Feria del Libro Independiente de Valpara\u00edso.&nbsp;<\/p>\n\n\n\n<p><strong>\u00bfQuieren entonces hacer otras versiones?<\/strong><\/p>\n\n\n\n<p>De hecho, para el d\u00eda del libro (en abril) surgi\u00f3 la posibilidad de hacer una actividad de un d\u00eda. Con el impulso de la primera instancia hicimos otra jornada con invitados, m\u00fasica, bastante similar a lo del verano. Fue m\u00e1s peque\u00f1o pero nos mantiene la idea de seguir haciendo estas ferias.<\/p>\n\n\n\n<p><strong>Paulina, t\u00fa eres una de esas mujeres que est\u00e1 en mil cosas, \u00bfen qu\u00e9 est\u00e1s involucrada hoy en d\u00eda?<\/strong><\/p>\n\n\n\n<p>-Primero doy talleres por cuenta propia, estos son de minificci\u00f3n y otras vertientes de la literatura, lo primero es el \u00e1rea en la que me he especializado. Trabajo tambi\u00e9n haciendo contenidos para la Librer\u00eda en el Blanco, donde imparto a la vez talleres de escritura. Con Librer\u00eda en el Blanco estoy bastante activa en diversos proyectos, como talleres gratuitos para la comunidad en liceos, tal como el Liceo Art\u00edstico Gronemeyer que hice de narrativa y as\u00ed acercamos autores o tem\u00e1ticas interesantes a otros p\u00fablicos.&nbsp;<\/p>\n\n\n\n<p>De manera personal imparto talleres, como coment\u00e9, de minificci\u00f3n u otras tem\u00e1ticas, y eso es todo el a\u00f1o.&nbsp;<\/p>\n\n\n\n<p><strong>Adem\u00e1s tienes una publicaci\u00f3n, La Espera, \u00bfme puedes contar un poco m\u00e1s de eso?<\/strong><\/p>\n\n\n\n<p>&#8211; Fue el a\u00f1o pasado, s\u00ed. La verdad es que yo siempre escrib\u00ed desde la teor\u00eda, y esas eran mis publicaciones, precisamente sobre minificci\u00f3n. De a poco fui participando en algunas antolog\u00edas, pero La Espera fue mi primer lanzamiento en solitario. Esto es una \u201cvol\u00e1\u201d m\u00eda. La librer\u00eda Una casa de cart\u00f3n, de ac\u00e1 de Limache, fueron quienes me invitaron a publicar. Entonces no ten\u00eda nada escrito, pero se me ocurri\u00f3 hacer un libro objeto y plantear eso: tiene forma de calendario y por cada mes tiene un relato, por lo que es una micro publicaci\u00f3n. Y esto fue a trav\u00e9s de un fondo del libro. \u00c9ste se conforma por 12 textos que conforman el calendario.<\/p>\n\n\n\n<p>Esto viene desde un concepto que son las \u201chistorias de almanaque\u201d, en todas las casas de Alemania tienen un calendario que les entregan a todas las personas iguales, y estos vienen con textos que son pol\u00edticos o religiosos o filos\u00f3ficos, con el objetivo de unificar conocimientos y saberes. Por eso se me ocurri\u00f3 hacer este tipo de historias, a las que llegu\u00e9 desde la teor\u00eda.&nbsp;<\/p>\n\n\n\n<p><strong>\u00bfHas participado desde entonces en otras publicaciones?<\/strong><\/p>\n\n\n\n<p>-S\u00ed, tambi\u00e9n en una antolog\u00eda de una editorial argentina, la que se llama \u201cNo somos invisibles: mujeres de Latinoam\u00e9rica\u201d, donde escrib\u00ed tambi\u00e9n desde la minificci\u00f3n, textos cortos. Y bueno, siempre estoy escribiendo cosas.<\/p>\n\n\n\n<p><strong>\u00bfC\u00f3mo es la sensaci\u00f3n de publicar distintos formatos?<\/strong><\/p>\n\n\n\n<p>-Antes pensaba para qu\u00e9 publicar algo que se alejara de la teor\u00eda, estaba muy apegada a eso. Pero finalmente me acostumbr\u00e9 a combinar ambas cosas.&nbsp;<\/p>\n\n\n\n<p><strong>\u00bfEn qu\u00e9 otras actividades has estado involucrada \u00faltimamente?<\/strong><\/p>\n\n\n\n<p>-Tambi\u00e9n particip\u00e9 en unos talleres del Museo Palmira Romano de Limache, donde trabaj\u00e9 con ni\u00f1os y ni\u00f1as y tuvimos como resultado un libro f\u00edsico que ellos se pudieron llevar a su casa. Lo que fue muy bonito. Ah\u00ed analiz\u00e1bamos textos y escrib\u00edamos a partir de eso.<\/p>\n\n\n\n<p><strong>Para finalizar, \u00bfc\u00f3mo describir\u00edas lo que te interesa compartir de la literatura?<\/strong><\/p>\n\n\n\n<p>-Acercar a la gente a los autores y autoras y a las tem\u00e1ticas, por eso me interesa invitar escritores\/as a los talleres. Adem\u00e1s de demostrar a trav\u00e9s de los talleres, que todos y todas podemos escribir y tener un producto, que es lo que hago en las instancias donde participo. No hay limitantes para escribir o acercarse a la literatura.<\/p>\n\n\n\n<p>Puedes seguir a <a href=\"https:\/\/www.instagram.com\/pauli_bermudez_valdebenito\/\">Paulina<\/a> en sus <a href=\"https:\/\/www.instagram.com\/pauli_bermudez_valdebenito\/\">redes sociales<\/a>.<\/p>\n","protected":false},"excerpt":{"rendered":"<p>Paulina Berm\u00fadez Valdebenito me cita en un hermoso espacio de Limache: donde comparten el caf\u00e9 Vil\u00fa y la librer\u00eda Una casa de cart\u00f3n. Este es un punto donde la cultura moviliza y as\u00ed se percibe. Mientras tomamos un caf\u00e9, compartimos acerca de su libro La Espera, su gesti\u00f3n de eventos y talleres y, obvio, sobre [&hellip;]<\/p>\n","protected":false},"author":1,"featured_media":11714,"comment_status":"open","ping_status":"closed","sticky":false,"template":"","format":"standard","meta":{"_acf_changed":false,"footnotes":""},"categories":[8],"tags":[],"class_list":["post-11713","post","type-post","status-publish","format-standard","has-post-thumbnail","hentry","category-noticia"],"acf":[],"yoast_head":"<!-- This site is optimized with the Yoast SEO plugin v27.1.1 - https:\/\/yoast.com\/product\/yoast-seo-wordpress\/ -->\n<title>Gesti\u00f3n y pasi\u00f3n desde Limache - Valpara\u00ed\u00adso Creativo<\/title>\n<meta name=\"robots\" content=\"index, follow, max-snippet:-1, max-image-preview:large, max-video-preview:-1\" \/>\n<link rel=\"canonical\" href=\"https:\/\/dev.antudigital.cl\/sites\/vc\/gestion-y-pasion-desde-limache\/\" \/>\n<meta property=\"og:locale\" content=\"es_ES\" \/>\n<meta property=\"og:type\" content=\"article\" \/>\n<meta property=\"og:title\" content=\"Gesti\u00f3n y pasi\u00f3n desde Limache - Valpara\u00ed\u00adso Creativo\" \/>\n<meta property=\"og:description\" content=\"Paulina Berm\u00fadez Valdebenito me cita en un hermoso espacio de Limache: donde comparten el caf\u00e9 Vil\u00fa y la librer\u00eda Una casa de cart\u00f3n. Este es un punto donde la cultura moviliza y as\u00ed se percibe. Mientras tomamos un caf\u00e9, compartimos acerca de su libro La Espera, su gesti\u00f3n de eventos y talleres y, obvio, sobre [&hellip;]\" \/>\n<meta property=\"og:url\" content=\"https:\/\/dev.antudigital.cl\/sites\/vc\/gestion-y-pasion-desde-limache\/\" \/>\n<meta property=\"og:site_name\" content=\"Valpara\u00ed\u00adso Creativo\" \/>\n<meta property=\"article:published_time\" content=\"2022-09-26T16:09:12+00:00\" \/>\n<meta property=\"article:modified_time\" content=\"2022-09-26T16:09:21+00:00\" \/>\n<meta property=\"og:image\" content=\"https:\/\/dev.antudigital.cl\/sites\/vc\/wp-content\/uploads\/2022\/09\/WhatsApp-Image-2022-09-26-at-7.56.19-AM.jpg\" \/>\n\t<meta property=\"og:image:width\" content=\"1200\" \/>\n\t<meta property=\"og:image:height\" content=\"711\" \/>\n\t<meta property=\"og:image:type\" content=\"image\/jpeg\" \/>\n<meta name=\"author\" content=\"Valpara\u00edso Creativo\" \/>\n<meta name=\"twitter:card\" content=\"summary_large_image\" \/>\n<meta name=\"twitter:label1\" content=\"Escrito por\" \/>\n\t<meta name=\"twitter:data1\" content=\"Valpara\u00edso Creativo\" \/>\n\t<meta name=\"twitter:label2\" content=\"Tiempo de lectura\" \/>\n\t<meta name=\"twitter:data2\" content=\"4 minutos\" \/>\n<script type=\"application\/ld+json\" class=\"yoast-schema-graph\">{\"@context\":\"https:\/\/schema.org\",\"@graph\":[{\"@type\":\"Article\",\"@id\":\"https:\/\/dev.antudigital.cl\/sites\/vc\/gestion-y-pasion-desde-limache\/#article\",\"isPartOf\":{\"@id\":\"https:\/\/dev.antudigital.cl\/sites\/vc\/gestion-y-pasion-desde-limache\/\"},\"author\":{\"name\":\"Valpara\u00edso Creativo\",\"@id\":\"https:\/\/dev.antudigital.cl\/sites\/vc\/#\/schema\/person\/c2b9da8dd545e27166fc5ab232837318\"},\"headline\":\"Gesti\u00f3n y pasi\u00f3n desde Limache\",\"datePublished\":\"2022-09-26T16:09:12+00:00\",\"dateModified\":\"2022-09-26T16:09:21+00:00\",\"mainEntityOfPage\":{\"@id\":\"https:\/\/dev.antudigital.cl\/sites\/vc\/gestion-y-pasion-desde-limache\/\"},\"wordCount\":962,\"commentCount\":0,\"image\":{\"@id\":\"https:\/\/dev.antudigital.cl\/sites\/vc\/gestion-y-pasion-desde-limache\/#primaryimage\"},\"thumbnailUrl\":\"https:\/\/dev.antudigital.cl\/sites\/vc\/wp-content\/uploads\/2022\/09\/WhatsApp-Image-2022-09-26-at-7.56.19-AM.jpg\",\"articleSection\":[\"Noticia\"],\"inLanguage\":\"es\",\"potentialAction\":[{\"@type\":\"CommentAction\",\"name\":\"Comment\",\"target\":[\"https:\/\/dev.antudigital.cl\/sites\/vc\/gestion-y-pasion-desde-limache\/#respond\"]}]},{\"@type\":\"WebPage\",\"@id\":\"https:\/\/dev.antudigital.cl\/sites\/vc\/gestion-y-pasion-desde-limache\/\",\"url\":\"https:\/\/dev.antudigital.cl\/sites\/vc\/gestion-y-pasion-desde-limache\/\",\"name\":\"Gesti\u00f3n y pasi\u00f3n desde Limache - Valpara\u00ed\u00adso Creativo\",\"isPartOf\":{\"@id\":\"https:\/\/dev.antudigital.cl\/sites\/vc\/#website\"},\"primaryImageOfPage\":{\"@id\":\"https:\/\/dev.antudigital.cl\/sites\/vc\/gestion-y-pasion-desde-limache\/#primaryimage\"},\"image\":{\"@id\":\"https:\/\/dev.antudigital.cl\/sites\/vc\/gestion-y-pasion-desde-limache\/#primaryimage\"},\"thumbnailUrl\":\"https:\/\/dev.antudigital.cl\/sites\/vc\/wp-content\/uploads\/2022\/09\/WhatsApp-Image-2022-09-26-at-7.56.19-AM.jpg\",\"datePublished\":\"2022-09-26T16:09:12+00:00\",\"dateModified\":\"2022-09-26T16:09:21+00:00\",\"author\":{\"@id\":\"https:\/\/dev.antudigital.cl\/sites\/vc\/#\/schema\/person\/c2b9da8dd545e27166fc5ab232837318\"},\"breadcrumb\":{\"@id\":\"https:\/\/dev.antudigital.cl\/sites\/vc\/gestion-y-pasion-desde-limache\/#breadcrumb\"},\"inLanguage\":\"es\",\"potentialAction\":[{\"@type\":\"ReadAction\",\"target\":[\"https:\/\/dev.antudigital.cl\/sites\/vc\/gestion-y-pasion-desde-limache\/\"]}]},{\"@type\":\"ImageObject\",\"inLanguage\":\"es\",\"@id\":\"https:\/\/dev.antudigital.cl\/sites\/vc\/gestion-y-pasion-desde-limache\/#primaryimage\",\"url\":\"https:\/\/dev.antudigital.cl\/sites\/vc\/wp-content\/uploads\/2022\/09\/WhatsApp-Image-2022-09-26-at-7.56.19-AM.jpg\",\"contentUrl\":\"https:\/\/dev.antudigital.cl\/sites\/vc\/wp-content\/uploads\/2022\/09\/WhatsApp-Image-2022-09-26-at-7.56.19-AM.jpg\",\"width\":1200,\"height\":711},{\"@type\":\"BreadcrumbList\",\"@id\":\"https:\/\/dev.antudigital.cl\/sites\/vc\/gestion-y-pasion-desde-limache\/#breadcrumb\",\"itemListElement\":[{\"@type\":\"ListItem\",\"position\":1,\"name\":\"Home\",\"item\":\"https:\/\/dev.antudigital.cl\/sites\/vc\/\"},{\"@type\":\"ListItem\",\"position\":2,\"name\":\"Gesti\u00f3n y pasi\u00f3n desde Limache\"}]},{\"@type\":\"WebSite\",\"@id\":\"https:\/\/dev.antudigital.cl\/sites\/vc\/#website\",\"url\":\"https:\/\/dev.antudigital.cl\/sites\/vc\/\",\"name\":\"Valpara\u00ed\u00adso Creativo\",\"description\":\"\",\"potentialAction\":[{\"@type\":\"SearchAction\",\"target\":{\"@type\":\"EntryPoint\",\"urlTemplate\":\"https:\/\/dev.antudigital.cl\/sites\/vc\/?s={search_term_string}\"},\"query-input\":{\"@type\":\"PropertyValueSpecification\",\"valueRequired\":true,\"valueName\":\"search_term_string\"}}],\"inLanguage\":\"es\"},{\"@type\":\"Person\",\"@id\":\"https:\/\/dev.antudigital.cl\/sites\/vc\/#\/schema\/person\/c2b9da8dd545e27166fc5ab232837318\",\"name\":\"Valpara\u00edso Creativo\",\"description\":\"Periodista de cultura en la Regi\u00f3n de Valpara\u00edso.\",\"url\":\"https:\/\/dev.antudigital.cl\/sites\/vc\/author\/valpoadmin\/\"}]}<\/script>\n<!-- \/ Yoast SEO plugin. -->","yoast_head_json":{"title":"Gesti\u00f3n y pasi\u00f3n desde Limache - Valpara\u00ed\u00adso Creativo","robots":{"index":"index","follow":"follow","max-snippet":"max-snippet:-1","max-image-preview":"max-image-preview:large","max-video-preview":"max-video-preview:-1"},"canonical":"https:\/\/dev.antudigital.cl\/sites\/vc\/gestion-y-pasion-desde-limache\/","og_locale":"es_ES","og_type":"article","og_title":"Gesti\u00f3n y pasi\u00f3n desde Limache - Valpara\u00ed\u00adso Creativo","og_description":"Paulina Berm\u00fadez Valdebenito me cita en un hermoso espacio de Limache: donde comparten el caf\u00e9 Vil\u00fa y la librer\u00eda Una casa de cart\u00f3n. Este es un punto donde la cultura moviliza y as\u00ed se percibe. Mientras tomamos un caf\u00e9, compartimos acerca de su libro La Espera, su gesti\u00f3n de eventos y talleres y, obvio, sobre [&hellip;]","og_url":"https:\/\/dev.antudigital.cl\/sites\/vc\/gestion-y-pasion-desde-limache\/","og_site_name":"Valpara\u00ed\u00adso Creativo","article_published_time":"2022-09-26T16:09:12+00:00","article_modified_time":"2022-09-26T16:09:21+00:00","og_image":[{"width":1200,"height":711,"url":"https:\/\/dev.antudigital.cl\/sites\/vc\/wp-content\/uploads\/2022\/09\/WhatsApp-Image-2022-09-26-at-7.56.19-AM.jpg","type":"image\/jpeg"}],"author":"Valpara\u00edso Creativo","twitter_card":"summary_large_image","twitter_misc":{"Escrito por":"Valpara\u00edso Creativo","Tiempo de lectura":"4 minutos"},"schema":{"@context":"https:\/\/schema.org","@graph":[{"@type":"Article","@id":"https:\/\/dev.antudigital.cl\/sites\/vc\/gestion-y-pasion-desde-limache\/#article","isPartOf":{"@id":"https:\/\/dev.antudigital.cl\/sites\/vc\/gestion-y-pasion-desde-limache\/"},"author":{"name":"Valpara\u00edso Creativo","@id":"https:\/\/dev.antudigital.cl\/sites\/vc\/#\/schema\/person\/c2b9da8dd545e27166fc5ab232837318"},"headline":"Gesti\u00f3n y pasi\u00f3n desde Limache","datePublished":"2022-09-26T16:09:12+00:00","dateModified":"2022-09-26T16:09:21+00:00","mainEntityOfPage":{"@id":"https:\/\/dev.antudigital.cl\/sites\/vc\/gestion-y-pasion-desde-limache\/"},"wordCount":962,"commentCount":0,"image":{"@id":"https:\/\/dev.antudigital.cl\/sites\/vc\/gestion-y-pasion-desde-limache\/#primaryimage"},"thumbnailUrl":"https:\/\/dev.antudigital.cl\/sites\/vc\/wp-content\/uploads\/2022\/09\/WhatsApp-Image-2022-09-26-at-7.56.19-AM.jpg","articleSection":["Noticia"],"inLanguage":"es","potentialAction":[{"@type":"CommentAction","name":"Comment","target":["https:\/\/dev.antudigital.cl\/sites\/vc\/gestion-y-pasion-desde-limache\/#respond"]}]},{"@type":"WebPage","@id":"https:\/\/dev.antudigital.cl\/sites\/vc\/gestion-y-pasion-desde-limache\/","url":"https:\/\/dev.antudigital.cl\/sites\/vc\/gestion-y-pasion-desde-limache\/","name":"Gesti\u00f3n y pasi\u00f3n desde Limache - Valpara\u00ed\u00adso Creativo","isPartOf":{"@id":"https:\/\/dev.antudigital.cl\/sites\/vc\/#website"},"primaryImageOfPage":{"@id":"https:\/\/dev.antudigital.cl\/sites\/vc\/gestion-y-pasion-desde-limache\/#primaryimage"},"image":{"@id":"https:\/\/dev.antudigital.cl\/sites\/vc\/gestion-y-pasion-desde-limache\/#primaryimage"},"thumbnailUrl":"https:\/\/dev.antudigital.cl\/sites\/vc\/wp-content\/uploads\/2022\/09\/WhatsApp-Image-2022-09-26-at-7.56.19-AM.jpg","datePublished":"2022-09-26T16:09:12+00:00","dateModified":"2022-09-26T16:09:21+00:00","author":{"@id":"https:\/\/dev.antudigital.cl\/sites\/vc\/#\/schema\/person\/c2b9da8dd545e27166fc5ab232837318"},"breadcrumb":{"@id":"https:\/\/dev.antudigital.cl\/sites\/vc\/gestion-y-pasion-desde-limache\/#breadcrumb"},"inLanguage":"es","potentialAction":[{"@type":"ReadAction","target":["https:\/\/dev.antudigital.cl\/sites\/vc\/gestion-y-pasion-desde-limache\/"]}]},{"@type":"ImageObject","inLanguage":"es","@id":"https:\/\/dev.antudigital.cl\/sites\/vc\/gestion-y-pasion-desde-limache\/#primaryimage","url":"https:\/\/dev.antudigital.cl\/sites\/vc\/wp-content\/uploads\/2022\/09\/WhatsApp-Image-2022-09-26-at-7.56.19-AM.jpg","contentUrl":"https:\/\/dev.antudigital.cl\/sites\/vc\/wp-content\/uploads\/2022\/09\/WhatsApp-Image-2022-09-26-at-7.56.19-AM.jpg","width":1200,"height":711},{"@type":"BreadcrumbList","@id":"https:\/\/dev.antudigital.cl\/sites\/vc\/gestion-y-pasion-desde-limache\/#breadcrumb","itemListElement":[{"@type":"ListItem","position":1,"name":"Home","item":"https:\/\/dev.antudigital.cl\/sites\/vc\/"},{"@type":"ListItem","position":2,"name":"Gesti\u00f3n y pasi\u00f3n desde Limache"}]},{"@type":"WebSite","@id":"https:\/\/dev.antudigital.cl\/sites\/vc\/#website","url":"https:\/\/dev.antudigital.cl\/sites\/vc\/","name":"Valpara\u00ed\u00adso Creativo","description":"","potentialAction":[{"@type":"SearchAction","target":{"@type":"EntryPoint","urlTemplate":"https:\/\/dev.antudigital.cl\/sites\/vc\/?s={search_term_string}"},"query-input":{"@type":"PropertyValueSpecification","valueRequired":true,"valueName":"search_term_string"}}],"inLanguage":"es"},{"@type":"Person","@id":"https:\/\/dev.antudigital.cl\/sites\/vc\/#\/schema\/person\/c2b9da8dd545e27166fc5ab232837318","name":"Valpara\u00edso Creativo","description":"Periodista de cultura en la Regi\u00f3n de Valpara\u00edso.","url":"https:\/\/dev.antudigital.cl\/sites\/vc\/author\/valpoadmin\/"}]}},"_links":{"self":[{"href":"https:\/\/dev.antudigital.cl\/sites\/vc\/wp-json\/wp\/v2\/posts\/11713","targetHints":{"allow":["GET"]}}],"collection":[{"href":"https:\/\/dev.antudigital.cl\/sites\/vc\/wp-json\/wp\/v2\/posts"}],"about":[{"href":"https:\/\/dev.antudigital.cl\/sites\/vc\/wp-json\/wp\/v2\/types\/post"}],"author":[{"embeddable":true,"href":"https:\/\/dev.antudigital.cl\/sites\/vc\/wp-json\/wp\/v2\/users\/1"}],"replies":[{"embeddable":true,"href":"https:\/\/dev.antudigital.cl\/sites\/vc\/wp-json\/wp\/v2\/comments?post=11713"}],"version-history":[{"count":1,"href":"https:\/\/dev.antudigital.cl\/sites\/vc\/wp-json\/wp\/v2\/posts\/11713\/revisions"}],"predecessor-version":[{"id":11715,"href":"https:\/\/dev.antudigital.cl\/sites\/vc\/wp-json\/wp\/v2\/posts\/11713\/revisions\/11715"}],"wp:featuredmedia":[{"embeddable":true,"href":"https:\/\/dev.antudigital.cl\/sites\/vc\/wp-json\/wp\/v2\/media\/11714"}],"wp:attachment":[{"href":"https:\/\/dev.antudigital.cl\/sites\/vc\/wp-json\/wp\/v2\/media?parent=11713"}],"wp:term":[{"taxonomy":"category","embeddable":true,"href":"https:\/\/dev.antudigital.cl\/sites\/vc\/wp-json\/wp\/v2\/categories?post=11713"},{"taxonomy":"post_tag","embeddable":true,"href":"https:\/\/dev.antudigital.cl\/sites\/vc\/wp-json\/wp\/v2\/tags?post=11713"}],"curies":[{"name":"wp","href":"https:\/\/api.w.org\/{rel}","templated":true}]}}