{"id":11716,"date":"2022-09-26T18:56:37","date_gmt":"2022-09-26T18:56:37","guid":{"rendered":"https:\/\/www.valparaisocreativo.cl\/?p=11716"},"modified":"2022-09-26T21:31:20","modified_gmt":"2022-09-26T21:31:20","slug":"entrevista-a-lluis-torrents-uno-de-los-exponentes-de-musitur-2022","status":"publish","type":"post","link":"https:\/\/dev.antudigital.cl\/sites\/vc\/entrevista-a-lluis-torrents-uno-de-los-exponentes-de-musitur-2022\/","title":{"rendered":"Entrevista a Llu\u00eds Torrents, uno de los exponentes de Musitur 2022"},"content":{"rendered":"\n<p>Llu\u00eds Torrents estar\u00e1 en <a href=\"https:\/\/www.instagram.com\/musitur2022\/\">@musitur2022<\/a>, es uno de los exponentes del encuentro que seremos parte el pr\u00f3ximo 4 y 5 de octubre en el Parque Cultural de Valpara\u00edso. En ese contexto lo entrevistamos desde Barcelona. Llu\u00eds es:<br><br>&#x2705; Codirector y Gerente de la emblem\u00e1tica Sala Razzmatazz de Barcelona<br><br>&#x2705; Presidente de la Asociaci\u00f3n de Salas y Conciertos de Catalunya (ASACC)<br><br>&#x2705; Miembros del Poblenou Urban District<\/p>\n\n\n\n<ol class=\"wp-block-list\" type=\"1\"><li><strong>\u00bfQu\u00e9 podemos esperar de tu exposici\u00f3n en Musitur?<\/strong><\/li><\/ol>\n\n\n\n<p>-Exploraremos el punto de vista de una sala de conciertos y promotora de m\u00fasica en directo en una ciudad como Barcelona que se ha convertido en una referencia tur\u00edstica importante del Mediterraneo, y que alberga grandes eventos musicales y un circuito de salas de conciertos con una programaci\u00f3n estable durante todo el a\u00f1o.<\/p>\n\n\n\n<p><strong><br>2. En tu experiencia, \u00bfC\u00f3mo describir\u00edas la importancia de potenciar m\u00fasica y turismo?<\/strong><\/p>\n\n\n\n<p>&nbsp;&nbsp;&nbsp;&nbsp;&nbsp; Lo que creo importante es buscar el turismo cultural asociado a la m\u00fasica, tanto a los grandes eventos puntuales como los festivales, como la apuesta m\u00e1s continua y deslocalizada de los circuitos de salas de conciertos que pueden ser un atractivo importante para atraer turismo de forma sostenida durante el a\u00f1o.<\/p>\n","protected":false},"excerpt":{"rendered":"<p>Llu\u00eds Torrents estar\u00e1 en @musitur2022, es uno de los exponentes del encuentro que seremos parte el pr\u00f3ximo 4 y 5 de octubre en el Parque Cultural de Valpara\u00edso. En ese contexto lo entrevistamos desde Barcelona. Llu\u00eds es: &#x2705; Codirector y Gerente de la emblem\u00e1tica Sala Razzmatazz de Barcelona &#x2705; Presidente de la Asociaci\u00f3n de Salas [&hellip;]<\/p>\n","protected":false},"author":1,"featured_media":11717,"comment_status":"open","ping_status":"closed","sticky":false,"template":"","format":"standard","meta":{"_acf_changed":false,"footnotes":""},"categories":[8],"tags":[],"class_list":["post-11716","post","type-post","status-publish","format-standard","has-post-thumbnail","hentry","category-noticia"],"acf":[],"yoast_head":"<!-- This site is optimized with the Yoast SEO plugin v27.1.1 - https:\/\/yoast.com\/product\/yoast-seo-wordpress\/ -->\n<title>Entrevista a Llu\u00eds Torrents, uno de los exponentes de Musitur 2022 - Valpara\u00ed\u00adso Creativo<\/title>\n<meta name=\"robots\" content=\"index, follow, max-snippet:-1, max-image-preview:large, max-video-preview:-1\" \/>\n<link rel=\"canonical\" href=\"https:\/\/dev.antudigital.cl\/sites\/vc\/entrevista-a-lluis-torrents-uno-de-los-exponentes-de-musitur-2022\/\" \/>\n<meta property=\"og:locale\" content=\"es_ES\" \/>\n<meta property=\"og:type\" content=\"article\" \/>\n<meta property=\"og:title\" content=\"Entrevista a Llu\u00eds Torrents, uno de los exponentes de Musitur 2022 - Valpara\u00ed\u00adso Creativo\" \/>\n<meta property=\"og:description\" content=\"Llu\u00eds Torrents estar\u00e1 en @musitur2022, es uno de los exponentes del encuentro que seremos parte el pr\u00f3ximo 4 y 5 de octubre en el Parque Cultural de Valpara\u00edso. En ese contexto lo entrevistamos desde Barcelona. Llu\u00eds es: &#x2705; Codirector y Gerente de la emblem\u00e1tica Sala Razzmatazz de Barcelona &#x2705; Presidente de la Asociaci\u00f3n de Salas [&hellip;]\" \/>\n<meta property=\"og:url\" content=\"https:\/\/dev.antudigital.cl\/sites\/vc\/entrevista-a-lluis-torrents-uno-de-los-exponentes-de-musitur-2022\/\" \/>\n<meta property=\"og:site_name\" content=\"Valpara\u00ed\u00adso Creativo\" \/>\n<meta property=\"article:published_time\" content=\"2022-09-26T18:56:37+00:00\" \/>\n<meta property=\"article:modified_time\" content=\"2022-09-26T21:31:20+00:00\" \/>\n<meta property=\"og:image\" content=\"https:\/\/dev.antudigital.cl\/sites\/vc\/wp-content\/uploads\/2022\/09\/Llui\u0301s.jpg\" \/>\n\t<meta property=\"og:image:width\" content=\"2400\" \/>\n\t<meta property=\"og:image:height\" content=\"1256\" \/>\n\t<meta property=\"og:image:type\" content=\"image\/jpeg\" \/>\n<meta name=\"author\" content=\"Valpara\u00edso Creativo\" \/>\n<meta name=\"twitter:card\" content=\"summary_large_image\" \/>\n<meta name=\"twitter:label1\" content=\"Escrito por\" \/>\n\t<meta name=\"twitter:data1\" content=\"Valpara\u00edso Creativo\" \/>\n\t<meta name=\"twitter:label2\" content=\"Tiempo de lectura\" \/>\n\t<meta name=\"twitter:data2\" content=\"1 minuto\" \/>\n<script type=\"application\/ld+json\" class=\"yoast-schema-graph\">{\"@context\":\"https:\/\/schema.org\",\"@graph\":[{\"@type\":\"Article\",\"@id\":\"https:\/\/dev.antudigital.cl\/sites\/vc\/entrevista-a-lluis-torrents-uno-de-los-exponentes-de-musitur-2022\/#article\",\"isPartOf\":{\"@id\":\"https:\/\/dev.antudigital.cl\/sites\/vc\/entrevista-a-lluis-torrents-uno-de-los-exponentes-de-musitur-2022\/\"},\"author\":{\"name\":\"Valpara\u00edso Creativo\",\"@id\":\"https:\/\/dev.antudigital.cl\/sites\/vc\/#\/schema\/person\/c2b9da8dd545e27166fc5ab232837318\"},\"headline\":\"Entrevista a Llu\u00eds Torrents, uno de los exponentes de Musitur 2022\",\"datePublished\":\"2022-09-26T18:56:37+00:00\",\"dateModified\":\"2022-09-26T21:31:20+00:00\",\"mainEntityOfPage\":{\"@id\":\"https:\/\/dev.antudigital.cl\/sites\/vc\/entrevista-a-lluis-torrents-uno-de-los-exponentes-de-musitur-2022\/\"},\"wordCount\":221,\"commentCount\":0,\"image\":{\"@id\":\"https:\/\/dev.antudigital.cl\/sites\/vc\/entrevista-a-lluis-torrents-uno-de-los-exponentes-de-musitur-2022\/#primaryimage\"},\"thumbnailUrl\":\"https:\/\/dev.antudigital.cl\/sites\/vc\/wp-content\/uploads\/2022\/09\/Llui\u0301s.jpg\",\"articleSection\":[\"Noticia\"],\"inLanguage\":\"es\",\"potentialAction\":[{\"@type\":\"CommentAction\",\"name\":\"Comment\",\"target\":[\"https:\/\/dev.antudigital.cl\/sites\/vc\/entrevista-a-lluis-torrents-uno-de-los-exponentes-de-musitur-2022\/#respond\"]}]},{\"@type\":\"WebPage\",\"@id\":\"https:\/\/dev.antudigital.cl\/sites\/vc\/entrevista-a-lluis-torrents-uno-de-los-exponentes-de-musitur-2022\/\",\"url\":\"https:\/\/dev.antudigital.cl\/sites\/vc\/entrevista-a-lluis-torrents-uno-de-los-exponentes-de-musitur-2022\/\",\"name\":\"Entrevista a Llu\u00eds Torrents, uno de los exponentes de Musitur 2022 - Valpara\u00ed\u00adso Creativo\",\"isPartOf\":{\"@id\":\"https:\/\/dev.antudigital.cl\/sites\/vc\/#website\"},\"primaryImageOfPage\":{\"@id\":\"https:\/\/dev.antudigital.cl\/sites\/vc\/entrevista-a-lluis-torrents-uno-de-los-exponentes-de-musitur-2022\/#primaryimage\"},\"image\":{\"@id\":\"https:\/\/dev.antudigital.cl\/sites\/vc\/entrevista-a-lluis-torrents-uno-de-los-exponentes-de-musitur-2022\/#primaryimage\"},\"thumbnailUrl\":\"https:\/\/dev.antudigital.cl\/sites\/vc\/wp-content\/uploads\/2022\/09\/Llui\u0301s.jpg\",\"datePublished\":\"2022-09-26T18:56:37+00:00\",\"dateModified\":\"2022-09-26T21:31:20+00:00\",\"author\":{\"@id\":\"https:\/\/dev.antudigital.cl\/sites\/vc\/#\/schema\/person\/c2b9da8dd545e27166fc5ab232837318\"},\"breadcrumb\":{\"@id\":\"https:\/\/dev.antudigital.cl\/sites\/vc\/entrevista-a-lluis-torrents-uno-de-los-exponentes-de-musitur-2022\/#breadcrumb\"},\"inLanguage\":\"es\",\"potentialAction\":[{\"@type\":\"ReadAction\",\"target\":[\"https:\/\/dev.antudigital.cl\/sites\/vc\/entrevista-a-lluis-torrents-uno-de-los-exponentes-de-musitur-2022\/\"]}]},{\"@type\":\"ImageObject\",\"inLanguage\":\"es\",\"@id\":\"https:\/\/dev.antudigital.cl\/sites\/vc\/entrevista-a-lluis-torrents-uno-de-los-exponentes-de-musitur-2022\/#primaryimage\",\"url\":\"https:\/\/dev.antudigital.cl\/sites\/vc\/wp-content\/uploads\/2022\/09\/Llui\u0301s.jpg\",\"contentUrl\":\"https:\/\/dev.antudigital.cl\/sites\/vc\/wp-content\/uploads\/2022\/09\/Llui\u0301s.jpg\",\"width\":2400,\"height\":1256},{\"@type\":\"BreadcrumbList\",\"@id\":\"https:\/\/dev.antudigital.cl\/sites\/vc\/entrevista-a-lluis-torrents-uno-de-los-exponentes-de-musitur-2022\/#breadcrumb\",\"itemListElement\":[{\"@type\":\"ListItem\",\"position\":1,\"name\":\"Home\",\"item\":\"https:\/\/dev.antudigital.cl\/sites\/vc\/\"},{\"@type\":\"ListItem\",\"position\":2,\"name\":\"Entrevista a Llu\u00eds Torrents, uno de los exponentes de Musitur 2022\"}]},{\"@type\":\"WebSite\",\"@id\":\"https:\/\/dev.antudigital.cl\/sites\/vc\/#website\",\"url\":\"https:\/\/dev.antudigital.cl\/sites\/vc\/\",\"name\":\"Valpara\u00ed\u00adso Creativo\",\"description\":\"\",\"potentialAction\":[{\"@type\":\"SearchAction\",\"target\":{\"@type\":\"EntryPoint\",\"urlTemplate\":\"https:\/\/dev.antudigital.cl\/sites\/vc\/?s={search_term_string}\"},\"query-input\":{\"@type\":\"PropertyValueSpecification\",\"valueRequired\":true,\"valueName\":\"search_term_string\"}}],\"inLanguage\":\"es\"},{\"@type\":\"Person\",\"@id\":\"https:\/\/dev.antudigital.cl\/sites\/vc\/#\/schema\/person\/c2b9da8dd545e27166fc5ab232837318\",\"name\":\"Valpara\u00edso Creativo\",\"description\":\"Periodista de cultura en la Regi\u00f3n de Valpara\u00edso.\",\"url\":\"https:\/\/dev.antudigital.cl\/sites\/vc\/author\/valpoadmin\/\"}]}<\/script>\n<!-- \/ Yoast SEO plugin. -->","yoast_head_json":{"title":"Entrevista a Llu\u00eds Torrents, uno de los exponentes de Musitur 2022 - Valpara\u00ed\u00adso Creativo","robots":{"index":"index","follow":"follow","max-snippet":"max-snippet:-1","max-image-preview":"max-image-preview:large","max-video-preview":"max-video-preview:-1"},"canonical":"https:\/\/dev.antudigital.cl\/sites\/vc\/entrevista-a-lluis-torrents-uno-de-los-exponentes-de-musitur-2022\/","og_locale":"es_ES","og_type":"article","og_title":"Entrevista a Llu\u00eds Torrents, uno de los exponentes de Musitur 2022 - Valpara\u00ed\u00adso Creativo","og_description":"Llu\u00eds Torrents estar\u00e1 en @musitur2022, es uno de los exponentes del encuentro que seremos parte el pr\u00f3ximo 4 y 5 de octubre en el Parque Cultural de Valpara\u00edso. En ese contexto lo entrevistamos desde Barcelona. Llu\u00eds es: &#x2705; Codirector y Gerente de la emblem\u00e1tica Sala Razzmatazz de Barcelona &#x2705; Presidente de la Asociaci\u00f3n de Salas [&hellip;]","og_url":"https:\/\/dev.antudigital.cl\/sites\/vc\/entrevista-a-lluis-torrents-uno-de-los-exponentes-de-musitur-2022\/","og_site_name":"Valpara\u00ed\u00adso Creativo","article_published_time":"2022-09-26T18:56:37+00:00","article_modified_time":"2022-09-26T21:31:20+00:00","og_image":[{"width":2400,"height":1256,"url":"https:\/\/dev.antudigital.cl\/sites\/vc\/wp-content\/uploads\/2022\/09\/Llui\u0301s.jpg","type":"image\/jpeg"}],"author":"Valpara\u00edso Creativo","twitter_card":"summary_large_image","twitter_misc":{"Escrito por":"Valpara\u00edso Creativo","Tiempo de lectura":"1 minuto"},"schema":{"@context":"https:\/\/schema.org","@graph":[{"@type":"Article","@id":"https:\/\/dev.antudigital.cl\/sites\/vc\/entrevista-a-lluis-torrents-uno-de-los-exponentes-de-musitur-2022\/#article","isPartOf":{"@id":"https:\/\/dev.antudigital.cl\/sites\/vc\/entrevista-a-lluis-torrents-uno-de-los-exponentes-de-musitur-2022\/"},"author":{"name":"Valpara\u00edso Creativo","@id":"https:\/\/dev.antudigital.cl\/sites\/vc\/#\/schema\/person\/c2b9da8dd545e27166fc5ab232837318"},"headline":"Entrevista a Llu\u00eds Torrents, uno de los exponentes de Musitur 2022","datePublished":"2022-09-26T18:56:37+00:00","dateModified":"2022-09-26T21:31:20+00:00","mainEntityOfPage":{"@id":"https:\/\/dev.antudigital.cl\/sites\/vc\/entrevista-a-lluis-torrents-uno-de-los-exponentes-de-musitur-2022\/"},"wordCount":221,"commentCount":0,"image":{"@id":"https:\/\/dev.antudigital.cl\/sites\/vc\/entrevista-a-lluis-torrents-uno-de-los-exponentes-de-musitur-2022\/#primaryimage"},"thumbnailUrl":"https:\/\/dev.antudigital.cl\/sites\/vc\/wp-content\/uploads\/2022\/09\/Llui\u0301s.jpg","articleSection":["Noticia"],"inLanguage":"es","potentialAction":[{"@type":"CommentAction","name":"Comment","target":["https:\/\/dev.antudigital.cl\/sites\/vc\/entrevista-a-lluis-torrents-uno-de-los-exponentes-de-musitur-2022\/#respond"]}]},{"@type":"WebPage","@id":"https:\/\/dev.antudigital.cl\/sites\/vc\/entrevista-a-lluis-torrents-uno-de-los-exponentes-de-musitur-2022\/","url":"https:\/\/dev.antudigital.cl\/sites\/vc\/entrevista-a-lluis-torrents-uno-de-los-exponentes-de-musitur-2022\/","name":"Entrevista a Llu\u00eds Torrents, uno de los exponentes de Musitur 2022 - Valpara\u00ed\u00adso Creativo","isPartOf":{"@id":"https:\/\/dev.antudigital.cl\/sites\/vc\/#website"},"primaryImageOfPage":{"@id":"https:\/\/dev.antudigital.cl\/sites\/vc\/entrevista-a-lluis-torrents-uno-de-los-exponentes-de-musitur-2022\/#primaryimage"},"image":{"@id":"https:\/\/dev.antudigital.cl\/sites\/vc\/entrevista-a-lluis-torrents-uno-de-los-exponentes-de-musitur-2022\/#primaryimage"},"thumbnailUrl":"https:\/\/dev.antudigital.cl\/sites\/vc\/wp-content\/uploads\/2022\/09\/Llui\u0301s.jpg","datePublished":"2022-09-26T18:56:37+00:00","dateModified":"2022-09-26T21:31:20+00:00","author":{"@id":"https:\/\/dev.antudigital.cl\/sites\/vc\/#\/schema\/person\/c2b9da8dd545e27166fc5ab232837318"},"breadcrumb":{"@id":"https:\/\/dev.antudigital.cl\/sites\/vc\/entrevista-a-lluis-torrents-uno-de-los-exponentes-de-musitur-2022\/#breadcrumb"},"inLanguage":"es","potentialAction":[{"@type":"ReadAction","target":["https:\/\/dev.antudigital.cl\/sites\/vc\/entrevista-a-lluis-torrents-uno-de-los-exponentes-de-musitur-2022\/"]}]},{"@type":"ImageObject","inLanguage":"es","@id":"https:\/\/dev.antudigital.cl\/sites\/vc\/entrevista-a-lluis-torrents-uno-de-los-exponentes-de-musitur-2022\/#primaryimage","url":"https:\/\/dev.antudigital.cl\/sites\/vc\/wp-content\/uploads\/2022\/09\/Llui\u0301s.jpg","contentUrl":"https:\/\/dev.antudigital.cl\/sites\/vc\/wp-content\/uploads\/2022\/09\/Llui\u0301s.jpg","width":2400,"height":1256},{"@type":"BreadcrumbList","@id":"https:\/\/dev.antudigital.cl\/sites\/vc\/entrevista-a-lluis-torrents-uno-de-los-exponentes-de-musitur-2022\/#breadcrumb","itemListElement":[{"@type":"ListItem","position":1,"name":"Home","item":"https:\/\/dev.antudigital.cl\/sites\/vc\/"},{"@type":"ListItem","position":2,"name":"Entrevista a Llu\u00eds Torrents, uno de los exponentes de Musitur 2022"}]},{"@type":"WebSite","@id":"https:\/\/dev.antudigital.cl\/sites\/vc\/#website","url":"https:\/\/dev.antudigital.cl\/sites\/vc\/","name":"Valpara\u00ed\u00adso Creativo","description":"","potentialAction":[{"@type":"SearchAction","target":{"@type":"EntryPoint","urlTemplate":"https:\/\/dev.antudigital.cl\/sites\/vc\/?s={search_term_string}"},"query-input":{"@type":"PropertyValueSpecification","valueRequired":true,"valueName":"search_term_string"}}],"inLanguage":"es"},{"@type":"Person","@id":"https:\/\/dev.antudigital.cl\/sites\/vc\/#\/schema\/person\/c2b9da8dd545e27166fc5ab232837318","name":"Valpara\u00edso Creativo","description":"Periodista de cultura en la Regi\u00f3n de Valpara\u00edso.","url":"https:\/\/dev.antudigital.cl\/sites\/vc\/author\/valpoadmin\/"}]}},"_links":{"self":[{"href":"https:\/\/dev.antudigital.cl\/sites\/vc\/wp-json\/wp\/v2\/posts\/11716","targetHints":{"allow":["GET"]}}],"collection":[{"href":"https:\/\/dev.antudigital.cl\/sites\/vc\/wp-json\/wp\/v2\/posts"}],"about":[{"href":"https:\/\/dev.antudigital.cl\/sites\/vc\/wp-json\/wp\/v2\/types\/post"}],"author":[{"embeddable":true,"href":"https:\/\/dev.antudigital.cl\/sites\/vc\/wp-json\/wp\/v2\/users\/1"}],"replies":[{"embeddable":true,"href":"https:\/\/dev.antudigital.cl\/sites\/vc\/wp-json\/wp\/v2\/comments?post=11716"}],"version-history":[{"count":2,"href":"https:\/\/dev.antudigital.cl\/sites\/vc\/wp-json\/wp\/v2\/posts\/11716\/revisions"}],"predecessor-version":[{"id":11719,"href":"https:\/\/dev.antudigital.cl\/sites\/vc\/wp-json\/wp\/v2\/posts\/11716\/revisions\/11719"}],"wp:featuredmedia":[{"embeddable":true,"href":"https:\/\/dev.antudigital.cl\/sites\/vc\/wp-json\/wp\/v2\/media\/11717"}],"wp:attachment":[{"href":"https:\/\/dev.antudigital.cl\/sites\/vc\/wp-json\/wp\/v2\/media?parent=11716"}],"wp:term":[{"taxonomy":"category","embeddable":true,"href":"https:\/\/dev.antudigital.cl\/sites\/vc\/wp-json\/wp\/v2\/categories?post=11716"},{"taxonomy":"post_tag","embeddable":true,"href":"https:\/\/dev.antudigital.cl\/sites\/vc\/wp-json\/wp\/v2\/tags?post=11716"}],"curies":[{"name":"wp","href":"https:\/\/api.w.org\/{rel}","templated":true}]}}