{"id":11721,"date":"2022-10-03T11:30:31","date_gmt":"2022-10-03T11:30:31","guid":{"rendered":"https:\/\/www.valparaisocreativo.cl\/?p=11721"},"modified":"2022-10-03T11:30:38","modified_gmt":"2022-10-03T11:30:38","slug":"94-aniversario-del-centro-cultural-ipa-sera-celebrado-con-la-destacada-obra-teatral-pinocho","status":"publish","type":"post","link":"https:\/\/dev.antudigital.cl\/sites\/vc\/94-aniversario-del-centro-cultural-ipa-sera-celebrado-con-la-destacada-obra-teatral-pinocho\/","title":{"rendered":"94\u00b0 aniversario del Centro Cultural IPA ser\u00e1 celebrado con la destacada obra teatral \u201cPINOCHO\u201d"},"content":{"rendered":"\n<p>Una puesta en escena m\u00e1gica, visual, llena de sorpresas, cada detalle hace de este trabajo un desaf\u00edo para los actores, quienes son los encargados de manipular objetos, marionetas, escenograf\u00eda, interpretar todos los personajes, y que el espacio esc\u00e9nico cobre vida.&nbsp;La invitaci\u00f3n es para toda la familia, ya que los grandes de la casa volver\u00e1n a ser ni\u00f1@s y los m\u00e1s peque\u00f1os querr\u00e1n seguir siendo ni\u00f1@s por siempre.<\/p>\n\n\n\n<p>Basado en&nbsp;el&nbsp;cuento infantil de&nbsp;Pinocho<strong>,<\/strong>&nbsp;un mu\u00f1eco de madera que so\u00f1aba en ser un ni\u00f1o de verdad,nos ense\u00f1a valores como el respeto<strong>, &nbsp;<\/strong><a href=\"https:\/\/www.guiainfantil.com\/videos\/22\/fomentar-el-esfuerzo-y-el-trabajo-en-los-ninos\/\" target=\"_blank\" rel=\"noreferrer noopener\">el esfuerzo<\/a>,&nbsp;la responsabilidad&nbsp;y la amistad.&nbsp;Pinocho&nbsp;aprender\u00e1 a obedecer, a hacerse responsable, a no fiarse de los extra\u00f1os, y a dar valor a la escuela. Y, sobre todo, nos ense\u00f1a el valor de la verdad.&nbsp;La obra comienza en la peque\u00f1a casa de&nbsp;Geppetto, donde las paredes cobran vida, se abrir\u00e1n ventanas, muebles y tras de estas paredes ocurrir\u00e1 la obra,&nbsp;Pinocho&nbsp;se encontrar\u00e1 con distintos personajes, pero cada desobediencia&nbsp;lleva a su Padre Geppetto hacia el fondo de una ballena, sin embargo, el Hada Azul le concede el deseo de sacarlo de all\u00ed.<\/p>\n\n\n\n<p><strong><u>Elenco:<\/u><\/strong>&nbsp;Marcela Molina, Andr\u00e9s P\u00e9rez, Jos\u00e9 Salinas y Rodrigo Reyes.&nbsp;<\/p>\n\n\n\n<p><strong><u>Marionetas:<\/u><\/strong>&nbsp;Carlos Cort\u00e9s&nbsp;<\/p>\n\n\n\n<p><strong><u>Dise\u00f1o y Confecci\u00f3n de Escenograf\u00eda:<\/u><\/strong>&nbsp;Jos\u00e9 PEPE Salinas<\/p>\n\n\n\n<p><strong><u>Iluminaci\u00f3n:<\/u><\/strong>&nbsp;Marco Neg\u00fce<\/p>\n\n\n\n<p><strong><u>Direcci\u00f3n y Adaptaci\u00f3n:<\/u><\/strong>\u00a0Claudio Vidal.<\/p>\n\n\n\n<p><\/p>\n\n\n\n<p>\u00d8&nbsp;<strong><em>\u00bfCu\u00e1ndo?&nbsp;<\/em><\/strong><strong><em>LUNES<\/em><\/strong><strong><em>&nbsp;10 DE OCTUBRE 2022 &#8211; 18:00 HORAS<\/em><\/strong><\/p>\n\n\n\n<p>\u00d8&nbsp;<strong><em>\u00bfD\u00f3nde?&nbsp;&nbsp;<\/em><\/strong><strong><em>CENTRO CULTURAL IPA &#8211; CONDELL N\u00b0 1349 VALPARA\u00cdSO<\/em><\/strong><strong><em><\/em><\/strong><\/p>\n\n\n\n<p>\u00d8\u00a0\u00a0<strong><em>\u00bfC\u00f3mo?\u00a0ENTRADA LIBERADA reservando al\u00a0<\/em><\/strong><em>WhatsApp<\/em><strong><em>\u00a0+569 99383354<\/em><\/strong><\/p>\n\n\n\n<figure class=\"wp-block-image size-large\"><img fetchpriority=\"high\" decoding=\"async\" width=\"1024\" height=\"1024\" src=\"https:\/\/www.valparaisocreativo.cl\/wp-content\/uploads\/2022\/10\/pinocho_10octubre_2022-1024x1024.jpg\" alt=\"\" class=\"wp-image-11723\" srcset=\"https:\/\/dev.antudigital.cl\/sites\/vc\/wp-content\/uploads\/2022\/10\/pinocho_10octubre_2022-1024x1024.jpg 1024w, https:\/\/dev.antudigital.cl\/sites\/vc\/wp-content\/uploads\/2022\/10\/pinocho_10octubre_2022-300x300.jpg 300w, https:\/\/dev.antudigital.cl\/sites\/vc\/wp-content\/uploads\/2022\/10\/pinocho_10octubre_2022-150x150.jpg 150w, https:\/\/dev.antudigital.cl\/sites\/vc\/wp-content\/uploads\/2022\/10\/pinocho_10octubre_2022-768x768.jpg 768w, https:\/\/dev.antudigital.cl\/sites\/vc\/wp-content\/uploads\/2022\/10\/pinocho_10octubre_2022-980x980.jpg 980w, https:\/\/dev.antudigital.cl\/sites\/vc\/wp-content\/uploads\/2022\/10\/pinocho_10octubre_2022-480x480.jpg 480w, https:\/\/dev.antudigital.cl\/sites\/vc\/wp-content\/uploads\/2022\/10\/pinocho_10octubre_2022.jpg 1080w\" sizes=\"(max-width: 1024px) 100vw, 1024px\" \/><\/figure>\n","protected":false},"excerpt":{"rendered":"<p>Una puesta en escena m\u00e1gica, visual, llena de sorpresas, cada detalle hace de este trabajo un desaf\u00edo para los actores, quienes son los encargados de manipular objetos, marionetas, escenograf\u00eda, interpretar todos los personajes, y que el espacio esc\u00e9nico cobre vida.&nbsp;La invitaci\u00f3n es para toda la familia, ya que los grandes de la casa volver\u00e1n a [&hellip;]<\/p>\n","protected":false},"author":1,"featured_media":11722,"comment_status":"open","ping_status":"closed","sticky":false,"template":"","format":"standard","meta":{"_acf_changed":false,"footnotes":""},"categories":[8],"tags":[],"class_list":["post-11721","post","type-post","status-publish","format-standard","has-post-thumbnail","hentry","category-noticia"],"acf":[],"yoast_head":"<!-- This site is optimized with the Yoast SEO plugin v27.1.1 - https:\/\/yoast.com\/product\/yoast-seo-wordpress\/ -->\n<title>94\u00b0 aniversario del Centro Cultural IPA ser\u00e1 celebrado con la destacada obra teatral \u201cPINOCHO\u201d - Valpara\u00ed\u00adso Creativo<\/title>\n<meta name=\"robots\" content=\"index, follow, max-snippet:-1, max-image-preview:large, max-video-preview:-1\" \/>\n<link rel=\"canonical\" href=\"https:\/\/dev.antudigital.cl\/sites\/vc\/94-aniversario-del-centro-cultural-ipa-sera-celebrado-con-la-destacada-obra-teatral-pinocho\/\" \/>\n<meta property=\"og:locale\" content=\"es_ES\" \/>\n<meta property=\"og:type\" content=\"article\" \/>\n<meta property=\"og:title\" content=\"94\u00b0 aniversario del Centro Cultural IPA ser\u00e1 celebrado con la destacada obra teatral \u201cPINOCHO\u201d - Valpara\u00ed\u00adso Creativo\" \/>\n<meta property=\"og:description\" content=\"Una puesta en escena m\u00e1gica, visual, llena de sorpresas, cada detalle hace de este trabajo un desaf\u00edo para los actores, quienes son los encargados de manipular objetos, marionetas, escenograf\u00eda, interpretar todos los personajes, y que el espacio esc\u00e9nico cobre vida.&nbsp;La invitaci\u00f3n es para toda la familia, ya que los grandes de la casa volver\u00e1n a [&hellip;]\" \/>\n<meta property=\"og:url\" content=\"https:\/\/dev.antudigital.cl\/sites\/vc\/94-aniversario-del-centro-cultural-ipa-sera-celebrado-con-la-destacada-obra-teatral-pinocho\/\" \/>\n<meta property=\"og:site_name\" content=\"Valpara\u00ed\u00adso Creativo\" \/>\n<meta property=\"article:published_time\" content=\"2022-10-03T11:30:31+00:00\" \/>\n<meta property=\"article:modified_time\" content=\"2022-10-03T11:30:38+00:00\" \/>\n<meta property=\"og:image\" content=\"https:\/\/dev.antudigital.cl\/sites\/vc\/wp-content\/uploads\/2022\/10\/PIN8.jpg\" \/>\n\t<meta property=\"og:image:width\" content=\"1280\" \/>\n\t<meta property=\"og:image:height\" content=\"853\" \/>\n\t<meta property=\"og:image:type\" content=\"image\/jpeg\" \/>\n<meta name=\"author\" content=\"Valpara\u00edso Creativo\" \/>\n<meta name=\"twitter:card\" content=\"summary_large_image\" \/>\n<meta name=\"twitter:label1\" content=\"Escrito por\" \/>\n\t<meta name=\"twitter:data1\" content=\"Valpara\u00edso Creativo\" \/>\n\t<meta name=\"twitter:label2\" content=\"Tiempo de lectura\" \/>\n\t<meta name=\"twitter:data2\" content=\"2 minutos\" \/>\n<script type=\"application\/ld+json\" class=\"yoast-schema-graph\">{\"@context\":\"https:\/\/schema.org\",\"@graph\":[{\"@type\":\"Article\",\"@id\":\"https:\/\/dev.antudigital.cl\/sites\/vc\/94-aniversario-del-centro-cultural-ipa-sera-celebrado-con-la-destacada-obra-teatral-pinocho\/#article\",\"isPartOf\":{\"@id\":\"https:\/\/dev.antudigital.cl\/sites\/vc\/94-aniversario-del-centro-cultural-ipa-sera-celebrado-con-la-destacada-obra-teatral-pinocho\/\"},\"author\":{\"name\":\"Valpara\u00edso Creativo\",\"@id\":\"https:\/\/dev.antudigital.cl\/sites\/vc\/#\/schema\/person\/c2b9da8dd545e27166fc5ab232837318\"},\"headline\":\"94\u00b0 aniversario del Centro Cultural IPA ser\u00e1 celebrado con la destacada obra teatral \u201cPINOCHO\u201d\",\"datePublished\":\"2022-10-03T11:30:31+00:00\",\"dateModified\":\"2022-10-03T11:30:38+00:00\",\"mainEntityOfPage\":{\"@id\":\"https:\/\/dev.antudigital.cl\/sites\/vc\/94-aniversario-del-centro-cultural-ipa-sera-celebrado-con-la-destacada-obra-teatral-pinocho\/\"},\"wordCount\":311,\"commentCount\":0,\"image\":{\"@id\":\"https:\/\/dev.antudigital.cl\/sites\/vc\/94-aniversario-del-centro-cultural-ipa-sera-celebrado-con-la-destacada-obra-teatral-pinocho\/#primaryimage\"},\"thumbnailUrl\":\"https:\/\/dev.antudigital.cl\/sites\/vc\/wp-content\/uploads\/2022\/10\/PIN8.jpg\",\"articleSection\":[\"Noticia\"],\"inLanguage\":\"es\",\"potentialAction\":[{\"@type\":\"CommentAction\",\"name\":\"Comment\",\"target\":[\"https:\/\/dev.antudigital.cl\/sites\/vc\/94-aniversario-del-centro-cultural-ipa-sera-celebrado-con-la-destacada-obra-teatral-pinocho\/#respond\"]}]},{\"@type\":\"WebPage\",\"@id\":\"https:\/\/dev.antudigital.cl\/sites\/vc\/94-aniversario-del-centro-cultural-ipa-sera-celebrado-con-la-destacada-obra-teatral-pinocho\/\",\"url\":\"https:\/\/dev.antudigital.cl\/sites\/vc\/94-aniversario-del-centro-cultural-ipa-sera-celebrado-con-la-destacada-obra-teatral-pinocho\/\",\"name\":\"94\u00b0 aniversario del Centro Cultural IPA ser\u00e1 celebrado con la destacada obra teatral \u201cPINOCHO\u201d - Valpara\u00ed\u00adso Creativo\",\"isPartOf\":{\"@id\":\"https:\/\/dev.antudigital.cl\/sites\/vc\/#website\"},\"primaryImageOfPage\":{\"@id\":\"https:\/\/dev.antudigital.cl\/sites\/vc\/94-aniversario-del-centro-cultural-ipa-sera-celebrado-con-la-destacada-obra-teatral-pinocho\/#primaryimage\"},\"image\":{\"@id\":\"https:\/\/dev.antudigital.cl\/sites\/vc\/94-aniversario-del-centro-cultural-ipa-sera-celebrado-con-la-destacada-obra-teatral-pinocho\/#primaryimage\"},\"thumbnailUrl\":\"https:\/\/dev.antudigital.cl\/sites\/vc\/wp-content\/uploads\/2022\/10\/PIN8.jpg\",\"datePublished\":\"2022-10-03T11:30:31+00:00\",\"dateModified\":\"2022-10-03T11:30:38+00:00\",\"author\":{\"@id\":\"https:\/\/dev.antudigital.cl\/sites\/vc\/#\/schema\/person\/c2b9da8dd545e27166fc5ab232837318\"},\"breadcrumb\":{\"@id\":\"https:\/\/dev.antudigital.cl\/sites\/vc\/94-aniversario-del-centro-cultural-ipa-sera-celebrado-con-la-destacada-obra-teatral-pinocho\/#breadcrumb\"},\"inLanguage\":\"es\",\"potentialAction\":[{\"@type\":\"ReadAction\",\"target\":[\"https:\/\/dev.antudigital.cl\/sites\/vc\/94-aniversario-del-centro-cultural-ipa-sera-celebrado-con-la-destacada-obra-teatral-pinocho\/\"]}]},{\"@type\":\"ImageObject\",\"inLanguage\":\"es\",\"@id\":\"https:\/\/dev.antudigital.cl\/sites\/vc\/94-aniversario-del-centro-cultural-ipa-sera-celebrado-con-la-destacada-obra-teatral-pinocho\/#primaryimage\",\"url\":\"https:\/\/dev.antudigital.cl\/sites\/vc\/wp-content\/uploads\/2022\/10\/PIN8.jpg\",\"contentUrl\":\"https:\/\/dev.antudigital.cl\/sites\/vc\/wp-content\/uploads\/2022\/10\/PIN8.jpg\",\"width\":1280,\"height\":853},{\"@type\":\"BreadcrumbList\",\"@id\":\"https:\/\/dev.antudigital.cl\/sites\/vc\/94-aniversario-del-centro-cultural-ipa-sera-celebrado-con-la-destacada-obra-teatral-pinocho\/#breadcrumb\",\"itemListElement\":[{\"@type\":\"ListItem\",\"position\":1,\"name\":\"Home\",\"item\":\"https:\/\/dev.antudigital.cl\/sites\/vc\/\"},{\"@type\":\"ListItem\",\"position\":2,\"name\":\"94\u00b0 aniversario del Centro Cultural IPA ser\u00e1 celebrado con la destacada obra teatral \u201cPINOCHO\u201d\"}]},{\"@type\":\"WebSite\",\"@id\":\"https:\/\/dev.antudigital.cl\/sites\/vc\/#website\",\"url\":\"https:\/\/dev.antudigital.cl\/sites\/vc\/\",\"name\":\"Valpara\u00ed\u00adso Creativo\",\"description\":\"\",\"potentialAction\":[{\"@type\":\"SearchAction\",\"target\":{\"@type\":\"EntryPoint\",\"urlTemplate\":\"https:\/\/dev.antudigital.cl\/sites\/vc\/?s={search_term_string}\"},\"query-input\":{\"@type\":\"PropertyValueSpecification\",\"valueRequired\":true,\"valueName\":\"search_term_string\"}}],\"inLanguage\":\"es\"},{\"@type\":\"Person\",\"@id\":\"https:\/\/dev.antudigital.cl\/sites\/vc\/#\/schema\/person\/c2b9da8dd545e27166fc5ab232837318\",\"name\":\"Valpara\u00edso Creativo\",\"description\":\"Periodista de cultura en la Regi\u00f3n de Valpara\u00edso.\",\"url\":\"https:\/\/dev.antudigital.cl\/sites\/vc\/author\/valpoadmin\/\"}]}<\/script>\n<!-- \/ Yoast SEO plugin. -->","yoast_head_json":{"title":"94\u00b0 aniversario del Centro Cultural IPA ser\u00e1 celebrado con la destacada obra teatral \u201cPINOCHO\u201d - Valpara\u00ed\u00adso Creativo","robots":{"index":"index","follow":"follow","max-snippet":"max-snippet:-1","max-image-preview":"max-image-preview:large","max-video-preview":"max-video-preview:-1"},"canonical":"https:\/\/dev.antudigital.cl\/sites\/vc\/94-aniversario-del-centro-cultural-ipa-sera-celebrado-con-la-destacada-obra-teatral-pinocho\/","og_locale":"es_ES","og_type":"article","og_title":"94\u00b0 aniversario del Centro Cultural IPA ser\u00e1 celebrado con la destacada obra teatral \u201cPINOCHO\u201d - Valpara\u00ed\u00adso Creativo","og_description":"Una puesta en escena m\u00e1gica, visual, llena de sorpresas, cada detalle hace de este trabajo un desaf\u00edo para los actores, quienes son los encargados de manipular objetos, marionetas, escenograf\u00eda, interpretar todos los personajes, y que el espacio esc\u00e9nico cobre vida.&nbsp;La invitaci\u00f3n es para toda la familia, ya que los grandes de la casa volver\u00e1n a [&hellip;]","og_url":"https:\/\/dev.antudigital.cl\/sites\/vc\/94-aniversario-del-centro-cultural-ipa-sera-celebrado-con-la-destacada-obra-teatral-pinocho\/","og_site_name":"Valpara\u00ed\u00adso Creativo","article_published_time":"2022-10-03T11:30:31+00:00","article_modified_time":"2022-10-03T11:30:38+00:00","og_image":[{"width":1280,"height":853,"url":"https:\/\/dev.antudigital.cl\/sites\/vc\/wp-content\/uploads\/2022\/10\/PIN8.jpg","type":"image\/jpeg"}],"author":"Valpara\u00edso Creativo","twitter_card":"summary_large_image","twitter_misc":{"Escrito por":"Valpara\u00edso Creativo","Tiempo de lectura":"2 minutos"},"schema":{"@context":"https:\/\/schema.org","@graph":[{"@type":"Article","@id":"https:\/\/dev.antudigital.cl\/sites\/vc\/94-aniversario-del-centro-cultural-ipa-sera-celebrado-con-la-destacada-obra-teatral-pinocho\/#article","isPartOf":{"@id":"https:\/\/dev.antudigital.cl\/sites\/vc\/94-aniversario-del-centro-cultural-ipa-sera-celebrado-con-la-destacada-obra-teatral-pinocho\/"},"author":{"name":"Valpara\u00edso Creativo","@id":"https:\/\/dev.antudigital.cl\/sites\/vc\/#\/schema\/person\/c2b9da8dd545e27166fc5ab232837318"},"headline":"94\u00b0 aniversario del Centro Cultural IPA ser\u00e1 celebrado con la destacada obra teatral \u201cPINOCHO\u201d","datePublished":"2022-10-03T11:30:31+00:00","dateModified":"2022-10-03T11:30:38+00:00","mainEntityOfPage":{"@id":"https:\/\/dev.antudigital.cl\/sites\/vc\/94-aniversario-del-centro-cultural-ipa-sera-celebrado-con-la-destacada-obra-teatral-pinocho\/"},"wordCount":311,"commentCount":0,"image":{"@id":"https:\/\/dev.antudigital.cl\/sites\/vc\/94-aniversario-del-centro-cultural-ipa-sera-celebrado-con-la-destacada-obra-teatral-pinocho\/#primaryimage"},"thumbnailUrl":"https:\/\/dev.antudigital.cl\/sites\/vc\/wp-content\/uploads\/2022\/10\/PIN8.jpg","articleSection":["Noticia"],"inLanguage":"es","potentialAction":[{"@type":"CommentAction","name":"Comment","target":["https:\/\/dev.antudigital.cl\/sites\/vc\/94-aniversario-del-centro-cultural-ipa-sera-celebrado-con-la-destacada-obra-teatral-pinocho\/#respond"]}]},{"@type":"WebPage","@id":"https:\/\/dev.antudigital.cl\/sites\/vc\/94-aniversario-del-centro-cultural-ipa-sera-celebrado-con-la-destacada-obra-teatral-pinocho\/","url":"https:\/\/dev.antudigital.cl\/sites\/vc\/94-aniversario-del-centro-cultural-ipa-sera-celebrado-con-la-destacada-obra-teatral-pinocho\/","name":"94\u00b0 aniversario del Centro Cultural IPA ser\u00e1 celebrado con la destacada obra teatral \u201cPINOCHO\u201d - Valpara\u00ed\u00adso Creativo","isPartOf":{"@id":"https:\/\/dev.antudigital.cl\/sites\/vc\/#website"},"primaryImageOfPage":{"@id":"https:\/\/dev.antudigital.cl\/sites\/vc\/94-aniversario-del-centro-cultural-ipa-sera-celebrado-con-la-destacada-obra-teatral-pinocho\/#primaryimage"},"image":{"@id":"https:\/\/dev.antudigital.cl\/sites\/vc\/94-aniversario-del-centro-cultural-ipa-sera-celebrado-con-la-destacada-obra-teatral-pinocho\/#primaryimage"},"thumbnailUrl":"https:\/\/dev.antudigital.cl\/sites\/vc\/wp-content\/uploads\/2022\/10\/PIN8.jpg","datePublished":"2022-10-03T11:30:31+00:00","dateModified":"2022-10-03T11:30:38+00:00","author":{"@id":"https:\/\/dev.antudigital.cl\/sites\/vc\/#\/schema\/person\/c2b9da8dd545e27166fc5ab232837318"},"breadcrumb":{"@id":"https:\/\/dev.antudigital.cl\/sites\/vc\/94-aniversario-del-centro-cultural-ipa-sera-celebrado-con-la-destacada-obra-teatral-pinocho\/#breadcrumb"},"inLanguage":"es","potentialAction":[{"@type":"ReadAction","target":["https:\/\/dev.antudigital.cl\/sites\/vc\/94-aniversario-del-centro-cultural-ipa-sera-celebrado-con-la-destacada-obra-teatral-pinocho\/"]}]},{"@type":"ImageObject","inLanguage":"es","@id":"https:\/\/dev.antudigital.cl\/sites\/vc\/94-aniversario-del-centro-cultural-ipa-sera-celebrado-con-la-destacada-obra-teatral-pinocho\/#primaryimage","url":"https:\/\/dev.antudigital.cl\/sites\/vc\/wp-content\/uploads\/2022\/10\/PIN8.jpg","contentUrl":"https:\/\/dev.antudigital.cl\/sites\/vc\/wp-content\/uploads\/2022\/10\/PIN8.jpg","width":1280,"height":853},{"@type":"BreadcrumbList","@id":"https:\/\/dev.antudigital.cl\/sites\/vc\/94-aniversario-del-centro-cultural-ipa-sera-celebrado-con-la-destacada-obra-teatral-pinocho\/#breadcrumb","itemListElement":[{"@type":"ListItem","position":1,"name":"Home","item":"https:\/\/dev.antudigital.cl\/sites\/vc\/"},{"@type":"ListItem","position":2,"name":"94\u00b0 aniversario del Centro Cultural IPA ser\u00e1 celebrado con la destacada obra teatral \u201cPINOCHO\u201d"}]},{"@type":"WebSite","@id":"https:\/\/dev.antudigital.cl\/sites\/vc\/#website","url":"https:\/\/dev.antudigital.cl\/sites\/vc\/","name":"Valpara\u00ed\u00adso Creativo","description":"","potentialAction":[{"@type":"SearchAction","target":{"@type":"EntryPoint","urlTemplate":"https:\/\/dev.antudigital.cl\/sites\/vc\/?s={search_term_string}"},"query-input":{"@type":"PropertyValueSpecification","valueRequired":true,"valueName":"search_term_string"}}],"inLanguage":"es"},{"@type":"Person","@id":"https:\/\/dev.antudigital.cl\/sites\/vc\/#\/schema\/person\/c2b9da8dd545e27166fc5ab232837318","name":"Valpara\u00edso Creativo","description":"Periodista de cultura en la Regi\u00f3n de Valpara\u00edso.","url":"https:\/\/dev.antudigital.cl\/sites\/vc\/author\/valpoadmin\/"}]}},"_links":{"self":[{"href":"https:\/\/dev.antudigital.cl\/sites\/vc\/wp-json\/wp\/v2\/posts\/11721","targetHints":{"allow":["GET"]}}],"collection":[{"href":"https:\/\/dev.antudigital.cl\/sites\/vc\/wp-json\/wp\/v2\/posts"}],"about":[{"href":"https:\/\/dev.antudigital.cl\/sites\/vc\/wp-json\/wp\/v2\/types\/post"}],"author":[{"embeddable":true,"href":"https:\/\/dev.antudigital.cl\/sites\/vc\/wp-json\/wp\/v2\/users\/1"}],"replies":[{"embeddable":true,"href":"https:\/\/dev.antudigital.cl\/sites\/vc\/wp-json\/wp\/v2\/comments?post=11721"}],"version-history":[{"count":1,"href":"https:\/\/dev.antudigital.cl\/sites\/vc\/wp-json\/wp\/v2\/posts\/11721\/revisions"}],"predecessor-version":[{"id":11724,"href":"https:\/\/dev.antudigital.cl\/sites\/vc\/wp-json\/wp\/v2\/posts\/11721\/revisions\/11724"}],"wp:featuredmedia":[{"embeddable":true,"href":"https:\/\/dev.antudigital.cl\/sites\/vc\/wp-json\/wp\/v2\/media\/11722"}],"wp:attachment":[{"href":"https:\/\/dev.antudigital.cl\/sites\/vc\/wp-json\/wp\/v2\/media?parent=11721"}],"wp:term":[{"taxonomy":"category","embeddable":true,"href":"https:\/\/dev.antudigital.cl\/sites\/vc\/wp-json\/wp\/v2\/categories?post=11721"},{"taxonomy":"post_tag","embeddable":true,"href":"https:\/\/dev.antudigital.cl\/sites\/vc\/wp-json\/wp\/v2\/tags?post=11721"}],"curies":[{"name":"wp","href":"https:\/\/api.w.org\/{rel}","templated":true}]}}