{"id":11725,"date":"2022-10-03T11:37:42","date_gmt":"2022-10-03T11:37:42","guid":{"rendered":"https:\/\/www.valparaisocreativo.cl\/?p=11725"},"modified":"2022-10-03T11:37:50","modified_gmt":"2022-10-03T11:37:50","slug":"seminario-internacional-en-formacion-y-oficio-ead-pucv","status":"publish","type":"post","link":"https:\/\/dev.antudigital.cl\/sites\/vc\/seminario-internacional-en-formacion-y-oficio-ead-pucv\/","title":{"rendered":"Seminario Internacional en Formaci\u00f3n y Oficio e[ad] PUCV"},"content":{"rendered":"\n<p>El Mag\u00edster en Arquitectura y Dise\u00f1o PUCV (MAD PUCV), te invita a participar en Ciudad Abierta los d\u00edas&nbsp;<strong>13, 14 y 15 de octubre<\/strong>&nbsp;del&nbsp;<a href=\"https:\/\/wiki.ead.pucv.cl\/Seminario_Internacional_Formaci%C3%B3n_y_Oficio_en_Arquitectura_y_Dise%C3%B1o\"><strong>Seminario Internacional \u00abFormaci\u00f3n y Oficio en Arquitectura y Dise\u00f1o\u00bb<\/strong><\/a>&nbsp;, en donde acad\u00e9micos, creadores e investigadores de Brasil, Argentina, Italia y Chile, expondr\u00e1n en torno a ambas disciplinas para conversar en profundidad sobre la formaci\u00f3n en nuestros oficios, los proyectos formativos y su relaci\u00f3n con el contexto nacional, regional y global.<\/p>\n\n\n\n<p>La e[ad] PUCV en sus 70 a\u00f1os se ha caracterizado por llevar adelante un modelo formativo vanguardista que ha inspirado otras escuelas en Chile y otros pa\u00edses. La curator\u00eda de este Seminario es la base de un proyecto editorial, el cual busca enriquecer las relaciones entre los temas y reconocer las hebras subyacentes que permiten construir colectivamente una obra consistente.<\/p>\n\n\n\n<p>El Seminario contempla tres ejes tem\u00e1ticos:<\/p>\n\n\n\n<p><strong>Investigaci\u00f3n y creaci\u00f3n<\/strong><\/p>\n\n\n\n<p>La construcci\u00f3n de conocimiento nos exige declarar nuestra posici\u00f3n o punto de vista. Sin embargo, tanto en arquitectura como en dise\u00f1o, la articulaci\u00f3n de nuestra postura ha sido controvertida y accidentada, dando lugar a una diversidad de enfoques y formas para generar conocimiento. En este eje abrimos el espacio para contrastar y reflexionar las nuestras aproximaciones en la investigaci\u00f3n y creaci\u00f3n buscando las hebras transversales que nos permitan vislumbrar cierta consistencia disciplinar.<\/p>\n\n\n\n<p><strong>Bordes del oficio<\/strong><\/p>\n\n\n\n<p>Este eje nos plantea una lectura del presente, revisando las pr\u00e1cticas emergentes, nuevas materias, medios y materiales, nuevas t\u00e9cnicas y nuevos ethos de abordaje y de vinculaci\u00f3n con los contextos en los que nos insertamos; la relaci\u00f3n con otras disciplinas que nos abren a nuevos bordes epistemol\u00f3gicos del oficio. Se trata de abrir preguntas fundamentales hacia las proyecciones y desaf\u00edos para nuestras disciplinas.<\/p>\n\n\n\n<p><strong>La Escuela como Obra<\/strong><\/p>\n\n\n\n<p>Este eje recibe contribuciones relativas a los proyectos formativos en arquitectura y dise\u00f1o, desde enfoques art\u00edsticos, filos\u00f3ficos, cr\u00edticos o pr\u00e1cticos, que determinan lo que conocemos como \u201csello de una escuela\u201d. Se invita a exponer y revisar el devenir de los proyectos formativos de arquitectura y dise\u00f1o en la tradici\u00f3n mundial, poniendo en perspectiva su relaci\u00f3n con sus comunidades internas, sus modalidades, enfoques y espacios de aprendizaje as\u00ed como su relaci\u00f3n con la t\u00e9cnica.<\/p>\n\n\n\n<p>Esta edici\u00f3n presencial que se llevar\u00e1 a cabo en los terrenos bajos de Ciudad Abierta, es abierta al p\u00fablico general as\u00ed como a estudiantes de otras instituciones, previa inscripci\u00f3n y pago mediante&nbsp;<a href=\"https:\/\/welcu.com\/eadpucv\/seminario-internacional-formacion-oficio-en-arquitectura-y-diseno\">plataforma Welcu<\/a>.<strong>&nbsp;Las y los estudiantes de Arquitectura y Dise\u00f1o PUCV podr\u00e1n asistir a las exposiciones de forma gratuita.<\/strong><\/p>\n\n\n\n<p><strong>Adhesi\u00f3n:<\/strong><\/p>\n\n\n\n<ul class=\"wp-block-list\"><li>P\u00fablico General: $75.000<\/li><li>Alumni e[ad] PUCV: $55.000<\/li><li>Estudiantes: $40.000<\/li><li>Estudiantes e[ad]-PUCV: $0<\/li><\/ul>\n\n\n\n<p>Las entradas de pago, disponibles en <a href=\"https:\/\/welcu.com\/eadpucv\">https:\/\/welcu.com\/eadpucv<\/a>, contemplan el catering completo (almuerzo y caf\u00e9) para los tres d\u00edas del Seminario y el Encuentro 70 a\u00f1os e[ad], festejo a realizarse el s\u00e1bado 15 de 15:30 a 22:00 horas. Los&nbsp;<a href=\"https:\/\/welcu.com\/eadpucv\/seminario-internacional-formacion-oficio-en-arquitectura-y-diseno\">tickets&nbsp;<\/a>est\u00e1n disponibles <strong>hasta el 9 de octubre<\/strong>.&nbsp;<br>Para m\u00e1s informaci\u00f3n, te invitamos a visitar la&nbsp;<a href=\"https:\/\/wiki.ead.pucv.cl\/Seminario_Internacional_Formaci%C3%B3n_y_Oficio_en_Arquitectura_y_Dise%C3%B1o\">p\u00e1gina del seminario<\/a>&nbsp;en la&nbsp; cual encontrar\u00e1s el detalle del programa y los abstracts de las ponencia que estaremos actualizando en los pr\u00f3ximos d\u00edas.<\/p>\n\n\n\n<figure class=\"wp-block-image size-large\"><img fetchpriority=\"high\" decoding=\"async\" width=\"338\" height=\"1024\" src=\"https:\/\/www.valparaisocreativo.cl\/wp-content\/uploads\/2022\/10\/Seminario-FO_Programa-completo-338x1024.png\" alt=\"\" class=\"wp-image-11726\" srcset=\"https:\/\/dev.antudigital.cl\/sites\/vc\/wp-content\/uploads\/2022\/10\/Seminario-FO_Programa-completo-338x1024.png 338w, https:\/\/dev.antudigital.cl\/sites\/vc\/wp-content\/uploads\/2022\/10\/Seminario-FO_Programa-completo-99x300.png 99w, https:\/\/dev.antudigital.cl\/sites\/vc\/wp-content\/uploads\/2022\/10\/Seminario-FO_Programa-completo-768x2325.png 768w, https:\/\/dev.antudigital.cl\/sites\/vc\/wp-content\/uploads\/2022\/10\/Seminario-FO_Programa-completo-507x1536.png 507w, https:\/\/dev.antudigital.cl\/sites\/vc\/wp-content\/uploads\/2022\/10\/Seminario-FO_Programa-completo-676x2048.png 676w, https:\/\/dev.antudigital.cl\/sites\/vc\/wp-content\/uploads\/2022\/10\/Seminario-FO_Programa-completo-980x2967.png 980w, https:\/\/dev.antudigital.cl\/sites\/vc\/wp-content\/uploads\/2022\/10\/Seminario-FO_Programa-completo-480x1453.png 480w, https:\/\/dev.antudigital.cl\/sites\/vc\/wp-content\/uploads\/2022\/10\/Seminario-FO_Programa-completo.png 1080w\" sizes=\"(max-width: 338px) 100vw, 338px\" \/><\/figure>\n","protected":false},"excerpt":{"rendered":"<p>El Mag\u00edster en Arquitectura y Dise\u00f1o PUCV (MAD PUCV), te invita a participar en Ciudad Abierta los d\u00edas&nbsp;13, 14 y 15 de octubre&nbsp;del&nbsp;Seminario Internacional \u00abFormaci\u00f3n y Oficio en Arquitectura y Dise\u00f1o\u00bb&nbsp;, en donde acad\u00e9micos, creadores e investigadores de Brasil, Argentina, Italia y Chile, expondr\u00e1n en torno a ambas disciplinas para conversar en profundidad sobre la [&hellip;]<\/p>\n","protected":false},"author":1,"featured_media":11727,"comment_status":"open","ping_status":"closed","sticky":false,"template":"","format":"standard","meta":{"_acf_changed":false,"footnotes":""},"categories":[8],"tags":[],"class_list":["post-11725","post","type-post","status-publish","format-standard","has-post-thumbnail","hentry","category-noticia"],"acf":[],"yoast_head":"<!-- This site is optimized with the Yoast SEO plugin v27.1.1 - https:\/\/yoast.com\/product\/yoast-seo-wordpress\/ -->\n<title>Seminario Internacional en Formaci\u00f3n y Oficio e[ad] PUCV - Valpara\u00ed\u00adso Creativo<\/title>\n<meta name=\"robots\" content=\"index, follow, max-snippet:-1, max-image-preview:large, max-video-preview:-1\" \/>\n<link rel=\"canonical\" href=\"https:\/\/dev.antudigital.cl\/sites\/vc\/seminario-internacional-en-formacion-y-oficio-ead-pucv\/\" \/>\n<meta property=\"og:locale\" content=\"es_ES\" \/>\n<meta property=\"og:type\" content=\"article\" \/>\n<meta property=\"og:title\" content=\"Seminario Internacional en Formaci\u00f3n y Oficio e[ad] PUCV - Valpara\u00ed\u00adso Creativo\" \/>\n<meta property=\"og:description\" content=\"El Mag\u00edster en Arquitectura y Dise\u00f1o PUCV (MAD PUCV), te invita a participar en Ciudad Abierta los d\u00edas&nbsp;13, 14 y 15 de octubre&nbsp;del&nbsp;Seminario Internacional \u00abFormaci\u00f3n y Oficio en Arquitectura y Dise\u00f1o\u00bb&nbsp;, en donde acad\u00e9micos, creadores e investigadores de Brasil, Argentina, Italia y Chile, expondr\u00e1n en torno a ambas disciplinas para conversar en profundidad sobre la [&hellip;]\" \/>\n<meta property=\"og:url\" content=\"https:\/\/dev.antudigital.cl\/sites\/vc\/seminario-internacional-en-formacion-y-oficio-ead-pucv\/\" \/>\n<meta property=\"og:site_name\" content=\"Valpara\u00ed\u00adso Creativo\" \/>\n<meta property=\"article:published_time\" content=\"2022-10-03T11:37:42+00:00\" \/>\n<meta property=\"article:modified_time\" content=\"2022-10-03T11:37:50+00:00\" \/>\n<meta property=\"og:image\" content=\"https:\/\/dev.antudigital.cl\/sites\/vc\/wp-content\/uploads\/2022\/10\/Seminario-FO_Banner-Mailchimp.png\" \/>\n\t<meta property=\"og:image:width\" content=\"900\" \/>\n\t<meta property=\"og:image:height\" content=\"400\" \/>\n\t<meta property=\"og:image:type\" content=\"image\/png\" \/>\n<meta name=\"author\" content=\"Valpara\u00edso Creativo\" \/>\n<meta name=\"twitter:card\" content=\"summary_large_image\" \/>\n<meta name=\"twitter:label1\" content=\"Escrito por\" \/>\n\t<meta name=\"twitter:data1\" content=\"Valpara\u00edso Creativo\" \/>\n\t<meta name=\"twitter:label2\" content=\"Tiempo de lectura\" \/>\n\t<meta name=\"twitter:data2\" content=\"3 minutos\" \/>\n<script type=\"application\/ld+json\" class=\"yoast-schema-graph\">{\"@context\":\"https:\/\/schema.org\",\"@graph\":[{\"@type\":\"Article\",\"@id\":\"https:\/\/dev.antudigital.cl\/sites\/vc\/seminario-internacional-en-formacion-y-oficio-ead-pucv\/#article\",\"isPartOf\":{\"@id\":\"https:\/\/dev.antudigital.cl\/sites\/vc\/seminario-internacional-en-formacion-y-oficio-ead-pucv\/\"},\"author\":{\"name\":\"Valpara\u00edso Creativo\",\"@id\":\"https:\/\/dev.antudigital.cl\/sites\/vc\/#\/schema\/person\/c2b9da8dd545e27166fc5ab232837318\"},\"headline\":\"Seminario Internacional en Formaci\u00f3n y Oficio e[ad] PUCV\",\"datePublished\":\"2022-10-03T11:37:42+00:00\",\"dateModified\":\"2022-10-03T11:37:50+00:00\",\"mainEntityOfPage\":{\"@id\":\"https:\/\/dev.antudigital.cl\/sites\/vc\/seminario-internacional-en-formacion-y-oficio-ead-pucv\/\"},\"wordCount\":572,\"commentCount\":0,\"image\":{\"@id\":\"https:\/\/dev.antudigital.cl\/sites\/vc\/seminario-internacional-en-formacion-y-oficio-ead-pucv\/#primaryimage\"},\"thumbnailUrl\":\"https:\/\/dev.antudigital.cl\/sites\/vc\/wp-content\/uploads\/2022\/10\/Seminario-FO_Banner-Mailchimp.png\",\"articleSection\":[\"Noticia\"],\"inLanguage\":\"es\",\"potentialAction\":[{\"@type\":\"CommentAction\",\"name\":\"Comment\",\"target\":[\"https:\/\/dev.antudigital.cl\/sites\/vc\/seminario-internacional-en-formacion-y-oficio-ead-pucv\/#respond\"]}]},{\"@type\":\"WebPage\",\"@id\":\"https:\/\/dev.antudigital.cl\/sites\/vc\/seminario-internacional-en-formacion-y-oficio-ead-pucv\/\",\"url\":\"https:\/\/dev.antudigital.cl\/sites\/vc\/seminario-internacional-en-formacion-y-oficio-ead-pucv\/\",\"name\":\"Seminario Internacional en Formaci\u00f3n y Oficio e[ad] PUCV - Valpara\u00ed\u00adso Creativo\",\"isPartOf\":{\"@id\":\"https:\/\/dev.antudigital.cl\/sites\/vc\/#website\"},\"primaryImageOfPage\":{\"@id\":\"https:\/\/dev.antudigital.cl\/sites\/vc\/seminario-internacional-en-formacion-y-oficio-ead-pucv\/#primaryimage\"},\"image\":{\"@id\":\"https:\/\/dev.antudigital.cl\/sites\/vc\/seminario-internacional-en-formacion-y-oficio-ead-pucv\/#primaryimage\"},\"thumbnailUrl\":\"https:\/\/dev.antudigital.cl\/sites\/vc\/wp-content\/uploads\/2022\/10\/Seminario-FO_Banner-Mailchimp.png\",\"datePublished\":\"2022-10-03T11:37:42+00:00\",\"dateModified\":\"2022-10-03T11:37:50+00:00\",\"author\":{\"@id\":\"https:\/\/dev.antudigital.cl\/sites\/vc\/#\/schema\/person\/c2b9da8dd545e27166fc5ab232837318\"},\"breadcrumb\":{\"@id\":\"https:\/\/dev.antudigital.cl\/sites\/vc\/seminario-internacional-en-formacion-y-oficio-ead-pucv\/#breadcrumb\"},\"inLanguage\":\"es\",\"potentialAction\":[{\"@type\":\"ReadAction\",\"target\":[\"https:\/\/dev.antudigital.cl\/sites\/vc\/seminario-internacional-en-formacion-y-oficio-ead-pucv\/\"]}]},{\"@type\":\"ImageObject\",\"inLanguage\":\"es\",\"@id\":\"https:\/\/dev.antudigital.cl\/sites\/vc\/seminario-internacional-en-formacion-y-oficio-ead-pucv\/#primaryimage\",\"url\":\"https:\/\/dev.antudigital.cl\/sites\/vc\/wp-content\/uploads\/2022\/10\/Seminario-FO_Banner-Mailchimp.png\",\"contentUrl\":\"https:\/\/dev.antudigital.cl\/sites\/vc\/wp-content\/uploads\/2022\/10\/Seminario-FO_Banner-Mailchimp.png\",\"width\":900,\"height\":400},{\"@type\":\"BreadcrumbList\",\"@id\":\"https:\/\/dev.antudigital.cl\/sites\/vc\/seminario-internacional-en-formacion-y-oficio-ead-pucv\/#breadcrumb\",\"itemListElement\":[{\"@type\":\"ListItem\",\"position\":1,\"name\":\"Home\",\"item\":\"https:\/\/dev.antudigital.cl\/sites\/vc\/\"},{\"@type\":\"ListItem\",\"position\":2,\"name\":\"Seminario Internacional en Formaci\u00f3n y Oficio e[ad] PUCV\"}]},{\"@type\":\"WebSite\",\"@id\":\"https:\/\/dev.antudigital.cl\/sites\/vc\/#website\",\"url\":\"https:\/\/dev.antudigital.cl\/sites\/vc\/\",\"name\":\"Valpara\u00ed\u00adso Creativo\",\"description\":\"\",\"potentialAction\":[{\"@type\":\"SearchAction\",\"target\":{\"@type\":\"EntryPoint\",\"urlTemplate\":\"https:\/\/dev.antudigital.cl\/sites\/vc\/?s={search_term_string}\"},\"query-input\":{\"@type\":\"PropertyValueSpecification\",\"valueRequired\":true,\"valueName\":\"search_term_string\"}}],\"inLanguage\":\"es\"},{\"@type\":\"Person\",\"@id\":\"https:\/\/dev.antudigital.cl\/sites\/vc\/#\/schema\/person\/c2b9da8dd545e27166fc5ab232837318\",\"name\":\"Valpara\u00edso Creativo\",\"description\":\"Periodista de cultura en la Regi\u00f3n de Valpara\u00edso.\",\"url\":\"https:\/\/dev.antudigital.cl\/sites\/vc\/author\/valpoadmin\/\"}]}<\/script>\n<!-- \/ Yoast SEO plugin. -->","yoast_head_json":{"title":"Seminario Internacional en Formaci\u00f3n y Oficio e[ad] PUCV - Valpara\u00ed\u00adso Creativo","robots":{"index":"index","follow":"follow","max-snippet":"max-snippet:-1","max-image-preview":"max-image-preview:large","max-video-preview":"max-video-preview:-1"},"canonical":"https:\/\/dev.antudigital.cl\/sites\/vc\/seminario-internacional-en-formacion-y-oficio-ead-pucv\/","og_locale":"es_ES","og_type":"article","og_title":"Seminario Internacional en Formaci\u00f3n y Oficio e[ad] PUCV - Valpara\u00ed\u00adso Creativo","og_description":"El Mag\u00edster en Arquitectura y Dise\u00f1o PUCV (MAD PUCV), te invita a participar en Ciudad Abierta los d\u00edas&nbsp;13, 14 y 15 de octubre&nbsp;del&nbsp;Seminario Internacional \u00abFormaci\u00f3n y Oficio en Arquitectura y Dise\u00f1o\u00bb&nbsp;, en donde acad\u00e9micos, creadores e investigadores de Brasil, Argentina, Italia y Chile, expondr\u00e1n en torno a ambas disciplinas para conversar en profundidad sobre la [&hellip;]","og_url":"https:\/\/dev.antudigital.cl\/sites\/vc\/seminario-internacional-en-formacion-y-oficio-ead-pucv\/","og_site_name":"Valpara\u00ed\u00adso Creativo","article_published_time":"2022-10-03T11:37:42+00:00","article_modified_time":"2022-10-03T11:37:50+00:00","og_image":[{"width":900,"height":400,"url":"https:\/\/dev.antudigital.cl\/sites\/vc\/wp-content\/uploads\/2022\/10\/Seminario-FO_Banner-Mailchimp.png","type":"image\/png"}],"author":"Valpara\u00edso Creativo","twitter_card":"summary_large_image","twitter_misc":{"Escrito por":"Valpara\u00edso Creativo","Tiempo de lectura":"3 minutos"},"schema":{"@context":"https:\/\/schema.org","@graph":[{"@type":"Article","@id":"https:\/\/dev.antudigital.cl\/sites\/vc\/seminario-internacional-en-formacion-y-oficio-ead-pucv\/#article","isPartOf":{"@id":"https:\/\/dev.antudigital.cl\/sites\/vc\/seminario-internacional-en-formacion-y-oficio-ead-pucv\/"},"author":{"name":"Valpara\u00edso Creativo","@id":"https:\/\/dev.antudigital.cl\/sites\/vc\/#\/schema\/person\/c2b9da8dd545e27166fc5ab232837318"},"headline":"Seminario Internacional en Formaci\u00f3n y Oficio e[ad] PUCV","datePublished":"2022-10-03T11:37:42+00:00","dateModified":"2022-10-03T11:37:50+00:00","mainEntityOfPage":{"@id":"https:\/\/dev.antudigital.cl\/sites\/vc\/seminario-internacional-en-formacion-y-oficio-ead-pucv\/"},"wordCount":572,"commentCount":0,"image":{"@id":"https:\/\/dev.antudigital.cl\/sites\/vc\/seminario-internacional-en-formacion-y-oficio-ead-pucv\/#primaryimage"},"thumbnailUrl":"https:\/\/dev.antudigital.cl\/sites\/vc\/wp-content\/uploads\/2022\/10\/Seminario-FO_Banner-Mailchimp.png","articleSection":["Noticia"],"inLanguage":"es","potentialAction":[{"@type":"CommentAction","name":"Comment","target":["https:\/\/dev.antudigital.cl\/sites\/vc\/seminario-internacional-en-formacion-y-oficio-ead-pucv\/#respond"]}]},{"@type":"WebPage","@id":"https:\/\/dev.antudigital.cl\/sites\/vc\/seminario-internacional-en-formacion-y-oficio-ead-pucv\/","url":"https:\/\/dev.antudigital.cl\/sites\/vc\/seminario-internacional-en-formacion-y-oficio-ead-pucv\/","name":"Seminario Internacional en Formaci\u00f3n y Oficio e[ad] PUCV - Valpara\u00ed\u00adso Creativo","isPartOf":{"@id":"https:\/\/dev.antudigital.cl\/sites\/vc\/#website"},"primaryImageOfPage":{"@id":"https:\/\/dev.antudigital.cl\/sites\/vc\/seminario-internacional-en-formacion-y-oficio-ead-pucv\/#primaryimage"},"image":{"@id":"https:\/\/dev.antudigital.cl\/sites\/vc\/seminario-internacional-en-formacion-y-oficio-ead-pucv\/#primaryimage"},"thumbnailUrl":"https:\/\/dev.antudigital.cl\/sites\/vc\/wp-content\/uploads\/2022\/10\/Seminario-FO_Banner-Mailchimp.png","datePublished":"2022-10-03T11:37:42+00:00","dateModified":"2022-10-03T11:37:50+00:00","author":{"@id":"https:\/\/dev.antudigital.cl\/sites\/vc\/#\/schema\/person\/c2b9da8dd545e27166fc5ab232837318"},"breadcrumb":{"@id":"https:\/\/dev.antudigital.cl\/sites\/vc\/seminario-internacional-en-formacion-y-oficio-ead-pucv\/#breadcrumb"},"inLanguage":"es","potentialAction":[{"@type":"ReadAction","target":["https:\/\/dev.antudigital.cl\/sites\/vc\/seminario-internacional-en-formacion-y-oficio-ead-pucv\/"]}]},{"@type":"ImageObject","inLanguage":"es","@id":"https:\/\/dev.antudigital.cl\/sites\/vc\/seminario-internacional-en-formacion-y-oficio-ead-pucv\/#primaryimage","url":"https:\/\/dev.antudigital.cl\/sites\/vc\/wp-content\/uploads\/2022\/10\/Seminario-FO_Banner-Mailchimp.png","contentUrl":"https:\/\/dev.antudigital.cl\/sites\/vc\/wp-content\/uploads\/2022\/10\/Seminario-FO_Banner-Mailchimp.png","width":900,"height":400},{"@type":"BreadcrumbList","@id":"https:\/\/dev.antudigital.cl\/sites\/vc\/seminario-internacional-en-formacion-y-oficio-ead-pucv\/#breadcrumb","itemListElement":[{"@type":"ListItem","position":1,"name":"Home","item":"https:\/\/dev.antudigital.cl\/sites\/vc\/"},{"@type":"ListItem","position":2,"name":"Seminario Internacional en Formaci\u00f3n y Oficio e[ad] PUCV"}]},{"@type":"WebSite","@id":"https:\/\/dev.antudigital.cl\/sites\/vc\/#website","url":"https:\/\/dev.antudigital.cl\/sites\/vc\/","name":"Valpara\u00ed\u00adso Creativo","description":"","potentialAction":[{"@type":"SearchAction","target":{"@type":"EntryPoint","urlTemplate":"https:\/\/dev.antudigital.cl\/sites\/vc\/?s={search_term_string}"},"query-input":{"@type":"PropertyValueSpecification","valueRequired":true,"valueName":"search_term_string"}}],"inLanguage":"es"},{"@type":"Person","@id":"https:\/\/dev.antudigital.cl\/sites\/vc\/#\/schema\/person\/c2b9da8dd545e27166fc5ab232837318","name":"Valpara\u00edso Creativo","description":"Periodista de cultura en la Regi\u00f3n de Valpara\u00edso.","url":"https:\/\/dev.antudigital.cl\/sites\/vc\/author\/valpoadmin\/"}]}},"_links":{"self":[{"href":"https:\/\/dev.antudigital.cl\/sites\/vc\/wp-json\/wp\/v2\/posts\/11725","targetHints":{"allow":["GET"]}}],"collection":[{"href":"https:\/\/dev.antudigital.cl\/sites\/vc\/wp-json\/wp\/v2\/posts"}],"about":[{"href":"https:\/\/dev.antudigital.cl\/sites\/vc\/wp-json\/wp\/v2\/types\/post"}],"author":[{"embeddable":true,"href":"https:\/\/dev.antudigital.cl\/sites\/vc\/wp-json\/wp\/v2\/users\/1"}],"replies":[{"embeddable":true,"href":"https:\/\/dev.antudigital.cl\/sites\/vc\/wp-json\/wp\/v2\/comments?post=11725"}],"version-history":[{"count":1,"href":"https:\/\/dev.antudigital.cl\/sites\/vc\/wp-json\/wp\/v2\/posts\/11725\/revisions"}],"predecessor-version":[{"id":11728,"href":"https:\/\/dev.antudigital.cl\/sites\/vc\/wp-json\/wp\/v2\/posts\/11725\/revisions\/11728"}],"wp:featuredmedia":[{"embeddable":true,"href":"https:\/\/dev.antudigital.cl\/sites\/vc\/wp-json\/wp\/v2\/media\/11727"}],"wp:attachment":[{"href":"https:\/\/dev.antudigital.cl\/sites\/vc\/wp-json\/wp\/v2\/media?parent=11725"}],"wp:term":[{"taxonomy":"category","embeddable":true,"href":"https:\/\/dev.antudigital.cl\/sites\/vc\/wp-json\/wp\/v2\/categories?post=11725"},{"taxonomy":"post_tag","embeddable":true,"href":"https:\/\/dev.antudigital.cl\/sites\/vc\/wp-json\/wp\/v2\/tags?post=11725"}],"curies":[{"name":"wp","href":"https:\/\/api.w.org\/{rel}","templated":true}]}}