{"id":11729,"date":"2022-10-03T11:41:58","date_gmt":"2022-10-03T11:41:58","guid":{"rendered":"https:\/\/www.valparaisocreativo.cl\/?p=11729"},"modified":"2022-10-03T11:42:05","modified_gmt":"2022-10-03T11:42:05","slug":"concurso-de-audiocuentos-de-libroalegre-cada-voz-es-un-cuento-se-extiende-la-convocatoria-hasta-el-7-de-octubre","status":"publish","type":"post","link":"https:\/\/dev.antudigital.cl\/sites\/vc\/concurso-de-audiocuentos-de-libroalegre-cada-voz-es-un-cuento-se-extiende-la-convocatoria-hasta-el-7-de-octubre\/","title":{"rendered":"Concurso de audiocuentos de Libroalegre \u00abCada voz es un cuento\u00bb: \u00a1Se extiende la convocatoria hasta el 7 de octubre!"},"content":{"rendered":"\n<p>Hasta el 7 de octubre se extender\u00e1 la Convocatoria de&nbsp;<strong>\u201cCada voz es un cuento\u201d, concurso que busca recoger y poner en circulaci\u00f3n una diversidad de voces y relatos, as\u00ed como potenciar el acceso a estos contenidos entre la comunidad de Libroalegre y p\u00fablico en general.&nbsp;<\/strong>El llamado es a participar eligiendo alguno de los t\u00edtulos disponibles en nuestras Bibliotecas Cerro Alegre o Monted\u00f3nico, y registrar su lectura en voz alta en un audio que no exceda los 4 minutos de duraci\u00f3n.<\/p>\n\n\n\n<p>El llamado est\u00e1 dirigido a ni\u00f1os, j\u00f3venes y adultos, que vivan en Chile o en el extranjero, en las siguientes<strong>&nbsp;Categor\u00edas de postulaci\u00f3n:<\/strong><\/p>\n\n\n\n<ol class=\"wp-block-list\"><li>Ni\u00f1as y ni\u00f1os menores de 9 a\u00f1os de edad.<\/li><li>Adolescentes de entre 10 y 17 a\u00f1os.<\/li><li>Mayores de 18 a\u00f1os.<\/li><\/ol>\n\n\n\n<p><strong>Los tres relatos escogidos formar\u00e1n parte de la Programaci\u00f3n Cultural en l\u00ednea de Libroalegre, como parte del Ciclo \u201cHistorias al Atardecer\u201d<\/strong>&nbsp;, que ser\u00e1 difundido a trav\u00e9s de las redes de la ONG (p\u00e1gina web, Youtube y Souncloud), y otros medios de difusi\u00f3n (como radios o presentaciones), sin fines de lucro. Adem\u00e1s, los tres ganadores recibir\u00e1n los siguientes Premios:<\/p>\n\n\n\n<ul class=\"wp-block-list\"><li>1 a\u00f1o de Membres\u00eda a la Biblioteca Cerro Alegre.<\/li><li>1 set de la revista Calcet\u00edn con Papa.<\/li><li>1 libro del cat\u00e1logo de Libroalegre<\/li><\/ul>\n\n\n\n<p><strong>\u00bfC\u00f3mo participar?\u00a0<\/strong>\u00a0Los interesados deben Revisar las\u00a0<strong>Bases de Convocatoria publicadas\u00a0<a href=\"https:\/\/libroalegre.cl\/wp\/wp-content\/uploads\/2022\/08\/CADA-VOZ-ES-UN-CUENTO-Bases-del-Concurso-de-Audiocuentos-Libroalegre.pdf\" target=\"_blank\" rel=\"noreferrer noopener\">AQU\u00cd\u00a0<\/a><\/strong>y\u00a0 enviar sus narraciones, junto con su audio de presentaci\u00f3n, a trav\u00e9s de un formulario en l\u00ednea.<\/p>\n\n\n\n<figure class=\"wp-block-image size-large\"><img fetchpriority=\"high\" decoding=\"async\" width=\"1024\" height=\"1024\" src=\"https:\/\/www.valparaisocreativo.cl\/wp-content\/uploads\/2022\/10\/Pasoapaso_feed-1024x1024.jpg\" alt=\"\" class=\"wp-image-11730\" srcset=\"https:\/\/dev.antudigital.cl\/sites\/vc\/wp-content\/uploads\/2022\/10\/Pasoapaso_feed-1024x1024.jpg 1024w, https:\/\/dev.antudigital.cl\/sites\/vc\/wp-content\/uploads\/2022\/10\/Pasoapaso_feed-300x300.jpg 300w, https:\/\/dev.antudigital.cl\/sites\/vc\/wp-content\/uploads\/2022\/10\/Pasoapaso_feed-150x150.jpg 150w, https:\/\/dev.antudigital.cl\/sites\/vc\/wp-content\/uploads\/2022\/10\/Pasoapaso_feed-768x768.jpg 768w, https:\/\/dev.antudigital.cl\/sites\/vc\/wp-content\/uploads\/2022\/10\/Pasoapaso_feed-980x980.jpg 980w, https:\/\/dev.antudigital.cl\/sites\/vc\/wp-content\/uploads\/2022\/10\/Pasoapaso_feed-480x480.jpg 480w, https:\/\/dev.antudigital.cl\/sites\/vc\/wp-content\/uploads\/2022\/10\/Pasoapaso_feed.jpg 1080w\" sizes=\"(max-width: 1024px) 100vw, 1024px\" \/><\/figure>\n\n\n\n<figure class=\"wp-block-image size-full\"><img decoding=\"async\" width=\"800\" height=\"800\" src=\"https:\/\/www.valparaisocreativo.cl\/wp-content\/uploads\/2022\/10\/CADA-VOZ-ES-UN-CUENTO_web-1.jpg\" alt=\"\" class=\"wp-image-11732\" srcset=\"https:\/\/dev.antudigital.cl\/sites\/vc\/wp-content\/uploads\/2022\/10\/CADA-VOZ-ES-UN-CUENTO_web-1.jpg 800w, https:\/\/dev.antudigital.cl\/sites\/vc\/wp-content\/uploads\/2022\/10\/CADA-VOZ-ES-UN-CUENTO_web-1-300x300.jpg 300w, https:\/\/dev.antudigital.cl\/sites\/vc\/wp-content\/uploads\/2022\/10\/CADA-VOZ-ES-UN-CUENTO_web-1-150x150.jpg 150w, https:\/\/dev.antudigital.cl\/sites\/vc\/wp-content\/uploads\/2022\/10\/CADA-VOZ-ES-UN-CUENTO_web-1-768x768.jpg 768w, https:\/\/dev.antudigital.cl\/sites\/vc\/wp-content\/uploads\/2022\/10\/CADA-VOZ-ES-UN-CUENTO_web-1-480x480.jpg 480w\" sizes=\"(max-width: 800px) 100vw, 800px\" \/><\/figure>\n","protected":false},"excerpt":{"rendered":"<p>Hasta el 7 de octubre se extender\u00e1 la Convocatoria de&nbsp;\u201cCada voz es un cuento\u201d, concurso que busca recoger y poner en circulaci\u00f3n una diversidad de voces y relatos, as\u00ed como potenciar el acceso a estos contenidos entre la comunidad de Libroalegre y p\u00fablico en general.&nbsp;El llamado es a participar eligiendo alguno de los t\u00edtulos disponibles [&hellip;]<\/p>\n","protected":false},"author":1,"featured_media":11731,"comment_status":"open","ping_status":"closed","sticky":false,"template":"","format":"standard","meta":{"_acf_changed":false,"footnotes":""},"categories":[8],"tags":[],"class_list":["post-11729","post","type-post","status-publish","format-standard","has-post-thumbnail","hentry","category-noticia"],"acf":[],"yoast_head":"<!-- This site is optimized with the Yoast SEO plugin v27.1.1 - https:\/\/yoast.com\/product\/yoast-seo-wordpress\/ -->\n<title>Concurso de audiocuentos de Libroalegre \u00abCada voz es un cuento\u00bb: \u00a1Se extiende la convocatoria hasta el 7 de octubre! - Valpara\u00ed\u00adso Creativo<\/title>\n<meta name=\"robots\" content=\"index, follow, max-snippet:-1, max-image-preview:large, max-video-preview:-1\" \/>\n<link rel=\"canonical\" href=\"https:\/\/dev.antudigital.cl\/sites\/vc\/concurso-de-audiocuentos-de-libroalegre-cada-voz-es-un-cuento-se-extiende-la-convocatoria-hasta-el-7-de-octubre\/\" \/>\n<meta property=\"og:locale\" content=\"es_ES\" \/>\n<meta property=\"og:type\" content=\"article\" \/>\n<meta property=\"og:title\" content=\"Concurso de audiocuentos de Libroalegre \u00abCada voz es un cuento\u00bb: \u00a1Se extiende la convocatoria hasta el 7 de octubre! - Valpara\u00ed\u00adso Creativo\" \/>\n<meta property=\"og:description\" content=\"Hasta el 7 de octubre se extender\u00e1 la Convocatoria de&nbsp;\u201cCada voz es un cuento\u201d, concurso que busca recoger y poner en circulaci\u00f3n una diversidad de voces y relatos, as\u00ed como potenciar el acceso a estos contenidos entre la comunidad de Libroalegre y p\u00fablico en general.&nbsp;El llamado es a participar eligiendo alguno de los t\u00edtulos disponibles [&hellip;]\" \/>\n<meta property=\"og:url\" content=\"https:\/\/dev.antudigital.cl\/sites\/vc\/concurso-de-audiocuentos-de-libroalegre-cada-voz-es-un-cuento-se-extiende-la-convocatoria-hasta-el-7-de-octubre\/\" \/>\n<meta property=\"og:site_name\" content=\"Valpara\u00ed\u00adso Creativo\" \/>\n<meta property=\"article:published_time\" content=\"2022-10-03T11:41:58+00:00\" \/>\n<meta property=\"article:modified_time\" content=\"2022-10-03T11:42:05+00:00\" \/>\n<meta property=\"og:image\" content=\"https:\/\/dev.antudigital.cl\/sites\/vc\/wp-content\/uploads\/2022\/10\/Captura-de-Pantalla-2022-10-03-a-las-08.40.57.png\" \/>\n\t<meta property=\"og:image:width\" content=\"613\" \/>\n\t<meta property=\"og:image:height\" content=\"374\" \/>\n\t<meta property=\"og:image:type\" content=\"image\/png\" \/>\n<meta name=\"author\" content=\"Valpara\u00edso Creativo\" \/>\n<meta name=\"twitter:card\" content=\"summary_large_image\" \/>\n<meta name=\"twitter:label1\" content=\"Escrito por\" \/>\n\t<meta name=\"twitter:data1\" content=\"Valpara\u00edso Creativo\" \/>\n\t<meta name=\"twitter:label2\" content=\"Tiempo de lectura\" \/>\n\t<meta name=\"twitter:data2\" content=\"2 minutos\" \/>\n<script type=\"application\/ld+json\" class=\"yoast-schema-graph\">{\"@context\":\"https:\/\/schema.org\",\"@graph\":[{\"@type\":\"Article\",\"@id\":\"https:\/\/dev.antudigital.cl\/sites\/vc\/concurso-de-audiocuentos-de-libroalegre-cada-voz-es-un-cuento-se-extiende-la-convocatoria-hasta-el-7-de-octubre\/#article\",\"isPartOf\":{\"@id\":\"https:\/\/dev.antudigital.cl\/sites\/vc\/concurso-de-audiocuentos-de-libroalegre-cada-voz-es-un-cuento-se-extiende-la-convocatoria-hasta-el-7-de-octubre\/\"},\"author\":{\"name\":\"Valpara\u00edso Creativo\",\"@id\":\"https:\/\/dev.antudigital.cl\/sites\/vc\/#\/schema\/person\/c2b9da8dd545e27166fc5ab232837318\"},\"headline\":\"Concurso de audiocuentos de Libroalegre \u00abCada voz es un cuento\u00bb: \u00a1Se extiende la convocatoria hasta el 7 de octubre!\",\"datePublished\":\"2022-10-03T11:41:58+00:00\",\"dateModified\":\"2022-10-03T11:42:05+00:00\",\"mainEntityOfPage\":{\"@id\":\"https:\/\/dev.antudigital.cl\/sites\/vc\/concurso-de-audiocuentos-de-libroalegre-cada-voz-es-un-cuento-se-extiende-la-convocatoria-hasta-el-7-de-octubre\/\"},\"wordCount\":278,\"commentCount\":0,\"image\":{\"@id\":\"https:\/\/dev.antudigital.cl\/sites\/vc\/concurso-de-audiocuentos-de-libroalegre-cada-voz-es-un-cuento-se-extiende-la-convocatoria-hasta-el-7-de-octubre\/#primaryimage\"},\"thumbnailUrl\":\"https:\/\/dev.antudigital.cl\/sites\/vc\/wp-content\/uploads\/2022\/10\/Captura-de-Pantalla-2022-10-03-a-las-08.40.57.png\",\"articleSection\":[\"Noticia\"],\"inLanguage\":\"es\",\"potentialAction\":[{\"@type\":\"CommentAction\",\"name\":\"Comment\",\"target\":[\"https:\/\/dev.antudigital.cl\/sites\/vc\/concurso-de-audiocuentos-de-libroalegre-cada-voz-es-un-cuento-se-extiende-la-convocatoria-hasta-el-7-de-octubre\/#respond\"]}]},{\"@type\":\"WebPage\",\"@id\":\"https:\/\/dev.antudigital.cl\/sites\/vc\/concurso-de-audiocuentos-de-libroalegre-cada-voz-es-un-cuento-se-extiende-la-convocatoria-hasta-el-7-de-octubre\/\",\"url\":\"https:\/\/dev.antudigital.cl\/sites\/vc\/concurso-de-audiocuentos-de-libroalegre-cada-voz-es-un-cuento-se-extiende-la-convocatoria-hasta-el-7-de-octubre\/\",\"name\":\"Concurso de audiocuentos de Libroalegre \u00abCada voz es un cuento\u00bb: \u00a1Se extiende la convocatoria hasta el 7 de octubre! - Valpara\u00ed\u00adso Creativo\",\"isPartOf\":{\"@id\":\"https:\/\/dev.antudigital.cl\/sites\/vc\/#website\"},\"primaryImageOfPage\":{\"@id\":\"https:\/\/dev.antudigital.cl\/sites\/vc\/concurso-de-audiocuentos-de-libroalegre-cada-voz-es-un-cuento-se-extiende-la-convocatoria-hasta-el-7-de-octubre\/#primaryimage\"},\"image\":{\"@id\":\"https:\/\/dev.antudigital.cl\/sites\/vc\/concurso-de-audiocuentos-de-libroalegre-cada-voz-es-un-cuento-se-extiende-la-convocatoria-hasta-el-7-de-octubre\/#primaryimage\"},\"thumbnailUrl\":\"https:\/\/dev.antudigital.cl\/sites\/vc\/wp-content\/uploads\/2022\/10\/Captura-de-Pantalla-2022-10-03-a-las-08.40.57.png\",\"datePublished\":\"2022-10-03T11:41:58+00:00\",\"dateModified\":\"2022-10-03T11:42:05+00:00\",\"author\":{\"@id\":\"https:\/\/dev.antudigital.cl\/sites\/vc\/#\/schema\/person\/c2b9da8dd545e27166fc5ab232837318\"},\"breadcrumb\":{\"@id\":\"https:\/\/dev.antudigital.cl\/sites\/vc\/concurso-de-audiocuentos-de-libroalegre-cada-voz-es-un-cuento-se-extiende-la-convocatoria-hasta-el-7-de-octubre\/#breadcrumb\"},\"inLanguage\":\"es\",\"potentialAction\":[{\"@type\":\"ReadAction\",\"target\":[\"https:\/\/dev.antudigital.cl\/sites\/vc\/concurso-de-audiocuentos-de-libroalegre-cada-voz-es-un-cuento-se-extiende-la-convocatoria-hasta-el-7-de-octubre\/\"]}]},{\"@type\":\"ImageObject\",\"inLanguage\":\"es\",\"@id\":\"https:\/\/dev.antudigital.cl\/sites\/vc\/concurso-de-audiocuentos-de-libroalegre-cada-voz-es-un-cuento-se-extiende-la-convocatoria-hasta-el-7-de-octubre\/#primaryimage\",\"url\":\"https:\/\/dev.antudigital.cl\/sites\/vc\/wp-content\/uploads\/2022\/10\/Captura-de-Pantalla-2022-10-03-a-las-08.40.57.png\",\"contentUrl\":\"https:\/\/dev.antudigital.cl\/sites\/vc\/wp-content\/uploads\/2022\/10\/Captura-de-Pantalla-2022-10-03-a-las-08.40.57.png\",\"width\":613,\"height\":374},{\"@type\":\"BreadcrumbList\",\"@id\":\"https:\/\/dev.antudigital.cl\/sites\/vc\/concurso-de-audiocuentos-de-libroalegre-cada-voz-es-un-cuento-se-extiende-la-convocatoria-hasta-el-7-de-octubre\/#breadcrumb\",\"itemListElement\":[{\"@type\":\"ListItem\",\"position\":1,\"name\":\"Home\",\"item\":\"https:\/\/dev.antudigital.cl\/sites\/vc\/\"},{\"@type\":\"ListItem\",\"position\":2,\"name\":\"Concurso de audiocuentos de Libroalegre \u00abCada voz es un cuento\u00bb: \u00a1Se extiende la convocatoria hasta el 7 de octubre!\"}]},{\"@type\":\"WebSite\",\"@id\":\"https:\/\/dev.antudigital.cl\/sites\/vc\/#website\",\"url\":\"https:\/\/dev.antudigital.cl\/sites\/vc\/\",\"name\":\"Valpara\u00ed\u00adso Creativo\",\"description\":\"\",\"potentialAction\":[{\"@type\":\"SearchAction\",\"target\":{\"@type\":\"EntryPoint\",\"urlTemplate\":\"https:\/\/dev.antudigital.cl\/sites\/vc\/?s={search_term_string}\"},\"query-input\":{\"@type\":\"PropertyValueSpecification\",\"valueRequired\":true,\"valueName\":\"search_term_string\"}}],\"inLanguage\":\"es\"},{\"@type\":\"Person\",\"@id\":\"https:\/\/dev.antudigital.cl\/sites\/vc\/#\/schema\/person\/c2b9da8dd545e27166fc5ab232837318\",\"name\":\"Valpara\u00edso Creativo\",\"description\":\"Periodista de cultura en la Regi\u00f3n de Valpara\u00edso.\",\"url\":\"https:\/\/dev.antudigital.cl\/sites\/vc\/author\/valpoadmin\/\"}]}<\/script>\n<!-- \/ Yoast SEO plugin. -->","yoast_head_json":{"title":"Concurso de audiocuentos de Libroalegre \u00abCada voz es un cuento\u00bb: \u00a1Se extiende la convocatoria hasta el 7 de octubre! - Valpara\u00ed\u00adso Creativo","robots":{"index":"index","follow":"follow","max-snippet":"max-snippet:-1","max-image-preview":"max-image-preview:large","max-video-preview":"max-video-preview:-1"},"canonical":"https:\/\/dev.antudigital.cl\/sites\/vc\/concurso-de-audiocuentos-de-libroalegre-cada-voz-es-un-cuento-se-extiende-la-convocatoria-hasta-el-7-de-octubre\/","og_locale":"es_ES","og_type":"article","og_title":"Concurso de audiocuentos de Libroalegre \u00abCada voz es un cuento\u00bb: \u00a1Se extiende la convocatoria hasta el 7 de octubre! - Valpara\u00ed\u00adso Creativo","og_description":"Hasta el 7 de octubre se extender\u00e1 la Convocatoria de&nbsp;\u201cCada voz es un cuento\u201d, concurso que busca recoger y poner en circulaci\u00f3n una diversidad de voces y relatos, as\u00ed como potenciar el acceso a estos contenidos entre la comunidad de Libroalegre y p\u00fablico en general.&nbsp;El llamado es a participar eligiendo alguno de los t\u00edtulos disponibles [&hellip;]","og_url":"https:\/\/dev.antudigital.cl\/sites\/vc\/concurso-de-audiocuentos-de-libroalegre-cada-voz-es-un-cuento-se-extiende-la-convocatoria-hasta-el-7-de-octubre\/","og_site_name":"Valpara\u00ed\u00adso Creativo","article_published_time":"2022-10-03T11:41:58+00:00","article_modified_time":"2022-10-03T11:42:05+00:00","og_image":[{"width":613,"height":374,"url":"https:\/\/dev.antudigital.cl\/sites\/vc\/wp-content\/uploads\/2022\/10\/Captura-de-Pantalla-2022-10-03-a-las-08.40.57.png","type":"image\/png"}],"author":"Valpara\u00edso Creativo","twitter_card":"summary_large_image","twitter_misc":{"Escrito por":"Valpara\u00edso Creativo","Tiempo de lectura":"2 minutos"},"schema":{"@context":"https:\/\/schema.org","@graph":[{"@type":"Article","@id":"https:\/\/dev.antudigital.cl\/sites\/vc\/concurso-de-audiocuentos-de-libroalegre-cada-voz-es-un-cuento-se-extiende-la-convocatoria-hasta-el-7-de-octubre\/#article","isPartOf":{"@id":"https:\/\/dev.antudigital.cl\/sites\/vc\/concurso-de-audiocuentos-de-libroalegre-cada-voz-es-un-cuento-se-extiende-la-convocatoria-hasta-el-7-de-octubre\/"},"author":{"name":"Valpara\u00edso Creativo","@id":"https:\/\/dev.antudigital.cl\/sites\/vc\/#\/schema\/person\/c2b9da8dd545e27166fc5ab232837318"},"headline":"Concurso de audiocuentos de Libroalegre \u00abCada voz es un cuento\u00bb: \u00a1Se extiende la convocatoria hasta el 7 de octubre!","datePublished":"2022-10-03T11:41:58+00:00","dateModified":"2022-10-03T11:42:05+00:00","mainEntityOfPage":{"@id":"https:\/\/dev.antudigital.cl\/sites\/vc\/concurso-de-audiocuentos-de-libroalegre-cada-voz-es-un-cuento-se-extiende-la-convocatoria-hasta-el-7-de-octubre\/"},"wordCount":278,"commentCount":0,"image":{"@id":"https:\/\/dev.antudigital.cl\/sites\/vc\/concurso-de-audiocuentos-de-libroalegre-cada-voz-es-un-cuento-se-extiende-la-convocatoria-hasta-el-7-de-octubre\/#primaryimage"},"thumbnailUrl":"https:\/\/dev.antudigital.cl\/sites\/vc\/wp-content\/uploads\/2022\/10\/Captura-de-Pantalla-2022-10-03-a-las-08.40.57.png","articleSection":["Noticia"],"inLanguage":"es","potentialAction":[{"@type":"CommentAction","name":"Comment","target":["https:\/\/dev.antudigital.cl\/sites\/vc\/concurso-de-audiocuentos-de-libroalegre-cada-voz-es-un-cuento-se-extiende-la-convocatoria-hasta-el-7-de-octubre\/#respond"]}]},{"@type":"WebPage","@id":"https:\/\/dev.antudigital.cl\/sites\/vc\/concurso-de-audiocuentos-de-libroalegre-cada-voz-es-un-cuento-se-extiende-la-convocatoria-hasta-el-7-de-octubre\/","url":"https:\/\/dev.antudigital.cl\/sites\/vc\/concurso-de-audiocuentos-de-libroalegre-cada-voz-es-un-cuento-se-extiende-la-convocatoria-hasta-el-7-de-octubre\/","name":"Concurso de audiocuentos de Libroalegre \u00abCada voz es un cuento\u00bb: \u00a1Se extiende la convocatoria hasta el 7 de octubre! - Valpara\u00ed\u00adso Creativo","isPartOf":{"@id":"https:\/\/dev.antudigital.cl\/sites\/vc\/#website"},"primaryImageOfPage":{"@id":"https:\/\/dev.antudigital.cl\/sites\/vc\/concurso-de-audiocuentos-de-libroalegre-cada-voz-es-un-cuento-se-extiende-la-convocatoria-hasta-el-7-de-octubre\/#primaryimage"},"image":{"@id":"https:\/\/dev.antudigital.cl\/sites\/vc\/concurso-de-audiocuentos-de-libroalegre-cada-voz-es-un-cuento-se-extiende-la-convocatoria-hasta-el-7-de-octubre\/#primaryimage"},"thumbnailUrl":"https:\/\/dev.antudigital.cl\/sites\/vc\/wp-content\/uploads\/2022\/10\/Captura-de-Pantalla-2022-10-03-a-las-08.40.57.png","datePublished":"2022-10-03T11:41:58+00:00","dateModified":"2022-10-03T11:42:05+00:00","author":{"@id":"https:\/\/dev.antudigital.cl\/sites\/vc\/#\/schema\/person\/c2b9da8dd545e27166fc5ab232837318"},"breadcrumb":{"@id":"https:\/\/dev.antudigital.cl\/sites\/vc\/concurso-de-audiocuentos-de-libroalegre-cada-voz-es-un-cuento-se-extiende-la-convocatoria-hasta-el-7-de-octubre\/#breadcrumb"},"inLanguage":"es","potentialAction":[{"@type":"ReadAction","target":["https:\/\/dev.antudigital.cl\/sites\/vc\/concurso-de-audiocuentos-de-libroalegre-cada-voz-es-un-cuento-se-extiende-la-convocatoria-hasta-el-7-de-octubre\/"]}]},{"@type":"ImageObject","inLanguage":"es","@id":"https:\/\/dev.antudigital.cl\/sites\/vc\/concurso-de-audiocuentos-de-libroalegre-cada-voz-es-un-cuento-se-extiende-la-convocatoria-hasta-el-7-de-octubre\/#primaryimage","url":"https:\/\/dev.antudigital.cl\/sites\/vc\/wp-content\/uploads\/2022\/10\/Captura-de-Pantalla-2022-10-03-a-las-08.40.57.png","contentUrl":"https:\/\/dev.antudigital.cl\/sites\/vc\/wp-content\/uploads\/2022\/10\/Captura-de-Pantalla-2022-10-03-a-las-08.40.57.png","width":613,"height":374},{"@type":"BreadcrumbList","@id":"https:\/\/dev.antudigital.cl\/sites\/vc\/concurso-de-audiocuentos-de-libroalegre-cada-voz-es-un-cuento-se-extiende-la-convocatoria-hasta-el-7-de-octubre\/#breadcrumb","itemListElement":[{"@type":"ListItem","position":1,"name":"Home","item":"https:\/\/dev.antudigital.cl\/sites\/vc\/"},{"@type":"ListItem","position":2,"name":"Concurso de audiocuentos de Libroalegre \u00abCada voz es un cuento\u00bb: \u00a1Se extiende la convocatoria hasta el 7 de octubre!"}]},{"@type":"WebSite","@id":"https:\/\/dev.antudigital.cl\/sites\/vc\/#website","url":"https:\/\/dev.antudigital.cl\/sites\/vc\/","name":"Valpara\u00ed\u00adso Creativo","description":"","potentialAction":[{"@type":"SearchAction","target":{"@type":"EntryPoint","urlTemplate":"https:\/\/dev.antudigital.cl\/sites\/vc\/?s={search_term_string}"},"query-input":{"@type":"PropertyValueSpecification","valueRequired":true,"valueName":"search_term_string"}}],"inLanguage":"es"},{"@type":"Person","@id":"https:\/\/dev.antudigital.cl\/sites\/vc\/#\/schema\/person\/c2b9da8dd545e27166fc5ab232837318","name":"Valpara\u00edso Creativo","description":"Periodista de cultura en la Regi\u00f3n de Valpara\u00edso.","url":"https:\/\/dev.antudigital.cl\/sites\/vc\/author\/valpoadmin\/"}]}},"_links":{"self":[{"href":"https:\/\/dev.antudigital.cl\/sites\/vc\/wp-json\/wp\/v2\/posts\/11729","targetHints":{"allow":["GET"]}}],"collection":[{"href":"https:\/\/dev.antudigital.cl\/sites\/vc\/wp-json\/wp\/v2\/posts"}],"about":[{"href":"https:\/\/dev.antudigital.cl\/sites\/vc\/wp-json\/wp\/v2\/types\/post"}],"author":[{"embeddable":true,"href":"https:\/\/dev.antudigital.cl\/sites\/vc\/wp-json\/wp\/v2\/users\/1"}],"replies":[{"embeddable":true,"href":"https:\/\/dev.antudigital.cl\/sites\/vc\/wp-json\/wp\/v2\/comments?post=11729"}],"version-history":[{"count":1,"href":"https:\/\/dev.antudigital.cl\/sites\/vc\/wp-json\/wp\/v2\/posts\/11729\/revisions"}],"predecessor-version":[{"id":11733,"href":"https:\/\/dev.antudigital.cl\/sites\/vc\/wp-json\/wp\/v2\/posts\/11729\/revisions\/11733"}],"wp:featuredmedia":[{"embeddable":true,"href":"https:\/\/dev.antudigital.cl\/sites\/vc\/wp-json\/wp\/v2\/media\/11731"}],"wp:attachment":[{"href":"https:\/\/dev.antudigital.cl\/sites\/vc\/wp-json\/wp\/v2\/media?parent=11729"}],"wp:term":[{"taxonomy":"category","embeddable":true,"href":"https:\/\/dev.antudigital.cl\/sites\/vc\/wp-json\/wp\/v2\/categories?post=11729"},{"taxonomy":"post_tag","embeddable":true,"href":"https:\/\/dev.antudigital.cl\/sites\/vc\/wp-json\/wp\/v2\/tags?post=11729"}],"curies":[{"name":"wp","href":"https:\/\/api.w.org\/{rel}","templated":true}]}}