{"id":11734,"date":"2022-10-03T11:47:33","date_gmt":"2022-10-03T11:47:33","guid":{"rendered":"https:\/\/www.valparaisocreativo.cl\/?p=11734"},"modified":"2022-10-03T11:47:39","modified_gmt":"2022-10-03T11:47:39","slug":"insomnia-teatro-condell-estrena-argentina-1985-protagonizada-por-ricardo-darin","status":"publish","type":"post","link":"https:\/\/dev.antudigital.cl\/sites\/vc\/insomnia-teatro-condell-estrena-argentina-1985-protagonizada-por-ricardo-darin\/","title":{"rendered":"INSOMNIA Teatro Condell estrena \u201cArgentina, 1985\u201d protagonizada por Ricardo Dar\u00edn"},"content":{"rendered":"\n<p>\u201cArgentina, 1985\u201d es la pel\u00edcula imperdible de esta primera quincena de octubre en INSOMNIA Teatro Condell que se<strong> estren\u00f3 este s\u00e1bado 1 de octubre a las 21:00 hrs<\/strong>. Aclamada en los Festivales internacionales de cine de Venecia y San Sebasti\u00e1n, adem\u00e1s, fue seleccionada por la Academia de las Artes y Ciencias cinematogr\u00e1ficas de la Argentina para representarlos en los premios Oscar, en la categor\u00eda mejor pel\u00edcula internacional. Este film est\u00e1 inspirado en la historia real de los fiscales Julio Strassera y Luis Moreno Ocampo que en 1985 se atrevieron a investigar y enjuiciar a la dictadura militar m\u00e1s sangrienta de la historia argentina.<\/p>\n\n\n\n<p>Ricardo Dar\u00edn y Peter Lanzani son los actores encargados de interpretar a los fiscales que llevaron adelante el juicio contra los comandantes de la dictadura militar de Argentina, hecho no menor, ya que las tres pel\u00edculas argentinas que han sido nominadas a los \u00d3scar, fueron protagonizadas por Dar\u00edn: El secreto de sus ojos (2010), El hijo de la novia (2002) y Relatos salvajes (2015). Ahora, es la Academia de Hollywood la que deber\u00e1 informar las 5 pel\u00edculas nominadas, de un aproximado de 100 pel\u00edculas que compiten para representar a su pa\u00eds en los premios Oscar. \u00a0<\/p>\n\n\n\n<figure class=\"wp-block-image size-large\"><img fetchpriority=\"high\" decoding=\"async\" width=\"1024\" height=\"683\" src=\"https:\/\/www.valparaisocreativo.cl\/wp-content\/uploads\/2022\/10\/Argentina-1985-2-1024x683.jpg\" alt=\"\" class=\"wp-image-11735\" srcset=\"https:\/\/dev.antudigital.cl\/sites\/vc\/wp-content\/uploads\/2022\/10\/Argentina-1985-2-1024x683.jpg 1024w, https:\/\/dev.antudigital.cl\/sites\/vc\/wp-content\/uploads\/2022\/10\/Argentina-1985-2-300x200.jpg 300w, https:\/\/dev.antudigital.cl\/sites\/vc\/wp-content\/uploads\/2022\/10\/Argentina-1985-2-768x512.jpg 768w, https:\/\/dev.antudigital.cl\/sites\/vc\/wp-content\/uploads\/2022\/10\/Argentina-1985-2-1080x720.jpg 1080w, https:\/\/dev.antudigital.cl\/sites\/vc\/wp-content\/uploads\/2022\/10\/Argentina-1985-2-980x653.jpg 980w, https:\/\/dev.antudigital.cl\/sites\/vc\/wp-content\/uploads\/2022\/10\/Argentina-1985-2-480x320.jpg 480w, https:\/\/dev.antudigital.cl\/sites\/vc\/wp-content\/uploads\/2022\/10\/Argentina-1985-2.jpg 1200w\" sizes=\"(max-width: 1024px) 100vw, 1024px\" \/><\/figure>\n\n\n\n<p><strong>\u201cArgentina, 1985\u201d se estren\u00f3 este s\u00e1bado 1 de octubre a las 21:00 hrs. Adem\u00e1s, se proyectar\u00e1 en octubre los d\u00edas domingo 2 (19:15), lunes 3 (20:00), martes 4 (18:00), mi\u00e9rcoles 5 (20:00), jueves 6 (15:00), viernes 7 (15:00), s\u00e1bado 8 (18:00), domingo 9 (17:00), lunes 10 (18:00), mi\u00e9rcoles 12 (15:00), jueves 13 (17:00), viernes 14 (15:00) y s\u00e1bado 15 (20:00).<\/strong><\/p>\n\n\n\n<p><strong>Boiling Point: El Chef<\/strong><\/p>\n\n\n\n<p>Otro estreno imperdible es el largometraje dirigido por Philip Barantini desde el Reino Unido: \u201cBoiling point\u201d(punto de ebullici\u00f3n) o en su t\u00edtulo en espa\u00f1ol \u201cEl Chef\u201d, nos cuenta los sucesos de la noche m\u00e1s concurrida del a\u00f1o en uno de los restaurantes de moda en Londres, en donde el jefe de cocina, Andy Jones, trata de no derrumbarse ante una crisis personal y profesional que podr\u00eda destruir todo aquello por lo que ha trabajado.<\/p>\n\n\n\n<figure class=\"wp-block-image size-large\"><img decoding=\"async\" width=\"1024\" height=\"576\" src=\"https:\/\/www.valparaisocreativo.cl\/wp-content\/uploads\/2022\/10\/El-Chef-1024x576.jpg\" alt=\"\" class=\"wp-image-11737\" srcset=\"https:\/\/dev.antudigital.cl\/sites\/vc\/wp-content\/uploads\/2022\/10\/El-Chef-1024x576.jpg 1024w, https:\/\/dev.antudigital.cl\/sites\/vc\/wp-content\/uploads\/2022\/10\/El-Chef-300x169.jpg 300w, https:\/\/dev.antudigital.cl\/sites\/vc\/wp-content\/uploads\/2022\/10\/El-Chef-768x432.jpg 768w, https:\/\/dev.antudigital.cl\/sites\/vc\/wp-content\/uploads\/2022\/10\/El-Chef-1536x864.jpg 1536w, https:\/\/dev.antudigital.cl\/sites\/vc\/wp-content\/uploads\/2022\/10\/El-Chef-2048x1152.jpg 2048w, https:\/\/dev.antudigital.cl\/sites\/vc\/wp-content\/uploads\/2022\/10\/El-Chef-1080x608.jpg 1080w, https:\/\/dev.antudigital.cl\/sites\/vc\/wp-content\/uploads\/2022\/10\/El-Chef-1280x720.jpg 1280w, https:\/\/dev.antudigital.cl\/sites\/vc\/wp-content\/uploads\/2022\/10\/El-Chef-980x551.jpg 980w, https:\/\/dev.antudigital.cl\/sites\/vc\/wp-content\/uploads\/2022\/10\/El-Chef-480x270.jpg 480w\" sizes=\"(max-width: 1024px) 100vw, 1024px\" \/><\/figure>\n\n\n\n<p>\u201cBoiling Point\u201d est\u00e1 protagonizada por Stephen Graham y fue rodada en un plano secuencia a tiempo real, lo que produce un efecto inmersivo en el espectador que se va sumergiendo en este drama culinario mientras desfilan excelentes actuaciones y espectaculares platos de la mano de un Chef al borde del colapso.<strong> Este largometraje se estrena el s\u00e1bado 1 de octubre a las 17:00 horas y tendr\u00e1 nuevas funciones los d\u00edas domingo 2 (17:30), lunes 3 (15:00), martes 4 (20:30) y jueves 13 de octubre (15:00).<\/strong><\/p>\n\n\n\n<p><strong>Las entradas pueden adquirirse presencialmente en la boleter\u00eda del Teatro ubicado en Condell 1585, Valpara\u00edso, de lunes a domingo a partir de las 14:00 horas.<\/strong><\/p>\n","protected":false},"excerpt":{"rendered":"<p>\u201cArgentina, 1985\u201d es la pel\u00edcula imperdible de esta primera quincena de octubre en INSOMNIA Teatro Condell que se estren\u00f3 este s\u00e1bado 1 de octubre a las 21:00 hrs. Aclamada en los Festivales internacionales de cine de Venecia y San Sebasti\u00e1n, adem\u00e1s, fue seleccionada por la Academia de las Artes y Ciencias cinematogr\u00e1ficas de la Argentina [&hellip;]<\/p>\n","protected":false},"author":1,"featured_media":11736,"comment_status":"open","ping_status":"closed","sticky":false,"template":"","format":"standard","meta":{"_acf_changed":false,"footnotes":""},"categories":[8],"tags":[],"class_list":["post-11734","post","type-post","status-publish","format-standard","has-post-thumbnail","hentry","category-noticia"],"acf":[],"yoast_head":"<!-- This site is optimized with the Yoast SEO plugin v27.1.1 - https:\/\/yoast.com\/product\/yoast-seo-wordpress\/ -->\n<title>INSOMNIA Teatro Condell estrena \u201cArgentina, 1985\u201d protagonizada por Ricardo Dar\u00edn - Valpara\u00ed\u00adso Creativo<\/title>\n<meta name=\"robots\" content=\"index, follow, max-snippet:-1, max-image-preview:large, max-video-preview:-1\" \/>\n<link rel=\"canonical\" href=\"https:\/\/dev.antudigital.cl\/sites\/vc\/insomnia-teatro-condell-estrena-argentina-1985-protagonizada-por-ricardo-darin\/\" \/>\n<meta property=\"og:locale\" content=\"es_ES\" \/>\n<meta property=\"og:type\" content=\"article\" \/>\n<meta property=\"og:title\" content=\"INSOMNIA Teatro Condell estrena \u201cArgentina, 1985\u201d protagonizada por Ricardo Dar\u00edn - Valpara\u00ed\u00adso Creativo\" \/>\n<meta property=\"og:description\" content=\"\u201cArgentina, 1985\u201d es la pel\u00edcula imperdible de esta primera quincena de octubre en INSOMNIA Teatro Condell que se estren\u00f3 este s\u00e1bado 1 de octubre a las 21:00 hrs. Aclamada en los Festivales internacionales de cine de Venecia y San Sebasti\u00e1n, adem\u00e1s, fue seleccionada por la Academia de las Artes y Ciencias cinematogr\u00e1ficas de la Argentina [&hellip;]\" \/>\n<meta property=\"og:url\" content=\"https:\/\/dev.antudigital.cl\/sites\/vc\/insomnia-teatro-condell-estrena-argentina-1985-protagonizada-por-ricardo-darin\/\" \/>\n<meta property=\"og:site_name\" content=\"Valpara\u00ed\u00adso Creativo\" \/>\n<meta property=\"article:published_time\" content=\"2022-10-03T11:47:33+00:00\" \/>\n<meta property=\"article:modified_time\" content=\"2022-10-03T11:47:39+00:00\" \/>\n<meta property=\"og:image\" content=\"https:\/\/dev.antudigital.cl\/sites\/vc\/wp-content\/uploads\/2022\/10\/Argentina-1985.jpg\" \/>\n\t<meta property=\"og:image:width\" content=\"2126\" \/>\n\t<meta property=\"og:image:height\" content=\"1416\" \/>\n\t<meta property=\"og:image:type\" content=\"image\/jpeg\" \/>\n<meta name=\"author\" content=\"Valpara\u00edso Creativo\" \/>\n<meta name=\"twitter:card\" content=\"summary_large_image\" \/>\n<meta name=\"twitter:label1\" content=\"Escrito por\" \/>\n\t<meta name=\"twitter:data1\" content=\"Valpara\u00edso Creativo\" \/>\n\t<meta name=\"twitter:label2\" content=\"Tiempo de lectura\" \/>\n\t<meta name=\"twitter:data2\" content=\"3 minutos\" \/>\n<script type=\"application\/ld+json\" class=\"yoast-schema-graph\">{\"@context\":\"https:\/\/schema.org\",\"@graph\":[{\"@type\":\"Article\",\"@id\":\"https:\/\/dev.antudigital.cl\/sites\/vc\/insomnia-teatro-condell-estrena-argentina-1985-protagonizada-por-ricardo-darin\/#article\",\"isPartOf\":{\"@id\":\"https:\/\/dev.antudigital.cl\/sites\/vc\/insomnia-teatro-condell-estrena-argentina-1985-protagonizada-por-ricardo-darin\/\"},\"author\":{\"name\":\"Valpara\u00edso Creativo\",\"@id\":\"https:\/\/dev.antudigital.cl\/sites\/vc\/#\/schema\/person\/c2b9da8dd545e27166fc5ab232837318\"},\"headline\":\"INSOMNIA Teatro Condell estrena \u201cArgentina, 1985\u201d protagonizada por Ricardo Dar\u00edn\",\"datePublished\":\"2022-10-03T11:47:33+00:00\",\"dateModified\":\"2022-10-03T11:47:39+00:00\",\"mainEntityOfPage\":{\"@id\":\"https:\/\/dev.antudigital.cl\/sites\/vc\/insomnia-teatro-condell-estrena-argentina-1985-protagonizada-por-ricardo-darin\/\"},\"wordCount\":438,\"commentCount\":0,\"image\":{\"@id\":\"https:\/\/dev.antudigital.cl\/sites\/vc\/insomnia-teatro-condell-estrena-argentina-1985-protagonizada-por-ricardo-darin\/#primaryimage\"},\"thumbnailUrl\":\"https:\/\/dev.antudigital.cl\/sites\/vc\/wp-content\/uploads\/2022\/10\/Argentina-1985.jpg\",\"articleSection\":[\"Noticia\"],\"inLanguage\":\"es\",\"potentialAction\":[{\"@type\":\"CommentAction\",\"name\":\"Comment\",\"target\":[\"https:\/\/dev.antudigital.cl\/sites\/vc\/insomnia-teatro-condell-estrena-argentina-1985-protagonizada-por-ricardo-darin\/#respond\"]}]},{\"@type\":\"WebPage\",\"@id\":\"https:\/\/dev.antudigital.cl\/sites\/vc\/insomnia-teatro-condell-estrena-argentina-1985-protagonizada-por-ricardo-darin\/\",\"url\":\"https:\/\/dev.antudigital.cl\/sites\/vc\/insomnia-teatro-condell-estrena-argentina-1985-protagonizada-por-ricardo-darin\/\",\"name\":\"INSOMNIA Teatro Condell estrena \u201cArgentina, 1985\u201d protagonizada por Ricardo Dar\u00edn - Valpara\u00ed\u00adso Creativo\",\"isPartOf\":{\"@id\":\"https:\/\/dev.antudigital.cl\/sites\/vc\/#website\"},\"primaryImageOfPage\":{\"@id\":\"https:\/\/dev.antudigital.cl\/sites\/vc\/insomnia-teatro-condell-estrena-argentina-1985-protagonizada-por-ricardo-darin\/#primaryimage\"},\"image\":{\"@id\":\"https:\/\/dev.antudigital.cl\/sites\/vc\/insomnia-teatro-condell-estrena-argentina-1985-protagonizada-por-ricardo-darin\/#primaryimage\"},\"thumbnailUrl\":\"https:\/\/dev.antudigital.cl\/sites\/vc\/wp-content\/uploads\/2022\/10\/Argentina-1985.jpg\",\"datePublished\":\"2022-10-03T11:47:33+00:00\",\"dateModified\":\"2022-10-03T11:47:39+00:00\",\"author\":{\"@id\":\"https:\/\/dev.antudigital.cl\/sites\/vc\/#\/schema\/person\/c2b9da8dd545e27166fc5ab232837318\"},\"breadcrumb\":{\"@id\":\"https:\/\/dev.antudigital.cl\/sites\/vc\/insomnia-teatro-condell-estrena-argentina-1985-protagonizada-por-ricardo-darin\/#breadcrumb\"},\"inLanguage\":\"es\",\"potentialAction\":[{\"@type\":\"ReadAction\",\"target\":[\"https:\/\/dev.antudigital.cl\/sites\/vc\/insomnia-teatro-condell-estrena-argentina-1985-protagonizada-por-ricardo-darin\/\"]}]},{\"@type\":\"ImageObject\",\"inLanguage\":\"es\",\"@id\":\"https:\/\/dev.antudigital.cl\/sites\/vc\/insomnia-teatro-condell-estrena-argentina-1985-protagonizada-por-ricardo-darin\/#primaryimage\",\"url\":\"https:\/\/dev.antudigital.cl\/sites\/vc\/wp-content\/uploads\/2022\/10\/Argentina-1985.jpg\",\"contentUrl\":\"https:\/\/dev.antudigital.cl\/sites\/vc\/wp-content\/uploads\/2022\/10\/Argentina-1985.jpg\",\"width\":2126,\"height\":1416},{\"@type\":\"BreadcrumbList\",\"@id\":\"https:\/\/dev.antudigital.cl\/sites\/vc\/insomnia-teatro-condell-estrena-argentina-1985-protagonizada-por-ricardo-darin\/#breadcrumb\",\"itemListElement\":[{\"@type\":\"ListItem\",\"position\":1,\"name\":\"Home\",\"item\":\"https:\/\/dev.antudigital.cl\/sites\/vc\/\"},{\"@type\":\"ListItem\",\"position\":2,\"name\":\"INSOMNIA Teatro Condell estrena \u201cArgentina, 1985\u201d protagonizada por Ricardo Dar\u00edn\"}]},{\"@type\":\"WebSite\",\"@id\":\"https:\/\/dev.antudigital.cl\/sites\/vc\/#website\",\"url\":\"https:\/\/dev.antudigital.cl\/sites\/vc\/\",\"name\":\"Valpara\u00ed\u00adso Creativo\",\"description\":\"\",\"potentialAction\":[{\"@type\":\"SearchAction\",\"target\":{\"@type\":\"EntryPoint\",\"urlTemplate\":\"https:\/\/dev.antudigital.cl\/sites\/vc\/?s={search_term_string}\"},\"query-input\":{\"@type\":\"PropertyValueSpecification\",\"valueRequired\":true,\"valueName\":\"search_term_string\"}}],\"inLanguage\":\"es\"},{\"@type\":\"Person\",\"@id\":\"https:\/\/dev.antudigital.cl\/sites\/vc\/#\/schema\/person\/c2b9da8dd545e27166fc5ab232837318\",\"name\":\"Valpara\u00edso Creativo\",\"description\":\"Periodista de cultura en la Regi\u00f3n de Valpara\u00edso.\",\"url\":\"https:\/\/dev.antudigital.cl\/sites\/vc\/author\/valpoadmin\/\"}]}<\/script>\n<!-- \/ Yoast SEO plugin. -->","yoast_head_json":{"title":"INSOMNIA Teatro Condell estrena \u201cArgentina, 1985\u201d protagonizada por Ricardo Dar\u00edn - Valpara\u00ed\u00adso Creativo","robots":{"index":"index","follow":"follow","max-snippet":"max-snippet:-1","max-image-preview":"max-image-preview:large","max-video-preview":"max-video-preview:-1"},"canonical":"https:\/\/dev.antudigital.cl\/sites\/vc\/insomnia-teatro-condell-estrena-argentina-1985-protagonizada-por-ricardo-darin\/","og_locale":"es_ES","og_type":"article","og_title":"INSOMNIA Teatro Condell estrena \u201cArgentina, 1985\u201d protagonizada por Ricardo Dar\u00edn - Valpara\u00ed\u00adso Creativo","og_description":"\u201cArgentina, 1985\u201d es la pel\u00edcula imperdible de esta primera quincena de octubre en INSOMNIA Teatro Condell que se estren\u00f3 este s\u00e1bado 1 de octubre a las 21:00 hrs. Aclamada en los Festivales internacionales de cine de Venecia y San Sebasti\u00e1n, adem\u00e1s, fue seleccionada por la Academia de las Artes y Ciencias cinematogr\u00e1ficas de la Argentina [&hellip;]","og_url":"https:\/\/dev.antudigital.cl\/sites\/vc\/insomnia-teatro-condell-estrena-argentina-1985-protagonizada-por-ricardo-darin\/","og_site_name":"Valpara\u00ed\u00adso Creativo","article_published_time":"2022-10-03T11:47:33+00:00","article_modified_time":"2022-10-03T11:47:39+00:00","og_image":[{"width":2126,"height":1416,"url":"https:\/\/dev.antudigital.cl\/sites\/vc\/wp-content\/uploads\/2022\/10\/Argentina-1985.jpg","type":"image\/jpeg"}],"author":"Valpara\u00edso Creativo","twitter_card":"summary_large_image","twitter_misc":{"Escrito por":"Valpara\u00edso Creativo","Tiempo de lectura":"3 minutos"},"schema":{"@context":"https:\/\/schema.org","@graph":[{"@type":"Article","@id":"https:\/\/dev.antudigital.cl\/sites\/vc\/insomnia-teatro-condell-estrena-argentina-1985-protagonizada-por-ricardo-darin\/#article","isPartOf":{"@id":"https:\/\/dev.antudigital.cl\/sites\/vc\/insomnia-teatro-condell-estrena-argentina-1985-protagonizada-por-ricardo-darin\/"},"author":{"name":"Valpara\u00edso Creativo","@id":"https:\/\/dev.antudigital.cl\/sites\/vc\/#\/schema\/person\/c2b9da8dd545e27166fc5ab232837318"},"headline":"INSOMNIA Teatro Condell estrena \u201cArgentina, 1985\u201d protagonizada por Ricardo Dar\u00edn","datePublished":"2022-10-03T11:47:33+00:00","dateModified":"2022-10-03T11:47:39+00:00","mainEntityOfPage":{"@id":"https:\/\/dev.antudigital.cl\/sites\/vc\/insomnia-teatro-condell-estrena-argentina-1985-protagonizada-por-ricardo-darin\/"},"wordCount":438,"commentCount":0,"image":{"@id":"https:\/\/dev.antudigital.cl\/sites\/vc\/insomnia-teatro-condell-estrena-argentina-1985-protagonizada-por-ricardo-darin\/#primaryimage"},"thumbnailUrl":"https:\/\/dev.antudigital.cl\/sites\/vc\/wp-content\/uploads\/2022\/10\/Argentina-1985.jpg","articleSection":["Noticia"],"inLanguage":"es","potentialAction":[{"@type":"CommentAction","name":"Comment","target":["https:\/\/dev.antudigital.cl\/sites\/vc\/insomnia-teatro-condell-estrena-argentina-1985-protagonizada-por-ricardo-darin\/#respond"]}]},{"@type":"WebPage","@id":"https:\/\/dev.antudigital.cl\/sites\/vc\/insomnia-teatro-condell-estrena-argentina-1985-protagonizada-por-ricardo-darin\/","url":"https:\/\/dev.antudigital.cl\/sites\/vc\/insomnia-teatro-condell-estrena-argentina-1985-protagonizada-por-ricardo-darin\/","name":"INSOMNIA Teatro Condell estrena \u201cArgentina, 1985\u201d protagonizada por Ricardo Dar\u00edn - Valpara\u00ed\u00adso Creativo","isPartOf":{"@id":"https:\/\/dev.antudigital.cl\/sites\/vc\/#website"},"primaryImageOfPage":{"@id":"https:\/\/dev.antudigital.cl\/sites\/vc\/insomnia-teatro-condell-estrena-argentina-1985-protagonizada-por-ricardo-darin\/#primaryimage"},"image":{"@id":"https:\/\/dev.antudigital.cl\/sites\/vc\/insomnia-teatro-condell-estrena-argentina-1985-protagonizada-por-ricardo-darin\/#primaryimage"},"thumbnailUrl":"https:\/\/dev.antudigital.cl\/sites\/vc\/wp-content\/uploads\/2022\/10\/Argentina-1985.jpg","datePublished":"2022-10-03T11:47:33+00:00","dateModified":"2022-10-03T11:47:39+00:00","author":{"@id":"https:\/\/dev.antudigital.cl\/sites\/vc\/#\/schema\/person\/c2b9da8dd545e27166fc5ab232837318"},"breadcrumb":{"@id":"https:\/\/dev.antudigital.cl\/sites\/vc\/insomnia-teatro-condell-estrena-argentina-1985-protagonizada-por-ricardo-darin\/#breadcrumb"},"inLanguage":"es","potentialAction":[{"@type":"ReadAction","target":["https:\/\/dev.antudigital.cl\/sites\/vc\/insomnia-teatro-condell-estrena-argentina-1985-protagonizada-por-ricardo-darin\/"]}]},{"@type":"ImageObject","inLanguage":"es","@id":"https:\/\/dev.antudigital.cl\/sites\/vc\/insomnia-teatro-condell-estrena-argentina-1985-protagonizada-por-ricardo-darin\/#primaryimage","url":"https:\/\/dev.antudigital.cl\/sites\/vc\/wp-content\/uploads\/2022\/10\/Argentina-1985.jpg","contentUrl":"https:\/\/dev.antudigital.cl\/sites\/vc\/wp-content\/uploads\/2022\/10\/Argentina-1985.jpg","width":2126,"height":1416},{"@type":"BreadcrumbList","@id":"https:\/\/dev.antudigital.cl\/sites\/vc\/insomnia-teatro-condell-estrena-argentina-1985-protagonizada-por-ricardo-darin\/#breadcrumb","itemListElement":[{"@type":"ListItem","position":1,"name":"Home","item":"https:\/\/dev.antudigital.cl\/sites\/vc\/"},{"@type":"ListItem","position":2,"name":"INSOMNIA Teatro Condell estrena \u201cArgentina, 1985\u201d protagonizada por Ricardo Dar\u00edn"}]},{"@type":"WebSite","@id":"https:\/\/dev.antudigital.cl\/sites\/vc\/#website","url":"https:\/\/dev.antudigital.cl\/sites\/vc\/","name":"Valpara\u00ed\u00adso Creativo","description":"","potentialAction":[{"@type":"SearchAction","target":{"@type":"EntryPoint","urlTemplate":"https:\/\/dev.antudigital.cl\/sites\/vc\/?s={search_term_string}"},"query-input":{"@type":"PropertyValueSpecification","valueRequired":true,"valueName":"search_term_string"}}],"inLanguage":"es"},{"@type":"Person","@id":"https:\/\/dev.antudigital.cl\/sites\/vc\/#\/schema\/person\/c2b9da8dd545e27166fc5ab232837318","name":"Valpara\u00edso Creativo","description":"Periodista de cultura en la Regi\u00f3n de Valpara\u00edso.","url":"https:\/\/dev.antudigital.cl\/sites\/vc\/author\/valpoadmin\/"}]}},"_links":{"self":[{"href":"https:\/\/dev.antudigital.cl\/sites\/vc\/wp-json\/wp\/v2\/posts\/11734","targetHints":{"allow":["GET"]}}],"collection":[{"href":"https:\/\/dev.antudigital.cl\/sites\/vc\/wp-json\/wp\/v2\/posts"}],"about":[{"href":"https:\/\/dev.antudigital.cl\/sites\/vc\/wp-json\/wp\/v2\/types\/post"}],"author":[{"embeddable":true,"href":"https:\/\/dev.antudigital.cl\/sites\/vc\/wp-json\/wp\/v2\/users\/1"}],"replies":[{"embeddable":true,"href":"https:\/\/dev.antudigital.cl\/sites\/vc\/wp-json\/wp\/v2\/comments?post=11734"}],"version-history":[{"count":1,"href":"https:\/\/dev.antudigital.cl\/sites\/vc\/wp-json\/wp\/v2\/posts\/11734\/revisions"}],"predecessor-version":[{"id":11738,"href":"https:\/\/dev.antudigital.cl\/sites\/vc\/wp-json\/wp\/v2\/posts\/11734\/revisions\/11738"}],"wp:featuredmedia":[{"embeddable":true,"href":"https:\/\/dev.antudigital.cl\/sites\/vc\/wp-json\/wp\/v2\/media\/11736"}],"wp:attachment":[{"href":"https:\/\/dev.antudigital.cl\/sites\/vc\/wp-json\/wp\/v2\/media?parent=11734"}],"wp:term":[{"taxonomy":"category","embeddable":true,"href":"https:\/\/dev.antudigital.cl\/sites\/vc\/wp-json\/wp\/v2\/categories?post=11734"},{"taxonomy":"post_tag","embeddable":true,"href":"https:\/\/dev.antudigital.cl\/sites\/vc\/wp-json\/wp\/v2\/tags?post=11734"}],"curies":[{"name":"wp","href":"https:\/\/api.w.org\/{rel}","templated":true}]}}