{"id":11739,"date":"2022-10-03T11:54:22","date_gmt":"2022-10-03T11:54:22","guid":{"rendered":"https:\/\/www.valparaisocreativo.cl\/?p=11739"},"modified":"2022-10-03T11:54:28","modified_gmt":"2022-10-03T11:54:28","slug":"los-tres-se-presentaran-en-vivo-en-valparaiso-con-su-tour-rarezas","status":"publish","type":"post","link":"https:\/\/dev.antudigital.cl\/sites\/vc\/los-tres-se-presentaran-en-vivo-en-valparaiso-con-su-tour-rarezas\/","title":{"rendered":"Los Tres se presentar\u00e1n en vivo en Valpara\u00edso con su tour \u00abRarezas\u00bb"},"content":{"rendered":"\n<p>La emblem\u00e1tica banda nacional despide\u00a0su gira Rarezas <strong>el 8 de octubre<\/strong> con un imperdible y \u00fanico show que incluye canciones muy pocas veces interpretadas en vivo junto con sus grandes \u00e9xitos.\u00a0<\/p>\n\n\n\n<p>LOS TRES, una de las bandas m\u00e1s importantes de la historia musical chilena, regresan al puerto principal a su escenario m\u00e1s importante, el <strong>Teatro Municipal de Valpara\u00edso<\/strong> en el marco de su tour \u201cRarezas\u201d, una oportunidad \u00fanica para escuchar en directo aquellos temas que siempre quisiste ver en vivo.<\/p>\n\n\n\n<p>Con una trayectoria de m\u00e1s de treinta y siete a\u00f1os sobre los escenarios, siete \u00e1lbumes de estudio, numerosos discos en directo y cientos de shows en todo el mundo, Los Tres coleccionan una gran cantidad de \u00e9xitos ineludibles en cualquier presentaci\u00f3n en vivo, pero tambi\u00e9n un n\u00famero incontable de piezas musicales que se han anclado en la memoria sonora de sus oyentes pero que raramente son interpretadas en directo. \u201cRAREZAS\u201d es un espect\u00e1culo que busca satisfacer el o\u00eddo de aquellos seguidores que esperan o\u00edr&nbsp;su repertorio menos difundido, sin dejar de lado una descarga de sus grandes \u00e9xitos<\/p>\n\n\n\n<p>Los Tres, han querido invitar para esta ocasi\u00f3n a otro hist\u00f3rico del sonido nacional para que abra los fuegos musicales, Angelo Pierattini, vocalista de Weichafe, quien adem\u00e1s cuenta con una larga lista de \u00e9xitos en solitario.<\/p>\n\n\n\n<p>Los Tres se presentar\u00e1n en el Teatro Municipal de Valpara\u00edso este pr\u00f3ximo s\u00e1bado 8 de octubre desde las 20:00 horas. Los tickets est\u00e1n disponibles desde ya por sistema <a href=\"https:\/\/www.passline.com\/eventos-plano\/los-tres-valparaiso\">Passline.com<\/a> , adem\u00e1s se pueden conseguir sin recargo por servicio en el fono whatsapp\u00a0+569 91597907 y en la tienda <strong>Arte M\u00fasica, ubicada en Av. Pedro Montt 2053 edificio Montalbetti pasillo interior Valpara\u00edso.<\/strong><\/p>\n\n\n\n<p>No faltes a este espect\u00e1culo \u00fanico presentado por <a href=\"http:\/\/instagram.com\/piedecerro\">Pie de Cerro.<\/a><\/p>\n\n\n\n<figure class=\"wp-block-image size-large\"><img fetchpriority=\"high\" decoding=\"async\" width=\"1024\" height=\"1024\" src=\"https:\/\/www.valparaisocreativo.cl\/wp-content\/uploads\/2022\/10\/los-tres_marcascambio-1024x1024.jpg\" alt=\"\" class=\"wp-image-11741\" srcset=\"https:\/\/dev.antudigital.cl\/sites\/vc\/wp-content\/uploads\/2022\/10\/los-tres_marcascambio-1024x1024.jpg 1024w, https:\/\/dev.antudigital.cl\/sites\/vc\/wp-content\/uploads\/2022\/10\/los-tres_marcascambio-300x300.jpg 300w, https:\/\/dev.antudigital.cl\/sites\/vc\/wp-content\/uploads\/2022\/10\/los-tres_marcascambio-150x150.jpg 150w, https:\/\/dev.antudigital.cl\/sites\/vc\/wp-content\/uploads\/2022\/10\/los-tres_marcascambio-768x768.jpg 768w, https:\/\/dev.antudigital.cl\/sites\/vc\/wp-content\/uploads\/2022\/10\/los-tres_marcascambio-980x980.jpg 980w, https:\/\/dev.antudigital.cl\/sites\/vc\/wp-content\/uploads\/2022\/10\/los-tres_marcascambio-480x480.jpg 480w, https:\/\/dev.antudigital.cl\/sites\/vc\/wp-content\/uploads\/2022\/10\/los-tres_marcascambio.jpg 1080w\" sizes=\"(max-width: 1024px) 100vw, 1024px\" \/><\/figure>\n","protected":false},"excerpt":{"rendered":"<p>La emblem\u00e1tica banda nacional despide\u00a0su gira Rarezas el 8 de octubre con un imperdible y \u00fanico show que incluye canciones muy pocas veces interpretadas en vivo junto con sus grandes \u00e9xitos.\u00a0 LOS TRES, una de las bandas m\u00e1s importantes de la historia musical chilena, regresan al puerto principal a su escenario m\u00e1s importante, el Teatro [&hellip;]<\/p>\n","protected":false},"author":1,"featured_media":11740,"comment_status":"open","ping_status":"closed","sticky":false,"template":"","format":"standard","meta":{"_acf_changed":false,"footnotes":""},"categories":[8],"tags":[],"class_list":["post-11739","post","type-post","status-publish","format-standard","has-post-thumbnail","hentry","category-noticia"],"acf":[],"yoast_head":"<!-- This site is optimized with the Yoast SEO plugin v27.1.1 - https:\/\/yoast.com\/product\/yoast-seo-wordpress\/ -->\n<title>Los Tres se presentar\u00e1n en vivo en Valpara\u00edso con su tour &quot;Rarezas&quot; - Valpara\u00ed\u00adso Creativo<\/title>\n<meta name=\"robots\" content=\"index, follow, max-snippet:-1, max-image-preview:large, max-video-preview:-1\" \/>\n<link rel=\"canonical\" href=\"https:\/\/dev.antudigital.cl\/sites\/vc\/los-tres-se-presentaran-en-vivo-en-valparaiso-con-su-tour-rarezas\/\" \/>\n<meta property=\"og:locale\" content=\"es_ES\" \/>\n<meta property=\"og:type\" content=\"article\" \/>\n<meta property=\"og:title\" content=\"Los Tres se presentar\u00e1n en vivo en Valpara\u00edso con su tour &quot;Rarezas&quot; - Valpara\u00ed\u00adso Creativo\" \/>\n<meta property=\"og:description\" content=\"La emblem\u00e1tica banda nacional despide\u00a0su gira Rarezas el 8 de octubre con un imperdible y \u00fanico show que incluye canciones muy pocas veces interpretadas en vivo junto con sus grandes \u00e9xitos.\u00a0 LOS TRES, una de las bandas m\u00e1s importantes de la historia musical chilena, regresan al puerto principal a su escenario m\u00e1s importante, el Teatro [&hellip;]\" \/>\n<meta property=\"og:url\" content=\"https:\/\/dev.antudigital.cl\/sites\/vc\/los-tres-se-presentaran-en-vivo-en-valparaiso-con-su-tour-rarezas\/\" \/>\n<meta property=\"og:site_name\" content=\"Valpara\u00ed\u00adso Creativo\" \/>\n<meta property=\"article:published_time\" content=\"2022-10-03T11:54:22+00:00\" \/>\n<meta property=\"article:modified_time\" content=\"2022-10-03T11:54:28+00:00\" \/>\n<meta property=\"og:image\" content=\"https:\/\/dev.antudigital.cl\/sites\/vc\/wp-content\/uploads\/2022\/10\/LosTres-scaled.jpg\" \/>\n\t<meta property=\"og:image:width\" content=\"2560\" \/>\n\t<meta property=\"og:image:height\" content=\"1707\" \/>\n\t<meta property=\"og:image:type\" content=\"image\/jpeg\" \/>\n<meta name=\"author\" content=\"Valpara\u00edso Creativo\" \/>\n<meta name=\"twitter:card\" content=\"summary_large_image\" \/>\n<meta name=\"twitter:label1\" content=\"Escrito por\" \/>\n\t<meta name=\"twitter:data1\" content=\"Valpara\u00edso Creativo\" \/>\n\t<meta name=\"twitter:label2\" content=\"Tiempo de lectura\" \/>\n\t<meta name=\"twitter:data2\" content=\"2 minutos\" \/>\n<script type=\"application\/ld+json\" class=\"yoast-schema-graph\">{\"@context\":\"https:\/\/schema.org\",\"@graph\":[{\"@type\":\"Article\",\"@id\":\"https:\/\/dev.antudigital.cl\/sites\/vc\/los-tres-se-presentaran-en-vivo-en-valparaiso-con-su-tour-rarezas\/#article\",\"isPartOf\":{\"@id\":\"https:\/\/dev.antudigital.cl\/sites\/vc\/los-tres-se-presentaran-en-vivo-en-valparaiso-con-su-tour-rarezas\/\"},\"author\":{\"name\":\"Valpara\u00edso Creativo\",\"@id\":\"https:\/\/dev.antudigital.cl\/sites\/vc\/#\/schema\/person\/c2b9da8dd545e27166fc5ab232837318\"},\"headline\":\"Los Tres se presentar\u00e1n en vivo en Valpara\u00edso con su tour \u00abRarezas\u00bb\",\"datePublished\":\"2022-10-03T11:54:22+00:00\",\"dateModified\":\"2022-10-03T11:54:28+00:00\",\"mainEntityOfPage\":{\"@id\":\"https:\/\/dev.antudigital.cl\/sites\/vc\/los-tres-se-presentaran-en-vivo-en-valparaiso-con-su-tour-rarezas\/\"},\"wordCount\":320,\"commentCount\":0,\"image\":{\"@id\":\"https:\/\/dev.antudigital.cl\/sites\/vc\/los-tres-se-presentaran-en-vivo-en-valparaiso-con-su-tour-rarezas\/#primaryimage\"},\"thumbnailUrl\":\"https:\/\/dev.antudigital.cl\/sites\/vc\/wp-content\/uploads\/2022\/10\/LosTres-scaled.jpg\",\"articleSection\":[\"Noticia\"],\"inLanguage\":\"es\",\"potentialAction\":[{\"@type\":\"CommentAction\",\"name\":\"Comment\",\"target\":[\"https:\/\/dev.antudigital.cl\/sites\/vc\/los-tres-se-presentaran-en-vivo-en-valparaiso-con-su-tour-rarezas\/#respond\"]}]},{\"@type\":\"WebPage\",\"@id\":\"https:\/\/dev.antudigital.cl\/sites\/vc\/los-tres-se-presentaran-en-vivo-en-valparaiso-con-su-tour-rarezas\/\",\"url\":\"https:\/\/dev.antudigital.cl\/sites\/vc\/los-tres-se-presentaran-en-vivo-en-valparaiso-con-su-tour-rarezas\/\",\"name\":\"Los Tres se presentar\u00e1n en vivo en Valpara\u00edso con su tour \\\"Rarezas\\\" - Valpara\u00ed\u00adso Creativo\",\"isPartOf\":{\"@id\":\"https:\/\/dev.antudigital.cl\/sites\/vc\/#website\"},\"primaryImageOfPage\":{\"@id\":\"https:\/\/dev.antudigital.cl\/sites\/vc\/los-tres-se-presentaran-en-vivo-en-valparaiso-con-su-tour-rarezas\/#primaryimage\"},\"image\":{\"@id\":\"https:\/\/dev.antudigital.cl\/sites\/vc\/los-tres-se-presentaran-en-vivo-en-valparaiso-con-su-tour-rarezas\/#primaryimage\"},\"thumbnailUrl\":\"https:\/\/dev.antudigital.cl\/sites\/vc\/wp-content\/uploads\/2022\/10\/LosTres-scaled.jpg\",\"datePublished\":\"2022-10-03T11:54:22+00:00\",\"dateModified\":\"2022-10-03T11:54:28+00:00\",\"author\":{\"@id\":\"https:\/\/dev.antudigital.cl\/sites\/vc\/#\/schema\/person\/c2b9da8dd545e27166fc5ab232837318\"},\"breadcrumb\":{\"@id\":\"https:\/\/dev.antudigital.cl\/sites\/vc\/los-tres-se-presentaran-en-vivo-en-valparaiso-con-su-tour-rarezas\/#breadcrumb\"},\"inLanguage\":\"es\",\"potentialAction\":[{\"@type\":\"ReadAction\",\"target\":[\"https:\/\/dev.antudigital.cl\/sites\/vc\/los-tres-se-presentaran-en-vivo-en-valparaiso-con-su-tour-rarezas\/\"]}]},{\"@type\":\"ImageObject\",\"inLanguage\":\"es\",\"@id\":\"https:\/\/dev.antudigital.cl\/sites\/vc\/los-tres-se-presentaran-en-vivo-en-valparaiso-con-su-tour-rarezas\/#primaryimage\",\"url\":\"https:\/\/dev.antudigital.cl\/sites\/vc\/wp-content\/uploads\/2022\/10\/LosTres-scaled.jpg\",\"contentUrl\":\"https:\/\/dev.antudigital.cl\/sites\/vc\/wp-content\/uploads\/2022\/10\/LosTres-scaled.jpg\",\"width\":2560,\"height\":1707,\"caption\":\"Los Tresse presenta en el escenario \u2026 durante la realizaci\u00f3n del Festival Lollapalooza Chile 2019 en Santiago, Chile, Marzo 29, 2019. Carlos M\u00fcller \/ LollapaloozaCL Los Tres performs during the first day of Lollapalooza Chile 2019 at Parque O'Higgins in Santiago, Chile, March 29, 2019. Carlos M\u00fcller \/ LollapaloozaCL\"},{\"@type\":\"BreadcrumbList\",\"@id\":\"https:\/\/dev.antudigital.cl\/sites\/vc\/los-tres-se-presentaran-en-vivo-en-valparaiso-con-su-tour-rarezas\/#breadcrumb\",\"itemListElement\":[{\"@type\":\"ListItem\",\"position\":1,\"name\":\"Home\",\"item\":\"https:\/\/dev.antudigital.cl\/sites\/vc\/\"},{\"@type\":\"ListItem\",\"position\":2,\"name\":\"Los Tres se presentar\u00e1n en vivo en Valpara\u00edso con su tour \u00abRarezas\u00bb\"}]},{\"@type\":\"WebSite\",\"@id\":\"https:\/\/dev.antudigital.cl\/sites\/vc\/#website\",\"url\":\"https:\/\/dev.antudigital.cl\/sites\/vc\/\",\"name\":\"Valpara\u00ed\u00adso Creativo\",\"description\":\"\",\"potentialAction\":[{\"@type\":\"SearchAction\",\"target\":{\"@type\":\"EntryPoint\",\"urlTemplate\":\"https:\/\/dev.antudigital.cl\/sites\/vc\/?s={search_term_string}\"},\"query-input\":{\"@type\":\"PropertyValueSpecification\",\"valueRequired\":true,\"valueName\":\"search_term_string\"}}],\"inLanguage\":\"es\"},{\"@type\":\"Person\",\"@id\":\"https:\/\/dev.antudigital.cl\/sites\/vc\/#\/schema\/person\/c2b9da8dd545e27166fc5ab232837318\",\"name\":\"Valpara\u00edso Creativo\",\"description\":\"Periodista de cultura en la Regi\u00f3n de Valpara\u00edso.\",\"url\":\"https:\/\/dev.antudigital.cl\/sites\/vc\/author\/valpoadmin\/\"}]}<\/script>\n<!-- \/ Yoast SEO plugin. -->","yoast_head_json":{"title":"Los Tres se presentar\u00e1n en vivo en Valpara\u00edso con su tour \"Rarezas\" - Valpara\u00ed\u00adso Creativo","robots":{"index":"index","follow":"follow","max-snippet":"max-snippet:-1","max-image-preview":"max-image-preview:large","max-video-preview":"max-video-preview:-1"},"canonical":"https:\/\/dev.antudigital.cl\/sites\/vc\/los-tres-se-presentaran-en-vivo-en-valparaiso-con-su-tour-rarezas\/","og_locale":"es_ES","og_type":"article","og_title":"Los Tres se presentar\u00e1n en vivo en Valpara\u00edso con su tour \"Rarezas\" - Valpara\u00ed\u00adso Creativo","og_description":"La emblem\u00e1tica banda nacional despide\u00a0su gira Rarezas el 8 de octubre con un imperdible y \u00fanico show que incluye canciones muy pocas veces interpretadas en vivo junto con sus grandes \u00e9xitos.\u00a0 LOS TRES, una de las bandas m\u00e1s importantes de la historia musical chilena, regresan al puerto principal a su escenario m\u00e1s importante, el Teatro [&hellip;]","og_url":"https:\/\/dev.antudigital.cl\/sites\/vc\/los-tres-se-presentaran-en-vivo-en-valparaiso-con-su-tour-rarezas\/","og_site_name":"Valpara\u00ed\u00adso Creativo","article_published_time":"2022-10-03T11:54:22+00:00","article_modified_time":"2022-10-03T11:54:28+00:00","og_image":[{"width":2560,"height":1707,"url":"https:\/\/dev.antudigital.cl\/sites\/vc\/wp-content\/uploads\/2022\/10\/LosTres-scaled.jpg","type":"image\/jpeg"}],"author":"Valpara\u00edso Creativo","twitter_card":"summary_large_image","twitter_misc":{"Escrito por":"Valpara\u00edso Creativo","Tiempo de lectura":"2 minutos"},"schema":{"@context":"https:\/\/schema.org","@graph":[{"@type":"Article","@id":"https:\/\/dev.antudigital.cl\/sites\/vc\/los-tres-se-presentaran-en-vivo-en-valparaiso-con-su-tour-rarezas\/#article","isPartOf":{"@id":"https:\/\/dev.antudigital.cl\/sites\/vc\/los-tres-se-presentaran-en-vivo-en-valparaiso-con-su-tour-rarezas\/"},"author":{"name":"Valpara\u00edso Creativo","@id":"https:\/\/dev.antudigital.cl\/sites\/vc\/#\/schema\/person\/c2b9da8dd545e27166fc5ab232837318"},"headline":"Los Tres se presentar\u00e1n en vivo en Valpara\u00edso con su tour \u00abRarezas\u00bb","datePublished":"2022-10-03T11:54:22+00:00","dateModified":"2022-10-03T11:54:28+00:00","mainEntityOfPage":{"@id":"https:\/\/dev.antudigital.cl\/sites\/vc\/los-tres-se-presentaran-en-vivo-en-valparaiso-con-su-tour-rarezas\/"},"wordCount":320,"commentCount":0,"image":{"@id":"https:\/\/dev.antudigital.cl\/sites\/vc\/los-tres-se-presentaran-en-vivo-en-valparaiso-con-su-tour-rarezas\/#primaryimage"},"thumbnailUrl":"https:\/\/dev.antudigital.cl\/sites\/vc\/wp-content\/uploads\/2022\/10\/LosTres-scaled.jpg","articleSection":["Noticia"],"inLanguage":"es","potentialAction":[{"@type":"CommentAction","name":"Comment","target":["https:\/\/dev.antudigital.cl\/sites\/vc\/los-tres-se-presentaran-en-vivo-en-valparaiso-con-su-tour-rarezas\/#respond"]}]},{"@type":"WebPage","@id":"https:\/\/dev.antudigital.cl\/sites\/vc\/los-tres-se-presentaran-en-vivo-en-valparaiso-con-su-tour-rarezas\/","url":"https:\/\/dev.antudigital.cl\/sites\/vc\/los-tres-se-presentaran-en-vivo-en-valparaiso-con-su-tour-rarezas\/","name":"Los Tres se presentar\u00e1n en vivo en Valpara\u00edso con su tour \"Rarezas\" - Valpara\u00ed\u00adso Creativo","isPartOf":{"@id":"https:\/\/dev.antudigital.cl\/sites\/vc\/#website"},"primaryImageOfPage":{"@id":"https:\/\/dev.antudigital.cl\/sites\/vc\/los-tres-se-presentaran-en-vivo-en-valparaiso-con-su-tour-rarezas\/#primaryimage"},"image":{"@id":"https:\/\/dev.antudigital.cl\/sites\/vc\/los-tres-se-presentaran-en-vivo-en-valparaiso-con-su-tour-rarezas\/#primaryimage"},"thumbnailUrl":"https:\/\/dev.antudigital.cl\/sites\/vc\/wp-content\/uploads\/2022\/10\/LosTres-scaled.jpg","datePublished":"2022-10-03T11:54:22+00:00","dateModified":"2022-10-03T11:54:28+00:00","author":{"@id":"https:\/\/dev.antudigital.cl\/sites\/vc\/#\/schema\/person\/c2b9da8dd545e27166fc5ab232837318"},"breadcrumb":{"@id":"https:\/\/dev.antudigital.cl\/sites\/vc\/los-tres-se-presentaran-en-vivo-en-valparaiso-con-su-tour-rarezas\/#breadcrumb"},"inLanguage":"es","potentialAction":[{"@type":"ReadAction","target":["https:\/\/dev.antudigital.cl\/sites\/vc\/los-tres-se-presentaran-en-vivo-en-valparaiso-con-su-tour-rarezas\/"]}]},{"@type":"ImageObject","inLanguage":"es","@id":"https:\/\/dev.antudigital.cl\/sites\/vc\/los-tres-se-presentaran-en-vivo-en-valparaiso-con-su-tour-rarezas\/#primaryimage","url":"https:\/\/dev.antudigital.cl\/sites\/vc\/wp-content\/uploads\/2022\/10\/LosTres-scaled.jpg","contentUrl":"https:\/\/dev.antudigital.cl\/sites\/vc\/wp-content\/uploads\/2022\/10\/LosTres-scaled.jpg","width":2560,"height":1707,"caption":"Los Tresse presenta en el escenario \u2026 durante la realizaci\u00f3n del Festival Lollapalooza Chile 2019 en Santiago, Chile, Marzo 29, 2019. Carlos M\u00fcller \/ LollapaloozaCL Los Tres performs during the first day of Lollapalooza Chile 2019 at Parque O'Higgins in Santiago, Chile, March 29, 2019. Carlos M\u00fcller \/ LollapaloozaCL"},{"@type":"BreadcrumbList","@id":"https:\/\/dev.antudigital.cl\/sites\/vc\/los-tres-se-presentaran-en-vivo-en-valparaiso-con-su-tour-rarezas\/#breadcrumb","itemListElement":[{"@type":"ListItem","position":1,"name":"Home","item":"https:\/\/dev.antudigital.cl\/sites\/vc\/"},{"@type":"ListItem","position":2,"name":"Los Tres se presentar\u00e1n en vivo en Valpara\u00edso con su tour \u00abRarezas\u00bb"}]},{"@type":"WebSite","@id":"https:\/\/dev.antudigital.cl\/sites\/vc\/#website","url":"https:\/\/dev.antudigital.cl\/sites\/vc\/","name":"Valpara\u00ed\u00adso Creativo","description":"","potentialAction":[{"@type":"SearchAction","target":{"@type":"EntryPoint","urlTemplate":"https:\/\/dev.antudigital.cl\/sites\/vc\/?s={search_term_string}"},"query-input":{"@type":"PropertyValueSpecification","valueRequired":true,"valueName":"search_term_string"}}],"inLanguage":"es"},{"@type":"Person","@id":"https:\/\/dev.antudigital.cl\/sites\/vc\/#\/schema\/person\/c2b9da8dd545e27166fc5ab232837318","name":"Valpara\u00edso Creativo","description":"Periodista de cultura en la Regi\u00f3n de Valpara\u00edso.","url":"https:\/\/dev.antudigital.cl\/sites\/vc\/author\/valpoadmin\/"}]}},"_links":{"self":[{"href":"https:\/\/dev.antudigital.cl\/sites\/vc\/wp-json\/wp\/v2\/posts\/11739","targetHints":{"allow":["GET"]}}],"collection":[{"href":"https:\/\/dev.antudigital.cl\/sites\/vc\/wp-json\/wp\/v2\/posts"}],"about":[{"href":"https:\/\/dev.antudigital.cl\/sites\/vc\/wp-json\/wp\/v2\/types\/post"}],"author":[{"embeddable":true,"href":"https:\/\/dev.antudigital.cl\/sites\/vc\/wp-json\/wp\/v2\/users\/1"}],"replies":[{"embeddable":true,"href":"https:\/\/dev.antudigital.cl\/sites\/vc\/wp-json\/wp\/v2\/comments?post=11739"}],"version-history":[{"count":1,"href":"https:\/\/dev.antudigital.cl\/sites\/vc\/wp-json\/wp\/v2\/posts\/11739\/revisions"}],"predecessor-version":[{"id":11742,"href":"https:\/\/dev.antudigital.cl\/sites\/vc\/wp-json\/wp\/v2\/posts\/11739\/revisions\/11742"}],"wp:featuredmedia":[{"embeddable":true,"href":"https:\/\/dev.antudigital.cl\/sites\/vc\/wp-json\/wp\/v2\/media\/11740"}],"wp:attachment":[{"href":"https:\/\/dev.antudigital.cl\/sites\/vc\/wp-json\/wp\/v2\/media?parent=11739"}],"wp:term":[{"taxonomy":"category","embeddable":true,"href":"https:\/\/dev.antudigital.cl\/sites\/vc\/wp-json\/wp\/v2\/categories?post=11739"},{"taxonomy":"post_tag","embeddable":true,"href":"https:\/\/dev.antudigital.cl\/sites\/vc\/wp-json\/wp\/v2\/tags?post=11739"}],"curies":[{"name":"wp","href":"https:\/\/api.w.org\/{rel}","templated":true}]}}