{"id":11743,"date":"2022-10-10T18:53:14","date_gmt":"2022-10-10T18:53:14","guid":{"rendered":"https:\/\/www.valparaisocreativo.cl\/?p=11743"},"modified":"2022-10-10T18:53:19","modified_gmt":"2022-10-10T18:53:19","slug":"documental-porteno-se-adjudica-dos-prestigiosos-fondos-norteamericanos-para-su-filmacion","status":"publish","type":"post","link":"https:\/\/dev.antudigital.cl\/sites\/vc\/documental-porteno-se-adjudica-dos-prestigiosos-fondos-norteamericanos-para-su-filmacion\/","title":{"rendered":"Documental porte\u00f1o se adjudica dos prestigiosos fondos norteamericanos para su filmaci\u00f3n"},"content":{"rendered":"\n<p>\u201c<strong>Aqu\u00ed se Escucha el Silencio<\/strong>\u201d, la segunda obra de la directora Gabriela Pena, y \u00f3pera prima de su co-director Picho Garc\u00eda, sigue sumando presencia y apoyo internacional. Esta vez el documental, que se encuentra en etapa de filmaci\u00f3n y que se espera estrenar a inicios de 2025, se adjudic\u00f3 el<strong> <\/strong>fondo para documentales de <strong>Sundance Institute<\/strong>, instituci\u00f3n que celebra anualmente el reconocido festival norteamericano de <strong>Sundance<\/strong>. A su vez, fue uno de los diez proyectos seleccionados en el <strong>(Egg)Celerator Lab <\/strong>de<strong> Chicken &amp; Egg Pictures<\/strong>, en su versi\u00f3n 2022, obteniendo tambi\u00e9n financiamiento para su filmaci\u00f3n.<\/p>\n\n\n\n<p>El <strong>Fondo de Documentales de Sundance Institute <\/strong>se enfoca en proyectos de no ficci\u00f3n de cineastas de todo el mundo. <em>\u201c\u2026el fondo ha sido una fuerza estable y progresiva que ha apoyado a trabajos que han expresado el mundo de forma creativa, compleja, bella y provocativa, y que han creado un verdadero impacto cultural y social en torno a algunos de los problemas m\u00e1s acuciantes de nuestro tiempo.\u201d<\/em><\/p>\n\n\n\n<figure class=\"wp-block-image size-large\"><img fetchpriority=\"high\" decoding=\"async\" width=\"1024\" height=\"550\" src=\"https:\/\/www.valparaisocreativo.cl\/wp-content\/uploads\/2022\/10\/AquiSeEscuchaElSilencio_Still3-1024x550.png\" alt=\"\" class=\"wp-image-11746\" srcset=\"https:\/\/dev.antudigital.cl\/sites\/vc\/wp-content\/uploads\/2022\/10\/AquiSeEscuchaElSilencio_Still3-1024x550.png 1024w, https:\/\/dev.antudigital.cl\/sites\/vc\/wp-content\/uploads\/2022\/10\/AquiSeEscuchaElSilencio_Still3-300x161.png 300w, https:\/\/dev.antudigital.cl\/sites\/vc\/wp-content\/uploads\/2022\/10\/AquiSeEscuchaElSilencio_Still3-768x412.png 768w, https:\/\/dev.antudigital.cl\/sites\/vc\/wp-content\/uploads\/2022\/10\/AquiSeEscuchaElSilencio_Still3-1536x825.png 1536w, https:\/\/dev.antudigital.cl\/sites\/vc\/wp-content\/uploads\/2022\/10\/AquiSeEscuchaElSilencio_Still3-1080x580.png 1080w, https:\/\/dev.antudigital.cl\/sites\/vc\/wp-content\/uploads\/2022\/10\/AquiSeEscuchaElSilencio_Still3-1280x687.png 1280w, https:\/\/dev.antudigital.cl\/sites\/vc\/wp-content\/uploads\/2022\/10\/AquiSeEscuchaElSilencio_Still3-980x526.png 980w, https:\/\/dev.antudigital.cl\/sites\/vc\/wp-content\/uploads\/2022\/10\/AquiSeEscuchaElSilencio_Still3-480x258.png 480w, https:\/\/dev.antudigital.cl\/sites\/vc\/wp-content\/uploads\/2022\/10\/AquiSeEscuchaElSilencio_Still3.png 1684w\" sizes=\"(max-width: 1024px) 100vw, 1024px\" \/><\/figure>\n\n\n\n<p>Por otra parte, la fundaci\u00f3n norteamericana<strong> Chicken &amp; Egg Pictures<\/strong>, que gestiona este proceso de incubadora de proyectos f\u00edlmicos, recibi\u00f3 un total de 337 postulantes de distintas partes del mundo, y est\u00e1 enfocado en el cine de no ficci\u00f3n realizado por mujeres y disidencias sexuales. \u201c<em>Nuestra fundaci\u00f3n se origina a ra\u00edz de una realidad en la que las mujeres cineastas necesitan m\u00e1s apoyo y oportunidades para prosperar en una industria dif\u00edcil y desequilibrada, porque sin ellas, las historias a las que estamos expuestos no reflejar\u00e1n el mundo en el que vivimos<\/em>\u201d, se\u00f1alan desde la organizaci\u00f3n.<\/p>\n\n\n\n<p>Respecto a la cinta chilena de <strong>Grieta Cine<\/strong>, valoran que \u00e9sta explore de manera \u00edntima las memorias intergeneracionales que se dan en los complejos contextos pol\u00edticos, as\u00ed como tambi\u00e9n la b\u00fasqueda de identidad durante estos procesos, otorg\u00e1ndoles as\u00ed, con respecto a <strong>Sundance Institute<\/strong>, el apoyo de 50.000 d\u00f3lares. Por otra parte, <strong>Chicken &amp; Egg Pictures<\/strong> contribuy\u00f3 con $40,000 d\u00f3lares para la filmaci\u00f3n de la pel\u00edcula, y tambi\u00e9n con un a\u00f1o completo de apoyo creativo donde se incluyen diversas residencias art\u00edsticas en Nueva York. Cabe destacar que es la segunda vez que un proyecto nacional obtiene apoyo de esta fundaci\u00f3n, siendo la documentalista Maite Alberdi la primera en hacerlo, en la categor\u00eda Chicken &amp; Egg Award en 2020.<\/p>\n\n\n\n<figure class=\"wp-block-image size-large\"><img decoding=\"async\" width=\"1024\" height=\"550\" src=\"https:\/\/www.valparaisocreativo.cl\/wp-content\/uploads\/2022\/10\/AquiSeEscuchaElSilencio_Still2-1024x550.png\" alt=\"\" class=\"wp-image-11745\" srcset=\"https:\/\/dev.antudigital.cl\/sites\/vc\/wp-content\/uploads\/2022\/10\/AquiSeEscuchaElSilencio_Still2-1024x550.png 1024w, https:\/\/dev.antudigital.cl\/sites\/vc\/wp-content\/uploads\/2022\/10\/AquiSeEscuchaElSilencio_Still2-300x161.png 300w, https:\/\/dev.antudigital.cl\/sites\/vc\/wp-content\/uploads\/2022\/10\/AquiSeEscuchaElSilencio_Still2-768x412.png 768w, https:\/\/dev.antudigital.cl\/sites\/vc\/wp-content\/uploads\/2022\/10\/AquiSeEscuchaElSilencio_Still2-1536x825.png 1536w, https:\/\/dev.antudigital.cl\/sites\/vc\/wp-content\/uploads\/2022\/10\/AquiSeEscuchaElSilencio_Still2-1080x580.png 1080w, https:\/\/dev.antudigital.cl\/sites\/vc\/wp-content\/uploads\/2022\/10\/AquiSeEscuchaElSilencio_Still2-1280x687.png 1280w, https:\/\/dev.antudigital.cl\/sites\/vc\/wp-content\/uploads\/2022\/10\/AquiSeEscuchaElSilencio_Still2-980x526.png 980w, https:\/\/dev.antudigital.cl\/sites\/vc\/wp-content\/uploads\/2022\/10\/AquiSeEscuchaElSilencio_Still2-480x258.png 480w, https:\/\/dev.antudigital.cl\/sites\/vc\/wp-content\/uploads\/2022\/10\/AquiSeEscuchaElSilencio_Still2.png 1684w\" sizes=\"(max-width: 1024px) 100vw, 1024px\" \/><\/figure>\n\n\n\n<p>A su vez, es la tercera vez que los responsables del documental se hacen acreedores de un fondo internacional para esta misma pel\u00edcula, ya que lo hicieron anteriormente en el Laboratorio de Desarrollo de Proyectos <strong><em>Assembly<\/em><\/strong>, del <strong>Open City Documentary Festival<\/strong> <strong>de<\/strong> <strong>Londres<\/strong>. As\u00ed mismo, contin\u00faan en un periplo que los ha llevado a estar presentes en este tipo de cert\u00e1menes, tanto en nuestro pa\u00eds, como en Cuba, Australia y el c\u00e9lebre <strong>MeetMarket del Sheffield Doc\/Fest<\/strong> en el Reino Unido, donde son, hasta el momento, el \u00fanico proyecto chileno que ha sido seleccionado en esta instancia de industria.<\/p>\n\n\n\n<p><strong>\u201cAqu\u00ed se escucha el silencio&#8217;<\/strong>&#8216; retrata un \u00edntimo proceso de transmisi\u00f3n generacional entre una pareja adulto mayor -v\u00edctimas de cr\u00edmenes de lesa humanidad durante la dictadura chilena-, y su nieta criada en el extranjero: <em>Cuando la familia de Gabriela logr\u00f3 salir al exilio durante la dictadura chilena, tuvieron que dejar atr\u00e1s su casa familiar en la ciudad de Valpara\u00edso; hu\u00edan de las detenciones y torturas infringidas al abuelo y de una sentencia a muerte inminente. 40 a\u00f1os m\u00e1s tarde, Gabriela, criada en Espa\u00f1a, retorna al pa\u00eds a dar amor a sus abuelos en sus \u00faltimos a\u00f1os y a reabrir las puertas del abandonado inmueble, mientras por la noche comienzan a aparecer los fantasmas de una herida familiar a\u00fan abierta.<\/em><\/p>\n\n\n\n<figure class=\"wp-block-image size-large\"><img decoding=\"async\" width=\"1024\" height=\"550\" src=\"https:\/\/www.valparaisocreativo.cl\/wp-content\/uploads\/2022\/10\/AquiSeEscuchaElSilencio_Still1-1024x550.png\" alt=\"\" class=\"wp-image-11744\" srcset=\"https:\/\/dev.antudigital.cl\/sites\/vc\/wp-content\/uploads\/2022\/10\/AquiSeEscuchaElSilencio_Still1-1024x550.png 1024w, https:\/\/dev.antudigital.cl\/sites\/vc\/wp-content\/uploads\/2022\/10\/AquiSeEscuchaElSilencio_Still1-300x161.png 300w, https:\/\/dev.antudigital.cl\/sites\/vc\/wp-content\/uploads\/2022\/10\/AquiSeEscuchaElSilencio_Still1-768x412.png 768w, https:\/\/dev.antudigital.cl\/sites\/vc\/wp-content\/uploads\/2022\/10\/AquiSeEscuchaElSilencio_Still1-1536x825.png 1536w, https:\/\/dev.antudigital.cl\/sites\/vc\/wp-content\/uploads\/2022\/10\/AquiSeEscuchaElSilencio_Still1-1080x580.png 1080w, https:\/\/dev.antudigital.cl\/sites\/vc\/wp-content\/uploads\/2022\/10\/AquiSeEscuchaElSilencio_Still1-1280x687.png 1280w, https:\/\/dev.antudigital.cl\/sites\/vc\/wp-content\/uploads\/2022\/10\/AquiSeEscuchaElSilencio_Still1-980x526.png 980w, https:\/\/dev.antudigital.cl\/sites\/vc\/wp-content\/uploads\/2022\/10\/AquiSeEscuchaElSilencio_Still1-480x258.png 480w, https:\/\/dev.antudigital.cl\/sites\/vc\/wp-content\/uploads\/2022\/10\/AquiSeEscuchaElSilencio_Still1.png 1684w\" sizes=\"(max-width: 1024px) 100vw, 1024px\" \/><\/figure>\n\n\n\n<p><strong>Sobre esta noticia: entrevista a Gabriela Pena y Picho Garc\u00eda<\/strong><\/p>\n\n\n\n<p><strong>\u2022 \u00bfQu\u00e9 destacan del proceso de creaci\u00f3n de este documental, que a\u00fan est\u00e1 en curso?<\/strong><\/p>\n\n\n\n<p>-El proceso de creaci\u00f3n de este documental filmado en Valpara\u00edso est\u00e1 siendo un camino de crecimiento personal que esperamos se transmita en la pel\u00edcula; un necesario ejercicio de transmisi\u00f3n intergeneracional en torno a dolorosas vivencias familiares y pol\u00edticas, que ojal\u00e1 sea un aporte para el importante momento hist\u00f3rico que atravesamos como pa\u00eds. Desde el lado de la producci\u00f3n, como cineastas y productores emergentes, ha sido clave para desarrollarnos tener apertura hacia el exterior, donde hemos obtenido muy valiosas herramientas que nos permitir\u00e1n seguir fomentando y posicionando nuestro cine, retroalimentando tambi\u00e9n al medio local con nuestras experiencias.<\/p>\n\n\n\n<p><strong>\u2022 \u00bfC\u00f3mo se proyectan despu\u00e9s de esta gran noticia? <\/strong><\/p>\n\n\n\n<p>-Despu\u00e9s de esta gran noticia, y gracias al apoyo de S<span style=\"text-decoration: underline;\">undance y Chicken&amp;Egg Pictures esperamos finalizar el rodaje de la pel\u00edcula durante 2022 y 2023<\/span>, con el objetivo de enfrentar el siempre largo y complejo proceso del montaje de los documentales. Para esta siguiente etapa esperamos lograr apoyo financiero nacional mediante los Fondos de Cultura del Ministerio, que es el que nos est\u00e1 faltando para poder finalizar la pel\u00edcula y poder as\u00ed estrenarla en un festival de relevancia internacional a comienzos de 2025<\/p>\n\n\n\n<p><strong>P\u00e1gina web: <\/strong>www.grietacine.com<\/p>\n\n\n\n<p><strong>Instagram: <\/strong>@grietacine<\/p>\n\n\n\n<p><strong>Facebook: <\/strong>@grietacine.productora<\/p>\n","protected":false},"excerpt":{"rendered":"<p>\u201cAqu\u00ed se Escucha el Silencio\u201d, la segunda obra de la directora Gabriela Pena, y \u00f3pera prima de su co-director Picho Garc\u00eda, sigue sumando presencia y apoyo internacional. Esta vez el documental, que se encuentra en etapa de filmaci\u00f3n y que se espera estrenar a inicios de 2025, se adjudic\u00f3 el fondo para documentales de Sundance [&hellip;]<\/p>\n","protected":false},"author":1,"featured_media":11747,"comment_status":"open","ping_status":"closed","sticky":false,"template":"","format":"standard","meta":{"_acf_changed":false,"footnotes":""},"categories":[8],"tags":[],"class_list":["post-11743","post","type-post","status-publish","format-standard","has-post-thumbnail","hentry","category-noticia"],"acf":[],"yoast_head":"<!-- This site is optimized with the Yoast SEO plugin v27.1.1 - https:\/\/yoast.com\/product\/yoast-seo-wordpress\/ -->\n<title>Documental porte\u00f1o se adjudica dos prestigiosos fondos norteamericanos para su filmaci\u00f3n - Valpara\u00ed\u00adso Creativo<\/title>\n<meta name=\"robots\" content=\"index, follow, max-snippet:-1, max-image-preview:large, max-video-preview:-1\" \/>\n<link rel=\"canonical\" href=\"https:\/\/dev.antudigital.cl\/sites\/vc\/documental-porteno-se-adjudica-dos-prestigiosos-fondos-norteamericanos-para-su-filmacion\/\" \/>\n<meta property=\"og:locale\" content=\"es_ES\" \/>\n<meta property=\"og:type\" content=\"article\" \/>\n<meta property=\"og:title\" content=\"Documental porte\u00f1o se adjudica dos prestigiosos fondos norteamericanos para su filmaci\u00f3n - Valpara\u00ed\u00adso Creativo\" \/>\n<meta property=\"og:description\" content=\"\u201cAqu\u00ed se Escucha el Silencio\u201d, la segunda obra de la directora Gabriela Pena, y \u00f3pera prima de su co-director Picho Garc\u00eda, sigue sumando presencia y apoyo internacional. Esta vez el documental, que se encuentra en etapa de filmaci\u00f3n y que se espera estrenar a inicios de 2025, se adjudic\u00f3 el fondo para documentales de Sundance [&hellip;]\" \/>\n<meta property=\"og:url\" content=\"https:\/\/dev.antudigital.cl\/sites\/vc\/documental-porteno-se-adjudica-dos-prestigiosos-fondos-norteamericanos-para-su-filmacion\/\" \/>\n<meta property=\"og:site_name\" content=\"Valpara\u00ed\u00adso Creativo\" \/>\n<meta property=\"article:published_time\" content=\"2022-10-10T18:53:14+00:00\" \/>\n<meta property=\"article:modified_time\" content=\"2022-10-10T18:53:19+00:00\" \/>\n<meta property=\"og:image\" content=\"https:\/\/dev.antudigital.cl\/sites\/vc\/wp-content\/uploads\/2022\/10\/GabrielaYPicho_EnProduccion-1024x682.png\" \/>\n\t<meta property=\"og:image:width\" content=\"1024\" \/>\n\t<meta property=\"og:image:height\" content=\"682\" \/>\n\t<meta property=\"og:image:type\" content=\"image\/png\" \/>\n<meta name=\"author\" content=\"Valpara\u00edso Creativo\" \/>\n<meta name=\"twitter:card\" content=\"summary_large_image\" \/>\n<meta name=\"twitter:label1\" content=\"Escrito por\" \/>\n\t<meta name=\"twitter:data1\" content=\"Valpara\u00edso Creativo\" \/>\n\t<meta name=\"twitter:label2\" content=\"Tiempo de lectura\" \/>\n\t<meta name=\"twitter:data2\" content=\"5 minutos\" \/>\n<script type=\"application\/ld+json\" class=\"yoast-schema-graph\">{\"@context\":\"https:\/\/schema.org\",\"@graph\":[{\"@type\":\"Article\",\"@id\":\"https:\/\/dev.antudigital.cl\/sites\/vc\/documental-porteno-se-adjudica-dos-prestigiosos-fondos-norteamericanos-para-su-filmacion\/#article\",\"isPartOf\":{\"@id\":\"https:\/\/dev.antudigital.cl\/sites\/vc\/documental-porteno-se-adjudica-dos-prestigiosos-fondos-norteamericanos-para-su-filmacion\/\"},\"author\":{\"name\":\"Valpara\u00edso Creativo\",\"@id\":\"https:\/\/dev.antudigital.cl\/sites\/vc\/#\/schema\/person\/c2b9da8dd545e27166fc5ab232837318\"},\"headline\":\"Documental porte\u00f1o se adjudica dos prestigiosos fondos norteamericanos para su filmaci\u00f3n\",\"datePublished\":\"2022-10-10T18:53:14+00:00\",\"dateModified\":\"2022-10-10T18:53:19+00:00\",\"mainEntityOfPage\":{\"@id\":\"https:\/\/dev.antudigital.cl\/sites\/vc\/documental-porteno-se-adjudica-dos-prestigiosos-fondos-norteamericanos-para-su-filmacion\/\"},\"wordCount\":887,\"commentCount\":0,\"image\":{\"@id\":\"https:\/\/dev.antudigital.cl\/sites\/vc\/documental-porteno-se-adjudica-dos-prestigiosos-fondos-norteamericanos-para-su-filmacion\/#primaryimage\"},\"thumbnailUrl\":\"https:\/\/dev.antudigital.cl\/sites\/vc\/wp-content\/uploads\/2022\/10\/GabrielaYPicho_EnProduccion.png\",\"articleSection\":[\"Noticia\"],\"inLanguage\":\"es\",\"potentialAction\":[{\"@type\":\"CommentAction\",\"name\":\"Comment\",\"target\":[\"https:\/\/dev.antudigital.cl\/sites\/vc\/documental-porteno-se-adjudica-dos-prestigiosos-fondos-norteamericanos-para-su-filmacion\/#respond\"]}]},{\"@type\":\"WebPage\",\"@id\":\"https:\/\/dev.antudigital.cl\/sites\/vc\/documental-porteno-se-adjudica-dos-prestigiosos-fondos-norteamericanos-para-su-filmacion\/\",\"url\":\"https:\/\/dev.antudigital.cl\/sites\/vc\/documental-porteno-se-adjudica-dos-prestigiosos-fondos-norteamericanos-para-su-filmacion\/\",\"name\":\"Documental porte\u00f1o se adjudica dos prestigiosos fondos norteamericanos para su filmaci\u00f3n - Valpara\u00ed\u00adso Creativo\",\"isPartOf\":{\"@id\":\"https:\/\/dev.antudigital.cl\/sites\/vc\/#website\"},\"primaryImageOfPage\":{\"@id\":\"https:\/\/dev.antudigital.cl\/sites\/vc\/documental-porteno-se-adjudica-dos-prestigiosos-fondos-norteamericanos-para-su-filmacion\/#primaryimage\"},\"image\":{\"@id\":\"https:\/\/dev.antudigital.cl\/sites\/vc\/documental-porteno-se-adjudica-dos-prestigiosos-fondos-norteamericanos-para-su-filmacion\/#primaryimage\"},\"thumbnailUrl\":\"https:\/\/dev.antudigital.cl\/sites\/vc\/wp-content\/uploads\/2022\/10\/GabrielaYPicho_EnProduccion.png\",\"datePublished\":\"2022-10-10T18:53:14+00:00\",\"dateModified\":\"2022-10-10T18:53:19+00:00\",\"author\":{\"@id\":\"https:\/\/dev.antudigital.cl\/sites\/vc\/#\/schema\/person\/c2b9da8dd545e27166fc5ab232837318\"},\"breadcrumb\":{\"@id\":\"https:\/\/dev.antudigital.cl\/sites\/vc\/documental-porteno-se-adjudica-dos-prestigiosos-fondos-norteamericanos-para-su-filmacion\/#breadcrumb\"},\"inLanguage\":\"es\",\"potentialAction\":[{\"@type\":\"ReadAction\",\"target\":[\"https:\/\/dev.antudigital.cl\/sites\/vc\/documental-porteno-se-adjudica-dos-prestigiosos-fondos-norteamericanos-para-su-filmacion\/\"]}]},{\"@type\":\"ImageObject\",\"inLanguage\":\"es\",\"@id\":\"https:\/\/dev.antudigital.cl\/sites\/vc\/documental-porteno-se-adjudica-dos-prestigiosos-fondos-norteamericanos-para-su-filmacion\/#primaryimage\",\"url\":\"https:\/\/dev.antudigital.cl\/sites\/vc\/wp-content\/uploads\/2022\/10\/GabrielaYPicho_EnProduccion.png\",\"contentUrl\":\"https:\/\/dev.antudigital.cl\/sites\/vc\/wp-content\/uploads\/2022\/10\/GabrielaYPicho_EnProduccion.png\",\"width\":1684,\"height\":1121},{\"@type\":\"BreadcrumbList\",\"@id\":\"https:\/\/dev.antudigital.cl\/sites\/vc\/documental-porteno-se-adjudica-dos-prestigiosos-fondos-norteamericanos-para-su-filmacion\/#breadcrumb\",\"itemListElement\":[{\"@type\":\"ListItem\",\"position\":1,\"name\":\"Home\",\"item\":\"https:\/\/dev.antudigital.cl\/sites\/vc\/\"},{\"@type\":\"ListItem\",\"position\":2,\"name\":\"Documental porte\u00f1o se adjudica dos prestigiosos fondos norteamericanos para su filmaci\u00f3n\"}]},{\"@type\":\"WebSite\",\"@id\":\"https:\/\/dev.antudigital.cl\/sites\/vc\/#website\",\"url\":\"https:\/\/dev.antudigital.cl\/sites\/vc\/\",\"name\":\"Valpara\u00ed\u00adso Creativo\",\"description\":\"\",\"potentialAction\":[{\"@type\":\"SearchAction\",\"target\":{\"@type\":\"EntryPoint\",\"urlTemplate\":\"https:\/\/dev.antudigital.cl\/sites\/vc\/?s={search_term_string}\"},\"query-input\":{\"@type\":\"PropertyValueSpecification\",\"valueRequired\":true,\"valueName\":\"search_term_string\"}}],\"inLanguage\":\"es\"},{\"@type\":\"Person\",\"@id\":\"https:\/\/dev.antudigital.cl\/sites\/vc\/#\/schema\/person\/c2b9da8dd545e27166fc5ab232837318\",\"name\":\"Valpara\u00edso Creativo\",\"description\":\"Periodista de cultura en la Regi\u00f3n de Valpara\u00edso.\",\"url\":\"https:\/\/dev.antudigital.cl\/sites\/vc\/author\/valpoadmin\/\"}]}<\/script>\n<!-- \/ Yoast SEO plugin. -->","yoast_head_json":{"title":"Documental porte\u00f1o se adjudica dos prestigiosos fondos norteamericanos para su filmaci\u00f3n - Valpara\u00ed\u00adso Creativo","robots":{"index":"index","follow":"follow","max-snippet":"max-snippet:-1","max-image-preview":"max-image-preview:large","max-video-preview":"max-video-preview:-1"},"canonical":"https:\/\/dev.antudigital.cl\/sites\/vc\/documental-porteno-se-adjudica-dos-prestigiosos-fondos-norteamericanos-para-su-filmacion\/","og_locale":"es_ES","og_type":"article","og_title":"Documental porte\u00f1o se adjudica dos prestigiosos fondos norteamericanos para su filmaci\u00f3n - Valpara\u00ed\u00adso Creativo","og_description":"\u201cAqu\u00ed se Escucha el Silencio\u201d, la segunda obra de la directora Gabriela Pena, y \u00f3pera prima de su co-director Picho Garc\u00eda, sigue sumando presencia y apoyo internacional. Esta vez el documental, que se encuentra en etapa de filmaci\u00f3n y que se espera estrenar a inicios de 2025, se adjudic\u00f3 el fondo para documentales de Sundance [&hellip;]","og_url":"https:\/\/dev.antudigital.cl\/sites\/vc\/documental-porteno-se-adjudica-dos-prestigiosos-fondos-norteamericanos-para-su-filmacion\/","og_site_name":"Valpara\u00ed\u00adso Creativo","article_published_time":"2022-10-10T18:53:14+00:00","article_modified_time":"2022-10-10T18:53:19+00:00","og_image":[{"width":1024,"height":682,"url":"https:\/\/dev.antudigital.cl\/sites\/vc\/wp-content\/uploads\/2022\/10\/GabrielaYPicho_EnProduccion-1024x682.png","type":"image\/png"}],"author":"Valpara\u00edso Creativo","twitter_card":"summary_large_image","twitter_misc":{"Escrito por":"Valpara\u00edso Creativo","Tiempo de lectura":"5 minutos"},"schema":{"@context":"https:\/\/schema.org","@graph":[{"@type":"Article","@id":"https:\/\/dev.antudigital.cl\/sites\/vc\/documental-porteno-se-adjudica-dos-prestigiosos-fondos-norteamericanos-para-su-filmacion\/#article","isPartOf":{"@id":"https:\/\/dev.antudigital.cl\/sites\/vc\/documental-porteno-se-adjudica-dos-prestigiosos-fondos-norteamericanos-para-su-filmacion\/"},"author":{"name":"Valpara\u00edso Creativo","@id":"https:\/\/dev.antudigital.cl\/sites\/vc\/#\/schema\/person\/c2b9da8dd545e27166fc5ab232837318"},"headline":"Documental porte\u00f1o se adjudica dos prestigiosos fondos norteamericanos para su filmaci\u00f3n","datePublished":"2022-10-10T18:53:14+00:00","dateModified":"2022-10-10T18:53:19+00:00","mainEntityOfPage":{"@id":"https:\/\/dev.antudigital.cl\/sites\/vc\/documental-porteno-se-adjudica-dos-prestigiosos-fondos-norteamericanos-para-su-filmacion\/"},"wordCount":887,"commentCount":0,"image":{"@id":"https:\/\/dev.antudigital.cl\/sites\/vc\/documental-porteno-se-adjudica-dos-prestigiosos-fondos-norteamericanos-para-su-filmacion\/#primaryimage"},"thumbnailUrl":"https:\/\/dev.antudigital.cl\/sites\/vc\/wp-content\/uploads\/2022\/10\/GabrielaYPicho_EnProduccion.png","articleSection":["Noticia"],"inLanguage":"es","potentialAction":[{"@type":"CommentAction","name":"Comment","target":["https:\/\/dev.antudigital.cl\/sites\/vc\/documental-porteno-se-adjudica-dos-prestigiosos-fondos-norteamericanos-para-su-filmacion\/#respond"]}]},{"@type":"WebPage","@id":"https:\/\/dev.antudigital.cl\/sites\/vc\/documental-porteno-se-adjudica-dos-prestigiosos-fondos-norteamericanos-para-su-filmacion\/","url":"https:\/\/dev.antudigital.cl\/sites\/vc\/documental-porteno-se-adjudica-dos-prestigiosos-fondos-norteamericanos-para-su-filmacion\/","name":"Documental porte\u00f1o se adjudica dos prestigiosos fondos norteamericanos para su filmaci\u00f3n - Valpara\u00ed\u00adso Creativo","isPartOf":{"@id":"https:\/\/dev.antudigital.cl\/sites\/vc\/#website"},"primaryImageOfPage":{"@id":"https:\/\/dev.antudigital.cl\/sites\/vc\/documental-porteno-se-adjudica-dos-prestigiosos-fondos-norteamericanos-para-su-filmacion\/#primaryimage"},"image":{"@id":"https:\/\/dev.antudigital.cl\/sites\/vc\/documental-porteno-se-adjudica-dos-prestigiosos-fondos-norteamericanos-para-su-filmacion\/#primaryimage"},"thumbnailUrl":"https:\/\/dev.antudigital.cl\/sites\/vc\/wp-content\/uploads\/2022\/10\/GabrielaYPicho_EnProduccion.png","datePublished":"2022-10-10T18:53:14+00:00","dateModified":"2022-10-10T18:53:19+00:00","author":{"@id":"https:\/\/dev.antudigital.cl\/sites\/vc\/#\/schema\/person\/c2b9da8dd545e27166fc5ab232837318"},"breadcrumb":{"@id":"https:\/\/dev.antudigital.cl\/sites\/vc\/documental-porteno-se-adjudica-dos-prestigiosos-fondos-norteamericanos-para-su-filmacion\/#breadcrumb"},"inLanguage":"es","potentialAction":[{"@type":"ReadAction","target":["https:\/\/dev.antudigital.cl\/sites\/vc\/documental-porteno-se-adjudica-dos-prestigiosos-fondos-norteamericanos-para-su-filmacion\/"]}]},{"@type":"ImageObject","inLanguage":"es","@id":"https:\/\/dev.antudigital.cl\/sites\/vc\/documental-porteno-se-adjudica-dos-prestigiosos-fondos-norteamericanos-para-su-filmacion\/#primaryimage","url":"https:\/\/dev.antudigital.cl\/sites\/vc\/wp-content\/uploads\/2022\/10\/GabrielaYPicho_EnProduccion.png","contentUrl":"https:\/\/dev.antudigital.cl\/sites\/vc\/wp-content\/uploads\/2022\/10\/GabrielaYPicho_EnProduccion.png","width":1684,"height":1121},{"@type":"BreadcrumbList","@id":"https:\/\/dev.antudigital.cl\/sites\/vc\/documental-porteno-se-adjudica-dos-prestigiosos-fondos-norteamericanos-para-su-filmacion\/#breadcrumb","itemListElement":[{"@type":"ListItem","position":1,"name":"Home","item":"https:\/\/dev.antudigital.cl\/sites\/vc\/"},{"@type":"ListItem","position":2,"name":"Documental porte\u00f1o se adjudica dos prestigiosos fondos norteamericanos para su filmaci\u00f3n"}]},{"@type":"WebSite","@id":"https:\/\/dev.antudigital.cl\/sites\/vc\/#website","url":"https:\/\/dev.antudigital.cl\/sites\/vc\/","name":"Valpara\u00ed\u00adso Creativo","description":"","potentialAction":[{"@type":"SearchAction","target":{"@type":"EntryPoint","urlTemplate":"https:\/\/dev.antudigital.cl\/sites\/vc\/?s={search_term_string}"},"query-input":{"@type":"PropertyValueSpecification","valueRequired":true,"valueName":"search_term_string"}}],"inLanguage":"es"},{"@type":"Person","@id":"https:\/\/dev.antudigital.cl\/sites\/vc\/#\/schema\/person\/c2b9da8dd545e27166fc5ab232837318","name":"Valpara\u00edso Creativo","description":"Periodista de cultura en la Regi\u00f3n de Valpara\u00edso.","url":"https:\/\/dev.antudigital.cl\/sites\/vc\/author\/valpoadmin\/"}]}},"_links":{"self":[{"href":"https:\/\/dev.antudigital.cl\/sites\/vc\/wp-json\/wp\/v2\/posts\/11743","targetHints":{"allow":["GET"]}}],"collection":[{"href":"https:\/\/dev.antudigital.cl\/sites\/vc\/wp-json\/wp\/v2\/posts"}],"about":[{"href":"https:\/\/dev.antudigital.cl\/sites\/vc\/wp-json\/wp\/v2\/types\/post"}],"author":[{"embeddable":true,"href":"https:\/\/dev.antudigital.cl\/sites\/vc\/wp-json\/wp\/v2\/users\/1"}],"replies":[{"embeddable":true,"href":"https:\/\/dev.antudigital.cl\/sites\/vc\/wp-json\/wp\/v2\/comments?post=11743"}],"version-history":[{"count":2,"href":"https:\/\/dev.antudigital.cl\/sites\/vc\/wp-json\/wp\/v2\/posts\/11743\/revisions"}],"predecessor-version":[{"id":11802,"href":"https:\/\/dev.antudigital.cl\/sites\/vc\/wp-json\/wp\/v2\/posts\/11743\/revisions\/11802"}],"wp:featuredmedia":[{"embeddable":true,"href":"https:\/\/dev.antudigital.cl\/sites\/vc\/wp-json\/wp\/v2\/media\/11747"}],"wp:attachment":[{"href":"https:\/\/dev.antudigital.cl\/sites\/vc\/wp-json\/wp\/v2\/media?parent=11743"}],"wp:term":[{"taxonomy":"category","embeddable":true,"href":"https:\/\/dev.antudigital.cl\/sites\/vc\/wp-json\/wp\/v2\/categories?post=11743"},{"taxonomy":"post_tag","embeddable":true,"href":"https:\/\/dev.antudigital.cl\/sites\/vc\/wp-json\/wp\/v2\/tags?post=11743"}],"curies":[{"name":"wp","href":"https:\/\/api.w.org\/{rel}","templated":true}]}}