{"id":11749,"date":"2022-10-03T12:15:33","date_gmt":"2022-10-03T12:15:33","guid":{"rendered":"https:\/\/www.valparaisocreativo.cl\/?p=11749"},"modified":"2022-10-03T12:15:39","modified_gmt":"2022-10-03T12:15:39","slug":"encuentro-chilecreativo-la-ilustracion-como-oficio-hoy","status":"publish","type":"post","link":"https:\/\/dev.antudigital.cl\/sites\/vc\/encuentro-chilecreativo-la-ilustracion-como-oficio-hoy\/","title":{"rendered":"Encuentro Chilecreativo: la ilustraci\u00f3n como oficio hoy"},"content":{"rendered":"\n<p>En tiempos de influencers, memes, redes sociales y virales, el trabajo de la ilustraci\u00f3n sali\u00f3 del taller y la hoja de papel, para pasar a los tel\u00e9fonos y computadores.<br>En este nuevo Encuentro de industria de Chilecreativo, Felipe Mujica conversar\u00e1 con dos destacados ilustradores, que han hecho carrera internacional a trav\u00e9s de sus dibujos y su trabajo en Redes Sociales: Mar\u00eda Guadarrama, <a href=\"http:\/\/instagram.com\/guadascribbles\">@guadascribbles<\/a> y Marcelo P\u00e9rez, <a href=\"http:\/\/instagram.com\/perezfecto\">@perezfecto<\/a>.<\/p>\n\n\n\n<p><strong>Coordenadas:<\/strong><br>Invitados: Mar\u00eda Guadarrama, @guadascribbles y\u00a0Marcelo P\u00e9rez, @perezfecto<br>Modera: Felipe Mujica, Gerente de Chilecreativo<br>Fecha: Mi\u00e9rcoles 5 de octubre<br>Hora: 11:00 am<br>Plataforma: Zoom<br>Inscripciones:\u00a0<a href=\"https:\/\/chilecreativo.cl\/encuentro-de-industria-chilecreativo-la-ilustracion-como-oficio-hoy\/\" target=\"_blank\" rel=\"noreferrer noopener\">https:\/\/chilecreativo.cl\/encuentro-de-industria-chilecreativo-la-ilustracion-como-oficio-hoy\/<\/a><\/p>\n\n\n\n<figure class=\"wp-block-image size-full\"><img fetchpriority=\"high\" decoding=\"async\" width=\"928\" height=\"884\" src=\"https:\/\/www.valparaisocreativo.cl\/wp-content\/uploads\/2022\/10\/ENCUENTROCHILECREATIVO.jpeg\" alt=\"\" class=\"wp-image-11750\" srcset=\"https:\/\/dev.antudigital.cl\/sites\/vc\/wp-content\/uploads\/2022\/10\/ENCUENTROCHILECREATIVO.jpeg 928w, https:\/\/dev.antudigital.cl\/sites\/vc\/wp-content\/uploads\/2022\/10\/ENCUENTROCHILECREATIVO-300x286.jpeg 300w, https:\/\/dev.antudigital.cl\/sites\/vc\/wp-content\/uploads\/2022\/10\/ENCUENTROCHILECREATIVO-768x732.jpeg 768w, https:\/\/dev.antudigital.cl\/sites\/vc\/wp-content\/uploads\/2022\/10\/ENCUENTROCHILECREATIVO-480x457.jpeg 480w\" sizes=\"(max-width: 928px) 100vw, 928px\" \/><\/figure>\n","protected":false},"excerpt":{"rendered":"<p>En tiempos de influencers, memes, redes sociales y virales, el trabajo de la ilustraci\u00f3n sali\u00f3 del taller y la hoja de papel, para pasar a los tel\u00e9fonos y computadores.En este nuevo Encuentro de industria de Chilecreativo, Felipe Mujica conversar\u00e1 con dos destacados ilustradores, que han hecho carrera internacional a trav\u00e9s de sus dibujos y su [&hellip;]<\/p>\n","protected":false},"author":1,"featured_media":11751,"comment_status":"open","ping_status":"closed","sticky":false,"template":"","format":"standard","meta":{"_acf_changed":false,"footnotes":""},"categories":[8],"tags":[],"class_list":["post-11749","post","type-post","status-publish","format-standard","has-post-thumbnail","hentry","category-noticia"],"acf":[],"yoast_head":"<!-- This site is optimized with the Yoast SEO plugin v27.1.1 - https:\/\/yoast.com\/product\/yoast-seo-wordpress\/ -->\n<title>Encuentro Chilecreativo: la ilustraci\u00f3n como oficio hoy - Valpara\u00ed\u00adso Creativo<\/title>\n<meta name=\"robots\" content=\"index, follow, max-snippet:-1, max-image-preview:large, max-video-preview:-1\" \/>\n<link rel=\"canonical\" href=\"https:\/\/dev.antudigital.cl\/sites\/vc\/encuentro-chilecreativo-la-ilustracion-como-oficio-hoy\/\" \/>\n<meta property=\"og:locale\" content=\"es_ES\" \/>\n<meta property=\"og:type\" content=\"article\" \/>\n<meta property=\"og:title\" content=\"Encuentro Chilecreativo: la ilustraci\u00f3n como oficio hoy - Valpara\u00ed\u00adso Creativo\" \/>\n<meta property=\"og:description\" content=\"En tiempos de influencers, memes, redes sociales y virales, el trabajo de la ilustraci\u00f3n sali\u00f3 del taller y la hoja de papel, para pasar a los tel\u00e9fonos y computadores.En este nuevo Encuentro de industria de Chilecreativo, Felipe Mujica conversar\u00e1 con dos destacados ilustradores, que han hecho carrera internacional a trav\u00e9s de sus dibujos y su [&hellip;]\" \/>\n<meta property=\"og:url\" content=\"https:\/\/dev.antudigital.cl\/sites\/vc\/encuentro-chilecreativo-la-ilustracion-como-oficio-hoy\/\" \/>\n<meta property=\"og:site_name\" content=\"Valpara\u00ed\u00adso Creativo\" \/>\n<meta property=\"article:published_time\" content=\"2022-10-03T12:15:33+00:00\" \/>\n<meta property=\"article:modified_time\" content=\"2022-10-03T12:15:39+00:00\" \/>\n<meta property=\"og:image\" content=\"https:\/\/dev.antudigital.cl\/sites\/vc\/wp-content\/uploads\/2022\/10\/1637856145773.jpg\" \/>\n\t<meta property=\"og:image:width\" content=\"800\" \/>\n\t<meta property=\"og:image:height\" content=\"200\" \/>\n\t<meta property=\"og:image:type\" content=\"image\/jpeg\" \/>\n<meta name=\"author\" content=\"Valpara\u00edso Creativo\" \/>\n<meta name=\"twitter:card\" content=\"summary_large_image\" \/>\n<meta name=\"twitter:label1\" content=\"Escrito por\" \/>\n\t<meta name=\"twitter:data1\" content=\"Valpara\u00edso Creativo\" \/>\n\t<meta name=\"twitter:label2\" content=\"Tiempo de lectura\" \/>\n\t<meta name=\"twitter:data2\" content=\"1 minuto\" \/>\n<script type=\"application\/ld+json\" class=\"yoast-schema-graph\">{\"@context\":\"https:\/\/schema.org\",\"@graph\":[{\"@type\":\"Article\",\"@id\":\"https:\/\/dev.antudigital.cl\/sites\/vc\/encuentro-chilecreativo-la-ilustracion-como-oficio-hoy\/#article\",\"isPartOf\":{\"@id\":\"https:\/\/dev.antudigital.cl\/sites\/vc\/encuentro-chilecreativo-la-ilustracion-como-oficio-hoy\/\"},\"author\":{\"name\":\"Valpara\u00edso Creativo\",\"@id\":\"https:\/\/dev.antudigital.cl\/sites\/vc\/#\/schema\/person\/c2b9da8dd545e27166fc5ab232837318\"},\"headline\":\"Encuentro Chilecreativo: la ilustraci\u00f3n como oficio hoy\",\"datePublished\":\"2022-10-03T12:15:33+00:00\",\"dateModified\":\"2022-10-03T12:15:39+00:00\",\"mainEntityOfPage\":{\"@id\":\"https:\/\/dev.antudigital.cl\/sites\/vc\/encuentro-chilecreativo-la-ilustracion-como-oficio-hoy\/\"},\"wordCount\":106,\"commentCount\":0,\"image\":{\"@id\":\"https:\/\/dev.antudigital.cl\/sites\/vc\/encuentro-chilecreativo-la-ilustracion-como-oficio-hoy\/#primaryimage\"},\"thumbnailUrl\":\"https:\/\/dev.antudigital.cl\/sites\/vc\/wp-content\/uploads\/2022\/10\/1637856145773.jpg\",\"articleSection\":[\"Noticia\"],\"inLanguage\":\"es\",\"potentialAction\":[{\"@type\":\"CommentAction\",\"name\":\"Comment\",\"target\":[\"https:\/\/dev.antudigital.cl\/sites\/vc\/encuentro-chilecreativo-la-ilustracion-como-oficio-hoy\/#respond\"]}]},{\"@type\":\"WebPage\",\"@id\":\"https:\/\/dev.antudigital.cl\/sites\/vc\/encuentro-chilecreativo-la-ilustracion-como-oficio-hoy\/\",\"url\":\"https:\/\/dev.antudigital.cl\/sites\/vc\/encuentro-chilecreativo-la-ilustracion-como-oficio-hoy\/\",\"name\":\"Encuentro Chilecreativo: la ilustraci\u00f3n como oficio hoy - Valpara\u00ed\u00adso Creativo\",\"isPartOf\":{\"@id\":\"https:\/\/dev.antudigital.cl\/sites\/vc\/#website\"},\"primaryImageOfPage\":{\"@id\":\"https:\/\/dev.antudigital.cl\/sites\/vc\/encuentro-chilecreativo-la-ilustracion-como-oficio-hoy\/#primaryimage\"},\"image\":{\"@id\":\"https:\/\/dev.antudigital.cl\/sites\/vc\/encuentro-chilecreativo-la-ilustracion-como-oficio-hoy\/#primaryimage\"},\"thumbnailUrl\":\"https:\/\/dev.antudigital.cl\/sites\/vc\/wp-content\/uploads\/2022\/10\/1637856145773.jpg\",\"datePublished\":\"2022-10-03T12:15:33+00:00\",\"dateModified\":\"2022-10-03T12:15:39+00:00\",\"author\":{\"@id\":\"https:\/\/dev.antudigital.cl\/sites\/vc\/#\/schema\/person\/c2b9da8dd545e27166fc5ab232837318\"},\"breadcrumb\":{\"@id\":\"https:\/\/dev.antudigital.cl\/sites\/vc\/encuentro-chilecreativo-la-ilustracion-como-oficio-hoy\/#breadcrumb\"},\"inLanguage\":\"es\",\"potentialAction\":[{\"@type\":\"ReadAction\",\"target\":[\"https:\/\/dev.antudigital.cl\/sites\/vc\/encuentro-chilecreativo-la-ilustracion-como-oficio-hoy\/\"]}]},{\"@type\":\"ImageObject\",\"inLanguage\":\"es\",\"@id\":\"https:\/\/dev.antudigital.cl\/sites\/vc\/encuentro-chilecreativo-la-ilustracion-como-oficio-hoy\/#primaryimage\",\"url\":\"https:\/\/dev.antudigital.cl\/sites\/vc\/wp-content\/uploads\/2022\/10\/1637856145773.jpg\",\"contentUrl\":\"https:\/\/dev.antudigital.cl\/sites\/vc\/wp-content\/uploads\/2022\/10\/1637856145773.jpg\",\"width\":800,\"height\":200},{\"@type\":\"BreadcrumbList\",\"@id\":\"https:\/\/dev.antudigital.cl\/sites\/vc\/encuentro-chilecreativo-la-ilustracion-como-oficio-hoy\/#breadcrumb\",\"itemListElement\":[{\"@type\":\"ListItem\",\"position\":1,\"name\":\"Home\",\"item\":\"https:\/\/dev.antudigital.cl\/sites\/vc\/\"},{\"@type\":\"ListItem\",\"position\":2,\"name\":\"Encuentro Chilecreativo: la ilustraci\u00f3n como oficio hoy\"}]},{\"@type\":\"WebSite\",\"@id\":\"https:\/\/dev.antudigital.cl\/sites\/vc\/#website\",\"url\":\"https:\/\/dev.antudigital.cl\/sites\/vc\/\",\"name\":\"Valpara\u00ed\u00adso Creativo\",\"description\":\"\",\"potentialAction\":[{\"@type\":\"SearchAction\",\"target\":{\"@type\":\"EntryPoint\",\"urlTemplate\":\"https:\/\/dev.antudigital.cl\/sites\/vc\/?s={search_term_string}\"},\"query-input\":{\"@type\":\"PropertyValueSpecification\",\"valueRequired\":true,\"valueName\":\"search_term_string\"}}],\"inLanguage\":\"es\"},{\"@type\":\"Person\",\"@id\":\"https:\/\/dev.antudigital.cl\/sites\/vc\/#\/schema\/person\/c2b9da8dd545e27166fc5ab232837318\",\"name\":\"Valpara\u00edso Creativo\",\"description\":\"Periodista de cultura en la Regi\u00f3n de Valpara\u00edso.\",\"url\":\"https:\/\/dev.antudigital.cl\/sites\/vc\/author\/valpoadmin\/\"}]}<\/script>\n<!-- \/ Yoast SEO plugin. -->","yoast_head_json":{"title":"Encuentro Chilecreativo: la ilustraci\u00f3n como oficio hoy - Valpara\u00ed\u00adso Creativo","robots":{"index":"index","follow":"follow","max-snippet":"max-snippet:-1","max-image-preview":"max-image-preview:large","max-video-preview":"max-video-preview:-1"},"canonical":"https:\/\/dev.antudigital.cl\/sites\/vc\/encuentro-chilecreativo-la-ilustracion-como-oficio-hoy\/","og_locale":"es_ES","og_type":"article","og_title":"Encuentro Chilecreativo: la ilustraci\u00f3n como oficio hoy - Valpara\u00ed\u00adso Creativo","og_description":"En tiempos de influencers, memes, redes sociales y virales, el trabajo de la ilustraci\u00f3n sali\u00f3 del taller y la hoja de papel, para pasar a los tel\u00e9fonos y computadores.En este nuevo Encuentro de industria de Chilecreativo, Felipe Mujica conversar\u00e1 con dos destacados ilustradores, que han hecho carrera internacional a trav\u00e9s de sus dibujos y su [&hellip;]","og_url":"https:\/\/dev.antudigital.cl\/sites\/vc\/encuentro-chilecreativo-la-ilustracion-como-oficio-hoy\/","og_site_name":"Valpara\u00ed\u00adso Creativo","article_published_time":"2022-10-03T12:15:33+00:00","article_modified_time":"2022-10-03T12:15:39+00:00","og_image":[{"width":800,"height":200,"url":"https:\/\/dev.antudigital.cl\/sites\/vc\/wp-content\/uploads\/2022\/10\/1637856145773.jpg","type":"image\/jpeg"}],"author":"Valpara\u00edso Creativo","twitter_card":"summary_large_image","twitter_misc":{"Escrito por":"Valpara\u00edso Creativo","Tiempo de lectura":"1 minuto"},"schema":{"@context":"https:\/\/schema.org","@graph":[{"@type":"Article","@id":"https:\/\/dev.antudigital.cl\/sites\/vc\/encuentro-chilecreativo-la-ilustracion-como-oficio-hoy\/#article","isPartOf":{"@id":"https:\/\/dev.antudigital.cl\/sites\/vc\/encuentro-chilecreativo-la-ilustracion-como-oficio-hoy\/"},"author":{"name":"Valpara\u00edso Creativo","@id":"https:\/\/dev.antudigital.cl\/sites\/vc\/#\/schema\/person\/c2b9da8dd545e27166fc5ab232837318"},"headline":"Encuentro Chilecreativo: la ilustraci\u00f3n como oficio hoy","datePublished":"2022-10-03T12:15:33+00:00","dateModified":"2022-10-03T12:15:39+00:00","mainEntityOfPage":{"@id":"https:\/\/dev.antudigital.cl\/sites\/vc\/encuentro-chilecreativo-la-ilustracion-como-oficio-hoy\/"},"wordCount":106,"commentCount":0,"image":{"@id":"https:\/\/dev.antudigital.cl\/sites\/vc\/encuentro-chilecreativo-la-ilustracion-como-oficio-hoy\/#primaryimage"},"thumbnailUrl":"https:\/\/dev.antudigital.cl\/sites\/vc\/wp-content\/uploads\/2022\/10\/1637856145773.jpg","articleSection":["Noticia"],"inLanguage":"es","potentialAction":[{"@type":"CommentAction","name":"Comment","target":["https:\/\/dev.antudigital.cl\/sites\/vc\/encuentro-chilecreativo-la-ilustracion-como-oficio-hoy\/#respond"]}]},{"@type":"WebPage","@id":"https:\/\/dev.antudigital.cl\/sites\/vc\/encuentro-chilecreativo-la-ilustracion-como-oficio-hoy\/","url":"https:\/\/dev.antudigital.cl\/sites\/vc\/encuentro-chilecreativo-la-ilustracion-como-oficio-hoy\/","name":"Encuentro Chilecreativo: la ilustraci\u00f3n como oficio hoy - Valpara\u00ed\u00adso Creativo","isPartOf":{"@id":"https:\/\/dev.antudigital.cl\/sites\/vc\/#website"},"primaryImageOfPage":{"@id":"https:\/\/dev.antudigital.cl\/sites\/vc\/encuentro-chilecreativo-la-ilustracion-como-oficio-hoy\/#primaryimage"},"image":{"@id":"https:\/\/dev.antudigital.cl\/sites\/vc\/encuentro-chilecreativo-la-ilustracion-como-oficio-hoy\/#primaryimage"},"thumbnailUrl":"https:\/\/dev.antudigital.cl\/sites\/vc\/wp-content\/uploads\/2022\/10\/1637856145773.jpg","datePublished":"2022-10-03T12:15:33+00:00","dateModified":"2022-10-03T12:15:39+00:00","author":{"@id":"https:\/\/dev.antudigital.cl\/sites\/vc\/#\/schema\/person\/c2b9da8dd545e27166fc5ab232837318"},"breadcrumb":{"@id":"https:\/\/dev.antudigital.cl\/sites\/vc\/encuentro-chilecreativo-la-ilustracion-como-oficio-hoy\/#breadcrumb"},"inLanguage":"es","potentialAction":[{"@type":"ReadAction","target":["https:\/\/dev.antudigital.cl\/sites\/vc\/encuentro-chilecreativo-la-ilustracion-como-oficio-hoy\/"]}]},{"@type":"ImageObject","inLanguage":"es","@id":"https:\/\/dev.antudigital.cl\/sites\/vc\/encuentro-chilecreativo-la-ilustracion-como-oficio-hoy\/#primaryimage","url":"https:\/\/dev.antudigital.cl\/sites\/vc\/wp-content\/uploads\/2022\/10\/1637856145773.jpg","contentUrl":"https:\/\/dev.antudigital.cl\/sites\/vc\/wp-content\/uploads\/2022\/10\/1637856145773.jpg","width":800,"height":200},{"@type":"BreadcrumbList","@id":"https:\/\/dev.antudigital.cl\/sites\/vc\/encuentro-chilecreativo-la-ilustracion-como-oficio-hoy\/#breadcrumb","itemListElement":[{"@type":"ListItem","position":1,"name":"Home","item":"https:\/\/dev.antudigital.cl\/sites\/vc\/"},{"@type":"ListItem","position":2,"name":"Encuentro Chilecreativo: la ilustraci\u00f3n como oficio hoy"}]},{"@type":"WebSite","@id":"https:\/\/dev.antudigital.cl\/sites\/vc\/#website","url":"https:\/\/dev.antudigital.cl\/sites\/vc\/","name":"Valpara\u00ed\u00adso Creativo","description":"","potentialAction":[{"@type":"SearchAction","target":{"@type":"EntryPoint","urlTemplate":"https:\/\/dev.antudigital.cl\/sites\/vc\/?s={search_term_string}"},"query-input":{"@type":"PropertyValueSpecification","valueRequired":true,"valueName":"search_term_string"}}],"inLanguage":"es"},{"@type":"Person","@id":"https:\/\/dev.antudigital.cl\/sites\/vc\/#\/schema\/person\/c2b9da8dd545e27166fc5ab232837318","name":"Valpara\u00edso Creativo","description":"Periodista de cultura en la Regi\u00f3n de Valpara\u00edso.","url":"https:\/\/dev.antudigital.cl\/sites\/vc\/author\/valpoadmin\/"}]}},"_links":{"self":[{"href":"https:\/\/dev.antudigital.cl\/sites\/vc\/wp-json\/wp\/v2\/posts\/11749","targetHints":{"allow":["GET"]}}],"collection":[{"href":"https:\/\/dev.antudigital.cl\/sites\/vc\/wp-json\/wp\/v2\/posts"}],"about":[{"href":"https:\/\/dev.antudigital.cl\/sites\/vc\/wp-json\/wp\/v2\/types\/post"}],"author":[{"embeddable":true,"href":"https:\/\/dev.antudigital.cl\/sites\/vc\/wp-json\/wp\/v2\/users\/1"}],"replies":[{"embeddable":true,"href":"https:\/\/dev.antudigital.cl\/sites\/vc\/wp-json\/wp\/v2\/comments?post=11749"}],"version-history":[{"count":1,"href":"https:\/\/dev.antudigital.cl\/sites\/vc\/wp-json\/wp\/v2\/posts\/11749\/revisions"}],"predecessor-version":[{"id":11752,"href":"https:\/\/dev.antudigital.cl\/sites\/vc\/wp-json\/wp\/v2\/posts\/11749\/revisions\/11752"}],"wp:featuredmedia":[{"embeddable":true,"href":"https:\/\/dev.antudigital.cl\/sites\/vc\/wp-json\/wp\/v2\/media\/11751"}],"wp:attachment":[{"href":"https:\/\/dev.antudigital.cl\/sites\/vc\/wp-json\/wp\/v2\/media?parent=11749"}],"wp:term":[{"taxonomy":"category","embeddable":true,"href":"https:\/\/dev.antudigital.cl\/sites\/vc\/wp-json\/wp\/v2\/categories?post=11749"},{"taxonomy":"post_tag","embeddable":true,"href":"https:\/\/dev.antudigital.cl\/sites\/vc\/wp-json\/wp\/v2\/tags?post=11749"}],"curies":[{"name":"wp","href":"https:\/\/api.w.org\/{rel}","templated":true}]}}