{"id":11764,"date":"2022-10-03T15:23:34","date_gmt":"2022-10-03T15:23:34","guid":{"rendered":"https:\/\/www.valparaisocreativo.cl\/?p=11764"},"modified":"2022-10-03T21:51:41","modified_gmt":"2022-10-03T21:51:41","slug":"compositor-porteno-lanza-primer-single-de-su-trabajo-coleccion-de-musicas-para-crear-un-mundo","status":"publish","type":"post","link":"https:\/\/dev.antudigital.cl\/sites\/vc\/compositor-porteno-lanza-primer-single-de-su-trabajo-coleccion-de-musicas-para-crear-un-mundo\/","title":{"rendered":"Compositor porte\u00f1o lanza primer single de su trabajo \u00abColecci\u00f3n de m\u00fasicas para crear un mundo\u00bb"},"content":{"rendered":"\n<p>El compositor porte\u00f1o <a href=\"https:\/\/www.instagram.com\/musicafabi\/\">Fabi\u00e1n Villalobos Medina<\/a> acaba de estrenar el primer sencillo de su pr\u00f3ximo \u00e1lbum, <em>Colecci\u00f3n de m\u00fasicas para crear un mundo<\/em>, \u201cSenderos-Lindes\u201d. Esta es la previa a su lanzamiento oficial el d\u00eda 12 de octubre a las 18:30hrs. en la Sala Rub\u00e9n Dar\u00edo (Blanco 1113).<\/p>\n\n\n\n<p>Este es el primero de dos trabajos que ver\u00e1n la luz este 2022. <em>Colecci\u00f3n de m\u00fasicas para crear un mundo <\/em>es un disco instrumental que <a href=\"https:\/\/www.instagram.com\/musicafabi\/\"><em>Fabi<\/em><\/a> (su pseud\u00f3nimo) compuso y cre\u00f3, grabado en una sesi\u00f3n de estudio junto a tres otros m\u00fasicos locales: Nicol\u00e1s Reyes (guitarra), Nicol\u00e1s Navarrete (flauta traversa) y Cristian Baltazar (bater\u00eda), adem\u00e1s de el mismo autor en el bajo el\u00e9ctrico.<\/p>\n\n\n\n<p>El \u00e1lbum, cuyo primer single ya vio la luz a trav\u00e9s de Youtube, est\u00e1 grabado, mezclado y masterizado por Nicol\u00e1s R\u00edos y cuenta con la producci\u00f3n audiovisual de Daniel Aspillaga Borquez, Hu+mano Productions.<\/p>\n\n\n\n<p>\u201cSe trata de una sesi\u00f3n de estudio en la que grabamos el material discogr\u00e1fico y los videos que ser\u00e1n el primer y segundo single del \u00e1lbum\u201d, comenta Fabi, agregando que \u201ctienen esta idea de transitar los l\u00edmites que vamos deshaciendo y creando individual y colectivamente\u201d.<\/p>\n\n\n\n<p>Canciones para el fin del mundo re\u00fane t\u00edtulos que conectan estas tem\u00e1ticas: c\u00f3mo vemos la vida y c\u00f3mo entendemos las cosas, esto nos permite idear quienes somos, lo que a la vez est\u00e1 en constante cambio.&nbsp;<\/p>\n\n\n\n<figure class=\"wp-block-image size-large\"><img fetchpriority=\"high\" decoding=\"async\" width=\"1024\" height=\"684\" src=\"https:\/\/www.valparaisocreativo.cl\/wp-content\/uploads\/2022\/10\/Fabi_187-1024x684.jpg\" alt=\"\" class=\"wp-image-11767\" srcset=\"https:\/\/dev.antudigital.cl\/sites\/vc\/wp-content\/uploads\/2022\/10\/Fabi_187-1024x684.jpg 1024w, https:\/\/dev.antudigital.cl\/sites\/vc\/wp-content\/uploads\/2022\/10\/Fabi_187-300x200.jpg 300w, https:\/\/dev.antudigital.cl\/sites\/vc\/wp-content\/uploads\/2022\/10\/Fabi_187-768x513.jpg 768w, https:\/\/dev.antudigital.cl\/sites\/vc\/wp-content\/uploads\/2022\/10\/Fabi_187-1536x1025.jpg 1536w, https:\/\/dev.antudigital.cl\/sites\/vc\/wp-content\/uploads\/2022\/10\/Fabi_187-2048x1367.jpg 2048w, https:\/\/dev.antudigital.cl\/sites\/vc\/wp-content\/uploads\/2022\/10\/Fabi_187-1080x721.jpg 1080w, https:\/\/dev.antudigital.cl\/sites\/vc\/wp-content\/uploads\/2022\/10\/Fabi_187-1280x855.jpg 1280w, https:\/\/dev.antudigital.cl\/sites\/vc\/wp-content\/uploads\/2022\/10\/Fabi_187-980x654.jpg 980w, https:\/\/dev.antudigital.cl\/sites\/vc\/wp-content\/uploads\/2022\/10\/Fabi_187-480x320.jpg 480w\" sizes=\"(max-width: 1024px) 100vw, 1024px\" \/><\/figure>\n\n\n\n<p>\u201cPara m\u00ed esta m\u00fasica representa lo que significa existir en este mundo, en este contexto, y c\u00f3mo nos comunicamos. Esto ocupa frecuentemente mis pensamientos: qu\u00e9 nos bosqueja o define, lo que va cambiando con el tiempo. Se modifican las esencias. El disco es una forma de expresar mi proceso humano, donde observo que siempre que se acaba una realidad, una definici\u00f3n o \u201cmundo\u201d, comienza a emerger otro y as\u00ed constantemente\u201d.<\/p>\n\n\n\n<p>Fabi\u00e1n es m\u00fasico de profesi\u00f3n, viene de una familia donde la m\u00fasica tiene un papel importante, y actualmente est\u00e1 estudiando un doctorado en torno al tema. Estos elementos convergen en el \u00e1lbum, en su propuesta, que hoy presenta con \u201cSenderos-lindes\u201d y seguir\u00e1 con \u201cTierra\u201d, el segundo single del trabajo.&nbsp;<\/p>\n\n\n\n<p>\u201cDesde ni\u00f1o he estado vinculado con la m\u00fasica. Mis dos hermanas tambi\u00e9n la estudiaron, somos una familia que tiende a las artes y nos hemos desarrollado en ellas. En el colegio tambi\u00e9n tocaba guitarra y participaba en un coro, el de Ana Mar\u00eda Pietrantoni en el Liceo Eduardo de la Barra, que era bastante reconocido a nivel local\u201d, agrega Fabi\u00e1n.<\/p>\n\n\n\n<figure class=\"wp-block-image size-large\"><img decoding=\"async\" width=\"1024\" height=\"684\" src=\"https:\/\/www.valparaisocreativo.cl\/wp-content\/uploads\/2022\/10\/Fabi_207-1024x684.jpg\" alt=\"\" class=\"wp-image-11769\" srcset=\"https:\/\/dev.antudigital.cl\/sites\/vc\/wp-content\/uploads\/2022\/10\/Fabi_207-1024x684.jpg 1024w, https:\/\/dev.antudigital.cl\/sites\/vc\/wp-content\/uploads\/2022\/10\/Fabi_207-300x200.jpg 300w, https:\/\/dev.antudigital.cl\/sites\/vc\/wp-content\/uploads\/2022\/10\/Fabi_207-768x513.jpg 768w, https:\/\/dev.antudigital.cl\/sites\/vc\/wp-content\/uploads\/2022\/10\/Fabi_207-1536x1025.jpg 1536w, https:\/\/dev.antudigital.cl\/sites\/vc\/wp-content\/uploads\/2022\/10\/Fabi_207-2048x1367.jpg 2048w, https:\/\/dev.antudigital.cl\/sites\/vc\/wp-content\/uploads\/2022\/10\/Fabi_207-1080x721.jpg 1080w, https:\/\/dev.antudigital.cl\/sites\/vc\/wp-content\/uploads\/2022\/10\/Fabi_207-1280x855.jpg 1280w, https:\/\/dev.antudigital.cl\/sites\/vc\/wp-content\/uploads\/2022\/10\/Fabi_207-980x654.jpg 980w, https:\/\/dev.antudigital.cl\/sites\/vc\/wp-content\/uploads\/2022\/10\/Fabi_207-480x320.jpg 480w\" sizes=\"(max-width: 1024px) 100vw, 1024px\" \/><\/figure>\n\n\n\n<p><strong>&nbsp;<\/strong>La invitaci\u00f3n es el mi\u00e9rcoles 12, d\u00eda en que este disco ver\u00e1 la luz, un trabajo instrumental y colaborativo. Como dice Fabi, \u201cEste disco lo grabamos en un estudio de una sola vez, lo que fue desafiante. Ac\u00e1 el bajo el\u00e9ctrico toma un papel principal, y esa es una apuesta interesante\u201d.<\/p>\n\n\n\n<p>Finalmente, afirma que \u201cLanzar dos discos seguidos puede sonar desquiciado, debido a lo que significa su producci\u00f3n y gesti\u00f3n del evento, es mucho. Pero es mi apuesta. Creo que en mi esfera m\u00e1s profunda es una manera de diferenciarse, sale de un proceso muy personal. Estoy dici\u00e9ndome cosas a m\u00ed que me son importantes\u201d.<\/p>\n\n\n\n<p><\/p>\n\n\n\n<p>Sala Rub\u00e9n Dar\u00edo, Blanco 1113, Valpara\u00edso.<br>Puedes seguir a Fabi\u00e1n en su <a href=\"https:\/\/open.spotify.com\/artist\/7LLEE7Tp50rWJFeZYPSwo1?si=PyDW9b-WT4SjI0ivnqtr-w&amp;nd=1\">Spotify<\/a> e <a href=\"http:\/\/instagram.com\/musicafabi\">Instagram<\/a>.<\/p>\n\n\n\n<figure class=\"wp-block-embed is-type-video is-provider-youtube wp-block-embed-youtube wp-embed-aspect-16-9 wp-has-aspect-ratio\"><div class=\"wp-block-embed__wrapper\">\n<iframe title=\"F A B I cuarteto \/ Senderos-Lindes (sesi\u00f3n en vivo PaloQuemado)\" width=\"800\" height=\"450\" src=\"https:\/\/www.youtube.com\/embed\/E39kPwnuuj4?feature=oembed\" frameborder=\"0\" allow=\"accelerometer; autoplay; clipboard-write; encrypted-media; gyroscope; picture-in-picture; web-share\" referrerpolicy=\"strict-origin-when-cross-origin\" allowfullscreen><\/iframe>\n<\/div><\/figure>\n","protected":false},"excerpt":{"rendered":"<p>El compositor porte\u00f1o Fabi\u00e1n Villalobos Medina acaba de estrenar el primer sencillo de su pr\u00f3ximo \u00e1lbum, Colecci\u00f3n de m\u00fasicas para crear un mundo, \u201cSenderos-Lindes\u201d. Esta es la previa a su lanzamiento oficial el d\u00eda 12 de octubre a las 18:30hrs. en la Sala Rub\u00e9n Dar\u00edo (Blanco 1113). Este es el primero de dos trabajos que [&hellip;]<\/p>\n","protected":false},"author":1,"featured_media":11766,"comment_status":"open","ping_status":"closed","sticky":false,"template":"","format":"standard","meta":{"_acf_changed":false,"footnotes":""},"categories":[8],"tags":[],"class_list":["post-11764","post","type-post","status-publish","format-standard","has-post-thumbnail","hentry","category-noticia"],"acf":[],"yoast_head":"<!-- This site is optimized with the Yoast SEO plugin v27.1.1 - https:\/\/yoast.com\/product\/yoast-seo-wordpress\/ -->\n<title>Compositor porte\u00f1o lanza primer single de su trabajo &quot;Colecci\u00f3n de m\u00fasicas para crear un mundo&quot; - Valpara\u00ed\u00adso Creativo<\/title>\n<meta name=\"robots\" content=\"index, follow, max-snippet:-1, max-image-preview:large, max-video-preview:-1\" \/>\n<link rel=\"canonical\" href=\"https:\/\/dev.antudigital.cl\/sites\/vc\/compositor-porteno-lanza-primer-single-de-su-trabajo-coleccion-de-musicas-para-crear-un-mundo\/\" \/>\n<meta property=\"og:locale\" content=\"es_ES\" \/>\n<meta property=\"og:type\" content=\"article\" \/>\n<meta property=\"og:title\" content=\"Compositor porte\u00f1o lanza primer single de su trabajo &quot;Colecci\u00f3n de m\u00fasicas para crear un mundo&quot; - Valpara\u00ed\u00adso Creativo\" \/>\n<meta property=\"og:description\" content=\"El compositor porte\u00f1o Fabi\u00e1n Villalobos Medina acaba de estrenar el primer sencillo de su pr\u00f3ximo \u00e1lbum, Colecci\u00f3n de m\u00fasicas para crear un mundo, \u201cSenderos-Lindes\u201d. Esta es la previa a su lanzamiento oficial el d\u00eda 12 de octubre a las 18:30hrs. en la Sala Rub\u00e9n Dar\u00edo (Blanco 1113). Este es el primero de dos trabajos que [&hellip;]\" \/>\n<meta property=\"og:url\" content=\"https:\/\/dev.antudigital.cl\/sites\/vc\/compositor-porteno-lanza-primer-single-de-su-trabajo-coleccion-de-musicas-para-crear-un-mundo\/\" \/>\n<meta property=\"og:site_name\" content=\"Valpara\u00ed\u00adso Creativo\" \/>\n<meta property=\"article:published_time\" content=\"2022-10-03T15:23:34+00:00\" \/>\n<meta property=\"article:modified_time\" content=\"2022-10-03T21:51:41+00:00\" \/>\n<meta property=\"og:image\" content=\"https:\/\/dev.antudigital.cl\/sites\/vc\/wp-content\/uploads\/2022\/10\/Fabi_017-scaled.jpg\" \/>\n\t<meta property=\"og:image:width\" content=\"2560\" \/>\n\t<meta property=\"og:image:height\" content=\"1709\" \/>\n\t<meta property=\"og:image:type\" content=\"image\/jpeg\" \/>\n<meta name=\"author\" content=\"Valpara\u00edso Creativo\" \/>\n<meta name=\"twitter:card\" content=\"summary_large_image\" \/>\n<meta name=\"twitter:label1\" content=\"Escrito por\" \/>\n\t<meta name=\"twitter:data1\" content=\"Valpara\u00edso Creativo\" \/>\n\t<meta name=\"twitter:label2\" content=\"Tiempo de lectura\" \/>\n\t<meta name=\"twitter:data2\" content=\"3 minutos\" \/>\n<script type=\"application\/ld+json\" class=\"yoast-schema-graph\">{\"@context\":\"https:\/\/schema.org\",\"@graph\":[{\"@type\":\"Article\",\"@id\":\"https:\/\/dev.antudigital.cl\/sites\/vc\/compositor-porteno-lanza-primer-single-de-su-trabajo-coleccion-de-musicas-para-crear-un-mundo\/#article\",\"isPartOf\":{\"@id\":\"https:\/\/dev.antudigital.cl\/sites\/vc\/compositor-porteno-lanza-primer-single-de-su-trabajo-coleccion-de-musicas-para-crear-un-mundo\/\"},\"author\":{\"name\":\"Valpara\u00edso Creativo\",\"@id\":\"https:\/\/dev.antudigital.cl\/sites\/vc\/#\/schema\/person\/c2b9da8dd545e27166fc5ab232837318\"},\"headline\":\"Compositor porte\u00f1o lanza primer single de su trabajo \u00abColecci\u00f3n de m\u00fasicas para crear un mundo\u00bb\",\"datePublished\":\"2022-10-03T15:23:34+00:00\",\"dateModified\":\"2022-10-03T21:51:41+00:00\",\"mainEntityOfPage\":{\"@id\":\"https:\/\/dev.antudigital.cl\/sites\/vc\/compositor-porteno-lanza-primer-single-de-su-trabajo-coleccion-de-musicas-para-crear-un-mundo\/\"},\"wordCount\":605,\"commentCount\":0,\"image\":{\"@id\":\"https:\/\/dev.antudigital.cl\/sites\/vc\/compositor-porteno-lanza-primer-single-de-su-trabajo-coleccion-de-musicas-para-crear-un-mundo\/#primaryimage\"},\"thumbnailUrl\":\"https:\/\/dev.antudigital.cl\/sites\/vc\/wp-content\/uploads\/2022\/10\/Fabi_017-scaled.jpg\",\"articleSection\":[\"Noticia\"],\"inLanguage\":\"es\",\"potentialAction\":[{\"@type\":\"CommentAction\",\"name\":\"Comment\",\"target\":[\"https:\/\/dev.antudigital.cl\/sites\/vc\/compositor-porteno-lanza-primer-single-de-su-trabajo-coleccion-de-musicas-para-crear-un-mundo\/#respond\"]}]},{\"@type\":\"WebPage\",\"@id\":\"https:\/\/dev.antudigital.cl\/sites\/vc\/compositor-porteno-lanza-primer-single-de-su-trabajo-coleccion-de-musicas-para-crear-un-mundo\/\",\"url\":\"https:\/\/dev.antudigital.cl\/sites\/vc\/compositor-porteno-lanza-primer-single-de-su-trabajo-coleccion-de-musicas-para-crear-un-mundo\/\",\"name\":\"Compositor porte\u00f1o lanza primer single de su trabajo \\\"Colecci\u00f3n de m\u00fasicas para crear un mundo\\\" - Valpara\u00ed\u00adso Creativo\",\"isPartOf\":{\"@id\":\"https:\/\/dev.antudigital.cl\/sites\/vc\/#website\"},\"primaryImageOfPage\":{\"@id\":\"https:\/\/dev.antudigital.cl\/sites\/vc\/compositor-porteno-lanza-primer-single-de-su-trabajo-coleccion-de-musicas-para-crear-un-mundo\/#primaryimage\"},\"image\":{\"@id\":\"https:\/\/dev.antudigital.cl\/sites\/vc\/compositor-porteno-lanza-primer-single-de-su-trabajo-coleccion-de-musicas-para-crear-un-mundo\/#primaryimage\"},\"thumbnailUrl\":\"https:\/\/dev.antudigital.cl\/sites\/vc\/wp-content\/uploads\/2022\/10\/Fabi_017-scaled.jpg\",\"datePublished\":\"2022-10-03T15:23:34+00:00\",\"dateModified\":\"2022-10-03T21:51:41+00:00\",\"author\":{\"@id\":\"https:\/\/dev.antudigital.cl\/sites\/vc\/#\/schema\/person\/c2b9da8dd545e27166fc5ab232837318\"},\"breadcrumb\":{\"@id\":\"https:\/\/dev.antudigital.cl\/sites\/vc\/compositor-porteno-lanza-primer-single-de-su-trabajo-coleccion-de-musicas-para-crear-un-mundo\/#breadcrumb\"},\"inLanguage\":\"es\",\"potentialAction\":[{\"@type\":\"ReadAction\",\"target\":[\"https:\/\/dev.antudigital.cl\/sites\/vc\/compositor-porteno-lanza-primer-single-de-su-trabajo-coleccion-de-musicas-para-crear-un-mundo\/\"]}]},{\"@type\":\"ImageObject\",\"inLanguage\":\"es\",\"@id\":\"https:\/\/dev.antudigital.cl\/sites\/vc\/compositor-porteno-lanza-primer-single-de-su-trabajo-coleccion-de-musicas-para-crear-un-mundo\/#primaryimage\",\"url\":\"https:\/\/dev.antudigital.cl\/sites\/vc\/wp-content\/uploads\/2022\/10\/Fabi_017-scaled.jpg\",\"contentUrl\":\"https:\/\/dev.antudigital.cl\/sites\/vc\/wp-content\/uploads\/2022\/10\/Fabi_017-scaled.jpg\",\"width\":2560,\"height\":1709},{\"@type\":\"BreadcrumbList\",\"@id\":\"https:\/\/dev.antudigital.cl\/sites\/vc\/compositor-porteno-lanza-primer-single-de-su-trabajo-coleccion-de-musicas-para-crear-un-mundo\/#breadcrumb\",\"itemListElement\":[{\"@type\":\"ListItem\",\"position\":1,\"name\":\"Home\",\"item\":\"https:\/\/dev.antudigital.cl\/sites\/vc\/\"},{\"@type\":\"ListItem\",\"position\":2,\"name\":\"Compositor porte\u00f1o lanza primer single de su trabajo \u00abColecci\u00f3n de m\u00fasicas para crear un mundo\u00bb\"}]},{\"@type\":\"WebSite\",\"@id\":\"https:\/\/dev.antudigital.cl\/sites\/vc\/#website\",\"url\":\"https:\/\/dev.antudigital.cl\/sites\/vc\/\",\"name\":\"Valpara\u00ed\u00adso Creativo\",\"description\":\"\",\"potentialAction\":[{\"@type\":\"SearchAction\",\"target\":{\"@type\":\"EntryPoint\",\"urlTemplate\":\"https:\/\/dev.antudigital.cl\/sites\/vc\/?s={search_term_string}\"},\"query-input\":{\"@type\":\"PropertyValueSpecification\",\"valueRequired\":true,\"valueName\":\"search_term_string\"}}],\"inLanguage\":\"es\"},{\"@type\":\"Person\",\"@id\":\"https:\/\/dev.antudigital.cl\/sites\/vc\/#\/schema\/person\/c2b9da8dd545e27166fc5ab232837318\",\"name\":\"Valpara\u00edso Creativo\",\"description\":\"Periodista de cultura en la Regi\u00f3n de Valpara\u00edso.\",\"url\":\"https:\/\/dev.antudigital.cl\/sites\/vc\/author\/valpoadmin\/\"}]}<\/script>\n<!-- \/ Yoast SEO plugin. -->","yoast_head_json":{"title":"Compositor porte\u00f1o lanza primer single de su trabajo \"Colecci\u00f3n de m\u00fasicas para crear un mundo\" - Valpara\u00ed\u00adso Creativo","robots":{"index":"index","follow":"follow","max-snippet":"max-snippet:-1","max-image-preview":"max-image-preview:large","max-video-preview":"max-video-preview:-1"},"canonical":"https:\/\/dev.antudigital.cl\/sites\/vc\/compositor-porteno-lanza-primer-single-de-su-trabajo-coleccion-de-musicas-para-crear-un-mundo\/","og_locale":"es_ES","og_type":"article","og_title":"Compositor porte\u00f1o lanza primer single de su trabajo \"Colecci\u00f3n de m\u00fasicas para crear un mundo\" - Valpara\u00ed\u00adso Creativo","og_description":"El compositor porte\u00f1o Fabi\u00e1n Villalobos Medina acaba de estrenar el primer sencillo de su pr\u00f3ximo \u00e1lbum, Colecci\u00f3n de m\u00fasicas para crear un mundo, \u201cSenderos-Lindes\u201d. Esta es la previa a su lanzamiento oficial el d\u00eda 12 de octubre a las 18:30hrs. en la Sala Rub\u00e9n Dar\u00edo (Blanco 1113). Este es el primero de dos trabajos que [&hellip;]","og_url":"https:\/\/dev.antudigital.cl\/sites\/vc\/compositor-porteno-lanza-primer-single-de-su-trabajo-coleccion-de-musicas-para-crear-un-mundo\/","og_site_name":"Valpara\u00ed\u00adso Creativo","article_published_time":"2022-10-03T15:23:34+00:00","article_modified_time":"2022-10-03T21:51:41+00:00","og_image":[{"width":2560,"height":1709,"url":"https:\/\/dev.antudigital.cl\/sites\/vc\/wp-content\/uploads\/2022\/10\/Fabi_017-scaled.jpg","type":"image\/jpeg"}],"author":"Valpara\u00edso Creativo","twitter_card":"summary_large_image","twitter_misc":{"Escrito por":"Valpara\u00edso Creativo","Tiempo de lectura":"3 minutos"},"schema":{"@context":"https:\/\/schema.org","@graph":[{"@type":"Article","@id":"https:\/\/dev.antudigital.cl\/sites\/vc\/compositor-porteno-lanza-primer-single-de-su-trabajo-coleccion-de-musicas-para-crear-un-mundo\/#article","isPartOf":{"@id":"https:\/\/dev.antudigital.cl\/sites\/vc\/compositor-porteno-lanza-primer-single-de-su-trabajo-coleccion-de-musicas-para-crear-un-mundo\/"},"author":{"name":"Valpara\u00edso Creativo","@id":"https:\/\/dev.antudigital.cl\/sites\/vc\/#\/schema\/person\/c2b9da8dd545e27166fc5ab232837318"},"headline":"Compositor porte\u00f1o lanza primer single de su trabajo \u00abColecci\u00f3n de m\u00fasicas para crear un mundo\u00bb","datePublished":"2022-10-03T15:23:34+00:00","dateModified":"2022-10-03T21:51:41+00:00","mainEntityOfPage":{"@id":"https:\/\/dev.antudigital.cl\/sites\/vc\/compositor-porteno-lanza-primer-single-de-su-trabajo-coleccion-de-musicas-para-crear-un-mundo\/"},"wordCount":605,"commentCount":0,"image":{"@id":"https:\/\/dev.antudigital.cl\/sites\/vc\/compositor-porteno-lanza-primer-single-de-su-trabajo-coleccion-de-musicas-para-crear-un-mundo\/#primaryimage"},"thumbnailUrl":"https:\/\/dev.antudigital.cl\/sites\/vc\/wp-content\/uploads\/2022\/10\/Fabi_017-scaled.jpg","articleSection":["Noticia"],"inLanguage":"es","potentialAction":[{"@type":"CommentAction","name":"Comment","target":["https:\/\/dev.antudigital.cl\/sites\/vc\/compositor-porteno-lanza-primer-single-de-su-trabajo-coleccion-de-musicas-para-crear-un-mundo\/#respond"]}]},{"@type":"WebPage","@id":"https:\/\/dev.antudigital.cl\/sites\/vc\/compositor-porteno-lanza-primer-single-de-su-trabajo-coleccion-de-musicas-para-crear-un-mundo\/","url":"https:\/\/dev.antudigital.cl\/sites\/vc\/compositor-porteno-lanza-primer-single-de-su-trabajo-coleccion-de-musicas-para-crear-un-mundo\/","name":"Compositor porte\u00f1o lanza primer single de su trabajo \"Colecci\u00f3n de m\u00fasicas para crear un mundo\" - Valpara\u00ed\u00adso Creativo","isPartOf":{"@id":"https:\/\/dev.antudigital.cl\/sites\/vc\/#website"},"primaryImageOfPage":{"@id":"https:\/\/dev.antudigital.cl\/sites\/vc\/compositor-porteno-lanza-primer-single-de-su-trabajo-coleccion-de-musicas-para-crear-un-mundo\/#primaryimage"},"image":{"@id":"https:\/\/dev.antudigital.cl\/sites\/vc\/compositor-porteno-lanza-primer-single-de-su-trabajo-coleccion-de-musicas-para-crear-un-mundo\/#primaryimage"},"thumbnailUrl":"https:\/\/dev.antudigital.cl\/sites\/vc\/wp-content\/uploads\/2022\/10\/Fabi_017-scaled.jpg","datePublished":"2022-10-03T15:23:34+00:00","dateModified":"2022-10-03T21:51:41+00:00","author":{"@id":"https:\/\/dev.antudigital.cl\/sites\/vc\/#\/schema\/person\/c2b9da8dd545e27166fc5ab232837318"},"breadcrumb":{"@id":"https:\/\/dev.antudigital.cl\/sites\/vc\/compositor-porteno-lanza-primer-single-de-su-trabajo-coleccion-de-musicas-para-crear-un-mundo\/#breadcrumb"},"inLanguage":"es","potentialAction":[{"@type":"ReadAction","target":["https:\/\/dev.antudigital.cl\/sites\/vc\/compositor-porteno-lanza-primer-single-de-su-trabajo-coleccion-de-musicas-para-crear-un-mundo\/"]}]},{"@type":"ImageObject","inLanguage":"es","@id":"https:\/\/dev.antudigital.cl\/sites\/vc\/compositor-porteno-lanza-primer-single-de-su-trabajo-coleccion-de-musicas-para-crear-un-mundo\/#primaryimage","url":"https:\/\/dev.antudigital.cl\/sites\/vc\/wp-content\/uploads\/2022\/10\/Fabi_017-scaled.jpg","contentUrl":"https:\/\/dev.antudigital.cl\/sites\/vc\/wp-content\/uploads\/2022\/10\/Fabi_017-scaled.jpg","width":2560,"height":1709},{"@type":"BreadcrumbList","@id":"https:\/\/dev.antudigital.cl\/sites\/vc\/compositor-porteno-lanza-primer-single-de-su-trabajo-coleccion-de-musicas-para-crear-un-mundo\/#breadcrumb","itemListElement":[{"@type":"ListItem","position":1,"name":"Home","item":"https:\/\/dev.antudigital.cl\/sites\/vc\/"},{"@type":"ListItem","position":2,"name":"Compositor porte\u00f1o lanza primer single de su trabajo \u00abColecci\u00f3n de m\u00fasicas para crear un mundo\u00bb"}]},{"@type":"WebSite","@id":"https:\/\/dev.antudigital.cl\/sites\/vc\/#website","url":"https:\/\/dev.antudigital.cl\/sites\/vc\/","name":"Valpara\u00ed\u00adso Creativo","description":"","potentialAction":[{"@type":"SearchAction","target":{"@type":"EntryPoint","urlTemplate":"https:\/\/dev.antudigital.cl\/sites\/vc\/?s={search_term_string}"},"query-input":{"@type":"PropertyValueSpecification","valueRequired":true,"valueName":"search_term_string"}}],"inLanguage":"es"},{"@type":"Person","@id":"https:\/\/dev.antudigital.cl\/sites\/vc\/#\/schema\/person\/c2b9da8dd545e27166fc5ab232837318","name":"Valpara\u00edso Creativo","description":"Periodista de cultura en la Regi\u00f3n de Valpara\u00edso.","url":"https:\/\/dev.antudigital.cl\/sites\/vc\/author\/valpoadmin\/"}]}},"_links":{"self":[{"href":"https:\/\/dev.antudigital.cl\/sites\/vc\/wp-json\/wp\/v2\/posts\/11764","targetHints":{"allow":["GET"]}}],"collection":[{"href":"https:\/\/dev.antudigital.cl\/sites\/vc\/wp-json\/wp\/v2\/posts"}],"about":[{"href":"https:\/\/dev.antudigital.cl\/sites\/vc\/wp-json\/wp\/v2\/types\/post"}],"author":[{"embeddable":true,"href":"https:\/\/dev.antudigital.cl\/sites\/vc\/wp-json\/wp\/v2\/users\/1"}],"replies":[{"embeddable":true,"href":"https:\/\/dev.antudigital.cl\/sites\/vc\/wp-json\/wp\/v2\/comments?post=11764"}],"version-history":[{"count":5,"href":"https:\/\/dev.antudigital.cl\/sites\/vc\/wp-json\/wp\/v2\/posts\/11764\/revisions"}],"predecessor-version":[{"id":11779,"href":"https:\/\/dev.antudigital.cl\/sites\/vc\/wp-json\/wp\/v2\/posts\/11764\/revisions\/11779"}],"wp:featuredmedia":[{"embeddable":true,"href":"https:\/\/dev.antudigital.cl\/sites\/vc\/wp-json\/wp\/v2\/media\/11766"}],"wp:attachment":[{"href":"https:\/\/dev.antudigital.cl\/sites\/vc\/wp-json\/wp\/v2\/media?parent=11764"}],"wp:term":[{"taxonomy":"category","embeddable":true,"href":"https:\/\/dev.antudigital.cl\/sites\/vc\/wp-json\/wp\/v2\/categories?post=11764"},{"taxonomy":"post_tag","embeddable":true,"href":"https:\/\/dev.antudigital.cl\/sites\/vc\/wp-json\/wp\/v2\/tags?post=11764"}],"curies":[{"name":"wp","href":"https:\/\/api.w.org\/{rel}","templated":true}]}}