{"id":11780,"date":"2022-10-06T13:14:12","date_gmt":"2022-10-06T13:14:12","guid":{"rendered":"https:\/\/www.valparaisocreativo.cl\/?p=11780"},"modified":"2022-10-10T17:05:44","modified_gmt":"2022-10-10T17:05:44","slug":"octubre-anuncia-marejada-de-cine-chileno-en-insomnia-teatro-condell-matar-a-la-bestia-y-el-castigo","status":"publish","type":"post","link":"https:\/\/dev.antudigital.cl\/sites\/vc\/octubre-anuncia-marejada-de-cine-chileno-en-insomnia-teatro-condell-matar-a-la-bestia-y-el-castigo\/","title":{"rendered":"Octubre anuncia marejada de cine chileno en INSOMNIA Teatro Condell: \u201cMatar a la bestia\u201d y \u201cEl Castigo\u201d"},"content":{"rendered":"\n<p>Octubre es un mes cargado de estrenos de cine chileno a lo largo del pa\u00eds. INSOMNIA Teatro Condell, junto a la Red de Salas de Cine, impulsan esta celebraci\u00f3n de creaciones audiovisuales nacionales para poder disfrutar de pel\u00edculas con las cuales podemos encontrarnos \u00edntimamente, ya que forman parte de nuestra idiosincrasia y cultura.&nbsp; Esta semana se estrenan con cine foro <strong>\u201cMatar a la Bestia\u201d<\/strong> de la directora Agustina San Mart\u00edn y <strong>\u201cEl Castigo\u201d,<\/strong> del director Mat\u00edas Bize. Adem\u00e1s, para quienes gustan del terror, se estrenar\u00e1 la pel\u00edcula estadounidense <strong>\u201cBodies bodies bodies\u201d<\/strong> de la directora Halina Reijn.<\/p>\n\n\n\n<p><strong>\u201cMatar a la bestia\u201d<\/strong> es una producci\u00f3n chileno-brasile\u00f1a de la directora Agustina San Mart\u00edn que nos trae un drama de suspenso sobre una joven de 17 a\u00f1os (Emilia) que llega al albergue de su t\u00eda In\u00e9s en la b\u00fasqueda de su hermano perdido. En una exuberante jungla en la frontera entre Argentina y Brasil, Emilia emprende un viaje de despertar sexual, a la vez que deber\u00e1 enfrentarse a la bestia, un peligroso ser que seg\u00fan los locales puede cambiar de forma y encarna el esp\u00edritu de un hombre malvado.<\/p>\n\n\n\n<figure class=\"wp-block-image size-large\"><img fetchpriority=\"high\" decoding=\"async\" width=\"1024\" height=\"666\" src=\"https:\/\/www.valparaisocreativo.cl\/wp-content\/uploads\/2022\/10\/MALB-STILLS-A4444-19-1024x666.jpg\" alt=\"\" class=\"wp-image-11782\" srcset=\"https:\/\/dev.antudigital.cl\/sites\/vc\/wp-content\/uploads\/2022\/10\/MALB-STILLS-A4444-19-1024x666.jpg 1024w, https:\/\/dev.antudigital.cl\/sites\/vc\/wp-content\/uploads\/2022\/10\/MALB-STILLS-A4444-19-300x195.jpg 300w, https:\/\/dev.antudigital.cl\/sites\/vc\/wp-content\/uploads\/2022\/10\/MALB-STILLS-A4444-19-768x499.jpg 768w, https:\/\/dev.antudigital.cl\/sites\/vc\/wp-content\/uploads\/2022\/10\/MALB-STILLS-A4444-19-1536x999.jpg 1536w, https:\/\/dev.antudigital.cl\/sites\/vc\/wp-content\/uploads\/2022\/10\/MALB-STILLS-A4444-19-1080x702.jpg 1080w, https:\/\/dev.antudigital.cl\/sites\/vc\/wp-content\/uploads\/2022\/10\/MALB-STILLS-A4444-19-1280x832.jpg 1280w, https:\/\/dev.antudigital.cl\/sites\/vc\/wp-content\/uploads\/2022\/10\/MALB-STILLS-A4444-19-980x637.jpg 980w, https:\/\/dev.antudigital.cl\/sites\/vc\/wp-content\/uploads\/2022\/10\/MALB-STILLS-A4444-19-480x312.jpg 480w, https:\/\/dev.antudigital.cl\/sites\/vc\/wp-content\/uploads\/2022\/10\/MALB-STILLS-A4444-19.jpg 1701w\" sizes=\"(max-width: 1024px) 100vw, 1024px\" \/><\/figure>\n\n\n\n<p>Esta pel\u00edcula se estrenar\u00e1 con cine foro este jueves 6 de octubre a las 18:00 horas y contar\u00e1 con la participaci\u00f3n de Florencia Rodr\u00edguez (productora), Tamara Roca (actriz protag\u00f3nica) y Juliette Micolta (actriz afrodescendiente y activista). Adem\u00e1s, tendr\u00e1 funciones en el mes de octubre los d\u00edas martes 11 (18:00), mi\u00e9rcoles 19 (21:00) y martes 25 (20:00).<\/p>\n\n\n\n<p>El d\u00eda viernes 7 de octubre a las 18:30 hrs. es el turno del estreno y cine foro de <strong>\u201cEl Castigo\u201d<\/strong>, la \u00faltima pel\u00edcula del director Mat\u00edas Bize que trae un drama oscuro y lleno de suspenso en donde sus protagonistas, Ana (Antonia Zegers) y Mateo (N\u00e9stor Cantillana), buscan desesperadamente a su hijo que se les ha perdido en un frondoso bosque junto a la carretera. Mientras comienza a anochecer y a\u00fan con la ayuda de la polic\u00eda, siguen sin poder encontrar al peque\u00f1o Lucas que parece haber sido tragado por este hermoso, pero amenazante bosque. El suspenso por la b\u00fasqueda de su hijo, y la intriga de si lograr\u00e1 aparecer, los lleva a Ana y Mateo a replantearse su amor, sus vidas y sus propios roles en la familia.<\/p>\n\n\n\n<p>El estreno de&nbsp;<strong>\u201cEl Castigo\u201d <\/strong>contar\u00e1 con la participaci\u00f3n de Mat\u00edas Bize y Antonia Zegers, los actores protag\u00f3nicos del filme. Si bien en esta quincena no hay m\u00e1s funciones de este film, en la segunda quincena de octubre y en noviembre habr\u00e1 nuevas funciones. En octubre las funciones se realizar\u00e1n los d\u00edas jueves 20 (17:00), martes 25 (18:00) y s\u00e1bado 29 (17:00).<\/p>\n\n\n\n<figure class=\"wp-block-image size-large\"><img decoding=\"async\" width=\"1024\" height=\"535\" src=\"https:\/\/www.valparaisocreativo.cl\/wp-content\/uploads\/2022\/10\/ANTONIA-Y-NESTOR-1-1024x535.jpg\" alt=\"\" class=\"wp-image-11783\" srcset=\"https:\/\/dev.antudigital.cl\/sites\/vc\/wp-content\/uploads\/2022\/10\/ANTONIA-Y-NESTOR-1-1024x535.jpg 1024w, https:\/\/dev.antudigital.cl\/sites\/vc\/wp-content\/uploads\/2022\/10\/ANTONIA-Y-NESTOR-1-300x157.jpg 300w, https:\/\/dev.antudigital.cl\/sites\/vc\/wp-content\/uploads\/2022\/10\/ANTONIA-Y-NESTOR-1-768x401.jpg 768w, https:\/\/dev.antudigital.cl\/sites\/vc\/wp-content\/uploads\/2022\/10\/ANTONIA-Y-NESTOR-1-1536x802.jpg 1536w, https:\/\/dev.antudigital.cl\/sites\/vc\/wp-content\/uploads\/2022\/10\/ANTONIA-Y-NESTOR-1-1080x564.jpg 1080w, https:\/\/dev.antudigital.cl\/sites\/vc\/wp-content\/uploads\/2022\/10\/ANTONIA-Y-NESTOR-1-1280x668.jpg 1280w, https:\/\/dev.antudigital.cl\/sites\/vc\/wp-content\/uploads\/2022\/10\/ANTONIA-Y-NESTOR-1-980x512.jpg 980w, https:\/\/dev.antudigital.cl\/sites\/vc\/wp-content\/uploads\/2022\/10\/ANTONIA-Y-NESTOR-1-480x251.jpg 480w, https:\/\/dev.antudigital.cl\/sites\/vc\/wp-content\/uploads\/2022\/10\/ANTONIA-Y-NESTOR-1.jpg 1701w\" sizes=\"(max-width: 1024px) 100vw, 1024px\" \/><\/figure>\n\n\n\n<p><strong>Una nueva pel\u00edcula de terror adolescente: Bodies, bodies, bodies<\/strong><\/p>\n\n\n\n<p><strong>\u201cBodies Bodies Bodies<\/strong>\u201d es una pel\u00edcula <em>slasher<\/em> de humor negro dirigida por Halina Reijn, directora, escritora y actriz alemana que debuta en el cine estadounidense con su primera pel\u00edcula de habla inglesa. El <em>slasher<\/em> es un subg\u00e9nero de las pel\u00edculas de terror que viene del t\u00e9rmino \u201ccuchilladas\u201d en donde un psic\u00f3pata va asesinando despiadadamente a sus v\u00edctimas, por lo general, adolescentes.<\/p>\n\n\n\n<p>La pel\u00edcula est\u00e1 protagonizada por Amandla Stenberg, Maria Bakalova, Myha&#8217;la Herrold, Chase Sui Wonders, Rachel Sennott, Lee Pace y Pete Davidson, quienes encarnan a un grupo de veintea\u00f1eros adinerados que planea una fiesta del hurac\u00e1n en una remota mansi\u00f3n familiar en donde un juego inocente, se vuelve mortal. &nbsp;<\/p>\n\n\n\n<figure class=\"wp-block-image size-large\"><img decoding=\"async\" width=\"1024\" height=\"663\" src=\"https:\/\/www.valparaisocreativo.cl\/wp-content\/uploads\/2022\/10\/MALB_-18-1024x663.jpg\" alt=\"\" class=\"wp-image-11781\" srcset=\"https:\/\/dev.antudigital.cl\/sites\/vc\/wp-content\/uploads\/2022\/10\/MALB_-18-1024x663.jpg 1024w, https:\/\/dev.antudigital.cl\/sites\/vc\/wp-content\/uploads\/2022\/10\/MALB_-18-300x194.jpg 300w, https:\/\/dev.antudigital.cl\/sites\/vc\/wp-content\/uploads\/2022\/10\/MALB_-18-768x498.jpg 768w, https:\/\/dev.antudigital.cl\/sites\/vc\/wp-content\/uploads\/2022\/10\/MALB_-18-1536x995.jpg 1536w, https:\/\/dev.antudigital.cl\/sites\/vc\/wp-content\/uploads\/2022\/10\/MALB_-18-1080x700.jpg 1080w, https:\/\/dev.antudigital.cl\/sites\/vc\/wp-content\/uploads\/2022\/10\/MALB_-18-1280x829.jpg 1280w, https:\/\/dev.antudigital.cl\/sites\/vc\/wp-content\/uploads\/2022\/10\/MALB_-18-980x635.jpg 980w, https:\/\/dev.antudigital.cl\/sites\/vc\/wp-content\/uploads\/2022\/10\/MALB_-18-480x311.jpg 480w, https:\/\/dev.antudigital.cl\/sites\/vc\/wp-content\/uploads\/2022\/10\/MALB_-18.jpg 1701w\" sizes=\"(max-width: 1024px) 100vw, 1024px\" \/><\/figure>\n\n\n\n<p>Esta historia hace un gui\u00f1o a la cl\u00e1sica obra \u201cEl se\u00f1or de las moscas\u201d al hablar de la desintegraci\u00f3n social que se produce mientras el grupo emprende una b\u00fasqueda nihilista del asesino, todo esto iluminado por smartphones y joyas tipo cotill\u00f3n, que brillan en la oscuridad. Esta pel\u00edcula se estrena en INSOMNIA el jueves 6 de octubre a las 21:00 horas y tendr\u00e1 m\u00e1s proyecciones los d\u00edas viernes 7 (21:30), s\u00e1bado 8 (21:00), domingo 9 (20:00), lunes 10 (20:30), martes 11 (15:00) y mi\u00e9rcoles 12 (20:00).&nbsp;<\/p>\n","protected":false},"excerpt":{"rendered":"<p>Octubre es un mes cargado de estrenos de cine chileno a lo largo del pa\u00eds. INSOMNIA Teatro Condell, junto a la Red de Salas de Cine, impulsan esta celebraci\u00f3n de creaciones audiovisuales nacionales para poder disfrutar de pel\u00edculas con las cuales podemos encontrarnos \u00edntimamente, ya que forman parte de nuestra idiosincrasia y cultura.&nbsp; Esta semana [&hellip;]<\/p>\n","protected":false},"author":1,"featured_media":11783,"comment_status":"open","ping_status":"closed","sticky":false,"template":"","format":"standard","meta":{"_acf_changed":false,"footnotes":""},"categories":[8],"tags":[],"class_list":["post-11780","post","type-post","status-publish","format-standard","has-post-thumbnail","hentry","category-noticia"],"acf":[],"yoast_head":"<!-- This site is optimized with the Yoast SEO plugin v27.1.1 - https:\/\/yoast.com\/product\/yoast-seo-wordpress\/ -->\n<title>Octubre anuncia marejada de cine chileno en INSOMNIA Teatro Condell: \u201cMatar a la bestia\u201d y \u201cEl Castigo\u201d - Valpara\u00ed\u00adso Creativo<\/title>\n<meta name=\"robots\" content=\"index, follow, max-snippet:-1, max-image-preview:large, max-video-preview:-1\" \/>\n<link rel=\"canonical\" href=\"https:\/\/dev.antudigital.cl\/sites\/vc\/octubre-anuncia-marejada-de-cine-chileno-en-insomnia-teatro-condell-matar-a-la-bestia-y-el-castigo\/\" \/>\n<meta property=\"og:locale\" content=\"es_ES\" \/>\n<meta property=\"og:type\" content=\"article\" \/>\n<meta property=\"og:title\" content=\"Octubre anuncia marejada de cine chileno en INSOMNIA Teatro Condell: \u201cMatar a la bestia\u201d y \u201cEl Castigo\u201d - Valpara\u00ed\u00adso Creativo\" \/>\n<meta property=\"og:description\" content=\"Octubre es un mes cargado de estrenos de cine chileno a lo largo del pa\u00eds. INSOMNIA Teatro Condell, junto a la Red de Salas de Cine, impulsan esta celebraci\u00f3n de creaciones audiovisuales nacionales para poder disfrutar de pel\u00edculas con las cuales podemos encontrarnos \u00edntimamente, ya que forman parte de nuestra idiosincrasia y cultura.&nbsp; Esta semana [&hellip;]\" \/>\n<meta property=\"og:url\" content=\"https:\/\/dev.antudigital.cl\/sites\/vc\/octubre-anuncia-marejada-de-cine-chileno-en-insomnia-teatro-condell-matar-a-la-bestia-y-el-castigo\/\" \/>\n<meta property=\"og:site_name\" content=\"Valpara\u00ed\u00adso Creativo\" \/>\n<meta property=\"article:published_time\" content=\"2022-10-06T13:14:12+00:00\" \/>\n<meta property=\"article:modified_time\" content=\"2022-10-10T17:05:44+00:00\" \/>\n<meta property=\"og:image\" content=\"https:\/\/dev.antudigital.cl\/sites\/vc\/wp-content\/uploads\/2022\/10\/ANTONIA-Y-NESTOR-1.jpg\" \/>\n\t<meta property=\"og:image:width\" content=\"1701\" \/>\n\t<meta property=\"og:image:height\" content=\"888\" \/>\n\t<meta property=\"og:image:type\" content=\"image\/jpeg\" \/>\n<meta name=\"author\" content=\"Valpara\u00edso Creativo\" \/>\n<meta name=\"twitter:card\" content=\"summary_large_image\" \/>\n<meta name=\"twitter:label1\" content=\"Escrito por\" \/>\n\t<meta name=\"twitter:data1\" content=\"Valpara\u00edso Creativo\" \/>\n\t<meta name=\"twitter:label2\" content=\"Tiempo de lectura\" \/>\n\t<meta name=\"twitter:data2\" content=\"4 minutos\" \/>\n<script type=\"application\/ld+json\" class=\"yoast-schema-graph\">{\"@context\":\"https:\/\/schema.org\",\"@graph\":[{\"@type\":\"Article\",\"@id\":\"https:\/\/dev.antudigital.cl\/sites\/vc\/octubre-anuncia-marejada-de-cine-chileno-en-insomnia-teatro-condell-matar-a-la-bestia-y-el-castigo\/#article\",\"isPartOf\":{\"@id\":\"https:\/\/dev.antudigital.cl\/sites\/vc\/octubre-anuncia-marejada-de-cine-chileno-en-insomnia-teatro-condell-matar-a-la-bestia-y-el-castigo\/\"},\"author\":{\"name\":\"Valpara\u00edso Creativo\",\"@id\":\"https:\/\/dev.antudigital.cl\/sites\/vc\/#\/schema\/person\/c2b9da8dd545e27166fc5ab232837318\"},\"headline\":\"Octubre anuncia marejada de cine chileno en INSOMNIA Teatro Condell: \u201cMatar a la bestia\u201d y \u201cEl Castigo\u201d\",\"datePublished\":\"2022-10-06T13:14:12+00:00\",\"dateModified\":\"2022-10-10T17:05:44+00:00\",\"mainEntityOfPage\":{\"@id\":\"https:\/\/dev.antudigital.cl\/sites\/vc\/octubre-anuncia-marejada-de-cine-chileno-en-insomnia-teatro-condell-matar-a-la-bestia-y-el-castigo\/\"},\"wordCount\":689,\"commentCount\":0,\"image\":{\"@id\":\"https:\/\/dev.antudigital.cl\/sites\/vc\/octubre-anuncia-marejada-de-cine-chileno-en-insomnia-teatro-condell-matar-a-la-bestia-y-el-castigo\/#primaryimage\"},\"thumbnailUrl\":\"https:\/\/dev.antudigital.cl\/sites\/vc\/wp-content\/uploads\/2022\/10\/ANTONIA-Y-NESTOR-1.jpg\",\"articleSection\":[\"Noticia\"],\"inLanguage\":\"es\",\"potentialAction\":[{\"@type\":\"CommentAction\",\"name\":\"Comment\",\"target\":[\"https:\/\/dev.antudigital.cl\/sites\/vc\/octubre-anuncia-marejada-de-cine-chileno-en-insomnia-teatro-condell-matar-a-la-bestia-y-el-castigo\/#respond\"]}]},{\"@type\":\"WebPage\",\"@id\":\"https:\/\/dev.antudigital.cl\/sites\/vc\/octubre-anuncia-marejada-de-cine-chileno-en-insomnia-teatro-condell-matar-a-la-bestia-y-el-castigo\/\",\"url\":\"https:\/\/dev.antudigital.cl\/sites\/vc\/octubre-anuncia-marejada-de-cine-chileno-en-insomnia-teatro-condell-matar-a-la-bestia-y-el-castigo\/\",\"name\":\"Octubre anuncia marejada de cine chileno en INSOMNIA Teatro Condell: \u201cMatar a la bestia\u201d y \u201cEl Castigo\u201d - Valpara\u00ed\u00adso Creativo\",\"isPartOf\":{\"@id\":\"https:\/\/dev.antudigital.cl\/sites\/vc\/#website\"},\"primaryImageOfPage\":{\"@id\":\"https:\/\/dev.antudigital.cl\/sites\/vc\/octubre-anuncia-marejada-de-cine-chileno-en-insomnia-teatro-condell-matar-a-la-bestia-y-el-castigo\/#primaryimage\"},\"image\":{\"@id\":\"https:\/\/dev.antudigital.cl\/sites\/vc\/octubre-anuncia-marejada-de-cine-chileno-en-insomnia-teatro-condell-matar-a-la-bestia-y-el-castigo\/#primaryimage\"},\"thumbnailUrl\":\"https:\/\/dev.antudigital.cl\/sites\/vc\/wp-content\/uploads\/2022\/10\/ANTONIA-Y-NESTOR-1.jpg\",\"datePublished\":\"2022-10-06T13:14:12+00:00\",\"dateModified\":\"2022-10-10T17:05:44+00:00\",\"author\":{\"@id\":\"https:\/\/dev.antudigital.cl\/sites\/vc\/#\/schema\/person\/c2b9da8dd545e27166fc5ab232837318\"},\"breadcrumb\":{\"@id\":\"https:\/\/dev.antudigital.cl\/sites\/vc\/octubre-anuncia-marejada-de-cine-chileno-en-insomnia-teatro-condell-matar-a-la-bestia-y-el-castigo\/#breadcrumb\"},\"inLanguage\":\"es\",\"potentialAction\":[{\"@type\":\"ReadAction\",\"target\":[\"https:\/\/dev.antudigital.cl\/sites\/vc\/octubre-anuncia-marejada-de-cine-chileno-en-insomnia-teatro-condell-matar-a-la-bestia-y-el-castigo\/\"]}]},{\"@type\":\"ImageObject\",\"inLanguage\":\"es\",\"@id\":\"https:\/\/dev.antudigital.cl\/sites\/vc\/octubre-anuncia-marejada-de-cine-chileno-en-insomnia-teatro-condell-matar-a-la-bestia-y-el-castigo\/#primaryimage\",\"url\":\"https:\/\/dev.antudigital.cl\/sites\/vc\/wp-content\/uploads\/2022\/10\/ANTONIA-Y-NESTOR-1.jpg\",\"contentUrl\":\"https:\/\/dev.antudigital.cl\/sites\/vc\/wp-content\/uploads\/2022\/10\/ANTONIA-Y-NESTOR-1.jpg\",\"width\":1701,\"height\":888},{\"@type\":\"BreadcrumbList\",\"@id\":\"https:\/\/dev.antudigital.cl\/sites\/vc\/octubre-anuncia-marejada-de-cine-chileno-en-insomnia-teatro-condell-matar-a-la-bestia-y-el-castigo\/#breadcrumb\",\"itemListElement\":[{\"@type\":\"ListItem\",\"position\":1,\"name\":\"Home\",\"item\":\"https:\/\/dev.antudigital.cl\/sites\/vc\/\"},{\"@type\":\"ListItem\",\"position\":2,\"name\":\"Octubre anuncia marejada de cine chileno en INSOMNIA Teatro Condell: \u201cMatar a la bestia\u201d y \u201cEl Castigo\u201d\"}]},{\"@type\":\"WebSite\",\"@id\":\"https:\/\/dev.antudigital.cl\/sites\/vc\/#website\",\"url\":\"https:\/\/dev.antudigital.cl\/sites\/vc\/\",\"name\":\"Valpara\u00ed\u00adso Creativo\",\"description\":\"\",\"potentialAction\":[{\"@type\":\"SearchAction\",\"target\":{\"@type\":\"EntryPoint\",\"urlTemplate\":\"https:\/\/dev.antudigital.cl\/sites\/vc\/?s={search_term_string}\"},\"query-input\":{\"@type\":\"PropertyValueSpecification\",\"valueRequired\":true,\"valueName\":\"search_term_string\"}}],\"inLanguage\":\"es\"},{\"@type\":\"Person\",\"@id\":\"https:\/\/dev.antudigital.cl\/sites\/vc\/#\/schema\/person\/c2b9da8dd545e27166fc5ab232837318\",\"name\":\"Valpara\u00edso Creativo\",\"description\":\"Periodista de cultura en la Regi\u00f3n de Valpara\u00edso.\",\"url\":\"https:\/\/dev.antudigital.cl\/sites\/vc\/author\/valpoadmin\/\"}]}<\/script>\n<!-- \/ Yoast SEO plugin. -->","yoast_head_json":{"title":"Octubre anuncia marejada de cine chileno en INSOMNIA Teatro Condell: \u201cMatar a la bestia\u201d y \u201cEl Castigo\u201d - Valpara\u00ed\u00adso Creativo","robots":{"index":"index","follow":"follow","max-snippet":"max-snippet:-1","max-image-preview":"max-image-preview:large","max-video-preview":"max-video-preview:-1"},"canonical":"https:\/\/dev.antudigital.cl\/sites\/vc\/octubre-anuncia-marejada-de-cine-chileno-en-insomnia-teatro-condell-matar-a-la-bestia-y-el-castigo\/","og_locale":"es_ES","og_type":"article","og_title":"Octubre anuncia marejada de cine chileno en INSOMNIA Teatro Condell: \u201cMatar a la bestia\u201d y \u201cEl Castigo\u201d - Valpara\u00ed\u00adso Creativo","og_description":"Octubre es un mes cargado de estrenos de cine chileno a lo largo del pa\u00eds. INSOMNIA Teatro Condell, junto a la Red de Salas de Cine, impulsan esta celebraci\u00f3n de creaciones audiovisuales nacionales para poder disfrutar de pel\u00edculas con las cuales podemos encontrarnos \u00edntimamente, ya que forman parte de nuestra idiosincrasia y cultura.&nbsp; Esta semana [&hellip;]","og_url":"https:\/\/dev.antudigital.cl\/sites\/vc\/octubre-anuncia-marejada-de-cine-chileno-en-insomnia-teatro-condell-matar-a-la-bestia-y-el-castigo\/","og_site_name":"Valpara\u00ed\u00adso Creativo","article_published_time":"2022-10-06T13:14:12+00:00","article_modified_time":"2022-10-10T17:05:44+00:00","og_image":[{"width":1701,"height":888,"url":"https:\/\/dev.antudigital.cl\/sites\/vc\/wp-content\/uploads\/2022\/10\/ANTONIA-Y-NESTOR-1.jpg","type":"image\/jpeg"}],"author":"Valpara\u00edso Creativo","twitter_card":"summary_large_image","twitter_misc":{"Escrito por":"Valpara\u00edso Creativo","Tiempo de lectura":"4 minutos"},"schema":{"@context":"https:\/\/schema.org","@graph":[{"@type":"Article","@id":"https:\/\/dev.antudigital.cl\/sites\/vc\/octubre-anuncia-marejada-de-cine-chileno-en-insomnia-teatro-condell-matar-a-la-bestia-y-el-castigo\/#article","isPartOf":{"@id":"https:\/\/dev.antudigital.cl\/sites\/vc\/octubre-anuncia-marejada-de-cine-chileno-en-insomnia-teatro-condell-matar-a-la-bestia-y-el-castigo\/"},"author":{"name":"Valpara\u00edso Creativo","@id":"https:\/\/dev.antudigital.cl\/sites\/vc\/#\/schema\/person\/c2b9da8dd545e27166fc5ab232837318"},"headline":"Octubre anuncia marejada de cine chileno en INSOMNIA Teatro Condell: \u201cMatar a la bestia\u201d y \u201cEl Castigo\u201d","datePublished":"2022-10-06T13:14:12+00:00","dateModified":"2022-10-10T17:05:44+00:00","mainEntityOfPage":{"@id":"https:\/\/dev.antudigital.cl\/sites\/vc\/octubre-anuncia-marejada-de-cine-chileno-en-insomnia-teatro-condell-matar-a-la-bestia-y-el-castigo\/"},"wordCount":689,"commentCount":0,"image":{"@id":"https:\/\/dev.antudigital.cl\/sites\/vc\/octubre-anuncia-marejada-de-cine-chileno-en-insomnia-teatro-condell-matar-a-la-bestia-y-el-castigo\/#primaryimage"},"thumbnailUrl":"https:\/\/dev.antudigital.cl\/sites\/vc\/wp-content\/uploads\/2022\/10\/ANTONIA-Y-NESTOR-1.jpg","articleSection":["Noticia"],"inLanguage":"es","potentialAction":[{"@type":"CommentAction","name":"Comment","target":["https:\/\/dev.antudigital.cl\/sites\/vc\/octubre-anuncia-marejada-de-cine-chileno-en-insomnia-teatro-condell-matar-a-la-bestia-y-el-castigo\/#respond"]}]},{"@type":"WebPage","@id":"https:\/\/dev.antudigital.cl\/sites\/vc\/octubre-anuncia-marejada-de-cine-chileno-en-insomnia-teatro-condell-matar-a-la-bestia-y-el-castigo\/","url":"https:\/\/dev.antudigital.cl\/sites\/vc\/octubre-anuncia-marejada-de-cine-chileno-en-insomnia-teatro-condell-matar-a-la-bestia-y-el-castigo\/","name":"Octubre anuncia marejada de cine chileno en INSOMNIA Teatro Condell: \u201cMatar a la bestia\u201d y \u201cEl Castigo\u201d - Valpara\u00ed\u00adso Creativo","isPartOf":{"@id":"https:\/\/dev.antudigital.cl\/sites\/vc\/#website"},"primaryImageOfPage":{"@id":"https:\/\/dev.antudigital.cl\/sites\/vc\/octubre-anuncia-marejada-de-cine-chileno-en-insomnia-teatro-condell-matar-a-la-bestia-y-el-castigo\/#primaryimage"},"image":{"@id":"https:\/\/dev.antudigital.cl\/sites\/vc\/octubre-anuncia-marejada-de-cine-chileno-en-insomnia-teatro-condell-matar-a-la-bestia-y-el-castigo\/#primaryimage"},"thumbnailUrl":"https:\/\/dev.antudigital.cl\/sites\/vc\/wp-content\/uploads\/2022\/10\/ANTONIA-Y-NESTOR-1.jpg","datePublished":"2022-10-06T13:14:12+00:00","dateModified":"2022-10-10T17:05:44+00:00","author":{"@id":"https:\/\/dev.antudigital.cl\/sites\/vc\/#\/schema\/person\/c2b9da8dd545e27166fc5ab232837318"},"breadcrumb":{"@id":"https:\/\/dev.antudigital.cl\/sites\/vc\/octubre-anuncia-marejada-de-cine-chileno-en-insomnia-teatro-condell-matar-a-la-bestia-y-el-castigo\/#breadcrumb"},"inLanguage":"es","potentialAction":[{"@type":"ReadAction","target":["https:\/\/dev.antudigital.cl\/sites\/vc\/octubre-anuncia-marejada-de-cine-chileno-en-insomnia-teatro-condell-matar-a-la-bestia-y-el-castigo\/"]}]},{"@type":"ImageObject","inLanguage":"es","@id":"https:\/\/dev.antudigital.cl\/sites\/vc\/octubre-anuncia-marejada-de-cine-chileno-en-insomnia-teatro-condell-matar-a-la-bestia-y-el-castigo\/#primaryimage","url":"https:\/\/dev.antudigital.cl\/sites\/vc\/wp-content\/uploads\/2022\/10\/ANTONIA-Y-NESTOR-1.jpg","contentUrl":"https:\/\/dev.antudigital.cl\/sites\/vc\/wp-content\/uploads\/2022\/10\/ANTONIA-Y-NESTOR-1.jpg","width":1701,"height":888},{"@type":"BreadcrumbList","@id":"https:\/\/dev.antudigital.cl\/sites\/vc\/octubre-anuncia-marejada-de-cine-chileno-en-insomnia-teatro-condell-matar-a-la-bestia-y-el-castigo\/#breadcrumb","itemListElement":[{"@type":"ListItem","position":1,"name":"Home","item":"https:\/\/dev.antudigital.cl\/sites\/vc\/"},{"@type":"ListItem","position":2,"name":"Octubre anuncia marejada de cine chileno en INSOMNIA Teatro Condell: \u201cMatar a la bestia\u201d y \u201cEl Castigo\u201d"}]},{"@type":"WebSite","@id":"https:\/\/dev.antudigital.cl\/sites\/vc\/#website","url":"https:\/\/dev.antudigital.cl\/sites\/vc\/","name":"Valpara\u00ed\u00adso Creativo","description":"","potentialAction":[{"@type":"SearchAction","target":{"@type":"EntryPoint","urlTemplate":"https:\/\/dev.antudigital.cl\/sites\/vc\/?s={search_term_string}"},"query-input":{"@type":"PropertyValueSpecification","valueRequired":true,"valueName":"search_term_string"}}],"inLanguage":"es"},{"@type":"Person","@id":"https:\/\/dev.antudigital.cl\/sites\/vc\/#\/schema\/person\/c2b9da8dd545e27166fc5ab232837318","name":"Valpara\u00edso Creativo","description":"Periodista de cultura en la Regi\u00f3n de Valpara\u00edso.","url":"https:\/\/dev.antudigital.cl\/sites\/vc\/author\/valpoadmin\/"}]}},"_links":{"self":[{"href":"https:\/\/dev.antudigital.cl\/sites\/vc\/wp-json\/wp\/v2\/posts\/11780","targetHints":{"allow":["GET"]}}],"collection":[{"href":"https:\/\/dev.antudigital.cl\/sites\/vc\/wp-json\/wp\/v2\/posts"}],"about":[{"href":"https:\/\/dev.antudigital.cl\/sites\/vc\/wp-json\/wp\/v2\/types\/post"}],"author":[{"embeddable":true,"href":"https:\/\/dev.antudigital.cl\/sites\/vc\/wp-json\/wp\/v2\/users\/1"}],"replies":[{"embeddable":true,"href":"https:\/\/dev.antudigital.cl\/sites\/vc\/wp-json\/wp\/v2\/comments?post=11780"}],"version-history":[{"count":2,"href":"https:\/\/dev.antudigital.cl\/sites\/vc\/wp-json\/wp\/v2\/posts\/11780\/revisions"}],"predecessor-version":[{"id":11794,"href":"https:\/\/dev.antudigital.cl\/sites\/vc\/wp-json\/wp\/v2\/posts\/11780\/revisions\/11794"}],"wp:featuredmedia":[{"embeddable":true,"href":"https:\/\/dev.antudigital.cl\/sites\/vc\/wp-json\/wp\/v2\/media\/11783"}],"wp:attachment":[{"href":"https:\/\/dev.antudigital.cl\/sites\/vc\/wp-json\/wp\/v2\/media?parent=11780"}],"wp:term":[{"taxonomy":"category","embeddable":true,"href":"https:\/\/dev.antudigital.cl\/sites\/vc\/wp-json\/wp\/v2\/categories?post=11780"},{"taxonomy":"post_tag","embeddable":true,"href":"https:\/\/dev.antudigital.cl\/sites\/vc\/wp-json\/wp\/v2\/tags?post=11780"}],"curies":[{"name":"wp","href":"https:\/\/api.w.org\/{rel}","templated":true}]}}