{"id":11785,"date":"2022-10-06T14:57:40","date_gmt":"2022-10-06T14:57:40","guid":{"rendered":"https:\/\/www.valparaisocreativo.cl\/?p=11785"},"modified":"2022-10-10T17:05:25","modified_gmt":"2022-10-10T17:05:25","slug":"escala-maestra-nueva-iniciativa-de-incubacion-para-proyectos-musicales-de-la-region-de-valparaiso","status":"publish","type":"post","link":"https:\/\/dev.antudigital.cl\/sites\/vc\/escala-maestra-nueva-iniciativa-de-incubacion-para-proyectos-musicales-de-la-region-de-valparaiso\/","title":{"rendered":"Escala Maestra: Nueva iniciativa de incubaci\u00f3n para proyectos musicales de la regi\u00f3n de Valpara\u00edso"},"content":{"rendered":"\n<p>Charlas, Talleres, Encuentros y Mentor\u00edas personalizadas ser\u00e1n parte de las actividades gratuitas que ofrecer\u00e1 <strong>Hub Musical <\/strong>y <strong>Maestra.la <\/strong>durante octubre y noviembre de 2022. Este innovador programa de aceleraci\u00f3n musical busca proporcionar un kit de herramientas para la profesionalizaci\u00f3n de m\u00fasicos que residan en la regi\u00f3n de Valpara\u00edso. <strong>Las postulaciones para ser parte de este espacio estar\u00e1n abiertas hasta el 16 de octubre<\/strong>.&nbsp;<\/p>\n\n\n\n<p>Un total de 16 artistas ser\u00e1n seleccionados para participar de esta instancia colaborativa enfocada en potenciar habilidades de<strong> Planificaci\u00f3n Estrat\u00e9gica, Identidad Musical<\/strong>, as\u00ed como tambi\u00e9n proporcionar<strong> Estrategias para potenciar los shows en vivo. <\/strong>Un proyecto formativo de incubaci\u00f3n de talento que, adem\u00e1s, contar\u00e1 con asesor\u00edas de destacados profesionales del campo musical nacional.<\/p>\n\n\n\n<p>Esta actividad contempla<strong> tres talleres con destacados agentes del campo cultural Diego Franco<\/strong>, de CactusMusic; <strong>Javiera Tapia<\/strong>, periodista y cr\u00edtica musical; y <strong>Catalina Devia<\/strong>, dise\u00f1adora esc\u00e9nica, as\u00ed como tambi\u00e9n la posibilidad de <strong>interpretar un tema en vivo<\/strong> en una sesi\u00f3n Demo-Day.&nbsp;<\/p>\n\n\n\n<p>En tanto, el proceso formativo ser\u00e1 seguido de selecci\u00f3n entre sus participantes para ser parte de instancias de <strong>Aceleraci\u00f3n<\/strong>, grabaci\u00f3n de sesi\u00f3n en vivo en un estudio con tecnolog\u00eda de entornos virtuales; de <strong>Vinculaci\u00f3n<\/strong>, enfocado en la participaci\u00f3n en una Rueda de Negocios con profesionales y agentes de industrias creativas y musicales; y <strong>Perfeccionamiento<\/strong>, donde sus participantes podr\u00e1n optar, de manera gratuita, a un taller disponible durante 2023 en Maestra.<\/p>\n\n\n\n<p>Cabe destacar que <strong>Escala Maestra <\/strong>es una actividad que surge como primera iniciativa al alero de <strong>Maestra.la<\/strong>, proyecto con base en Valpara\u00edso que aspira a convertirse en un espacio de desarrollo creativo y formativo para las comunidades a trav\u00e9s de esta nueva plataforma de e-learning.&nbsp;<\/p>\n\n\n\n<p>Para postular, debes revisar en detalles las <a href=\"http:\/\/www.maestra.la\/V2-BASES-ESCALAMAESTRA-HUBMUSICAL.pdf\">bases<\/a>, requisitos, fechas y llenar el formulario en l\u00ednea dispuesto por la organizaci\u00f3n en <a href=\"http:\/\/www.maestra.la\/\">http:\/\/www.maestra.la\/<\/a> <span style=\"text-decoration: underline;\">hasta el domingo 16 de octubre<\/span>. Las y los seleccionados a este proceso de aceleraci\u00f3n art\u00edstica, ser\u00e1n anunciados v\u00eda correo electr\u00f3nico y publicaci\u00f3n en la p\u00e1gina web de la iniciativa.&nbsp;<\/p>\n\n\n\n<figure class=\"wp-block-image size-full\"><img fetchpriority=\"high\" decoding=\"async\" width=\"810\" height=\"810\" src=\"https:\/\/www.valparaisocreativo.cl\/wp-content\/uploads\/2022\/10\/MAESTRA_post_kitmusical_LOGOextra.jpg\" alt=\"\" class=\"wp-image-11787\" srcset=\"https:\/\/dev.antudigital.cl\/sites\/vc\/wp-content\/uploads\/2022\/10\/MAESTRA_post_kitmusical_LOGOextra.jpg 810w, https:\/\/dev.antudigital.cl\/sites\/vc\/wp-content\/uploads\/2022\/10\/MAESTRA_post_kitmusical_LOGOextra-300x300.jpg 300w, https:\/\/dev.antudigital.cl\/sites\/vc\/wp-content\/uploads\/2022\/10\/MAESTRA_post_kitmusical_LOGOextra-150x150.jpg 150w, https:\/\/dev.antudigital.cl\/sites\/vc\/wp-content\/uploads\/2022\/10\/MAESTRA_post_kitmusical_LOGOextra-768x768.jpg 768w, https:\/\/dev.antudigital.cl\/sites\/vc\/wp-content\/uploads\/2022\/10\/MAESTRA_post_kitmusical_LOGOextra-480x480.jpg 480w\" sizes=\"(max-width: 810px) 100vw, 810px\" \/><\/figure>\n","protected":false},"excerpt":{"rendered":"<p>Charlas, Talleres, Encuentros y Mentor\u00edas personalizadas ser\u00e1n parte de las actividades gratuitas que ofrecer\u00e1 Hub Musical y Maestra.la durante octubre y noviembre de 2022. Este innovador programa de aceleraci\u00f3n musical busca proporcionar un kit de herramientas para la profesionalizaci\u00f3n de m\u00fasicos que residan en la regi\u00f3n de Valpara\u00edso. Las postulaciones para ser parte de este [&hellip;]<\/p>\n","protected":false},"author":1,"featured_media":11786,"comment_status":"open","ping_status":"closed","sticky":false,"template":"","format":"standard","meta":{"_acf_changed":false,"footnotes":""},"categories":[8],"tags":[],"class_list":["post-11785","post","type-post","status-publish","format-standard","has-post-thumbnail","hentry","category-noticia"],"acf":[],"yoast_head":"<!-- This site is optimized with the Yoast SEO plugin v27.1.1 - https:\/\/yoast.com\/product\/yoast-seo-wordpress\/ -->\n<title>Escala Maestra: Nueva iniciativa de incubaci\u00f3n para proyectos musicales de la regi\u00f3n de Valpara\u00edso - Valpara\u00ed\u00adso Creativo<\/title>\n<meta name=\"robots\" content=\"index, follow, max-snippet:-1, max-image-preview:large, max-video-preview:-1\" \/>\n<link rel=\"canonical\" href=\"https:\/\/dev.antudigital.cl\/sites\/vc\/escala-maestra-nueva-iniciativa-de-incubacion-para-proyectos-musicales-de-la-region-de-valparaiso\/\" \/>\n<meta property=\"og:locale\" content=\"es_ES\" \/>\n<meta property=\"og:type\" content=\"article\" \/>\n<meta property=\"og:title\" content=\"Escala Maestra: Nueva iniciativa de incubaci\u00f3n para proyectos musicales de la regi\u00f3n de Valpara\u00edso - Valpara\u00ed\u00adso Creativo\" \/>\n<meta property=\"og:description\" content=\"Charlas, Talleres, Encuentros y Mentor\u00edas personalizadas ser\u00e1n parte de las actividades gratuitas que ofrecer\u00e1 Hub Musical y Maestra.la durante octubre y noviembre de 2022. Este innovador programa de aceleraci\u00f3n musical busca proporcionar un kit de herramientas para la profesionalizaci\u00f3n de m\u00fasicos que residan en la regi\u00f3n de Valpara\u00edso. Las postulaciones para ser parte de este [&hellip;]\" \/>\n<meta property=\"og:url\" content=\"https:\/\/dev.antudigital.cl\/sites\/vc\/escala-maestra-nueva-iniciativa-de-incubacion-para-proyectos-musicales-de-la-region-de-valparaiso\/\" \/>\n<meta property=\"og:site_name\" content=\"Valpara\u00ed\u00adso Creativo\" \/>\n<meta property=\"article:published_time\" content=\"2022-10-06T14:57:40+00:00\" \/>\n<meta property=\"article:modified_time\" content=\"2022-10-10T17:05:25+00:00\" \/>\n<meta property=\"og:image\" content=\"https:\/\/dev.antudigital.cl\/sites\/vc\/wp-content\/uploads\/2022\/10\/MAESTRA_BANNER_kitmusical.jpg\" \/>\n\t<meta property=\"og:image:width\" content=\"1600\" \/>\n\t<meta property=\"og:image:height\" content=\"400\" \/>\n\t<meta property=\"og:image:type\" content=\"image\/jpeg\" \/>\n<meta name=\"author\" content=\"Valpara\u00edso Creativo\" \/>\n<meta name=\"twitter:card\" content=\"summary_large_image\" \/>\n<meta name=\"twitter:label1\" content=\"Escrito por\" \/>\n\t<meta name=\"twitter:data1\" content=\"Valpara\u00edso Creativo\" \/>\n\t<meta name=\"twitter:label2\" content=\"Tiempo de lectura\" \/>\n\t<meta name=\"twitter:data2\" content=\"2 minutos\" \/>\n<script type=\"application\/ld+json\" class=\"yoast-schema-graph\">{\"@context\":\"https:\/\/schema.org\",\"@graph\":[{\"@type\":\"Article\",\"@id\":\"https:\/\/dev.antudigital.cl\/sites\/vc\/escala-maestra-nueva-iniciativa-de-incubacion-para-proyectos-musicales-de-la-region-de-valparaiso\/#article\",\"isPartOf\":{\"@id\":\"https:\/\/dev.antudigital.cl\/sites\/vc\/escala-maestra-nueva-iniciativa-de-incubacion-para-proyectos-musicales-de-la-region-de-valparaiso\/\"},\"author\":{\"name\":\"Valpara\u00edso Creativo\",\"@id\":\"https:\/\/dev.antudigital.cl\/sites\/vc\/#\/schema\/person\/c2b9da8dd545e27166fc5ab232837318\"},\"headline\":\"Escala Maestra: Nueva iniciativa de incubaci\u00f3n para proyectos musicales de la regi\u00f3n de Valpara\u00edso\",\"datePublished\":\"2022-10-06T14:57:40+00:00\",\"dateModified\":\"2022-10-10T17:05:25+00:00\",\"mainEntityOfPage\":{\"@id\":\"https:\/\/dev.antudigital.cl\/sites\/vc\/escala-maestra-nueva-iniciativa-de-incubacion-para-proyectos-musicales-de-la-region-de-valparaiso\/\"},\"wordCount\":383,\"commentCount\":0,\"image\":{\"@id\":\"https:\/\/dev.antudigital.cl\/sites\/vc\/escala-maestra-nueva-iniciativa-de-incubacion-para-proyectos-musicales-de-la-region-de-valparaiso\/#primaryimage\"},\"thumbnailUrl\":\"https:\/\/dev.antudigital.cl\/sites\/vc\/wp-content\/uploads\/2022\/10\/MAESTRA_BANNER_kitmusical.jpg\",\"articleSection\":[\"Noticia\"],\"inLanguage\":\"es\",\"potentialAction\":[{\"@type\":\"CommentAction\",\"name\":\"Comment\",\"target\":[\"https:\/\/dev.antudigital.cl\/sites\/vc\/escala-maestra-nueva-iniciativa-de-incubacion-para-proyectos-musicales-de-la-region-de-valparaiso\/#respond\"]}]},{\"@type\":\"WebPage\",\"@id\":\"https:\/\/dev.antudigital.cl\/sites\/vc\/escala-maestra-nueva-iniciativa-de-incubacion-para-proyectos-musicales-de-la-region-de-valparaiso\/\",\"url\":\"https:\/\/dev.antudigital.cl\/sites\/vc\/escala-maestra-nueva-iniciativa-de-incubacion-para-proyectos-musicales-de-la-region-de-valparaiso\/\",\"name\":\"Escala Maestra: Nueva iniciativa de incubaci\u00f3n para proyectos musicales de la regi\u00f3n de Valpara\u00edso - Valpara\u00ed\u00adso Creativo\",\"isPartOf\":{\"@id\":\"https:\/\/dev.antudigital.cl\/sites\/vc\/#website\"},\"primaryImageOfPage\":{\"@id\":\"https:\/\/dev.antudigital.cl\/sites\/vc\/escala-maestra-nueva-iniciativa-de-incubacion-para-proyectos-musicales-de-la-region-de-valparaiso\/#primaryimage\"},\"image\":{\"@id\":\"https:\/\/dev.antudigital.cl\/sites\/vc\/escala-maestra-nueva-iniciativa-de-incubacion-para-proyectos-musicales-de-la-region-de-valparaiso\/#primaryimage\"},\"thumbnailUrl\":\"https:\/\/dev.antudigital.cl\/sites\/vc\/wp-content\/uploads\/2022\/10\/MAESTRA_BANNER_kitmusical.jpg\",\"datePublished\":\"2022-10-06T14:57:40+00:00\",\"dateModified\":\"2022-10-10T17:05:25+00:00\",\"author\":{\"@id\":\"https:\/\/dev.antudigital.cl\/sites\/vc\/#\/schema\/person\/c2b9da8dd545e27166fc5ab232837318\"},\"breadcrumb\":{\"@id\":\"https:\/\/dev.antudigital.cl\/sites\/vc\/escala-maestra-nueva-iniciativa-de-incubacion-para-proyectos-musicales-de-la-region-de-valparaiso\/#breadcrumb\"},\"inLanguage\":\"es\",\"potentialAction\":[{\"@type\":\"ReadAction\",\"target\":[\"https:\/\/dev.antudigital.cl\/sites\/vc\/escala-maestra-nueva-iniciativa-de-incubacion-para-proyectos-musicales-de-la-region-de-valparaiso\/\"]}]},{\"@type\":\"ImageObject\",\"inLanguage\":\"es\",\"@id\":\"https:\/\/dev.antudigital.cl\/sites\/vc\/escala-maestra-nueva-iniciativa-de-incubacion-para-proyectos-musicales-de-la-region-de-valparaiso\/#primaryimage\",\"url\":\"https:\/\/dev.antudigital.cl\/sites\/vc\/wp-content\/uploads\/2022\/10\/MAESTRA_BANNER_kitmusical.jpg\",\"contentUrl\":\"https:\/\/dev.antudigital.cl\/sites\/vc\/wp-content\/uploads\/2022\/10\/MAESTRA_BANNER_kitmusical.jpg\",\"width\":1600,\"height\":400},{\"@type\":\"BreadcrumbList\",\"@id\":\"https:\/\/dev.antudigital.cl\/sites\/vc\/escala-maestra-nueva-iniciativa-de-incubacion-para-proyectos-musicales-de-la-region-de-valparaiso\/#breadcrumb\",\"itemListElement\":[{\"@type\":\"ListItem\",\"position\":1,\"name\":\"Home\",\"item\":\"https:\/\/dev.antudigital.cl\/sites\/vc\/\"},{\"@type\":\"ListItem\",\"position\":2,\"name\":\"Escala Maestra: Nueva iniciativa de incubaci\u00f3n para proyectos musicales de la regi\u00f3n de Valpara\u00edso\"}]},{\"@type\":\"WebSite\",\"@id\":\"https:\/\/dev.antudigital.cl\/sites\/vc\/#website\",\"url\":\"https:\/\/dev.antudigital.cl\/sites\/vc\/\",\"name\":\"Valpara\u00ed\u00adso Creativo\",\"description\":\"\",\"potentialAction\":[{\"@type\":\"SearchAction\",\"target\":{\"@type\":\"EntryPoint\",\"urlTemplate\":\"https:\/\/dev.antudigital.cl\/sites\/vc\/?s={search_term_string}\"},\"query-input\":{\"@type\":\"PropertyValueSpecification\",\"valueRequired\":true,\"valueName\":\"search_term_string\"}}],\"inLanguage\":\"es\"},{\"@type\":\"Person\",\"@id\":\"https:\/\/dev.antudigital.cl\/sites\/vc\/#\/schema\/person\/c2b9da8dd545e27166fc5ab232837318\",\"name\":\"Valpara\u00edso Creativo\",\"description\":\"Periodista de cultura en la Regi\u00f3n de Valpara\u00edso.\",\"url\":\"https:\/\/dev.antudigital.cl\/sites\/vc\/author\/valpoadmin\/\"}]}<\/script>\n<!-- \/ Yoast SEO plugin. -->","yoast_head_json":{"title":"Escala Maestra: Nueva iniciativa de incubaci\u00f3n para proyectos musicales de la regi\u00f3n de Valpara\u00edso - Valpara\u00ed\u00adso Creativo","robots":{"index":"index","follow":"follow","max-snippet":"max-snippet:-1","max-image-preview":"max-image-preview:large","max-video-preview":"max-video-preview:-1"},"canonical":"https:\/\/dev.antudigital.cl\/sites\/vc\/escala-maestra-nueva-iniciativa-de-incubacion-para-proyectos-musicales-de-la-region-de-valparaiso\/","og_locale":"es_ES","og_type":"article","og_title":"Escala Maestra: Nueva iniciativa de incubaci\u00f3n para proyectos musicales de la regi\u00f3n de Valpara\u00edso - Valpara\u00ed\u00adso Creativo","og_description":"Charlas, Talleres, Encuentros y Mentor\u00edas personalizadas ser\u00e1n parte de las actividades gratuitas que ofrecer\u00e1 Hub Musical y Maestra.la durante octubre y noviembre de 2022. Este innovador programa de aceleraci\u00f3n musical busca proporcionar un kit de herramientas para la profesionalizaci\u00f3n de m\u00fasicos que residan en la regi\u00f3n de Valpara\u00edso. Las postulaciones para ser parte de este [&hellip;]","og_url":"https:\/\/dev.antudigital.cl\/sites\/vc\/escala-maestra-nueva-iniciativa-de-incubacion-para-proyectos-musicales-de-la-region-de-valparaiso\/","og_site_name":"Valpara\u00ed\u00adso Creativo","article_published_time":"2022-10-06T14:57:40+00:00","article_modified_time":"2022-10-10T17:05:25+00:00","og_image":[{"width":1600,"height":400,"url":"https:\/\/dev.antudigital.cl\/sites\/vc\/wp-content\/uploads\/2022\/10\/MAESTRA_BANNER_kitmusical.jpg","type":"image\/jpeg"}],"author":"Valpara\u00edso Creativo","twitter_card":"summary_large_image","twitter_misc":{"Escrito por":"Valpara\u00edso Creativo","Tiempo de lectura":"2 minutos"},"schema":{"@context":"https:\/\/schema.org","@graph":[{"@type":"Article","@id":"https:\/\/dev.antudigital.cl\/sites\/vc\/escala-maestra-nueva-iniciativa-de-incubacion-para-proyectos-musicales-de-la-region-de-valparaiso\/#article","isPartOf":{"@id":"https:\/\/dev.antudigital.cl\/sites\/vc\/escala-maestra-nueva-iniciativa-de-incubacion-para-proyectos-musicales-de-la-region-de-valparaiso\/"},"author":{"name":"Valpara\u00edso Creativo","@id":"https:\/\/dev.antudigital.cl\/sites\/vc\/#\/schema\/person\/c2b9da8dd545e27166fc5ab232837318"},"headline":"Escala Maestra: Nueva iniciativa de incubaci\u00f3n para proyectos musicales de la regi\u00f3n de Valpara\u00edso","datePublished":"2022-10-06T14:57:40+00:00","dateModified":"2022-10-10T17:05:25+00:00","mainEntityOfPage":{"@id":"https:\/\/dev.antudigital.cl\/sites\/vc\/escala-maestra-nueva-iniciativa-de-incubacion-para-proyectos-musicales-de-la-region-de-valparaiso\/"},"wordCount":383,"commentCount":0,"image":{"@id":"https:\/\/dev.antudigital.cl\/sites\/vc\/escala-maestra-nueva-iniciativa-de-incubacion-para-proyectos-musicales-de-la-region-de-valparaiso\/#primaryimage"},"thumbnailUrl":"https:\/\/dev.antudigital.cl\/sites\/vc\/wp-content\/uploads\/2022\/10\/MAESTRA_BANNER_kitmusical.jpg","articleSection":["Noticia"],"inLanguage":"es","potentialAction":[{"@type":"CommentAction","name":"Comment","target":["https:\/\/dev.antudigital.cl\/sites\/vc\/escala-maestra-nueva-iniciativa-de-incubacion-para-proyectos-musicales-de-la-region-de-valparaiso\/#respond"]}]},{"@type":"WebPage","@id":"https:\/\/dev.antudigital.cl\/sites\/vc\/escala-maestra-nueva-iniciativa-de-incubacion-para-proyectos-musicales-de-la-region-de-valparaiso\/","url":"https:\/\/dev.antudigital.cl\/sites\/vc\/escala-maestra-nueva-iniciativa-de-incubacion-para-proyectos-musicales-de-la-region-de-valparaiso\/","name":"Escala Maestra: Nueva iniciativa de incubaci\u00f3n para proyectos musicales de la regi\u00f3n de Valpara\u00edso - Valpara\u00ed\u00adso Creativo","isPartOf":{"@id":"https:\/\/dev.antudigital.cl\/sites\/vc\/#website"},"primaryImageOfPage":{"@id":"https:\/\/dev.antudigital.cl\/sites\/vc\/escala-maestra-nueva-iniciativa-de-incubacion-para-proyectos-musicales-de-la-region-de-valparaiso\/#primaryimage"},"image":{"@id":"https:\/\/dev.antudigital.cl\/sites\/vc\/escala-maestra-nueva-iniciativa-de-incubacion-para-proyectos-musicales-de-la-region-de-valparaiso\/#primaryimage"},"thumbnailUrl":"https:\/\/dev.antudigital.cl\/sites\/vc\/wp-content\/uploads\/2022\/10\/MAESTRA_BANNER_kitmusical.jpg","datePublished":"2022-10-06T14:57:40+00:00","dateModified":"2022-10-10T17:05:25+00:00","author":{"@id":"https:\/\/dev.antudigital.cl\/sites\/vc\/#\/schema\/person\/c2b9da8dd545e27166fc5ab232837318"},"breadcrumb":{"@id":"https:\/\/dev.antudigital.cl\/sites\/vc\/escala-maestra-nueva-iniciativa-de-incubacion-para-proyectos-musicales-de-la-region-de-valparaiso\/#breadcrumb"},"inLanguage":"es","potentialAction":[{"@type":"ReadAction","target":["https:\/\/dev.antudigital.cl\/sites\/vc\/escala-maestra-nueva-iniciativa-de-incubacion-para-proyectos-musicales-de-la-region-de-valparaiso\/"]}]},{"@type":"ImageObject","inLanguage":"es","@id":"https:\/\/dev.antudigital.cl\/sites\/vc\/escala-maestra-nueva-iniciativa-de-incubacion-para-proyectos-musicales-de-la-region-de-valparaiso\/#primaryimage","url":"https:\/\/dev.antudigital.cl\/sites\/vc\/wp-content\/uploads\/2022\/10\/MAESTRA_BANNER_kitmusical.jpg","contentUrl":"https:\/\/dev.antudigital.cl\/sites\/vc\/wp-content\/uploads\/2022\/10\/MAESTRA_BANNER_kitmusical.jpg","width":1600,"height":400},{"@type":"BreadcrumbList","@id":"https:\/\/dev.antudigital.cl\/sites\/vc\/escala-maestra-nueva-iniciativa-de-incubacion-para-proyectos-musicales-de-la-region-de-valparaiso\/#breadcrumb","itemListElement":[{"@type":"ListItem","position":1,"name":"Home","item":"https:\/\/dev.antudigital.cl\/sites\/vc\/"},{"@type":"ListItem","position":2,"name":"Escala Maestra: Nueva iniciativa de incubaci\u00f3n para proyectos musicales de la regi\u00f3n de Valpara\u00edso"}]},{"@type":"WebSite","@id":"https:\/\/dev.antudigital.cl\/sites\/vc\/#website","url":"https:\/\/dev.antudigital.cl\/sites\/vc\/","name":"Valpara\u00ed\u00adso Creativo","description":"","potentialAction":[{"@type":"SearchAction","target":{"@type":"EntryPoint","urlTemplate":"https:\/\/dev.antudigital.cl\/sites\/vc\/?s={search_term_string}"},"query-input":{"@type":"PropertyValueSpecification","valueRequired":true,"valueName":"search_term_string"}}],"inLanguage":"es"},{"@type":"Person","@id":"https:\/\/dev.antudigital.cl\/sites\/vc\/#\/schema\/person\/c2b9da8dd545e27166fc5ab232837318","name":"Valpara\u00edso Creativo","description":"Periodista de cultura en la Regi\u00f3n de Valpara\u00edso.","url":"https:\/\/dev.antudigital.cl\/sites\/vc\/author\/valpoadmin\/"}]}},"_links":{"self":[{"href":"https:\/\/dev.antudigital.cl\/sites\/vc\/wp-json\/wp\/v2\/posts\/11785","targetHints":{"allow":["GET"]}}],"collection":[{"href":"https:\/\/dev.antudigital.cl\/sites\/vc\/wp-json\/wp\/v2\/posts"}],"about":[{"href":"https:\/\/dev.antudigital.cl\/sites\/vc\/wp-json\/wp\/v2\/types\/post"}],"author":[{"embeddable":true,"href":"https:\/\/dev.antudigital.cl\/sites\/vc\/wp-json\/wp\/v2\/users\/1"}],"replies":[{"embeddable":true,"href":"https:\/\/dev.antudigital.cl\/sites\/vc\/wp-json\/wp\/v2\/comments?post=11785"}],"version-history":[{"count":3,"href":"https:\/\/dev.antudigital.cl\/sites\/vc\/wp-json\/wp\/v2\/posts\/11785\/revisions"}],"predecessor-version":[{"id":11792,"href":"https:\/\/dev.antudigital.cl\/sites\/vc\/wp-json\/wp\/v2\/posts\/11785\/revisions\/11792"}],"wp:featuredmedia":[{"embeddable":true,"href":"https:\/\/dev.antudigital.cl\/sites\/vc\/wp-json\/wp\/v2\/media\/11786"}],"wp:attachment":[{"href":"https:\/\/dev.antudigital.cl\/sites\/vc\/wp-json\/wp\/v2\/media?parent=11785"}],"wp:term":[{"taxonomy":"category","embeddable":true,"href":"https:\/\/dev.antudigital.cl\/sites\/vc\/wp-json\/wp\/v2\/categories?post=11785"},{"taxonomy":"post_tag","embeddable":true,"href":"https:\/\/dev.antudigital.cl\/sites\/vc\/wp-json\/wp\/v2\/tags?post=11785"}],"curies":[{"name":"wp","href":"https:\/\/api.w.org\/{rel}","templated":true}]}}