{"id":11793,"date":"2022-10-10T17:10:42","date_gmt":"2022-10-10T17:10:42","guid":{"rendered":"https:\/\/www.valparaisocreativo.cl\/?p=11793"},"modified":"2022-10-10T17:10:47","modified_gmt":"2022-10-10T17:10:47","slug":"museo-artequin-invita-a-su-seminario-sobre-educacion-emocional-desde-el-arte","status":"publish","type":"post","link":"https:\/\/dev.antudigital.cl\/sites\/vc\/museo-artequin-invita-a-su-seminario-sobre-educacion-emocional-desde-el-arte\/","title":{"rendered":"Museo Artequ\u00edn invita a su seminario sobre Educaci\u00f3n Emocional desde el arte"},"content":{"rendered":"\n<p>El pr\u00f3ximo jueves, 13 de octubre de 2022, el museo Artequin de Vi\u00f1a del Mar llevar\u00e1 a cabo la novena edici\u00f3n del Anti Seminario, instancia en la que se pretende dar herramientas de crecimiento para profesionales de la educaci\u00f3n. El objetivo del seminario es profundizar en tem\u00e1ticas que puedan repercutir en los ni\u00f1os y ni\u00f1as.<\/p>\n\n\n\n<p>Este a\u00f1o, el tema principal ser\u00e1 la educaci\u00f3n emocional, dado que el museo inici\u00f3, a principios del 2022, la campa\u00f1a \u201cEducaci\u00f3n emocional a trav\u00e9s del arte\u201d, la cual busca, como su nombre bien lo explica, ayudar a los ni\u00f1os y ni\u00f1as a reconocer, aceptar y expresar sus emociones a trav\u00e9s de el arte y el juego. Esto con el objetivo de generar instancias de respeto y motivaci\u00f3n, en beneficio del \u00f3ptimo aprendizaje.&nbsp;<\/p>\n\n\n\n<p>En esta jornada, se realizar\u00e1 el taller \u201csentir las obras\u201d, a cargo del equipo educador del museo Artequin Vi\u00f1a, el cual busca generar una instancia de experimentaci\u00f3n, y fomentar la percepci\u00f3n del arte a trav\u00e9s de los distintos sentidos, poniendo atenci\u00f3n en las sensaciones que una obra de arte pueda provocar.&nbsp;<\/p>\n\n\n\n<p>Adem\u00e1s, realizar\u00e1n charlas a cargo de Enzo Arias, docente especializado en educaci\u00f3n emocional; Patricio Orio, Doctor en ciencias con menci\u00f3n en Biolog\u00eda molecular, celular y neurociencias; y Ram\u00f3n Latorre, destacado Bioqu\u00edmico nacional, qui\u00e9n fue docente en las universidades de Chicago y Harvard (E.E.U.U), y es ganador del premio nacional de ciencias, adem\u00e1s del premio M\u00e9xico, otorgado por el gobierno Mexicano a cient\u00edficos de Latinoam\u00e9rica, Espa\u00f1a y Portugal.&nbsp;<\/p>\n\n\n\n<p>La jornada se extender\u00e1 desde las 09:00 hasta las 17:30, y tendr\u00e1 un valor de $2.000 la entrada general, y $9.000 con almuerzo.<\/p>\n\n\n\n<figure class=\"wp-block-image size-large\"><img fetchpriority=\"high\" decoding=\"async\" width=\"1024\" height=\"1024\" src=\"https:\/\/www.valparaisocreativo.cl\/wp-content\/uploads\/2022\/10\/A1-1024x1024.png\" alt=\"\" class=\"wp-image-11795\" srcset=\"https:\/\/dev.antudigital.cl\/sites\/vc\/wp-content\/uploads\/2022\/10\/A1-1024x1024.png 1024w, https:\/\/dev.antudigital.cl\/sites\/vc\/wp-content\/uploads\/2022\/10\/A1-300x300.png 300w, https:\/\/dev.antudigital.cl\/sites\/vc\/wp-content\/uploads\/2022\/10\/A1-150x150.png 150w, https:\/\/dev.antudigital.cl\/sites\/vc\/wp-content\/uploads\/2022\/10\/A1-768x768.png 768w, https:\/\/dev.antudigital.cl\/sites\/vc\/wp-content\/uploads\/2022\/10\/A1-980x980.png 980w, https:\/\/dev.antudigital.cl\/sites\/vc\/wp-content\/uploads\/2022\/10\/A1-480x480.png 480w, https:\/\/dev.antudigital.cl\/sites\/vc\/wp-content\/uploads\/2022\/10\/A1.png 1080w\" sizes=\"(max-width: 1024px) 100vw, 1024px\" \/><\/figure>\n\n\n\n<figure class=\"wp-block-image size-large\"><img decoding=\"async\" width=\"1024\" height=\"1024\" src=\"https:\/\/www.valparaisocreativo.cl\/wp-content\/uploads\/2022\/10\/a2-1024x1024.png\" alt=\"\" class=\"wp-image-11796\" srcset=\"https:\/\/dev.antudigital.cl\/sites\/vc\/wp-content\/uploads\/2022\/10\/a2-1024x1024.png 1024w, https:\/\/dev.antudigital.cl\/sites\/vc\/wp-content\/uploads\/2022\/10\/a2-300x300.png 300w, https:\/\/dev.antudigital.cl\/sites\/vc\/wp-content\/uploads\/2022\/10\/a2-150x150.png 150w, https:\/\/dev.antudigital.cl\/sites\/vc\/wp-content\/uploads\/2022\/10\/a2-768x768.png 768w, https:\/\/dev.antudigital.cl\/sites\/vc\/wp-content\/uploads\/2022\/10\/a2-980x980.png 980w, https:\/\/dev.antudigital.cl\/sites\/vc\/wp-content\/uploads\/2022\/10\/a2-480x480.png 480w, https:\/\/dev.antudigital.cl\/sites\/vc\/wp-content\/uploads\/2022\/10\/a2.png 1080w\" sizes=\"(max-width: 1024px) 100vw, 1024px\" \/><\/figure>\n","protected":false},"excerpt":{"rendered":"<p>El pr\u00f3ximo jueves, 13 de octubre de 2022, el museo Artequin de Vi\u00f1a del Mar llevar\u00e1 a cabo la novena edici\u00f3n del Anti Seminario, instancia en la que se pretende dar herramientas de crecimiento para profesionales de la educaci\u00f3n. El objetivo del seminario es profundizar en tem\u00e1ticas que puedan repercutir en los ni\u00f1os y ni\u00f1as. [&hellip;]<\/p>\n","protected":false},"author":1,"featured_media":10279,"comment_status":"open","ping_status":"closed","sticky":false,"template":"","format":"standard","meta":{"_acf_changed":false,"footnotes":""},"categories":[8],"tags":[],"class_list":["post-11793","post","type-post","status-publish","format-standard","has-post-thumbnail","hentry","category-noticia"],"acf":[],"yoast_head":"<!-- This site is optimized with the Yoast SEO plugin v27.1.1 - https:\/\/yoast.com\/product\/yoast-seo-wordpress\/ -->\n<title>Museo Artequ\u00edn invita a su seminario sobre Educaci\u00f3n Emocional desde el arte - Valpara\u00ed\u00adso Creativo<\/title>\n<meta name=\"robots\" content=\"index, follow, max-snippet:-1, max-image-preview:large, max-video-preview:-1\" \/>\n<link rel=\"canonical\" href=\"https:\/\/dev.antudigital.cl\/sites\/vc\/museo-artequin-invita-a-su-seminario-sobre-educacion-emocional-desde-el-arte\/\" \/>\n<meta property=\"og:locale\" content=\"es_ES\" \/>\n<meta property=\"og:type\" content=\"article\" \/>\n<meta property=\"og:title\" content=\"Museo Artequ\u00edn invita a su seminario sobre Educaci\u00f3n Emocional desde el arte - Valpara\u00ed\u00adso Creativo\" \/>\n<meta property=\"og:description\" content=\"El pr\u00f3ximo jueves, 13 de octubre de 2022, el museo Artequin de Vi\u00f1a del Mar llevar\u00e1 a cabo la novena edici\u00f3n del Anti Seminario, instancia en la que se pretende dar herramientas de crecimiento para profesionales de la educaci\u00f3n. El objetivo del seminario es profundizar en tem\u00e1ticas que puedan repercutir en los ni\u00f1os y ni\u00f1as. [&hellip;]\" \/>\n<meta property=\"og:url\" content=\"https:\/\/dev.antudigital.cl\/sites\/vc\/museo-artequin-invita-a-su-seminario-sobre-educacion-emocional-desde-el-arte\/\" \/>\n<meta property=\"og:site_name\" content=\"Valpara\u00ed\u00adso Creativo\" \/>\n<meta property=\"article:published_time\" content=\"2022-10-10T17:10:42+00:00\" \/>\n<meta property=\"article:modified_time\" content=\"2022-10-10T17:10:47+00:00\" \/>\n<meta property=\"og:image\" content=\"https:\/\/dev.antudigital.cl\/sites\/vc\/wp-content\/uploads\/2022\/04\/20200529091253-articulo-artequin-610x300-1.jpg\" \/>\n\t<meta property=\"og:image:width\" content=\"610\" \/>\n\t<meta property=\"og:image:height\" content=\"300\" \/>\n\t<meta property=\"og:image:type\" content=\"image\/jpeg\" \/>\n<meta name=\"author\" content=\"Valpara\u00edso Creativo\" \/>\n<meta name=\"twitter:card\" content=\"summary_large_image\" \/>\n<meta name=\"twitter:label1\" content=\"Escrito por\" \/>\n\t<meta name=\"twitter:data1\" content=\"Valpara\u00edso Creativo\" \/>\n\t<meta name=\"twitter:label2\" content=\"Tiempo de lectura\" \/>\n\t<meta name=\"twitter:data2\" content=\"2 minutos\" \/>\n<script type=\"application\/ld+json\" class=\"yoast-schema-graph\">{\"@context\":\"https:\/\/schema.org\",\"@graph\":[{\"@type\":\"Article\",\"@id\":\"https:\/\/dev.antudigital.cl\/sites\/vc\/museo-artequin-invita-a-su-seminario-sobre-educacion-emocional-desde-el-arte\/#article\",\"isPartOf\":{\"@id\":\"https:\/\/dev.antudigital.cl\/sites\/vc\/museo-artequin-invita-a-su-seminario-sobre-educacion-emocional-desde-el-arte\/\"},\"author\":{\"name\":\"Valpara\u00edso Creativo\",\"@id\":\"https:\/\/dev.antudigital.cl\/sites\/vc\/#\/schema\/person\/c2b9da8dd545e27166fc5ab232837318\"},\"headline\":\"Museo Artequ\u00edn invita a su seminario sobre Educaci\u00f3n Emocional desde el arte\",\"datePublished\":\"2022-10-10T17:10:42+00:00\",\"dateModified\":\"2022-10-10T17:10:47+00:00\",\"mainEntityOfPage\":{\"@id\":\"https:\/\/dev.antudigital.cl\/sites\/vc\/museo-artequin-invita-a-su-seminario-sobre-educacion-emocional-desde-el-arte\/\"},\"wordCount\":315,\"commentCount\":0,\"image\":{\"@id\":\"https:\/\/dev.antudigital.cl\/sites\/vc\/museo-artequin-invita-a-su-seminario-sobre-educacion-emocional-desde-el-arte\/#primaryimage\"},\"thumbnailUrl\":\"https:\/\/dev.antudigital.cl\/sites\/vc\/wp-content\/uploads\/2022\/04\/20200529091253-articulo-artequin-610x300-1.jpg\",\"articleSection\":[\"Noticia\"],\"inLanguage\":\"es\",\"potentialAction\":[{\"@type\":\"CommentAction\",\"name\":\"Comment\",\"target\":[\"https:\/\/dev.antudigital.cl\/sites\/vc\/museo-artequin-invita-a-su-seminario-sobre-educacion-emocional-desde-el-arte\/#respond\"]}]},{\"@type\":\"WebPage\",\"@id\":\"https:\/\/dev.antudigital.cl\/sites\/vc\/museo-artequin-invita-a-su-seminario-sobre-educacion-emocional-desde-el-arte\/\",\"url\":\"https:\/\/dev.antudigital.cl\/sites\/vc\/museo-artequin-invita-a-su-seminario-sobre-educacion-emocional-desde-el-arte\/\",\"name\":\"Museo Artequ\u00edn invita a su seminario sobre Educaci\u00f3n Emocional desde el arte - Valpara\u00ed\u00adso Creativo\",\"isPartOf\":{\"@id\":\"https:\/\/dev.antudigital.cl\/sites\/vc\/#website\"},\"primaryImageOfPage\":{\"@id\":\"https:\/\/dev.antudigital.cl\/sites\/vc\/museo-artequin-invita-a-su-seminario-sobre-educacion-emocional-desde-el-arte\/#primaryimage\"},\"image\":{\"@id\":\"https:\/\/dev.antudigital.cl\/sites\/vc\/museo-artequin-invita-a-su-seminario-sobre-educacion-emocional-desde-el-arte\/#primaryimage\"},\"thumbnailUrl\":\"https:\/\/dev.antudigital.cl\/sites\/vc\/wp-content\/uploads\/2022\/04\/20200529091253-articulo-artequin-610x300-1.jpg\",\"datePublished\":\"2022-10-10T17:10:42+00:00\",\"dateModified\":\"2022-10-10T17:10:47+00:00\",\"author\":{\"@id\":\"https:\/\/dev.antudigital.cl\/sites\/vc\/#\/schema\/person\/c2b9da8dd545e27166fc5ab232837318\"},\"breadcrumb\":{\"@id\":\"https:\/\/dev.antudigital.cl\/sites\/vc\/museo-artequin-invita-a-su-seminario-sobre-educacion-emocional-desde-el-arte\/#breadcrumb\"},\"inLanguage\":\"es\",\"potentialAction\":[{\"@type\":\"ReadAction\",\"target\":[\"https:\/\/dev.antudigital.cl\/sites\/vc\/museo-artequin-invita-a-su-seminario-sobre-educacion-emocional-desde-el-arte\/\"]}]},{\"@type\":\"ImageObject\",\"inLanguage\":\"es\",\"@id\":\"https:\/\/dev.antudigital.cl\/sites\/vc\/museo-artequin-invita-a-su-seminario-sobre-educacion-emocional-desde-el-arte\/#primaryimage\",\"url\":\"https:\/\/dev.antudigital.cl\/sites\/vc\/wp-content\/uploads\/2022\/04\/20200529091253-articulo-artequin-610x300-1.jpg\",\"contentUrl\":\"https:\/\/dev.antudigital.cl\/sites\/vc\/wp-content\/uploads\/2022\/04\/20200529091253-articulo-artequin-610x300-1.jpg\",\"width\":610,\"height\":300},{\"@type\":\"BreadcrumbList\",\"@id\":\"https:\/\/dev.antudigital.cl\/sites\/vc\/museo-artequin-invita-a-su-seminario-sobre-educacion-emocional-desde-el-arte\/#breadcrumb\",\"itemListElement\":[{\"@type\":\"ListItem\",\"position\":1,\"name\":\"Home\",\"item\":\"https:\/\/dev.antudigital.cl\/sites\/vc\/\"},{\"@type\":\"ListItem\",\"position\":2,\"name\":\"Museo Artequ\u00edn invita a su seminario sobre Educaci\u00f3n Emocional desde el arte\"}]},{\"@type\":\"WebSite\",\"@id\":\"https:\/\/dev.antudigital.cl\/sites\/vc\/#website\",\"url\":\"https:\/\/dev.antudigital.cl\/sites\/vc\/\",\"name\":\"Valpara\u00ed\u00adso Creativo\",\"description\":\"\",\"potentialAction\":[{\"@type\":\"SearchAction\",\"target\":{\"@type\":\"EntryPoint\",\"urlTemplate\":\"https:\/\/dev.antudigital.cl\/sites\/vc\/?s={search_term_string}\"},\"query-input\":{\"@type\":\"PropertyValueSpecification\",\"valueRequired\":true,\"valueName\":\"search_term_string\"}}],\"inLanguage\":\"es\"},{\"@type\":\"Person\",\"@id\":\"https:\/\/dev.antudigital.cl\/sites\/vc\/#\/schema\/person\/c2b9da8dd545e27166fc5ab232837318\",\"name\":\"Valpara\u00edso Creativo\",\"description\":\"Periodista de cultura en la Regi\u00f3n de Valpara\u00edso.\",\"url\":\"https:\/\/dev.antudigital.cl\/sites\/vc\/author\/valpoadmin\/\"}]}<\/script>\n<!-- \/ Yoast SEO plugin. -->","yoast_head_json":{"title":"Museo Artequ\u00edn invita a su seminario sobre Educaci\u00f3n Emocional desde el arte - Valpara\u00ed\u00adso Creativo","robots":{"index":"index","follow":"follow","max-snippet":"max-snippet:-1","max-image-preview":"max-image-preview:large","max-video-preview":"max-video-preview:-1"},"canonical":"https:\/\/dev.antudigital.cl\/sites\/vc\/museo-artequin-invita-a-su-seminario-sobre-educacion-emocional-desde-el-arte\/","og_locale":"es_ES","og_type":"article","og_title":"Museo Artequ\u00edn invita a su seminario sobre Educaci\u00f3n Emocional desde el arte - Valpara\u00ed\u00adso Creativo","og_description":"El pr\u00f3ximo jueves, 13 de octubre de 2022, el museo Artequin de Vi\u00f1a del Mar llevar\u00e1 a cabo la novena edici\u00f3n del Anti Seminario, instancia en la que se pretende dar herramientas de crecimiento para profesionales de la educaci\u00f3n. El objetivo del seminario es profundizar en tem\u00e1ticas que puedan repercutir en los ni\u00f1os y ni\u00f1as. [&hellip;]","og_url":"https:\/\/dev.antudigital.cl\/sites\/vc\/museo-artequin-invita-a-su-seminario-sobre-educacion-emocional-desde-el-arte\/","og_site_name":"Valpara\u00ed\u00adso Creativo","article_published_time":"2022-10-10T17:10:42+00:00","article_modified_time":"2022-10-10T17:10:47+00:00","og_image":[{"width":610,"height":300,"url":"https:\/\/dev.antudigital.cl\/sites\/vc\/wp-content\/uploads\/2022\/04\/20200529091253-articulo-artequin-610x300-1.jpg","type":"image\/jpeg"}],"author":"Valpara\u00edso Creativo","twitter_card":"summary_large_image","twitter_misc":{"Escrito por":"Valpara\u00edso Creativo","Tiempo de lectura":"2 minutos"},"schema":{"@context":"https:\/\/schema.org","@graph":[{"@type":"Article","@id":"https:\/\/dev.antudigital.cl\/sites\/vc\/museo-artequin-invita-a-su-seminario-sobre-educacion-emocional-desde-el-arte\/#article","isPartOf":{"@id":"https:\/\/dev.antudigital.cl\/sites\/vc\/museo-artequin-invita-a-su-seminario-sobre-educacion-emocional-desde-el-arte\/"},"author":{"name":"Valpara\u00edso Creativo","@id":"https:\/\/dev.antudigital.cl\/sites\/vc\/#\/schema\/person\/c2b9da8dd545e27166fc5ab232837318"},"headline":"Museo Artequ\u00edn invita a su seminario sobre Educaci\u00f3n Emocional desde el arte","datePublished":"2022-10-10T17:10:42+00:00","dateModified":"2022-10-10T17:10:47+00:00","mainEntityOfPage":{"@id":"https:\/\/dev.antudigital.cl\/sites\/vc\/museo-artequin-invita-a-su-seminario-sobre-educacion-emocional-desde-el-arte\/"},"wordCount":315,"commentCount":0,"image":{"@id":"https:\/\/dev.antudigital.cl\/sites\/vc\/museo-artequin-invita-a-su-seminario-sobre-educacion-emocional-desde-el-arte\/#primaryimage"},"thumbnailUrl":"https:\/\/dev.antudigital.cl\/sites\/vc\/wp-content\/uploads\/2022\/04\/20200529091253-articulo-artequin-610x300-1.jpg","articleSection":["Noticia"],"inLanguage":"es","potentialAction":[{"@type":"CommentAction","name":"Comment","target":["https:\/\/dev.antudigital.cl\/sites\/vc\/museo-artequin-invita-a-su-seminario-sobre-educacion-emocional-desde-el-arte\/#respond"]}]},{"@type":"WebPage","@id":"https:\/\/dev.antudigital.cl\/sites\/vc\/museo-artequin-invita-a-su-seminario-sobre-educacion-emocional-desde-el-arte\/","url":"https:\/\/dev.antudigital.cl\/sites\/vc\/museo-artequin-invita-a-su-seminario-sobre-educacion-emocional-desde-el-arte\/","name":"Museo Artequ\u00edn invita a su seminario sobre Educaci\u00f3n Emocional desde el arte - Valpara\u00ed\u00adso Creativo","isPartOf":{"@id":"https:\/\/dev.antudigital.cl\/sites\/vc\/#website"},"primaryImageOfPage":{"@id":"https:\/\/dev.antudigital.cl\/sites\/vc\/museo-artequin-invita-a-su-seminario-sobre-educacion-emocional-desde-el-arte\/#primaryimage"},"image":{"@id":"https:\/\/dev.antudigital.cl\/sites\/vc\/museo-artequin-invita-a-su-seminario-sobre-educacion-emocional-desde-el-arte\/#primaryimage"},"thumbnailUrl":"https:\/\/dev.antudigital.cl\/sites\/vc\/wp-content\/uploads\/2022\/04\/20200529091253-articulo-artequin-610x300-1.jpg","datePublished":"2022-10-10T17:10:42+00:00","dateModified":"2022-10-10T17:10:47+00:00","author":{"@id":"https:\/\/dev.antudigital.cl\/sites\/vc\/#\/schema\/person\/c2b9da8dd545e27166fc5ab232837318"},"breadcrumb":{"@id":"https:\/\/dev.antudigital.cl\/sites\/vc\/museo-artequin-invita-a-su-seminario-sobre-educacion-emocional-desde-el-arte\/#breadcrumb"},"inLanguage":"es","potentialAction":[{"@type":"ReadAction","target":["https:\/\/dev.antudigital.cl\/sites\/vc\/museo-artequin-invita-a-su-seminario-sobre-educacion-emocional-desde-el-arte\/"]}]},{"@type":"ImageObject","inLanguage":"es","@id":"https:\/\/dev.antudigital.cl\/sites\/vc\/museo-artequin-invita-a-su-seminario-sobre-educacion-emocional-desde-el-arte\/#primaryimage","url":"https:\/\/dev.antudigital.cl\/sites\/vc\/wp-content\/uploads\/2022\/04\/20200529091253-articulo-artequin-610x300-1.jpg","contentUrl":"https:\/\/dev.antudigital.cl\/sites\/vc\/wp-content\/uploads\/2022\/04\/20200529091253-articulo-artequin-610x300-1.jpg","width":610,"height":300},{"@type":"BreadcrumbList","@id":"https:\/\/dev.antudigital.cl\/sites\/vc\/museo-artequin-invita-a-su-seminario-sobre-educacion-emocional-desde-el-arte\/#breadcrumb","itemListElement":[{"@type":"ListItem","position":1,"name":"Home","item":"https:\/\/dev.antudigital.cl\/sites\/vc\/"},{"@type":"ListItem","position":2,"name":"Museo Artequ\u00edn invita a su seminario sobre Educaci\u00f3n Emocional desde el arte"}]},{"@type":"WebSite","@id":"https:\/\/dev.antudigital.cl\/sites\/vc\/#website","url":"https:\/\/dev.antudigital.cl\/sites\/vc\/","name":"Valpara\u00ed\u00adso Creativo","description":"","potentialAction":[{"@type":"SearchAction","target":{"@type":"EntryPoint","urlTemplate":"https:\/\/dev.antudigital.cl\/sites\/vc\/?s={search_term_string}"},"query-input":{"@type":"PropertyValueSpecification","valueRequired":true,"valueName":"search_term_string"}}],"inLanguage":"es"},{"@type":"Person","@id":"https:\/\/dev.antudigital.cl\/sites\/vc\/#\/schema\/person\/c2b9da8dd545e27166fc5ab232837318","name":"Valpara\u00edso Creativo","description":"Periodista de cultura en la Regi\u00f3n de Valpara\u00edso.","url":"https:\/\/dev.antudigital.cl\/sites\/vc\/author\/valpoadmin\/"}]}},"_links":{"self":[{"href":"https:\/\/dev.antudigital.cl\/sites\/vc\/wp-json\/wp\/v2\/posts\/11793","targetHints":{"allow":["GET"]}}],"collection":[{"href":"https:\/\/dev.antudigital.cl\/sites\/vc\/wp-json\/wp\/v2\/posts"}],"about":[{"href":"https:\/\/dev.antudigital.cl\/sites\/vc\/wp-json\/wp\/v2\/types\/post"}],"author":[{"embeddable":true,"href":"https:\/\/dev.antudigital.cl\/sites\/vc\/wp-json\/wp\/v2\/users\/1"}],"replies":[{"embeddable":true,"href":"https:\/\/dev.antudigital.cl\/sites\/vc\/wp-json\/wp\/v2\/comments?post=11793"}],"version-history":[{"count":1,"href":"https:\/\/dev.antudigital.cl\/sites\/vc\/wp-json\/wp\/v2\/posts\/11793\/revisions"}],"predecessor-version":[{"id":11797,"href":"https:\/\/dev.antudigital.cl\/sites\/vc\/wp-json\/wp\/v2\/posts\/11793\/revisions\/11797"}],"wp:featuredmedia":[{"embeddable":true,"href":"https:\/\/dev.antudigital.cl\/sites\/vc\/wp-json\/wp\/v2\/media\/10279"}],"wp:attachment":[{"href":"https:\/\/dev.antudigital.cl\/sites\/vc\/wp-json\/wp\/v2\/media?parent=11793"}],"wp:term":[{"taxonomy":"category","embeddable":true,"href":"https:\/\/dev.antudigital.cl\/sites\/vc\/wp-json\/wp\/v2\/categories?post=11793"},{"taxonomy":"post_tag","embeddable":true,"href":"https:\/\/dev.antudigital.cl\/sites\/vc\/wp-json\/wp\/v2\/tags?post=11793"}],"curies":[{"name":"wp","href":"https:\/\/api.w.org\/{rel}","templated":true}]}}