{"id":11798,"date":"2022-10-10T18:48:57","date_gmt":"2022-10-10T18:48:57","guid":{"rendered":"https:\/\/www.valparaisocreativo.cl\/?p=11798"},"modified":"2022-10-10T18:49:03","modified_gmt":"2022-10-10T18:49:03","slug":"tenemos-una-charla-para-ti-aprende-sobre-modelo-de-negocios-con-la-uv-y-valparaiso-creativo","status":"publish","type":"post","link":"https:\/\/dev.antudigital.cl\/sites\/vc\/tenemos-una-charla-para-ti-aprende-sobre-modelo-de-negocios-con-la-uv-y-valparaiso-creativo\/","title":{"rendered":"Tenemos una charla para ti: aprende sobre Modelo de Negocios con la UV y Valpara\u00edso Creativo"},"content":{"rendered":"\n<p><\/p>\n\n\n\n<p>El Departamento de Formaci\u00f3n y Vinculaci\u00f3n con el Medio de la Universidad de Valpara\u00edso, invita a inscribirse a la Charla de Modelo de Negocios que se realizar\u00e1 en nuestra facultad junto al team de <a href=\"http:\/\/valparaisocreativo.cl\">Valpara\u00edso Creativo.<\/a><br>Esta instancia busca que estudiantes puedan interiorizar sus conocimientos a la hora de realizar un modelo de negocios, las consideraciones a tener en cuenta y poder resolver toda las dudas. Esto de la mano de Javiera L\u00f3pez, Ejecutiva de Fomento PER &#8211; CORFO Valpara\u00edso Creativo<\/p>\n\n\n\n<p><img decoding=\"async\" src=\"https:\/\/fonts.gstatic.com\/s\/e\/notoemoji\/14.0\/1f538\/32.png\" alt=\"&#x1f538;\"> Lugar: Facultad de Ingenier\u00eda Civil Industrial<br><img decoding=\"async\" src=\"https:\/\/fonts.gstatic.com\/s\/e\/notoemoji\/14.0\/1f538\/32.png\" alt=\"&#x1f538;\"> Fecha: 18\/10\/2022<br><img decoding=\"async\" src=\"https:\/\/fonts.gstatic.com\/s\/e\/notoemoji\/14.0\/1f538\/32.png\" alt=\"&#x1f538;\"> Hora: 15:00 HRS\u00a0<br><img decoding=\"async\" src=\"https:\/\/fonts.gstatic.com\/s\/e\/notoemoji\/14.0\/1f538\/32.png\" alt=\"&#x1f538;\"> Enlace Inscripci\u00f3n: <a href=\"https:\/\/bit.ly\/3CDWDZe\" target=\"_blank\" rel=\"noreferrer noopener\">https:\/\/bit.ly\/3CDWDZe<\/a><\/p>\n\n\n\n<p>\u00a1Te esperamos!<\/p>\n\n\n\n<figure class=\"wp-block-image size-large\"><img fetchpriority=\"high\" decoding=\"async\" width=\"1024\" height=\"1019\" src=\"https:\/\/www.valparaisocreativo.cl\/wp-content\/uploads\/2022\/10\/gra\u0301fica-2-1024x1019.jpeg\" alt=\"\" class=\"wp-image-11799\" srcset=\"https:\/\/dev.antudigital.cl\/sites\/vc\/wp-content\/uploads\/2022\/10\/gra\u0301fica-2-1024x1019.jpeg 1024w, https:\/\/dev.antudigital.cl\/sites\/vc\/wp-content\/uploads\/2022\/10\/gra\u0301fica-2-300x300.jpeg 300w, https:\/\/dev.antudigital.cl\/sites\/vc\/wp-content\/uploads\/2022\/10\/gra\u0301fica-2-150x150.jpeg 150w, https:\/\/dev.antudigital.cl\/sites\/vc\/wp-content\/uploads\/2022\/10\/gra\u0301fica-2-768x764.jpeg 768w, https:\/\/dev.antudigital.cl\/sites\/vc\/wp-content\/uploads\/2022\/10\/gra\u0301fica-2-980x975.jpeg 980w, https:\/\/dev.antudigital.cl\/sites\/vc\/wp-content\/uploads\/2022\/10\/gra\u0301fica-2-480x478.jpeg 480w, https:\/\/dev.antudigital.cl\/sites\/vc\/wp-content\/uploads\/2022\/10\/gra\u0301fica-2.jpeg 1080w\" sizes=\"(max-width: 1024px) 100vw, 1024px\" \/><\/figure>\n","protected":false},"excerpt":{"rendered":"<p>El Departamento de Formaci\u00f3n y Vinculaci\u00f3n con el Medio de la Universidad de Valpara\u00edso, invita a inscribirse a la Charla de Modelo de Negocios que se realizar\u00e1 en nuestra facultad junto al team de Valpara\u00edso Creativo.Esta instancia busca que estudiantes puedan interiorizar sus conocimientos a la hora de realizar un modelo de negocios, las consideraciones [&hellip;]<\/p>\n","protected":false},"author":1,"featured_media":11800,"comment_status":"open","ping_status":"closed","sticky":false,"template":"","format":"standard","meta":{"_acf_changed":false,"footnotes":""},"categories":[8],"tags":[],"class_list":["post-11798","post","type-post","status-publish","format-standard","has-post-thumbnail","hentry","category-noticia"],"acf":[],"yoast_head":"<!-- This site is optimized with the Yoast SEO plugin v27.1.1 - https:\/\/yoast.com\/product\/yoast-seo-wordpress\/ -->\n<title>Tenemos una charla para ti: aprende sobre Modelo de Negocios con la UV y Valpara\u00edso Creativo - Valpara\u00ed\u00adso Creativo<\/title>\n<meta name=\"robots\" content=\"index, follow, max-snippet:-1, max-image-preview:large, max-video-preview:-1\" \/>\n<link rel=\"canonical\" href=\"https:\/\/dev.antudigital.cl\/sites\/vc\/tenemos-una-charla-para-ti-aprende-sobre-modelo-de-negocios-con-la-uv-y-valparaiso-creativo\/\" \/>\n<meta property=\"og:locale\" content=\"es_ES\" \/>\n<meta property=\"og:type\" content=\"article\" \/>\n<meta property=\"og:title\" content=\"Tenemos una charla para ti: aprende sobre Modelo de Negocios con la UV y Valpara\u00edso Creativo - Valpara\u00ed\u00adso Creativo\" \/>\n<meta property=\"og:description\" content=\"El Departamento de Formaci\u00f3n y Vinculaci\u00f3n con el Medio de la Universidad de Valpara\u00edso, invita a inscribirse a la Charla de Modelo de Negocios que se realizar\u00e1 en nuestra facultad junto al team de Valpara\u00edso Creativo.Esta instancia busca que estudiantes puedan interiorizar sus conocimientos a la hora de realizar un modelo de negocios, las consideraciones [&hellip;]\" \/>\n<meta property=\"og:url\" content=\"https:\/\/dev.antudigital.cl\/sites\/vc\/tenemos-una-charla-para-ti-aprende-sobre-modelo-de-negocios-con-la-uv-y-valparaiso-creativo\/\" \/>\n<meta property=\"og:site_name\" content=\"Valpara\u00ed\u00adso Creativo\" \/>\n<meta property=\"article:published_time\" content=\"2022-10-10T18:48:57+00:00\" \/>\n<meta property=\"article:modified_time\" content=\"2022-10-10T18:49:03+00:00\" \/>\n<meta property=\"og:image\" content=\"https:\/\/dev.antudigital.cl\/sites\/vc\/wp-content\/uploads\/2022\/10\/Modelo-de-negocio-Guillem-Recolons.jpg\" \/>\n\t<meta property=\"og:image:width\" content=\"1200\" \/>\n\t<meta property=\"og:image:height\" content=\"776\" \/>\n\t<meta property=\"og:image:type\" content=\"image\/jpeg\" \/>\n<meta name=\"author\" content=\"Valpara\u00edso Creativo\" \/>\n<meta name=\"twitter:card\" content=\"summary_large_image\" \/>\n<meta name=\"twitter:label1\" content=\"Escrito por\" \/>\n\t<meta name=\"twitter:data1\" content=\"Valpara\u00edso Creativo\" \/>\n\t<meta name=\"twitter:label2\" content=\"Tiempo de lectura\" \/>\n\t<meta name=\"twitter:data2\" content=\"2 minutos\" \/>\n<script type=\"application\/ld+json\" class=\"yoast-schema-graph\">{\"@context\":\"https:\/\/schema.org\",\"@graph\":[{\"@type\":\"Article\",\"@id\":\"https:\/\/dev.antudigital.cl\/sites\/vc\/tenemos-una-charla-para-ti-aprende-sobre-modelo-de-negocios-con-la-uv-y-valparaiso-creativo\/#article\",\"isPartOf\":{\"@id\":\"https:\/\/dev.antudigital.cl\/sites\/vc\/tenemos-una-charla-para-ti-aprende-sobre-modelo-de-negocios-con-la-uv-y-valparaiso-creativo\/\"},\"author\":{\"name\":\"Valpara\u00edso Creativo\",\"@id\":\"https:\/\/dev.antudigital.cl\/sites\/vc\/#\/schema\/person\/c2b9da8dd545e27166fc5ab232837318\"},\"headline\":\"Tenemos una charla para ti: aprende sobre Modelo de Negocios con la UV y Valpara\u00edso Creativo\",\"datePublished\":\"2022-10-10T18:48:57+00:00\",\"dateModified\":\"2022-10-10T18:49:03+00:00\",\"mainEntityOfPage\":{\"@id\":\"https:\/\/dev.antudigital.cl\/sites\/vc\/tenemos-una-charla-para-ti-aprende-sobre-modelo-de-negocios-con-la-uv-y-valparaiso-creativo\/\"},\"wordCount\":123,\"commentCount\":0,\"image\":{\"@id\":\"https:\/\/dev.antudigital.cl\/sites\/vc\/tenemos-una-charla-para-ti-aprende-sobre-modelo-de-negocios-con-la-uv-y-valparaiso-creativo\/#primaryimage\"},\"thumbnailUrl\":\"https:\/\/dev.antudigital.cl\/sites\/vc\/wp-content\/uploads\/2022\/10\/Modelo-de-negocio-Guillem-Recolons.jpg\",\"articleSection\":[\"Noticia\"],\"inLanguage\":\"es\",\"potentialAction\":[{\"@type\":\"CommentAction\",\"name\":\"Comment\",\"target\":[\"https:\/\/dev.antudigital.cl\/sites\/vc\/tenemos-una-charla-para-ti-aprende-sobre-modelo-de-negocios-con-la-uv-y-valparaiso-creativo\/#respond\"]}]},{\"@type\":\"WebPage\",\"@id\":\"https:\/\/dev.antudigital.cl\/sites\/vc\/tenemos-una-charla-para-ti-aprende-sobre-modelo-de-negocios-con-la-uv-y-valparaiso-creativo\/\",\"url\":\"https:\/\/dev.antudigital.cl\/sites\/vc\/tenemos-una-charla-para-ti-aprende-sobre-modelo-de-negocios-con-la-uv-y-valparaiso-creativo\/\",\"name\":\"Tenemos una charla para ti: aprende sobre Modelo de Negocios con la UV y Valpara\u00edso Creativo - Valpara\u00ed\u00adso Creativo\",\"isPartOf\":{\"@id\":\"https:\/\/dev.antudigital.cl\/sites\/vc\/#website\"},\"primaryImageOfPage\":{\"@id\":\"https:\/\/dev.antudigital.cl\/sites\/vc\/tenemos-una-charla-para-ti-aprende-sobre-modelo-de-negocios-con-la-uv-y-valparaiso-creativo\/#primaryimage\"},\"image\":{\"@id\":\"https:\/\/dev.antudigital.cl\/sites\/vc\/tenemos-una-charla-para-ti-aprende-sobre-modelo-de-negocios-con-la-uv-y-valparaiso-creativo\/#primaryimage\"},\"thumbnailUrl\":\"https:\/\/dev.antudigital.cl\/sites\/vc\/wp-content\/uploads\/2022\/10\/Modelo-de-negocio-Guillem-Recolons.jpg\",\"datePublished\":\"2022-10-10T18:48:57+00:00\",\"dateModified\":\"2022-10-10T18:49:03+00:00\",\"author\":{\"@id\":\"https:\/\/dev.antudigital.cl\/sites\/vc\/#\/schema\/person\/c2b9da8dd545e27166fc5ab232837318\"},\"breadcrumb\":{\"@id\":\"https:\/\/dev.antudigital.cl\/sites\/vc\/tenemos-una-charla-para-ti-aprende-sobre-modelo-de-negocios-con-la-uv-y-valparaiso-creativo\/#breadcrumb\"},\"inLanguage\":\"es\",\"potentialAction\":[{\"@type\":\"ReadAction\",\"target\":[\"https:\/\/dev.antudigital.cl\/sites\/vc\/tenemos-una-charla-para-ti-aprende-sobre-modelo-de-negocios-con-la-uv-y-valparaiso-creativo\/\"]}]},{\"@type\":\"ImageObject\",\"inLanguage\":\"es\",\"@id\":\"https:\/\/dev.antudigital.cl\/sites\/vc\/tenemos-una-charla-para-ti-aprende-sobre-modelo-de-negocios-con-la-uv-y-valparaiso-creativo\/#primaryimage\",\"url\":\"https:\/\/dev.antudigital.cl\/sites\/vc\/wp-content\/uploads\/2022\/10\/Modelo-de-negocio-Guillem-Recolons.jpg\",\"contentUrl\":\"https:\/\/dev.antudigital.cl\/sites\/vc\/wp-content\/uploads\/2022\/10\/Modelo-de-negocio-Guillem-Recolons.jpg\",\"width\":1200,\"height\":776},{\"@type\":\"BreadcrumbList\",\"@id\":\"https:\/\/dev.antudigital.cl\/sites\/vc\/tenemos-una-charla-para-ti-aprende-sobre-modelo-de-negocios-con-la-uv-y-valparaiso-creativo\/#breadcrumb\",\"itemListElement\":[{\"@type\":\"ListItem\",\"position\":1,\"name\":\"Home\",\"item\":\"https:\/\/dev.antudigital.cl\/sites\/vc\/\"},{\"@type\":\"ListItem\",\"position\":2,\"name\":\"Tenemos una charla para ti: aprende sobre Modelo de Negocios con la UV y Valpara\u00edso Creativo\"}]},{\"@type\":\"WebSite\",\"@id\":\"https:\/\/dev.antudigital.cl\/sites\/vc\/#website\",\"url\":\"https:\/\/dev.antudigital.cl\/sites\/vc\/\",\"name\":\"Valpara\u00ed\u00adso Creativo\",\"description\":\"\",\"potentialAction\":[{\"@type\":\"SearchAction\",\"target\":{\"@type\":\"EntryPoint\",\"urlTemplate\":\"https:\/\/dev.antudigital.cl\/sites\/vc\/?s={search_term_string}\"},\"query-input\":{\"@type\":\"PropertyValueSpecification\",\"valueRequired\":true,\"valueName\":\"search_term_string\"}}],\"inLanguage\":\"es\"},{\"@type\":\"Person\",\"@id\":\"https:\/\/dev.antudigital.cl\/sites\/vc\/#\/schema\/person\/c2b9da8dd545e27166fc5ab232837318\",\"name\":\"Valpara\u00edso Creativo\",\"description\":\"Periodista de cultura en la Regi\u00f3n de Valpara\u00edso.\",\"url\":\"https:\/\/dev.antudigital.cl\/sites\/vc\/author\/valpoadmin\/\"}]}<\/script>\n<!-- \/ Yoast SEO plugin. -->","yoast_head_json":{"title":"Tenemos una charla para ti: aprende sobre Modelo de Negocios con la UV y Valpara\u00edso Creativo - Valpara\u00ed\u00adso Creativo","robots":{"index":"index","follow":"follow","max-snippet":"max-snippet:-1","max-image-preview":"max-image-preview:large","max-video-preview":"max-video-preview:-1"},"canonical":"https:\/\/dev.antudigital.cl\/sites\/vc\/tenemos-una-charla-para-ti-aprende-sobre-modelo-de-negocios-con-la-uv-y-valparaiso-creativo\/","og_locale":"es_ES","og_type":"article","og_title":"Tenemos una charla para ti: aprende sobre Modelo de Negocios con la UV y Valpara\u00edso Creativo - Valpara\u00ed\u00adso Creativo","og_description":"El Departamento de Formaci\u00f3n y Vinculaci\u00f3n con el Medio de la Universidad de Valpara\u00edso, invita a inscribirse a la Charla de Modelo de Negocios que se realizar\u00e1 en nuestra facultad junto al team de Valpara\u00edso Creativo.Esta instancia busca que estudiantes puedan interiorizar sus conocimientos a la hora de realizar un modelo de negocios, las consideraciones [&hellip;]","og_url":"https:\/\/dev.antudigital.cl\/sites\/vc\/tenemos-una-charla-para-ti-aprende-sobre-modelo-de-negocios-con-la-uv-y-valparaiso-creativo\/","og_site_name":"Valpara\u00ed\u00adso Creativo","article_published_time":"2022-10-10T18:48:57+00:00","article_modified_time":"2022-10-10T18:49:03+00:00","og_image":[{"width":1200,"height":776,"url":"https:\/\/dev.antudigital.cl\/sites\/vc\/wp-content\/uploads\/2022\/10\/Modelo-de-negocio-Guillem-Recolons.jpg","type":"image\/jpeg"}],"author":"Valpara\u00edso Creativo","twitter_card":"summary_large_image","twitter_misc":{"Escrito por":"Valpara\u00edso Creativo","Tiempo de lectura":"2 minutos"},"schema":{"@context":"https:\/\/schema.org","@graph":[{"@type":"Article","@id":"https:\/\/dev.antudigital.cl\/sites\/vc\/tenemos-una-charla-para-ti-aprende-sobre-modelo-de-negocios-con-la-uv-y-valparaiso-creativo\/#article","isPartOf":{"@id":"https:\/\/dev.antudigital.cl\/sites\/vc\/tenemos-una-charla-para-ti-aprende-sobre-modelo-de-negocios-con-la-uv-y-valparaiso-creativo\/"},"author":{"name":"Valpara\u00edso Creativo","@id":"https:\/\/dev.antudigital.cl\/sites\/vc\/#\/schema\/person\/c2b9da8dd545e27166fc5ab232837318"},"headline":"Tenemos una charla para ti: aprende sobre Modelo de Negocios con la UV y Valpara\u00edso Creativo","datePublished":"2022-10-10T18:48:57+00:00","dateModified":"2022-10-10T18:49:03+00:00","mainEntityOfPage":{"@id":"https:\/\/dev.antudigital.cl\/sites\/vc\/tenemos-una-charla-para-ti-aprende-sobre-modelo-de-negocios-con-la-uv-y-valparaiso-creativo\/"},"wordCount":123,"commentCount":0,"image":{"@id":"https:\/\/dev.antudigital.cl\/sites\/vc\/tenemos-una-charla-para-ti-aprende-sobre-modelo-de-negocios-con-la-uv-y-valparaiso-creativo\/#primaryimage"},"thumbnailUrl":"https:\/\/dev.antudigital.cl\/sites\/vc\/wp-content\/uploads\/2022\/10\/Modelo-de-negocio-Guillem-Recolons.jpg","articleSection":["Noticia"],"inLanguage":"es","potentialAction":[{"@type":"CommentAction","name":"Comment","target":["https:\/\/dev.antudigital.cl\/sites\/vc\/tenemos-una-charla-para-ti-aprende-sobre-modelo-de-negocios-con-la-uv-y-valparaiso-creativo\/#respond"]}]},{"@type":"WebPage","@id":"https:\/\/dev.antudigital.cl\/sites\/vc\/tenemos-una-charla-para-ti-aprende-sobre-modelo-de-negocios-con-la-uv-y-valparaiso-creativo\/","url":"https:\/\/dev.antudigital.cl\/sites\/vc\/tenemos-una-charla-para-ti-aprende-sobre-modelo-de-negocios-con-la-uv-y-valparaiso-creativo\/","name":"Tenemos una charla para ti: aprende sobre Modelo de Negocios con la UV y Valpara\u00edso Creativo - Valpara\u00ed\u00adso Creativo","isPartOf":{"@id":"https:\/\/dev.antudigital.cl\/sites\/vc\/#website"},"primaryImageOfPage":{"@id":"https:\/\/dev.antudigital.cl\/sites\/vc\/tenemos-una-charla-para-ti-aprende-sobre-modelo-de-negocios-con-la-uv-y-valparaiso-creativo\/#primaryimage"},"image":{"@id":"https:\/\/dev.antudigital.cl\/sites\/vc\/tenemos-una-charla-para-ti-aprende-sobre-modelo-de-negocios-con-la-uv-y-valparaiso-creativo\/#primaryimage"},"thumbnailUrl":"https:\/\/dev.antudigital.cl\/sites\/vc\/wp-content\/uploads\/2022\/10\/Modelo-de-negocio-Guillem-Recolons.jpg","datePublished":"2022-10-10T18:48:57+00:00","dateModified":"2022-10-10T18:49:03+00:00","author":{"@id":"https:\/\/dev.antudigital.cl\/sites\/vc\/#\/schema\/person\/c2b9da8dd545e27166fc5ab232837318"},"breadcrumb":{"@id":"https:\/\/dev.antudigital.cl\/sites\/vc\/tenemos-una-charla-para-ti-aprende-sobre-modelo-de-negocios-con-la-uv-y-valparaiso-creativo\/#breadcrumb"},"inLanguage":"es","potentialAction":[{"@type":"ReadAction","target":["https:\/\/dev.antudigital.cl\/sites\/vc\/tenemos-una-charla-para-ti-aprende-sobre-modelo-de-negocios-con-la-uv-y-valparaiso-creativo\/"]}]},{"@type":"ImageObject","inLanguage":"es","@id":"https:\/\/dev.antudigital.cl\/sites\/vc\/tenemos-una-charla-para-ti-aprende-sobre-modelo-de-negocios-con-la-uv-y-valparaiso-creativo\/#primaryimage","url":"https:\/\/dev.antudigital.cl\/sites\/vc\/wp-content\/uploads\/2022\/10\/Modelo-de-negocio-Guillem-Recolons.jpg","contentUrl":"https:\/\/dev.antudigital.cl\/sites\/vc\/wp-content\/uploads\/2022\/10\/Modelo-de-negocio-Guillem-Recolons.jpg","width":1200,"height":776},{"@type":"BreadcrumbList","@id":"https:\/\/dev.antudigital.cl\/sites\/vc\/tenemos-una-charla-para-ti-aprende-sobre-modelo-de-negocios-con-la-uv-y-valparaiso-creativo\/#breadcrumb","itemListElement":[{"@type":"ListItem","position":1,"name":"Home","item":"https:\/\/dev.antudigital.cl\/sites\/vc\/"},{"@type":"ListItem","position":2,"name":"Tenemos una charla para ti: aprende sobre Modelo de Negocios con la UV y Valpara\u00edso Creativo"}]},{"@type":"WebSite","@id":"https:\/\/dev.antudigital.cl\/sites\/vc\/#website","url":"https:\/\/dev.antudigital.cl\/sites\/vc\/","name":"Valpara\u00ed\u00adso Creativo","description":"","potentialAction":[{"@type":"SearchAction","target":{"@type":"EntryPoint","urlTemplate":"https:\/\/dev.antudigital.cl\/sites\/vc\/?s={search_term_string}"},"query-input":{"@type":"PropertyValueSpecification","valueRequired":true,"valueName":"search_term_string"}}],"inLanguage":"es"},{"@type":"Person","@id":"https:\/\/dev.antudigital.cl\/sites\/vc\/#\/schema\/person\/c2b9da8dd545e27166fc5ab232837318","name":"Valpara\u00edso Creativo","description":"Periodista de cultura en la Regi\u00f3n de Valpara\u00edso.","url":"https:\/\/dev.antudigital.cl\/sites\/vc\/author\/valpoadmin\/"}]}},"_links":{"self":[{"href":"https:\/\/dev.antudigital.cl\/sites\/vc\/wp-json\/wp\/v2\/posts\/11798","targetHints":{"allow":["GET"]}}],"collection":[{"href":"https:\/\/dev.antudigital.cl\/sites\/vc\/wp-json\/wp\/v2\/posts"}],"about":[{"href":"https:\/\/dev.antudigital.cl\/sites\/vc\/wp-json\/wp\/v2\/types\/post"}],"author":[{"embeddable":true,"href":"https:\/\/dev.antudigital.cl\/sites\/vc\/wp-json\/wp\/v2\/users\/1"}],"replies":[{"embeddable":true,"href":"https:\/\/dev.antudigital.cl\/sites\/vc\/wp-json\/wp\/v2\/comments?post=11798"}],"version-history":[{"count":1,"href":"https:\/\/dev.antudigital.cl\/sites\/vc\/wp-json\/wp\/v2\/posts\/11798\/revisions"}],"predecessor-version":[{"id":11801,"href":"https:\/\/dev.antudigital.cl\/sites\/vc\/wp-json\/wp\/v2\/posts\/11798\/revisions\/11801"}],"wp:featuredmedia":[{"embeddable":true,"href":"https:\/\/dev.antudigital.cl\/sites\/vc\/wp-json\/wp\/v2\/media\/11800"}],"wp:attachment":[{"href":"https:\/\/dev.antudigital.cl\/sites\/vc\/wp-json\/wp\/v2\/media?parent=11798"}],"wp:term":[{"taxonomy":"category","embeddable":true,"href":"https:\/\/dev.antudigital.cl\/sites\/vc\/wp-json\/wp\/v2\/categories?post=11798"},{"taxonomy":"post_tag","embeddable":true,"href":"https:\/\/dev.antudigital.cl\/sites\/vc\/wp-json\/wp\/v2\/tags?post=11798"}],"curies":[{"name":"wp","href":"https:\/\/api.w.org\/{rel}","templated":true}]}}