{"id":11807,"date":"2022-10-10T21:11:40","date_gmt":"2022-10-10T21:11:40","guid":{"rendered":"https:\/\/www.valparaisocreativo.cl\/?p=11807"},"modified":"2022-10-11T16:47:55","modified_gmt":"2022-10-11T16:47:55","slug":"bronko-yotte-en-espacio-la-compania","status":"publish","type":"post","link":"https:\/\/dev.antudigital.cl\/sites\/vc\/bronko-yotte-en-espacio-la-compania\/","title":{"rendered":"Bronko Yotte en Espacio La Compa\u00f1\u00eda"},"content":{"rendered":"\n<p>La nave central de la Iglesia Jesuita Sagrado Coraz\u00f3n de Jes\u00fas que hoy compone a La Compa\u00f1\u00eda se encuentra poblada. Es hora del espect\u00e1culo de <a href=\"https:\/\/www.instagram.com\/bronkoyotte\/\">Bronko Yotte.<\/a> La gente se agrupa a pasos de la entrada, el grupo parece flotar dentro de la inmensa estructura que significa este lugar. Y durante la noche se escucha eso: que este es un espacio que debemos poner en valor, aportar a su recuperaci\u00f3n a trav\u00e9s de asistir a las actividades y ser cuidadosos en estas visitas. <\/p>\n\n\n\n<p>Es de noche y pocas veces se encuentra ocupada La Compa\u00f1\u00eda a estas horas. Es s\u00e1bado 8 de octubre y comienza con temas de su disco \u00abFuero interno\u00bb, junto a <a href=\"https:\/\/www.instagram.com\/dj.efe_\/\">dj Efe<\/a>, Natalia Ram\u00edrez, luego <a href=\"https:\/\/www.instagram.com\/gloherrrera\/\">Glo Herrera<\/a> y <a href=\"https:\/\/www.instagram.com\/masquemusica\/\">M\u00e1squem\u00fasica<\/a>, sus fieles acompa\u00f1antes. Todo entonces es oscuridad, menos esa luz que brilla desde el escenario: los colores y las voces y bailes de quienes conforman esta propuesta musical que habla de la vida, de los sentimientos, los altos y los bajos. <\/p>\n\n\n\n<p>El show y el sonido son impecables, una muestra de lo que seguir\u00e1 siendo la gira \u00abPropia ley\u00bb de <a href=\"https:\/\/www.instagram.com\/bronkoyotte\/\">Bronko Yotte<\/a>, que lo llevar\u00e1 por distintas ciudades del pa\u00eds. El puntapi\u00e9 inicial fue este: Valpara\u00edso.<\/p>\n\n\n\n<p>Fotograf\u00edas por: <a href=\"http:\/\/instagram.com\/rodo.mu\">Rodolfo Mu\u00f1oz<\/a> para <a href=\"http:\/\/instagram.com\/valpocreativo\">Valpara\u00edso Creativo<\/a>.<\/p>\n\n\n\n<figure class=\"wp-block-gallery has-nested-images columns-default is-cropped wp-block-gallery-1 is-layout-flex wp-block-gallery-is-layout-flex\">\n<figure class=\"wp-block-image size-large\"><img fetchpriority=\"high\" decoding=\"async\" width=\"2560\" height=\"1707\" data-id=\"11824\" src=\"https:\/\/www.valparaisocreativo.cl\/wp-content\/uploads\/2022\/10\/BRONCO-17-scaled.jpg\" alt=\"\" class=\"wp-image-11824\" srcset=\"https:\/\/dev.antudigital.cl\/sites\/vc\/wp-content\/uploads\/2022\/10\/BRONCO-17-scaled.jpg 2560w, https:\/\/dev.antudigital.cl\/sites\/vc\/wp-content\/uploads\/2022\/10\/BRONCO-17-300x200.jpg 300w, https:\/\/dev.antudigital.cl\/sites\/vc\/wp-content\/uploads\/2022\/10\/BRONCO-17-1024x683.jpg 1024w, https:\/\/dev.antudigital.cl\/sites\/vc\/wp-content\/uploads\/2022\/10\/BRONCO-17-768x512.jpg 768w, https:\/\/dev.antudigital.cl\/sites\/vc\/wp-content\/uploads\/2022\/10\/BRONCO-17-1536x1024.jpg 1536w, https:\/\/dev.antudigital.cl\/sites\/vc\/wp-content\/uploads\/2022\/10\/BRONCO-17-2048x1365.jpg 2048w, https:\/\/dev.antudigital.cl\/sites\/vc\/wp-content\/uploads\/2022\/10\/BRONCO-17-1080x720.jpg 1080w, https:\/\/dev.antudigital.cl\/sites\/vc\/wp-content\/uploads\/2022\/10\/BRONCO-17-1280x854.jpg 1280w, https:\/\/dev.antudigital.cl\/sites\/vc\/wp-content\/uploads\/2022\/10\/BRONCO-17-980x653.jpg 980w, https:\/\/dev.antudigital.cl\/sites\/vc\/wp-content\/uploads\/2022\/10\/BRONCO-17-480x320.jpg 480w\" sizes=\"(max-width: 2560px) 100vw, 2560px\" \/><\/figure>\n\n\n\n<figure class=\"wp-block-image size-large\"><img decoding=\"async\" width=\"2048\" height=\"2560\" data-id=\"11823\" src=\"https:\/\/www.valparaisocreativo.cl\/wp-content\/uploads\/2022\/10\/BRONCO-16-scaled.jpg\" alt=\"\" class=\"wp-image-11823\" srcset=\"https:\/\/dev.antudigital.cl\/sites\/vc\/wp-content\/uploads\/2022\/10\/BRONCO-16-scaled.jpg 2048w, https:\/\/dev.antudigital.cl\/sites\/vc\/wp-content\/uploads\/2022\/10\/BRONCO-16-240x300.jpg 240w, https:\/\/dev.antudigital.cl\/sites\/vc\/wp-content\/uploads\/2022\/10\/BRONCO-16-819x1024.jpg 819w, https:\/\/dev.antudigital.cl\/sites\/vc\/wp-content\/uploads\/2022\/10\/BRONCO-16-768x960.jpg 768w, https:\/\/dev.antudigital.cl\/sites\/vc\/wp-content\/uploads\/2022\/10\/BRONCO-16-1229x1536.jpg 1229w, https:\/\/dev.antudigital.cl\/sites\/vc\/wp-content\/uploads\/2022\/10\/BRONCO-16-1639x2048.jpg 1639w, https:\/\/dev.antudigital.cl\/sites\/vc\/wp-content\/uploads\/2022\/10\/BRONCO-16-1080x1350.jpg 1080w, https:\/\/dev.antudigital.cl\/sites\/vc\/wp-content\/uploads\/2022\/10\/BRONCO-16-1280x1600.jpg 1280w, https:\/\/dev.antudigital.cl\/sites\/vc\/wp-content\/uploads\/2022\/10\/BRONCO-16-980x1225.jpg 980w, https:\/\/dev.antudigital.cl\/sites\/vc\/wp-content\/uploads\/2022\/10\/BRONCO-16-480x600.jpg 480w\" sizes=\"(max-width: 2048px) 100vw, 2048px\" \/><\/figure>\n\n\n\n<figure class=\"wp-block-image size-large\"><img decoding=\"async\" width=\"2560\" height=\"1707\" data-id=\"11809\" src=\"https:\/\/www.valparaisocreativo.cl\/wp-content\/uploads\/2022\/10\/BRONCO-2-scaled.jpg\" alt=\"\" class=\"wp-image-11809\" srcset=\"https:\/\/dev.antudigital.cl\/sites\/vc\/wp-content\/uploads\/2022\/10\/BRONCO-2-scaled.jpg 2560w, https:\/\/dev.antudigital.cl\/sites\/vc\/wp-content\/uploads\/2022\/10\/BRONCO-2-300x200.jpg 300w, https:\/\/dev.antudigital.cl\/sites\/vc\/wp-content\/uploads\/2022\/10\/BRONCO-2-1024x683.jpg 1024w, https:\/\/dev.antudigital.cl\/sites\/vc\/wp-content\/uploads\/2022\/10\/BRONCO-2-768x512.jpg 768w, https:\/\/dev.antudigital.cl\/sites\/vc\/wp-content\/uploads\/2022\/10\/BRONCO-2-1536x1024.jpg 1536w, https:\/\/dev.antudigital.cl\/sites\/vc\/wp-content\/uploads\/2022\/10\/BRONCO-2-2048x1365.jpg 2048w, https:\/\/dev.antudigital.cl\/sites\/vc\/wp-content\/uploads\/2022\/10\/BRONCO-2-1080x720.jpg 1080w, https:\/\/dev.antudigital.cl\/sites\/vc\/wp-content\/uploads\/2022\/10\/BRONCO-2-1280x854.jpg 1280w, https:\/\/dev.antudigital.cl\/sites\/vc\/wp-content\/uploads\/2022\/10\/BRONCO-2-980x653.jpg 980w, https:\/\/dev.antudigital.cl\/sites\/vc\/wp-content\/uploads\/2022\/10\/BRONCO-2-480x320.jpg 480w\" sizes=\"(max-width: 2560px) 100vw, 2560px\" \/><\/figure>\n\n\n\n<figure class=\"wp-block-image size-large\"><img loading=\"lazy\" decoding=\"async\" width=\"2560\" height=\"1707\" data-id=\"11813\" src=\"https:\/\/www.valparaisocreativo.cl\/wp-content\/uploads\/2022\/10\/BRONCO-6-scaled.jpg\" alt=\"\" class=\"wp-image-11813\" srcset=\"https:\/\/dev.antudigital.cl\/sites\/vc\/wp-content\/uploads\/2022\/10\/BRONCO-6-scaled.jpg 2560w, https:\/\/dev.antudigital.cl\/sites\/vc\/wp-content\/uploads\/2022\/10\/BRONCO-6-300x200.jpg 300w, https:\/\/dev.antudigital.cl\/sites\/vc\/wp-content\/uploads\/2022\/10\/BRONCO-6-1024x683.jpg 1024w, https:\/\/dev.antudigital.cl\/sites\/vc\/wp-content\/uploads\/2022\/10\/BRONCO-6-768x512.jpg 768w, https:\/\/dev.antudigital.cl\/sites\/vc\/wp-content\/uploads\/2022\/10\/BRONCO-6-1536x1024.jpg 1536w, https:\/\/dev.antudigital.cl\/sites\/vc\/wp-content\/uploads\/2022\/10\/BRONCO-6-2048x1365.jpg 2048w, https:\/\/dev.antudigital.cl\/sites\/vc\/wp-content\/uploads\/2022\/10\/BRONCO-6-1080x720.jpg 1080w, https:\/\/dev.antudigital.cl\/sites\/vc\/wp-content\/uploads\/2022\/10\/BRONCO-6-1280x854.jpg 1280w, https:\/\/dev.antudigital.cl\/sites\/vc\/wp-content\/uploads\/2022\/10\/BRONCO-6-980x653.jpg 980w, https:\/\/dev.antudigital.cl\/sites\/vc\/wp-content\/uploads\/2022\/10\/BRONCO-6-480x320.jpg 480w\" sizes=\"(max-width: 2560px) 100vw, 2560px\" \/><\/figure>\n\n\n\n<figure class=\"wp-block-image size-large\"><img loading=\"lazy\" decoding=\"async\" width=\"2560\" height=\"1707\" data-id=\"11814\" src=\"https:\/\/www.valparaisocreativo.cl\/wp-content\/uploads\/2022\/10\/BRONCO-7-scaled.jpg\" alt=\"\" class=\"wp-image-11814\" srcset=\"https:\/\/dev.antudigital.cl\/sites\/vc\/wp-content\/uploads\/2022\/10\/BRONCO-7-scaled.jpg 2560w, https:\/\/dev.antudigital.cl\/sites\/vc\/wp-content\/uploads\/2022\/10\/BRONCO-7-300x200.jpg 300w, https:\/\/dev.antudigital.cl\/sites\/vc\/wp-content\/uploads\/2022\/10\/BRONCO-7-1024x683.jpg 1024w, https:\/\/dev.antudigital.cl\/sites\/vc\/wp-content\/uploads\/2022\/10\/BRONCO-7-768x512.jpg 768w, https:\/\/dev.antudigital.cl\/sites\/vc\/wp-content\/uploads\/2022\/10\/BRONCO-7-1536x1024.jpg 1536w, https:\/\/dev.antudigital.cl\/sites\/vc\/wp-content\/uploads\/2022\/10\/BRONCO-7-2048x1365.jpg 2048w, https:\/\/dev.antudigital.cl\/sites\/vc\/wp-content\/uploads\/2022\/10\/BRONCO-7-1080x720.jpg 1080w, https:\/\/dev.antudigital.cl\/sites\/vc\/wp-content\/uploads\/2022\/10\/BRONCO-7-1280x854.jpg 1280w, https:\/\/dev.antudigital.cl\/sites\/vc\/wp-content\/uploads\/2022\/10\/BRONCO-7-980x653.jpg 980w, https:\/\/dev.antudigital.cl\/sites\/vc\/wp-content\/uploads\/2022\/10\/BRONCO-7-480x320.jpg 480w\" sizes=\"(max-width: 2560px) 100vw, 2560px\" \/><\/figure>\n\n\n\n<figure class=\"wp-block-image size-large\"><img loading=\"lazy\" decoding=\"async\" width=\"2048\" height=\"2560\" data-id=\"11821\" src=\"https:\/\/www.valparaisocreativo.cl\/wp-content\/uploads\/2022\/10\/BRONCO-14-scaled.jpg\" alt=\"\" class=\"wp-image-11821\" srcset=\"https:\/\/dev.antudigital.cl\/sites\/vc\/wp-content\/uploads\/2022\/10\/BRONCO-14-scaled.jpg 2048w, https:\/\/dev.antudigital.cl\/sites\/vc\/wp-content\/uploads\/2022\/10\/BRONCO-14-240x300.jpg 240w, https:\/\/dev.antudigital.cl\/sites\/vc\/wp-content\/uploads\/2022\/10\/BRONCO-14-819x1024.jpg 819w, https:\/\/dev.antudigital.cl\/sites\/vc\/wp-content\/uploads\/2022\/10\/BRONCO-14-768x960.jpg 768w, https:\/\/dev.antudigital.cl\/sites\/vc\/wp-content\/uploads\/2022\/10\/BRONCO-14-1229x1536.jpg 1229w, https:\/\/dev.antudigital.cl\/sites\/vc\/wp-content\/uploads\/2022\/10\/BRONCO-14-1638x2048.jpg 1638w, https:\/\/dev.antudigital.cl\/sites\/vc\/wp-content\/uploads\/2022\/10\/BRONCO-14-1080x1350.jpg 1080w, https:\/\/dev.antudigital.cl\/sites\/vc\/wp-content\/uploads\/2022\/10\/BRONCO-14-1280x1600.jpg 1280w, https:\/\/dev.antudigital.cl\/sites\/vc\/wp-content\/uploads\/2022\/10\/BRONCO-14-980x1225.jpg 980w, https:\/\/dev.antudigital.cl\/sites\/vc\/wp-content\/uploads\/2022\/10\/BRONCO-14-480x600.jpg 480w\" sizes=\"(max-width: 2048px) 100vw, 2048px\" \/><\/figure>\n\n\n\n<figure class=\"wp-block-image size-large\"><img loading=\"lazy\" decoding=\"async\" width=\"2560\" height=\"1707\" data-id=\"11816\" src=\"https:\/\/www.valparaisocreativo.cl\/wp-content\/uploads\/2022\/10\/BRONCO-9-scaled.jpg\" alt=\"\" class=\"wp-image-11816\" srcset=\"https:\/\/dev.antudigital.cl\/sites\/vc\/wp-content\/uploads\/2022\/10\/BRONCO-9-scaled.jpg 2560w, https:\/\/dev.antudigital.cl\/sites\/vc\/wp-content\/uploads\/2022\/10\/BRONCO-9-300x200.jpg 300w, https:\/\/dev.antudigital.cl\/sites\/vc\/wp-content\/uploads\/2022\/10\/BRONCO-9-1024x683.jpg 1024w, https:\/\/dev.antudigital.cl\/sites\/vc\/wp-content\/uploads\/2022\/10\/BRONCO-9-768x512.jpg 768w, https:\/\/dev.antudigital.cl\/sites\/vc\/wp-content\/uploads\/2022\/10\/BRONCO-9-1536x1024.jpg 1536w, https:\/\/dev.antudigital.cl\/sites\/vc\/wp-content\/uploads\/2022\/10\/BRONCO-9-2048x1365.jpg 2048w, https:\/\/dev.antudigital.cl\/sites\/vc\/wp-content\/uploads\/2022\/10\/BRONCO-9-1080x720.jpg 1080w, https:\/\/dev.antudigital.cl\/sites\/vc\/wp-content\/uploads\/2022\/10\/BRONCO-9-1280x854.jpg 1280w, https:\/\/dev.antudigital.cl\/sites\/vc\/wp-content\/uploads\/2022\/10\/BRONCO-9-980x653.jpg 980w, https:\/\/dev.antudigital.cl\/sites\/vc\/wp-content\/uploads\/2022\/10\/BRONCO-9-480x320.jpg 480w\" sizes=\"(max-width: 2560px) 100vw, 2560px\" \/><\/figure>\n\n\n\n<figure class=\"wp-block-image size-large\"><img loading=\"lazy\" decoding=\"async\" width=\"2048\" height=\"2560\" data-id=\"11815\" src=\"https:\/\/www.valparaisocreativo.cl\/wp-content\/uploads\/2022\/10\/BRONCO-8-scaled.jpg\" alt=\"\" class=\"wp-image-11815\" srcset=\"https:\/\/dev.antudigital.cl\/sites\/vc\/wp-content\/uploads\/2022\/10\/BRONCO-8-scaled.jpg 2048w, https:\/\/dev.antudigital.cl\/sites\/vc\/wp-content\/uploads\/2022\/10\/BRONCO-8-240x300.jpg 240w, https:\/\/dev.antudigital.cl\/sites\/vc\/wp-content\/uploads\/2022\/10\/BRONCO-8-819x1024.jpg 819w, https:\/\/dev.antudigital.cl\/sites\/vc\/wp-content\/uploads\/2022\/10\/BRONCO-8-768x960.jpg 768w, https:\/\/dev.antudigital.cl\/sites\/vc\/wp-content\/uploads\/2022\/10\/BRONCO-8-1229x1536.jpg 1229w, https:\/\/dev.antudigital.cl\/sites\/vc\/wp-content\/uploads\/2022\/10\/BRONCO-8-1638x2048.jpg 1638w, https:\/\/dev.antudigital.cl\/sites\/vc\/wp-content\/uploads\/2022\/10\/BRONCO-8-1080x1350.jpg 1080w, https:\/\/dev.antudigital.cl\/sites\/vc\/wp-content\/uploads\/2022\/10\/BRONCO-8-1280x1600.jpg 1280w, https:\/\/dev.antudigital.cl\/sites\/vc\/wp-content\/uploads\/2022\/10\/BRONCO-8-980x1225.jpg 980w, https:\/\/dev.antudigital.cl\/sites\/vc\/wp-content\/uploads\/2022\/10\/BRONCO-8-480x600.jpg 480w\" sizes=\"(max-width: 2048px) 100vw, 2048px\" \/><\/figure>\n\n\n\n<figure class=\"wp-block-image size-large\"><img loading=\"lazy\" decoding=\"async\" width=\"2048\" height=\"2560\" data-id=\"11820\" src=\"https:\/\/www.valparaisocreativo.cl\/wp-content\/uploads\/2022\/10\/BRONCO-13-scaled.jpg\" alt=\"\" class=\"wp-image-11820\" srcset=\"https:\/\/dev.antudigital.cl\/sites\/vc\/wp-content\/uploads\/2022\/10\/BRONCO-13-scaled.jpg 2048w, https:\/\/dev.antudigital.cl\/sites\/vc\/wp-content\/uploads\/2022\/10\/BRONCO-13-240x300.jpg 240w, https:\/\/dev.antudigital.cl\/sites\/vc\/wp-content\/uploads\/2022\/10\/BRONCO-13-819x1024.jpg 819w, https:\/\/dev.antudigital.cl\/sites\/vc\/wp-content\/uploads\/2022\/10\/BRONCO-13-768x960.jpg 768w, https:\/\/dev.antudigital.cl\/sites\/vc\/wp-content\/uploads\/2022\/10\/BRONCO-13-1229x1536.jpg 1229w, https:\/\/dev.antudigital.cl\/sites\/vc\/wp-content\/uploads\/2022\/10\/BRONCO-13-1639x2048.jpg 1639w, https:\/\/dev.antudigital.cl\/sites\/vc\/wp-content\/uploads\/2022\/10\/BRONCO-13-1080x1350.jpg 1080w, https:\/\/dev.antudigital.cl\/sites\/vc\/wp-content\/uploads\/2022\/10\/BRONCO-13-1280x1600.jpg 1280w, https:\/\/dev.antudigital.cl\/sites\/vc\/wp-content\/uploads\/2022\/10\/BRONCO-13-980x1225.jpg 980w, https:\/\/dev.antudigital.cl\/sites\/vc\/wp-content\/uploads\/2022\/10\/BRONCO-13-480x600.jpg 480w\" sizes=\"(max-width: 2048px) 100vw, 2048px\" \/><\/figure>\n\n\n\n<figure class=\"wp-block-image size-large\"><img loading=\"lazy\" decoding=\"async\" width=\"2560\" height=\"1707\" data-id=\"11817\" src=\"https:\/\/www.valparaisocreativo.cl\/wp-content\/uploads\/2022\/10\/BRONCO-10-scaled.jpg\" alt=\"\" class=\"wp-image-11817\" srcset=\"https:\/\/dev.antudigital.cl\/sites\/vc\/wp-content\/uploads\/2022\/10\/BRONCO-10-scaled.jpg 2560w, https:\/\/dev.antudigital.cl\/sites\/vc\/wp-content\/uploads\/2022\/10\/BRONCO-10-300x200.jpg 300w, https:\/\/dev.antudigital.cl\/sites\/vc\/wp-content\/uploads\/2022\/10\/BRONCO-10-1024x683.jpg 1024w, https:\/\/dev.antudigital.cl\/sites\/vc\/wp-content\/uploads\/2022\/10\/BRONCO-10-768x512.jpg 768w, https:\/\/dev.antudigital.cl\/sites\/vc\/wp-content\/uploads\/2022\/10\/BRONCO-10-1536x1024.jpg 1536w, https:\/\/dev.antudigital.cl\/sites\/vc\/wp-content\/uploads\/2022\/10\/BRONCO-10-2048x1365.jpg 2048w, https:\/\/dev.antudigital.cl\/sites\/vc\/wp-content\/uploads\/2022\/10\/BRONCO-10-1080x720.jpg 1080w, https:\/\/dev.antudigital.cl\/sites\/vc\/wp-content\/uploads\/2022\/10\/BRONCO-10-1280x854.jpg 1280w, https:\/\/dev.antudigital.cl\/sites\/vc\/wp-content\/uploads\/2022\/10\/BRONCO-10-980x653.jpg 980w, https:\/\/dev.antudigital.cl\/sites\/vc\/wp-content\/uploads\/2022\/10\/BRONCO-10-480x320.jpg 480w\" sizes=\"(max-width: 2560px) 100vw, 2560px\" \/><\/figure>\n\n\n\n<figure class=\"wp-block-image size-large\"><img loading=\"lazy\" decoding=\"async\" width=\"2560\" height=\"1724\" data-id=\"11819\" src=\"https:\/\/www.valparaisocreativo.cl\/wp-content\/uploads\/2022\/10\/BRONCO-12-scaled.jpg\" alt=\"\" class=\"wp-image-11819\" srcset=\"https:\/\/dev.antudigital.cl\/sites\/vc\/wp-content\/uploads\/2022\/10\/BRONCO-12-scaled.jpg 2560w, https:\/\/dev.antudigital.cl\/sites\/vc\/wp-content\/uploads\/2022\/10\/BRONCO-12-300x202.jpg 300w, https:\/\/dev.antudigital.cl\/sites\/vc\/wp-content\/uploads\/2022\/10\/BRONCO-12-1024x689.jpg 1024w, https:\/\/dev.antudigital.cl\/sites\/vc\/wp-content\/uploads\/2022\/10\/BRONCO-12-768x517.jpg 768w, https:\/\/dev.antudigital.cl\/sites\/vc\/wp-content\/uploads\/2022\/10\/BRONCO-12-1536x1034.jpg 1536w, https:\/\/dev.antudigital.cl\/sites\/vc\/wp-content\/uploads\/2022\/10\/BRONCO-12-2048x1379.jpg 2048w, https:\/\/dev.antudigital.cl\/sites\/vc\/wp-content\/uploads\/2022\/10\/BRONCO-12-1080x727.jpg 1080w, https:\/\/dev.antudigital.cl\/sites\/vc\/wp-content\/uploads\/2022\/10\/BRONCO-12-1280x862.jpg 1280w, https:\/\/dev.antudigital.cl\/sites\/vc\/wp-content\/uploads\/2022\/10\/BRONCO-12-980x660.jpg 980w, https:\/\/dev.antudigital.cl\/sites\/vc\/wp-content\/uploads\/2022\/10\/BRONCO-12-480x323.jpg 480w\" sizes=\"(max-width: 2560px) 100vw, 2560px\" \/><\/figure>\n<\/figure>\n","protected":false},"excerpt":{"rendered":"<p>La nave central de la Iglesia Jesuita Sagrado Coraz\u00f3n de Jes\u00fas que hoy compone a La Compa\u00f1\u00eda se encuentra poblada. Es hora del espect\u00e1culo de Bronko Yotte. La gente se agrupa a pasos de la entrada, el grupo parece flotar dentro de la inmensa estructura que significa este lugar. Y durante la noche se escucha [&hellip;]<\/p>\n","protected":false},"author":1,"featured_media":11808,"comment_status":"open","ping_status":"closed","sticky":false,"template":"","format":"standard","meta":{"_acf_changed":false,"footnotes":""},"categories":[8],"tags":[],"class_list":["post-11807","post","type-post","status-publish","format-standard","has-post-thumbnail","hentry","category-noticia"],"acf":[],"yoast_head":"<!-- This site is optimized with the Yoast SEO plugin v27.1.1 - https:\/\/yoast.com\/product\/yoast-seo-wordpress\/ -->\n<title>Bronko Yotte en Espacio La Compa\u00f1\u00eda - Valpara\u00ed\u00adso Creativo<\/title>\n<meta name=\"robots\" content=\"index, follow, max-snippet:-1, max-image-preview:large, max-video-preview:-1\" \/>\n<link rel=\"canonical\" href=\"https:\/\/dev.antudigital.cl\/sites\/vc\/bronko-yotte-en-espacio-la-compania\/\" \/>\n<meta property=\"og:locale\" content=\"es_ES\" \/>\n<meta property=\"og:type\" content=\"article\" \/>\n<meta property=\"og:title\" content=\"Bronko Yotte en Espacio La Compa\u00f1\u00eda - Valpara\u00ed\u00adso Creativo\" \/>\n<meta property=\"og:description\" content=\"La nave central de la Iglesia Jesuita Sagrado Coraz\u00f3n de Jes\u00fas que hoy compone a La Compa\u00f1\u00eda se encuentra poblada. Es hora del espect\u00e1culo de Bronko Yotte. La gente se agrupa a pasos de la entrada, el grupo parece flotar dentro de la inmensa estructura que significa este lugar. Y durante la noche se escucha [&hellip;]\" \/>\n<meta property=\"og:url\" content=\"https:\/\/dev.antudigital.cl\/sites\/vc\/bronko-yotte-en-espacio-la-compania\/\" \/>\n<meta property=\"og:site_name\" content=\"Valpara\u00ed\u00adso Creativo\" \/>\n<meta property=\"article:published_time\" content=\"2022-10-10T21:11:40+00:00\" \/>\n<meta property=\"article:modified_time\" content=\"2022-10-11T16:47:55+00:00\" \/>\n<meta property=\"og:image\" content=\"https:\/\/dev.antudigital.cl\/sites\/vc\/wp-content\/uploads\/2022\/10\/BRONCO-1-scaled.jpg\" \/>\n\t<meta property=\"og:image:width\" content=\"2560\" \/>\n\t<meta property=\"og:image:height\" content=\"1707\" \/>\n\t<meta property=\"og:image:type\" content=\"image\/jpeg\" \/>\n<meta name=\"author\" content=\"Valpara\u00edso Creativo\" \/>\n<meta name=\"twitter:card\" content=\"summary_large_image\" \/>\n<meta name=\"twitter:label1\" content=\"Escrito por\" \/>\n\t<meta name=\"twitter:data1\" content=\"Valpara\u00edso Creativo\" \/>\n\t<meta name=\"twitter:label2\" content=\"Tiempo de lectura\" \/>\n\t<meta name=\"twitter:data2\" content=\"4 minutos\" \/>\n<script type=\"application\/ld+json\" class=\"yoast-schema-graph\">{\"@context\":\"https:\/\/schema.org\",\"@graph\":[{\"@type\":\"Article\",\"@id\":\"https:\/\/dev.antudigital.cl\/sites\/vc\/bronko-yotte-en-espacio-la-compania\/#article\",\"isPartOf\":{\"@id\":\"https:\/\/dev.antudigital.cl\/sites\/vc\/bronko-yotte-en-espacio-la-compania\/\"},\"author\":{\"name\":\"Valpara\u00edso Creativo\",\"@id\":\"https:\/\/dev.antudigital.cl\/sites\/vc\/#\/schema\/person\/c2b9da8dd545e27166fc5ab232837318\"},\"headline\":\"Bronko Yotte en Espacio La Compa\u00f1\u00eda\",\"datePublished\":\"2022-10-10T21:11:40+00:00\",\"dateModified\":\"2022-10-11T16:47:55+00:00\",\"mainEntityOfPage\":{\"@id\":\"https:\/\/dev.antudigital.cl\/sites\/vc\/bronko-yotte-en-espacio-la-compania\/\"},\"wordCount\":228,\"commentCount\":0,\"image\":{\"@id\":\"https:\/\/dev.antudigital.cl\/sites\/vc\/bronko-yotte-en-espacio-la-compania\/#primaryimage\"},\"thumbnailUrl\":\"https:\/\/dev.antudigital.cl\/sites\/vc\/wp-content\/uploads\/2022\/10\/BRONCO-1-scaled.jpg\",\"articleSection\":[\"Noticia\"],\"inLanguage\":\"es\",\"potentialAction\":[{\"@type\":\"CommentAction\",\"name\":\"Comment\",\"target\":[\"https:\/\/dev.antudigital.cl\/sites\/vc\/bronko-yotte-en-espacio-la-compania\/#respond\"]}]},{\"@type\":\"WebPage\",\"@id\":\"https:\/\/dev.antudigital.cl\/sites\/vc\/bronko-yotte-en-espacio-la-compania\/\",\"url\":\"https:\/\/dev.antudigital.cl\/sites\/vc\/bronko-yotte-en-espacio-la-compania\/\",\"name\":\"Bronko Yotte en Espacio La Compa\u00f1\u00eda - Valpara\u00ed\u00adso Creativo\",\"isPartOf\":{\"@id\":\"https:\/\/dev.antudigital.cl\/sites\/vc\/#website\"},\"primaryImageOfPage\":{\"@id\":\"https:\/\/dev.antudigital.cl\/sites\/vc\/bronko-yotte-en-espacio-la-compania\/#primaryimage\"},\"image\":{\"@id\":\"https:\/\/dev.antudigital.cl\/sites\/vc\/bronko-yotte-en-espacio-la-compania\/#primaryimage\"},\"thumbnailUrl\":\"https:\/\/dev.antudigital.cl\/sites\/vc\/wp-content\/uploads\/2022\/10\/BRONCO-1-scaled.jpg\",\"datePublished\":\"2022-10-10T21:11:40+00:00\",\"dateModified\":\"2022-10-11T16:47:55+00:00\",\"author\":{\"@id\":\"https:\/\/dev.antudigital.cl\/sites\/vc\/#\/schema\/person\/c2b9da8dd545e27166fc5ab232837318\"},\"breadcrumb\":{\"@id\":\"https:\/\/dev.antudigital.cl\/sites\/vc\/bronko-yotte-en-espacio-la-compania\/#breadcrumb\"},\"inLanguage\":\"es\",\"potentialAction\":[{\"@type\":\"ReadAction\",\"target\":[\"https:\/\/dev.antudigital.cl\/sites\/vc\/bronko-yotte-en-espacio-la-compania\/\"]}]},{\"@type\":\"ImageObject\",\"inLanguage\":\"es\",\"@id\":\"https:\/\/dev.antudigital.cl\/sites\/vc\/bronko-yotte-en-espacio-la-compania\/#primaryimage\",\"url\":\"https:\/\/dev.antudigital.cl\/sites\/vc\/wp-content\/uploads\/2022\/10\/BRONCO-1-scaled.jpg\",\"contentUrl\":\"https:\/\/dev.antudigital.cl\/sites\/vc\/wp-content\/uploads\/2022\/10\/BRONCO-1-scaled.jpg\",\"width\":2560,\"height\":1707},{\"@type\":\"BreadcrumbList\",\"@id\":\"https:\/\/dev.antudigital.cl\/sites\/vc\/bronko-yotte-en-espacio-la-compania\/#breadcrumb\",\"itemListElement\":[{\"@type\":\"ListItem\",\"position\":1,\"name\":\"Home\",\"item\":\"https:\/\/dev.antudigital.cl\/sites\/vc\/\"},{\"@type\":\"ListItem\",\"position\":2,\"name\":\"Bronko Yotte en Espacio La Compa\u00f1\u00eda\"}]},{\"@type\":\"WebSite\",\"@id\":\"https:\/\/dev.antudigital.cl\/sites\/vc\/#website\",\"url\":\"https:\/\/dev.antudigital.cl\/sites\/vc\/\",\"name\":\"Valpara\u00ed\u00adso Creativo\",\"description\":\"\",\"potentialAction\":[{\"@type\":\"SearchAction\",\"target\":{\"@type\":\"EntryPoint\",\"urlTemplate\":\"https:\/\/dev.antudigital.cl\/sites\/vc\/?s={search_term_string}\"},\"query-input\":{\"@type\":\"PropertyValueSpecification\",\"valueRequired\":true,\"valueName\":\"search_term_string\"}}],\"inLanguage\":\"es\"},{\"@type\":\"Person\",\"@id\":\"https:\/\/dev.antudigital.cl\/sites\/vc\/#\/schema\/person\/c2b9da8dd545e27166fc5ab232837318\",\"name\":\"Valpara\u00edso Creativo\",\"description\":\"Periodista de cultura en la Regi\u00f3n de Valpara\u00edso.\",\"url\":\"https:\/\/dev.antudigital.cl\/sites\/vc\/author\/valpoadmin\/\"}]}<\/script>\n<!-- \/ Yoast SEO plugin. -->","yoast_head_json":{"title":"Bronko Yotte en Espacio La Compa\u00f1\u00eda - Valpara\u00ed\u00adso Creativo","robots":{"index":"index","follow":"follow","max-snippet":"max-snippet:-1","max-image-preview":"max-image-preview:large","max-video-preview":"max-video-preview:-1"},"canonical":"https:\/\/dev.antudigital.cl\/sites\/vc\/bronko-yotte-en-espacio-la-compania\/","og_locale":"es_ES","og_type":"article","og_title":"Bronko Yotte en Espacio La Compa\u00f1\u00eda - Valpara\u00ed\u00adso Creativo","og_description":"La nave central de la Iglesia Jesuita Sagrado Coraz\u00f3n de Jes\u00fas que hoy compone a La Compa\u00f1\u00eda se encuentra poblada. Es hora del espect\u00e1culo de Bronko Yotte. La gente se agrupa a pasos de la entrada, el grupo parece flotar dentro de la inmensa estructura que significa este lugar. Y durante la noche se escucha [&hellip;]","og_url":"https:\/\/dev.antudigital.cl\/sites\/vc\/bronko-yotte-en-espacio-la-compania\/","og_site_name":"Valpara\u00ed\u00adso Creativo","article_published_time":"2022-10-10T21:11:40+00:00","article_modified_time":"2022-10-11T16:47:55+00:00","og_image":[{"width":2560,"height":1707,"url":"https:\/\/dev.antudigital.cl\/sites\/vc\/wp-content\/uploads\/2022\/10\/BRONCO-1-scaled.jpg","type":"image\/jpeg"}],"author":"Valpara\u00edso Creativo","twitter_card":"summary_large_image","twitter_misc":{"Escrito por":"Valpara\u00edso Creativo","Tiempo de lectura":"4 minutos"},"schema":{"@context":"https:\/\/schema.org","@graph":[{"@type":"Article","@id":"https:\/\/dev.antudigital.cl\/sites\/vc\/bronko-yotte-en-espacio-la-compania\/#article","isPartOf":{"@id":"https:\/\/dev.antudigital.cl\/sites\/vc\/bronko-yotte-en-espacio-la-compania\/"},"author":{"name":"Valpara\u00edso Creativo","@id":"https:\/\/dev.antudigital.cl\/sites\/vc\/#\/schema\/person\/c2b9da8dd545e27166fc5ab232837318"},"headline":"Bronko Yotte en Espacio La Compa\u00f1\u00eda","datePublished":"2022-10-10T21:11:40+00:00","dateModified":"2022-10-11T16:47:55+00:00","mainEntityOfPage":{"@id":"https:\/\/dev.antudigital.cl\/sites\/vc\/bronko-yotte-en-espacio-la-compania\/"},"wordCount":228,"commentCount":0,"image":{"@id":"https:\/\/dev.antudigital.cl\/sites\/vc\/bronko-yotte-en-espacio-la-compania\/#primaryimage"},"thumbnailUrl":"https:\/\/dev.antudigital.cl\/sites\/vc\/wp-content\/uploads\/2022\/10\/BRONCO-1-scaled.jpg","articleSection":["Noticia"],"inLanguage":"es","potentialAction":[{"@type":"CommentAction","name":"Comment","target":["https:\/\/dev.antudigital.cl\/sites\/vc\/bronko-yotte-en-espacio-la-compania\/#respond"]}]},{"@type":"WebPage","@id":"https:\/\/dev.antudigital.cl\/sites\/vc\/bronko-yotte-en-espacio-la-compania\/","url":"https:\/\/dev.antudigital.cl\/sites\/vc\/bronko-yotte-en-espacio-la-compania\/","name":"Bronko Yotte en Espacio La Compa\u00f1\u00eda - Valpara\u00ed\u00adso Creativo","isPartOf":{"@id":"https:\/\/dev.antudigital.cl\/sites\/vc\/#website"},"primaryImageOfPage":{"@id":"https:\/\/dev.antudigital.cl\/sites\/vc\/bronko-yotte-en-espacio-la-compania\/#primaryimage"},"image":{"@id":"https:\/\/dev.antudigital.cl\/sites\/vc\/bronko-yotte-en-espacio-la-compania\/#primaryimage"},"thumbnailUrl":"https:\/\/dev.antudigital.cl\/sites\/vc\/wp-content\/uploads\/2022\/10\/BRONCO-1-scaled.jpg","datePublished":"2022-10-10T21:11:40+00:00","dateModified":"2022-10-11T16:47:55+00:00","author":{"@id":"https:\/\/dev.antudigital.cl\/sites\/vc\/#\/schema\/person\/c2b9da8dd545e27166fc5ab232837318"},"breadcrumb":{"@id":"https:\/\/dev.antudigital.cl\/sites\/vc\/bronko-yotte-en-espacio-la-compania\/#breadcrumb"},"inLanguage":"es","potentialAction":[{"@type":"ReadAction","target":["https:\/\/dev.antudigital.cl\/sites\/vc\/bronko-yotte-en-espacio-la-compania\/"]}]},{"@type":"ImageObject","inLanguage":"es","@id":"https:\/\/dev.antudigital.cl\/sites\/vc\/bronko-yotte-en-espacio-la-compania\/#primaryimage","url":"https:\/\/dev.antudigital.cl\/sites\/vc\/wp-content\/uploads\/2022\/10\/BRONCO-1-scaled.jpg","contentUrl":"https:\/\/dev.antudigital.cl\/sites\/vc\/wp-content\/uploads\/2022\/10\/BRONCO-1-scaled.jpg","width":2560,"height":1707},{"@type":"BreadcrumbList","@id":"https:\/\/dev.antudigital.cl\/sites\/vc\/bronko-yotte-en-espacio-la-compania\/#breadcrumb","itemListElement":[{"@type":"ListItem","position":1,"name":"Home","item":"https:\/\/dev.antudigital.cl\/sites\/vc\/"},{"@type":"ListItem","position":2,"name":"Bronko Yotte en Espacio La Compa\u00f1\u00eda"}]},{"@type":"WebSite","@id":"https:\/\/dev.antudigital.cl\/sites\/vc\/#website","url":"https:\/\/dev.antudigital.cl\/sites\/vc\/","name":"Valpara\u00ed\u00adso Creativo","description":"","potentialAction":[{"@type":"SearchAction","target":{"@type":"EntryPoint","urlTemplate":"https:\/\/dev.antudigital.cl\/sites\/vc\/?s={search_term_string}"},"query-input":{"@type":"PropertyValueSpecification","valueRequired":true,"valueName":"search_term_string"}}],"inLanguage":"es"},{"@type":"Person","@id":"https:\/\/dev.antudigital.cl\/sites\/vc\/#\/schema\/person\/c2b9da8dd545e27166fc5ab232837318","name":"Valpara\u00edso Creativo","description":"Periodista de cultura en la Regi\u00f3n de Valpara\u00edso.","url":"https:\/\/dev.antudigital.cl\/sites\/vc\/author\/valpoadmin\/"}]}},"_links":{"self":[{"href":"https:\/\/dev.antudigital.cl\/sites\/vc\/wp-json\/wp\/v2\/posts\/11807","targetHints":{"allow":["GET"]}}],"collection":[{"href":"https:\/\/dev.antudigital.cl\/sites\/vc\/wp-json\/wp\/v2\/posts"}],"about":[{"href":"https:\/\/dev.antudigital.cl\/sites\/vc\/wp-json\/wp\/v2\/types\/post"}],"author":[{"embeddable":true,"href":"https:\/\/dev.antudigital.cl\/sites\/vc\/wp-json\/wp\/v2\/users\/1"}],"replies":[{"embeddable":true,"href":"https:\/\/dev.antudigital.cl\/sites\/vc\/wp-json\/wp\/v2\/comments?post=11807"}],"version-history":[{"count":2,"href":"https:\/\/dev.antudigital.cl\/sites\/vc\/wp-json\/wp\/v2\/posts\/11807\/revisions"}],"predecessor-version":[{"id":11836,"href":"https:\/\/dev.antudigital.cl\/sites\/vc\/wp-json\/wp\/v2\/posts\/11807\/revisions\/11836"}],"wp:featuredmedia":[{"embeddable":true,"href":"https:\/\/dev.antudigital.cl\/sites\/vc\/wp-json\/wp\/v2\/media\/11808"}],"wp:attachment":[{"href":"https:\/\/dev.antudigital.cl\/sites\/vc\/wp-json\/wp\/v2\/media?parent=11807"}],"wp:term":[{"taxonomy":"category","embeddable":true,"href":"https:\/\/dev.antudigital.cl\/sites\/vc\/wp-json\/wp\/v2\/categories?post=11807"},{"taxonomy":"post_tag","embeddable":true,"href":"https:\/\/dev.antudigital.cl\/sites\/vc\/wp-json\/wp\/v2\/tags?post=11807"}],"curies":[{"name":"wp","href":"https:\/\/api.w.org\/{rel}","templated":true}]}}