{"id":11826,"date":"2022-10-10T21:28:46","date_gmt":"2022-10-10T21:28:46","guid":{"rendered":"https:\/\/www.valparaisocreativo.cl\/?p=11826"},"modified":"2022-10-10T21:28:53","modified_gmt":"2022-10-10T21:28:53","slug":"entrevista-a-pedro-pavez-co-creador-del-premiado-documental-real-windows","status":"publish","type":"post","link":"https:\/\/dev.antudigital.cl\/sites\/vc\/entrevista-a-pedro-pavez-co-creador-del-premiado-documental-real-windows\/","title":{"rendered":"Entrevista a Pedro Pavez, co-creador del premiado documental \u00abReal Windows\u00bb"},"content":{"rendered":"\n<p>Recientemente se anunci\u00f3 el premio del documental \u00abReal Windows\u00bb en el Indian Cine Film Fest de Mumbai, pieza dirigida por Joel Cisternas y Pedro Pavez quienes registraron el estallido social de octubre 2019 y con ese material se encuentran celebrando el Premio del Jurado del certamen.<\/p>\n\n\n\n<p>Esta fue la primera selecci\u00f3n de los realizadores en un festival, con su documental de 80 minutos en blanco y negro. Adem\u00e1s se destaca por no tener voz en off, siendo una propuesta de observaci\u00f3n. Quisimos conocer m\u00e1s entrevistando a Pedro Pavez, uno de los directores del film:<\/p>\n\n\n\n<figure class=\"wp-block-embed is-type-video is-provider-youtube wp-block-embed-youtube wp-embed-aspect-16-9 wp-has-aspect-ratio\"><div class=\"wp-block-embed__wrapper\">\n<iframe title=\"Real Windows. El estallido social en Valpara\u00edso \/ TRAILER\" width=\"800\" height=\"450\" src=\"https:\/\/www.youtube.com\/embed\/IKyJ989evyc?feature=oembed\" frameborder=\"0\" allow=\"accelerometer; autoplay; clipboard-write; encrypted-media; gyroscope; picture-in-picture; web-share\" referrerpolicy=\"strict-origin-when-cross-origin\" allowfullscreen><\/iframe>\n<\/div><\/figure>\n\n\n\n<p><strong>\u00bfDesde qu\u00e9 perspectiva quieren aportar con Real Windows?<\/strong><\/p>\n\n\n\n<p>-Existe la necesidad de mostrar y observar principalmente. Hoy en d\u00eda todos lo hacemos y tenemos dispositivos en nuestros bolsillos que nos permiten hacerlo, lo dif\u00edcil es capturar las cosas simples de manera diferente. Tratar de contribuir en la aparici\u00f3n de lo impredecible.<\/p>\n\n\n\n<p>Al inicio empezamos con un esfuerzo por aportar un poco a preservar los elementos locales en un momento hist\u00f3rico nacional e intentar otorgar espacios amplios desde los que observar y reflexionar, apuntar a lo que no vemos a simple vista.<\/p>\n\n\n\n<p><strong>\u00bfY c\u00f3mo describir\u00edan su propuesta narrativa?<\/strong><\/p>\n\n\n\n<p>-Notamos que las im\u00e1genes que se estaban construyendo sobre el estallido reiteraban una gram\u00e1tica de pel\u00edculas de superh\u00e9roes. Hab\u00eda una iconograf\u00eda centralista desbordada de \u00e9pica y parec\u00edan tener demasiadas certezas. Personalmente me parec\u00edan im\u00e1genes desconectadas con la experiencia de estar en la calle, creo que reaccionamos a eso.<\/p>\n\n\n\n<p>El pie forzado fue utilizar un \u00fanico lente 24 mm y mantener la c\u00e1mara fija.\u00a0 Apostar a que la pel\u00edcula se construye a s\u00ed misma, con elementos que nosotros como realizadores no pod\u00edamos controlar.\u00a0<\/p>\n\n\n\n<p><strong>\u00bfPor cu\u00e1les otros festivales est\u00e1n moviendo el documental?<\/strong><\/p>\n\n\n\n<p>-No son muchos porque la gran mayor\u00eda de las postulaciones tienen un costo que no podemos asumir. Por ahora hemos postulado a algunos gracias al aporte de gente cercana que nos ha ayudado desinteresadamente.<\/p>\n\n\n\n<p>Sin ese apoyo no lleg\u00e1bamos al Festival de la India en donde el documental fue premiado.\u00a0 Por ahora estamos esperando m\u00e1s noticias de un festival local, lo que para nosotros es muy emocionante, porque nos permite estrenar ac\u00e1 en Valpara\u00edso y Vi\u00f1a del Mar.<\/p>\n\n\n\n<figure class=\"wp-block-image size-large\"><img fetchpriority=\"high\" decoding=\"async\" width=\"768\" height=\"1024\" src=\"https:\/\/www.valparaisocreativo.cl\/wp-content\/uploads\/2022\/10\/P1249115-768x1024.jpg\" alt=\"\" class=\"wp-image-11828\" srcset=\"https:\/\/dev.antudigital.cl\/sites\/vc\/wp-content\/uploads\/2022\/10\/P1249115-768x1024.jpg 768w, https:\/\/dev.antudigital.cl\/sites\/vc\/wp-content\/uploads\/2022\/10\/P1249115-225x300.jpg 225w, https:\/\/dev.antudigital.cl\/sites\/vc\/wp-content\/uploads\/2022\/10\/P1249115-1152x1536.jpg 1152w, https:\/\/dev.antudigital.cl\/sites\/vc\/wp-content\/uploads\/2022\/10\/P1249115-1536x2048.jpg 1536w, https:\/\/dev.antudigital.cl\/sites\/vc\/wp-content\/uploads\/2022\/10\/P1249115-1080x1440.jpg 1080w, https:\/\/dev.antudigital.cl\/sites\/vc\/wp-content\/uploads\/2022\/10\/P1249115-1280x1707.jpg 1280w, https:\/\/dev.antudigital.cl\/sites\/vc\/wp-content\/uploads\/2022\/10\/P1249115-980x1307.jpg 980w, https:\/\/dev.antudigital.cl\/sites\/vc\/wp-content\/uploads\/2022\/10\/P1249115-480x640.jpg 480w, https:\/\/dev.antudigital.cl\/sites\/vc\/wp-content\/uploads\/2022\/10\/P1249115-scaled.jpg 1920w\" sizes=\"(max-width: 768px) 100vw, 768px\" \/><\/figure>\n\n\n\n<p><strong>\u00bfC\u00f3mo fue el proceso desde que grabaron el material hasta ahora, el estreno?<\/strong><\/p>\n\n\n\n<p>-Tuvimos un flujo de trabajo un poco exigente. Revisamos diariamente el material del d\u00eda, por lo que las jornadas eran hasta muy tarde. Despu\u00e9s de que terminamos dejamos descansar el material harto tiempo y cuando nos enfrentamos de nuevo a \u00e9l fuimos descubriendo cosas que hab\u00edamos pasado por alto en una primera instancia.<\/p>\n\n\n\n<p>El sonido fue lo que nos tom\u00f3 m\u00e1s tiempo de construir y hubo mucho \u00e9nfasis en el fuera de campo, porque era un elemento que nos permit\u00eda ampliar el margen del plano fijo. Es una pel\u00edcula que no utiliza elementos sonoros para enfatizar la interpretaci\u00f3n del espectador sobre los hechos que se presentan, y la m\u00fasica que aparece dentro del documental es solo dieg\u00e9tica. Hubo mucho trabajo y dudas en el dise\u00f1o sonoro y mezcla porque no pod\u00edamos perder el foco del realismo. Al igual que con la imagen, hab\u00eda que ponerle l\u00edmite al \u00e9nfasis y la sobre estilizaci\u00f3n.&nbsp;<\/p>\n\n\n\n<p><strong>\u00bfEstar\u00e1 en alguna sala o espacio ac\u00e1 en la Regi\u00f3n de Valpara\u00edso?<\/strong><\/p>\n\n\n\n<p>-Nos encantar\u00eda. Por el momento, tenemos una exhibici\u00f3n abierta a la comunidad que se realizar\u00e1 en el Parque Cultural de Valpara\u00edso. La fecha para eso es el 3 de diciembre.<\/p>\n\n\n\n<p>Me encantar\u00eda poder darlo en Insomnia, es un deseo profundo de mi hijo Le\u00f3n adem\u00e1s, que es un espectador fiel a la sala. Ojal\u00e1 se interesen.<\/p>\n","protected":false},"excerpt":{"rendered":"<p>Recientemente se anunci\u00f3 el premio del documental \u00abReal Windows\u00bb en el Indian Cine Film Fest de Mumbai, pieza dirigida por Joel Cisternas y Pedro Pavez quienes registraron el estallido social de octubre 2019 y con ese material se encuentran celebrando el Premio del Jurado del certamen. Esta fue la primera selecci\u00f3n de los realizadores en [&hellip;]<\/p>\n","protected":false},"author":1,"featured_media":11827,"comment_status":"open","ping_status":"closed","sticky":false,"template":"","format":"standard","meta":{"_acf_changed":false,"footnotes":""},"categories":[8],"tags":[],"class_list":["post-11826","post","type-post","status-publish","format-standard","has-post-thumbnail","hentry","category-noticia"],"acf":[],"yoast_head":"<!-- This site is optimized with the Yoast SEO plugin v27.1.1 - https:\/\/yoast.com\/product\/yoast-seo-wordpress\/ -->\n<title>Entrevista a Pedro Pavez, co-creador del premiado documental &quot;Real Windows&quot; - Valpara\u00ed\u00adso Creativo<\/title>\n<meta name=\"robots\" content=\"index, follow, max-snippet:-1, max-image-preview:large, max-video-preview:-1\" \/>\n<link rel=\"canonical\" href=\"https:\/\/dev.antudigital.cl\/sites\/vc\/entrevista-a-pedro-pavez-co-creador-del-premiado-documental-real-windows\/\" \/>\n<meta property=\"og:locale\" content=\"es_ES\" \/>\n<meta property=\"og:type\" content=\"article\" \/>\n<meta property=\"og:title\" content=\"Entrevista a Pedro Pavez, co-creador del premiado documental &quot;Real Windows&quot; - Valpara\u00ed\u00adso Creativo\" \/>\n<meta property=\"og:description\" content=\"Recientemente se anunci\u00f3 el premio del documental \u00abReal Windows\u00bb en el Indian Cine Film Fest de Mumbai, pieza dirigida por Joel Cisternas y Pedro Pavez quienes registraron el estallido social de octubre 2019 y con ese material se encuentran celebrando el Premio del Jurado del certamen. Esta fue la primera selecci\u00f3n de los realizadores en [&hellip;]\" \/>\n<meta property=\"og:url\" content=\"https:\/\/dev.antudigital.cl\/sites\/vc\/entrevista-a-pedro-pavez-co-creador-del-premiado-documental-real-windows\/\" \/>\n<meta property=\"og:site_name\" content=\"Valpara\u00ed\u00adso Creativo\" \/>\n<meta property=\"article:published_time\" content=\"2022-10-10T21:28:46+00:00\" \/>\n<meta property=\"article:modified_time\" content=\"2022-10-10T21:28:53+00:00\" \/>\n<meta property=\"og:image\" content=\"https:\/\/dev.antudigital.cl\/sites\/vc\/wp-content\/uploads\/2022\/10\/Real-windows-2-700x394-1.jpg\" \/>\n\t<meta property=\"og:image:width\" content=\"700\" \/>\n\t<meta property=\"og:image:height\" content=\"394\" \/>\n\t<meta property=\"og:image:type\" content=\"image\/jpeg\" \/>\n<meta name=\"author\" content=\"Valpara\u00edso Creativo\" \/>\n<meta name=\"twitter:card\" content=\"summary_large_image\" \/>\n<meta name=\"twitter:label1\" content=\"Escrito por\" \/>\n\t<meta name=\"twitter:data1\" content=\"Valpara\u00edso Creativo\" \/>\n\t<meta name=\"twitter:label2\" content=\"Tiempo de lectura\" \/>\n\t<meta name=\"twitter:data2\" content=\"3 minutos\" \/>\n<script type=\"application\/ld+json\" class=\"yoast-schema-graph\">{\"@context\":\"https:\/\/schema.org\",\"@graph\":[{\"@type\":\"Article\",\"@id\":\"https:\/\/dev.antudigital.cl\/sites\/vc\/entrevista-a-pedro-pavez-co-creador-del-premiado-documental-real-windows\/#article\",\"isPartOf\":{\"@id\":\"https:\/\/dev.antudigital.cl\/sites\/vc\/entrevista-a-pedro-pavez-co-creador-del-premiado-documental-real-windows\/\"},\"author\":{\"name\":\"Valpara\u00edso Creativo\",\"@id\":\"https:\/\/dev.antudigital.cl\/sites\/vc\/#\/schema\/person\/c2b9da8dd545e27166fc5ab232837318\"},\"headline\":\"Entrevista a Pedro Pavez, co-creador del premiado documental \u00abReal Windows\u00bb\",\"datePublished\":\"2022-10-10T21:28:46+00:00\",\"dateModified\":\"2022-10-10T21:28:53+00:00\",\"mainEntityOfPage\":{\"@id\":\"https:\/\/dev.antudigital.cl\/sites\/vc\/entrevista-a-pedro-pavez-co-creador-del-premiado-documental-real-windows\/\"},\"wordCount\":656,\"commentCount\":0,\"image\":{\"@id\":\"https:\/\/dev.antudigital.cl\/sites\/vc\/entrevista-a-pedro-pavez-co-creador-del-premiado-documental-real-windows\/#primaryimage\"},\"thumbnailUrl\":\"https:\/\/dev.antudigital.cl\/sites\/vc\/wp-content\/uploads\/2022\/10\/Real-windows-2-700x394-1.jpg\",\"articleSection\":[\"Noticia\"],\"inLanguage\":\"es\",\"potentialAction\":[{\"@type\":\"CommentAction\",\"name\":\"Comment\",\"target\":[\"https:\/\/dev.antudigital.cl\/sites\/vc\/entrevista-a-pedro-pavez-co-creador-del-premiado-documental-real-windows\/#respond\"]}]},{\"@type\":\"WebPage\",\"@id\":\"https:\/\/dev.antudigital.cl\/sites\/vc\/entrevista-a-pedro-pavez-co-creador-del-premiado-documental-real-windows\/\",\"url\":\"https:\/\/dev.antudigital.cl\/sites\/vc\/entrevista-a-pedro-pavez-co-creador-del-premiado-documental-real-windows\/\",\"name\":\"Entrevista a Pedro Pavez, co-creador del premiado documental \\\"Real Windows\\\" - Valpara\u00ed\u00adso Creativo\",\"isPartOf\":{\"@id\":\"https:\/\/dev.antudigital.cl\/sites\/vc\/#website\"},\"primaryImageOfPage\":{\"@id\":\"https:\/\/dev.antudigital.cl\/sites\/vc\/entrevista-a-pedro-pavez-co-creador-del-premiado-documental-real-windows\/#primaryimage\"},\"image\":{\"@id\":\"https:\/\/dev.antudigital.cl\/sites\/vc\/entrevista-a-pedro-pavez-co-creador-del-premiado-documental-real-windows\/#primaryimage\"},\"thumbnailUrl\":\"https:\/\/dev.antudigital.cl\/sites\/vc\/wp-content\/uploads\/2022\/10\/Real-windows-2-700x394-1.jpg\",\"datePublished\":\"2022-10-10T21:28:46+00:00\",\"dateModified\":\"2022-10-10T21:28:53+00:00\",\"author\":{\"@id\":\"https:\/\/dev.antudigital.cl\/sites\/vc\/#\/schema\/person\/c2b9da8dd545e27166fc5ab232837318\"},\"breadcrumb\":{\"@id\":\"https:\/\/dev.antudigital.cl\/sites\/vc\/entrevista-a-pedro-pavez-co-creador-del-premiado-documental-real-windows\/#breadcrumb\"},\"inLanguage\":\"es\",\"potentialAction\":[{\"@type\":\"ReadAction\",\"target\":[\"https:\/\/dev.antudigital.cl\/sites\/vc\/entrevista-a-pedro-pavez-co-creador-del-premiado-documental-real-windows\/\"]}]},{\"@type\":\"ImageObject\",\"inLanguage\":\"es\",\"@id\":\"https:\/\/dev.antudigital.cl\/sites\/vc\/entrevista-a-pedro-pavez-co-creador-del-premiado-documental-real-windows\/#primaryimage\",\"url\":\"https:\/\/dev.antudigital.cl\/sites\/vc\/wp-content\/uploads\/2022\/10\/Real-windows-2-700x394-1.jpg\",\"contentUrl\":\"https:\/\/dev.antudigital.cl\/sites\/vc\/wp-content\/uploads\/2022\/10\/Real-windows-2-700x394-1.jpg\",\"width\":700,\"height\":394},{\"@type\":\"BreadcrumbList\",\"@id\":\"https:\/\/dev.antudigital.cl\/sites\/vc\/entrevista-a-pedro-pavez-co-creador-del-premiado-documental-real-windows\/#breadcrumb\",\"itemListElement\":[{\"@type\":\"ListItem\",\"position\":1,\"name\":\"Home\",\"item\":\"https:\/\/dev.antudigital.cl\/sites\/vc\/\"},{\"@type\":\"ListItem\",\"position\":2,\"name\":\"Entrevista a Pedro Pavez, co-creador del premiado documental \u00abReal Windows\u00bb\"}]},{\"@type\":\"WebSite\",\"@id\":\"https:\/\/dev.antudigital.cl\/sites\/vc\/#website\",\"url\":\"https:\/\/dev.antudigital.cl\/sites\/vc\/\",\"name\":\"Valpara\u00ed\u00adso Creativo\",\"description\":\"\",\"potentialAction\":[{\"@type\":\"SearchAction\",\"target\":{\"@type\":\"EntryPoint\",\"urlTemplate\":\"https:\/\/dev.antudigital.cl\/sites\/vc\/?s={search_term_string}\"},\"query-input\":{\"@type\":\"PropertyValueSpecification\",\"valueRequired\":true,\"valueName\":\"search_term_string\"}}],\"inLanguage\":\"es\"},{\"@type\":\"Person\",\"@id\":\"https:\/\/dev.antudigital.cl\/sites\/vc\/#\/schema\/person\/c2b9da8dd545e27166fc5ab232837318\",\"name\":\"Valpara\u00edso Creativo\",\"description\":\"Periodista de cultura en la Regi\u00f3n de Valpara\u00edso.\",\"url\":\"https:\/\/dev.antudigital.cl\/sites\/vc\/author\/valpoadmin\/\"}]}<\/script>\n<!-- \/ Yoast SEO plugin. -->","yoast_head_json":{"title":"Entrevista a Pedro Pavez, co-creador del premiado documental \"Real Windows\" - Valpara\u00ed\u00adso Creativo","robots":{"index":"index","follow":"follow","max-snippet":"max-snippet:-1","max-image-preview":"max-image-preview:large","max-video-preview":"max-video-preview:-1"},"canonical":"https:\/\/dev.antudigital.cl\/sites\/vc\/entrevista-a-pedro-pavez-co-creador-del-premiado-documental-real-windows\/","og_locale":"es_ES","og_type":"article","og_title":"Entrevista a Pedro Pavez, co-creador del premiado documental \"Real Windows\" - Valpara\u00ed\u00adso Creativo","og_description":"Recientemente se anunci\u00f3 el premio del documental \u00abReal Windows\u00bb en el Indian Cine Film Fest de Mumbai, pieza dirigida por Joel Cisternas y Pedro Pavez quienes registraron el estallido social de octubre 2019 y con ese material se encuentran celebrando el Premio del Jurado del certamen. Esta fue la primera selecci\u00f3n de los realizadores en [&hellip;]","og_url":"https:\/\/dev.antudigital.cl\/sites\/vc\/entrevista-a-pedro-pavez-co-creador-del-premiado-documental-real-windows\/","og_site_name":"Valpara\u00ed\u00adso Creativo","article_published_time":"2022-10-10T21:28:46+00:00","article_modified_time":"2022-10-10T21:28:53+00:00","og_image":[{"width":700,"height":394,"url":"https:\/\/dev.antudigital.cl\/sites\/vc\/wp-content\/uploads\/2022\/10\/Real-windows-2-700x394-1.jpg","type":"image\/jpeg"}],"author":"Valpara\u00edso Creativo","twitter_card":"summary_large_image","twitter_misc":{"Escrito por":"Valpara\u00edso Creativo","Tiempo de lectura":"3 minutos"},"schema":{"@context":"https:\/\/schema.org","@graph":[{"@type":"Article","@id":"https:\/\/dev.antudigital.cl\/sites\/vc\/entrevista-a-pedro-pavez-co-creador-del-premiado-documental-real-windows\/#article","isPartOf":{"@id":"https:\/\/dev.antudigital.cl\/sites\/vc\/entrevista-a-pedro-pavez-co-creador-del-premiado-documental-real-windows\/"},"author":{"name":"Valpara\u00edso Creativo","@id":"https:\/\/dev.antudigital.cl\/sites\/vc\/#\/schema\/person\/c2b9da8dd545e27166fc5ab232837318"},"headline":"Entrevista a Pedro Pavez, co-creador del premiado documental \u00abReal Windows\u00bb","datePublished":"2022-10-10T21:28:46+00:00","dateModified":"2022-10-10T21:28:53+00:00","mainEntityOfPage":{"@id":"https:\/\/dev.antudigital.cl\/sites\/vc\/entrevista-a-pedro-pavez-co-creador-del-premiado-documental-real-windows\/"},"wordCount":656,"commentCount":0,"image":{"@id":"https:\/\/dev.antudigital.cl\/sites\/vc\/entrevista-a-pedro-pavez-co-creador-del-premiado-documental-real-windows\/#primaryimage"},"thumbnailUrl":"https:\/\/dev.antudigital.cl\/sites\/vc\/wp-content\/uploads\/2022\/10\/Real-windows-2-700x394-1.jpg","articleSection":["Noticia"],"inLanguage":"es","potentialAction":[{"@type":"CommentAction","name":"Comment","target":["https:\/\/dev.antudigital.cl\/sites\/vc\/entrevista-a-pedro-pavez-co-creador-del-premiado-documental-real-windows\/#respond"]}]},{"@type":"WebPage","@id":"https:\/\/dev.antudigital.cl\/sites\/vc\/entrevista-a-pedro-pavez-co-creador-del-premiado-documental-real-windows\/","url":"https:\/\/dev.antudigital.cl\/sites\/vc\/entrevista-a-pedro-pavez-co-creador-del-premiado-documental-real-windows\/","name":"Entrevista a Pedro Pavez, co-creador del premiado documental \"Real Windows\" - Valpara\u00ed\u00adso Creativo","isPartOf":{"@id":"https:\/\/dev.antudigital.cl\/sites\/vc\/#website"},"primaryImageOfPage":{"@id":"https:\/\/dev.antudigital.cl\/sites\/vc\/entrevista-a-pedro-pavez-co-creador-del-premiado-documental-real-windows\/#primaryimage"},"image":{"@id":"https:\/\/dev.antudigital.cl\/sites\/vc\/entrevista-a-pedro-pavez-co-creador-del-premiado-documental-real-windows\/#primaryimage"},"thumbnailUrl":"https:\/\/dev.antudigital.cl\/sites\/vc\/wp-content\/uploads\/2022\/10\/Real-windows-2-700x394-1.jpg","datePublished":"2022-10-10T21:28:46+00:00","dateModified":"2022-10-10T21:28:53+00:00","author":{"@id":"https:\/\/dev.antudigital.cl\/sites\/vc\/#\/schema\/person\/c2b9da8dd545e27166fc5ab232837318"},"breadcrumb":{"@id":"https:\/\/dev.antudigital.cl\/sites\/vc\/entrevista-a-pedro-pavez-co-creador-del-premiado-documental-real-windows\/#breadcrumb"},"inLanguage":"es","potentialAction":[{"@type":"ReadAction","target":["https:\/\/dev.antudigital.cl\/sites\/vc\/entrevista-a-pedro-pavez-co-creador-del-premiado-documental-real-windows\/"]}]},{"@type":"ImageObject","inLanguage":"es","@id":"https:\/\/dev.antudigital.cl\/sites\/vc\/entrevista-a-pedro-pavez-co-creador-del-premiado-documental-real-windows\/#primaryimage","url":"https:\/\/dev.antudigital.cl\/sites\/vc\/wp-content\/uploads\/2022\/10\/Real-windows-2-700x394-1.jpg","contentUrl":"https:\/\/dev.antudigital.cl\/sites\/vc\/wp-content\/uploads\/2022\/10\/Real-windows-2-700x394-1.jpg","width":700,"height":394},{"@type":"BreadcrumbList","@id":"https:\/\/dev.antudigital.cl\/sites\/vc\/entrevista-a-pedro-pavez-co-creador-del-premiado-documental-real-windows\/#breadcrumb","itemListElement":[{"@type":"ListItem","position":1,"name":"Home","item":"https:\/\/dev.antudigital.cl\/sites\/vc\/"},{"@type":"ListItem","position":2,"name":"Entrevista a Pedro Pavez, co-creador del premiado documental \u00abReal Windows\u00bb"}]},{"@type":"WebSite","@id":"https:\/\/dev.antudigital.cl\/sites\/vc\/#website","url":"https:\/\/dev.antudigital.cl\/sites\/vc\/","name":"Valpara\u00ed\u00adso Creativo","description":"","potentialAction":[{"@type":"SearchAction","target":{"@type":"EntryPoint","urlTemplate":"https:\/\/dev.antudigital.cl\/sites\/vc\/?s={search_term_string}"},"query-input":{"@type":"PropertyValueSpecification","valueRequired":true,"valueName":"search_term_string"}}],"inLanguage":"es"},{"@type":"Person","@id":"https:\/\/dev.antudigital.cl\/sites\/vc\/#\/schema\/person\/c2b9da8dd545e27166fc5ab232837318","name":"Valpara\u00edso Creativo","description":"Periodista de cultura en la Regi\u00f3n de Valpara\u00edso.","url":"https:\/\/dev.antudigital.cl\/sites\/vc\/author\/valpoadmin\/"}]}},"_links":{"self":[{"href":"https:\/\/dev.antudigital.cl\/sites\/vc\/wp-json\/wp\/v2\/posts\/11826","targetHints":{"allow":["GET"]}}],"collection":[{"href":"https:\/\/dev.antudigital.cl\/sites\/vc\/wp-json\/wp\/v2\/posts"}],"about":[{"href":"https:\/\/dev.antudigital.cl\/sites\/vc\/wp-json\/wp\/v2\/types\/post"}],"author":[{"embeddable":true,"href":"https:\/\/dev.antudigital.cl\/sites\/vc\/wp-json\/wp\/v2\/users\/1"}],"replies":[{"embeddable":true,"href":"https:\/\/dev.antudigital.cl\/sites\/vc\/wp-json\/wp\/v2\/comments?post=11826"}],"version-history":[{"count":2,"href":"https:\/\/dev.antudigital.cl\/sites\/vc\/wp-json\/wp\/v2\/posts\/11826\/revisions"}],"predecessor-version":[{"id":11834,"href":"https:\/\/dev.antudigital.cl\/sites\/vc\/wp-json\/wp\/v2\/posts\/11826\/revisions\/11834"}],"wp:featuredmedia":[{"embeddable":true,"href":"https:\/\/dev.antudigital.cl\/sites\/vc\/wp-json\/wp\/v2\/media\/11827"}],"wp:attachment":[{"href":"https:\/\/dev.antudigital.cl\/sites\/vc\/wp-json\/wp\/v2\/media?parent=11826"}],"wp:term":[{"taxonomy":"category","embeddable":true,"href":"https:\/\/dev.antudigital.cl\/sites\/vc\/wp-json\/wp\/v2\/categories?post=11826"},{"taxonomy":"post_tag","embeddable":true,"href":"https:\/\/dev.antudigital.cl\/sites\/vc\/wp-json\/wp\/v2\/tags?post=11826"}],"curies":[{"name":"wp","href":"https:\/\/api.w.org\/{rel}","templated":true}]}}