{"id":11830,"date":"2022-10-10T21:44:11","date_gmt":"2022-10-10T21:44:11","guid":{"rendered":"https:\/\/www.valparaisocreativo.cl\/?p=11830"},"modified":"2022-10-10T21:44:16","modified_gmt":"2022-10-10T21:44:16","slug":"ya-es-noticia-festival-trotamundos-2023","status":"publish","type":"post","link":"https:\/\/dev.antudigital.cl\/sites\/vc\/ya-es-noticia-festival-trotamundos-2023\/","title":{"rendered":"Ya es noticia: Festival Trotamundos 2023"},"content":{"rendered":"\n<p><a href=\"https:\/\/www.instagram.com\/trotaterraza\/\">Trotamundos Terraza<\/a> ya hizo su anuncio para el pr\u00f3ximo \u00a1S\u00e1bado 4 de Febrero! &#x2600;&#xfe0f; Anuncian su primer Festival musical desde Quilpu\u00e9. Haciendo crecer la escena musical local.<\/p>\n\n\n\n<p>La cita ser\u00e1 desde El Aut\u00f3dromo Gustavo Felo Rivera &#x1f3c1; descentralizando la m\u00fasica y posicionando a <a href=\"https:\/\/www.instagram.com\/explore\/tags\/quilpu%C3%A9\/\">#Quilpu\u00e9<\/a> en el mapa.<\/p>\n\n\n\n<blockquote class=\"wp-block-quote is-layout-flow wp-block-quote-is-layout-flow\"><p><br>Te invitamos a sumarte a este lindo viaje lleno de m\u00fasica junto a toda la familia, donde llenaremos de colores y sonidos en vivo para que tu experiencia sea fant\u00e1stica. &#x1f64c;&#x1f3fb;&#x2728; Contaremos con algunas sorpresas, entre ellas una feria de dise\u00f1o independiente local, diversos foodtruck para deleitar tu paladar y juegos para los mas peque\u00f1os.<br><\/p><\/blockquote>\n\n\n\n<p>Pronto se viene el anuncio de los y las artistas que estar\u00e1n participando en esta gran instancia.<br><br>Patrocinan<br><a href=\"https:\/\/www.instagram.com\/muni_quilpue\/\">@muni_quilpue<\/a><br><a href=\"https:\/\/www.instagram.com\/gustavofelorivera\/\">@gustavofelorivera<\/a><br><br>Colaboran<br><a href=\"https:\/\/www.instagram.com\/valpocreativo\/\">@valpocreativo<\/a><br><a href=\"https:\/\/www.instagram.com\/lasordera\/\">@lasordera<\/a><br><a href=\"https:\/\/www.instagram.com\/produceapulso\/\">@produceapulso<\/a><br><a href=\"https:\/\/www.instagram.com\/lahoraoficial\/\">@lahoraoficial<\/a><br><a href=\"https:\/\/www.instagram.com\/ratacl\/\">@ratacl<\/a><br><br>&#x26a1;&#xfe0f;Sigue <a href=\"https:\/\/www.instagram.com\/festivaltrotamundos\/\">@festivaltrotamundos<\/a> &#x26a1;&#xfe0f;<\/p>\n\n\n\n<figure class=\"wp-block-image size-full\"><img fetchpriority=\"high\" decoding=\"async\" width=\"603\" height=\"607\" src=\"https:\/\/www.valparaisocreativo.cl\/wp-content\/uploads\/2022\/10\/Captura-de-Pantalla-2022-10-10-a-las-18.42.15.png\" alt=\"\" class=\"wp-image-11832\" srcset=\"https:\/\/dev.antudigital.cl\/sites\/vc\/wp-content\/uploads\/2022\/10\/Captura-de-Pantalla-2022-10-10-a-las-18.42.15.png 603w, https:\/\/dev.antudigital.cl\/sites\/vc\/wp-content\/uploads\/2022\/10\/Captura-de-Pantalla-2022-10-10-a-las-18.42.15-298x300.png 298w, https:\/\/dev.antudigital.cl\/sites\/vc\/wp-content\/uploads\/2022\/10\/Captura-de-Pantalla-2022-10-10-a-las-18.42.15-150x150.png 150w, https:\/\/dev.antudigital.cl\/sites\/vc\/wp-content\/uploads\/2022\/10\/Captura-de-Pantalla-2022-10-10-a-las-18.42.15-480x483.png 480w\" sizes=\"(max-width: 603px) 100vw, 603px\" \/><\/figure>\n","protected":false},"excerpt":{"rendered":"<p>Trotamundos Terraza ya hizo su anuncio para el pr\u00f3ximo \u00a1S\u00e1bado 4 de Febrero! &#x2600;&#xfe0f; Anuncian su primer Festival musical desde Quilpu\u00e9. Haciendo crecer la escena musical local. La cita ser\u00e1 desde El Aut\u00f3dromo Gustavo Felo Rivera &#x1f3c1; descentralizando la m\u00fasica y posicionando a #Quilpu\u00e9 en el mapa. Te invitamos a sumarte a este lindo viaje [&hellip;]<\/p>\n","protected":false},"author":1,"featured_media":11831,"comment_status":"open","ping_status":"closed","sticky":false,"template":"","format":"standard","meta":{"_acf_changed":false,"footnotes":""},"categories":[8],"tags":[],"class_list":["post-11830","post","type-post","status-publish","format-standard","has-post-thumbnail","hentry","category-noticia"],"acf":[],"yoast_head":"<!-- This site is optimized with the Yoast SEO plugin v27.1.1 - https:\/\/yoast.com\/product\/yoast-seo-wordpress\/ -->\n<title>Ya es noticia: Festival Trotamundos 2023 - Valpara\u00ed\u00adso Creativo<\/title>\n<meta name=\"robots\" content=\"index, follow, max-snippet:-1, max-image-preview:large, max-video-preview:-1\" \/>\n<link rel=\"canonical\" href=\"https:\/\/dev.antudigital.cl\/sites\/vc\/ya-es-noticia-festival-trotamundos-2023\/\" \/>\n<meta property=\"og:locale\" content=\"es_ES\" \/>\n<meta property=\"og:type\" content=\"article\" \/>\n<meta property=\"og:title\" content=\"Ya es noticia: Festival Trotamundos 2023 - Valpara\u00ed\u00adso Creativo\" \/>\n<meta property=\"og:description\" content=\"Trotamundos Terraza ya hizo su anuncio para el pr\u00f3ximo \u00a1S\u00e1bado 4 de Febrero! &#x2600;&#xfe0f; Anuncian su primer Festival musical desde Quilpu\u00e9. Haciendo crecer la escena musical local. La cita ser\u00e1 desde El Aut\u00f3dromo Gustavo Felo Rivera &#x1f3c1; descentralizando la m\u00fasica y posicionando a #Quilpu\u00e9 en el mapa. Te invitamos a sumarte a este lindo viaje [&hellip;]\" \/>\n<meta property=\"og:url\" content=\"https:\/\/dev.antudigital.cl\/sites\/vc\/ya-es-noticia-festival-trotamundos-2023\/\" \/>\n<meta property=\"og:site_name\" content=\"Valpara\u00ed\u00adso Creativo\" \/>\n<meta property=\"article:published_time\" content=\"2022-10-10T21:44:11+00:00\" \/>\n<meta property=\"article:modified_time\" content=\"2022-10-10T21:44:16+00:00\" \/>\n<meta property=\"og:image\" content=\"https:\/\/dev.antudigital.cl\/sites\/vc\/wp-content\/uploads\/2022\/10\/Captura-de-Pantalla-2022-10-10-a-las-18.42.28.png\" \/>\n\t<meta property=\"og:image:width\" content=\"1210\" \/>\n\t<meta property=\"og:image:height\" content=\"421\" \/>\n\t<meta property=\"og:image:type\" content=\"image\/png\" \/>\n<meta name=\"author\" content=\"Valpara\u00edso Creativo\" \/>\n<meta name=\"twitter:card\" content=\"summary_large_image\" \/>\n<meta name=\"twitter:label1\" content=\"Escrito por\" \/>\n\t<meta name=\"twitter:data1\" content=\"Valpara\u00edso Creativo\" \/>\n\t<meta name=\"twitter:label2\" content=\"Tiempo de lectura\" \/>\n\t<meta name=\"twitter:data2\" content=\"1 minuto\" \/>\n<script type=\"application\/ld+json\" class=\"yoast-schema-graph\">{\"@context\":\"https:\/\/schema.org\",\"@graph\":[{\"@type\":\"Article\",\"@id\":\"https:\/\/dev.antudigital.cl\/sites\/vc\/ya-es-noticia-festival-trotamundos-2023\/#article\",\"isPartOf\":{\"@id\":\"https:\/\/dev.antudigital.cl\/sites\/vc\/ya-es-noticia-festival-trotamundos-2023\/\"},\"author\":{\"name\":\"Valpara\u00edso Creativo\",\"@id\":\"https:\/\/dev.antudigital.cl\/sites\/vc\/#\/schema\/person\/c2b9da8dd545e27166fc5ab232837318\"},\"headline\":\"Ya es noticia: Festival Trotamundos 2023\",\"datePublished\":\"2022-10-10T21:44:11+00:00\",\"dateModified\":\"2022-10-10T21:44:16+00:00\",\"mainEntityOfPage\":{\"@id\":\"https:\/\/dev.antudigital.cl\/sites\/vc\/ya-es-noticia-festival-trotamundos-2023\/\"},\"wordCount\":162,\"commentCount\":0,\"image\":{\"@id\":\"https:\/\/dev.antudigital.cl\/sites\/vc\/ya-es-noticia-festival-trotamundos-2023\/#primaryimage\"},\"thumbnailUrl\":\"https:\/\/dev.antudigital.cl\/sites\/vc\/wp-content\/uploads\/2022\/10\/Captura-de-Pantalla-2022-10-10-a-las-18.42.28.png\",\"articleSection\":[\"Noticia\"],\"inLanguage\":\"es\",\"potentialAction\":[{\"@type\":\"CommentAction\",\"name\":\"Comment\",\"target\":[\"https:\/\/dev.antudigital.cl\/sites\/vc\/ya-es-noticia-festival-trotamundos-2023\/#respond\"]}]},{\"@type\":\"WebPage\",\"@id\":\"https:\/\/dev.antudigital.cl\/sites\/vc\/ya-es-noticia-festival-trotamundos-2023\/\",\"url\":\"https:\/\/dev.antudigital.cl\/sites\/vc\/ya-es-noticia-festival-trotamundos-2023\/\",\"name\":\"Ya es noticia: Festival Trotamundos 2023 - Valpara\u00ed\u00adso Creativo\",\"isPartOf\":{\"@id\":\"https:\/\/dev.antudigital.cl\/sites\/vc\/#website\"},\"primaryImageOfPage\":{\"@id\":\"https:\/\/dev.antudigital.cl\/sites\/vc\/ya-es-noticia-festival-trotamundos-2023\/#primaryimage\"},\"image\":{\"@id\":\"https:\/\/dev.antudigital.cl\/sites\/vc\/ya-es-noticia-festival-trotamundos-2023\/#primaryimage\"},\"thumbnailUrl\":\"https:\/\/dev.antudigital.cl\/sites\/vc\/wp-content\/uploads\/2022\/10\/Captura-de-Pantalla-2022-10-10-a-las-18.42.28.png\",\"datePublished\":\"2022-10-10T21:44:11+00:00\",\"dateModified\":\"2022-10-10T21:44:16+00:00\",\"author\":{\"@id\":\"https:\/\/dev.antudigital.cl\/sites\/vc\/#\/schema\/person\/c2b9da8dd545e27166fc5ab232837318\"},\"breadcrumb\":{\"@id\":\"https:\/\/dev.antudigital.cl\/sites\/vc\/ya-es-noticia-festival-trotamundos-2023\/#breadcrumb\"},\"inLanguage\":\"es\",\"potentialAction\":[{\"@type\":\"ReadAction\",\"target\":[\"https:\/\/dev.antudigital.cl\/sites\/vc\/ya-es-noticia-festival-trotamundos-2023\/\"]}]},{\"@type\":\"ImageObject\",\"inLanguage\":\"es\",\"@id\":\"https:\/\/dev.antudigital.cl\/sites\/vc\/ya-es-noticia-festival-trotamundos-2023\/#primaryimage\",\"url\":\"https:\/\/dev.antudigital.cl\/sites\/vc\/wp-content\/uploads\/2022\/10\/Captura-de-Pantalla-2022-10-10-a-las-18.42.28.png\",\"contentUrl\":\"https:\/\/dev.antudigital.cl\/sites\/vc\/wp-content\/uploads\/2022\/10\/Captura-de-Pantalla-2022-10-10-a-las-18.42.28.png\",\"width\":1210,\"height\":421},{\"@type\":\"BreadcrumbList\",\"@id\":\"https:\/\/dev.antudigital.cl\/sites\/vc\/ya-es-noticia-festival-trotamundos-2023\/#breadcrumb\",\"itemListElement\":[{\"@type\":\"ListItem\",\"position\":1,\"name\":\"Home\",\"item\":\"https:\/\/dev.antudigital.cl\/sites\/vc\/\"},{\"@type\":\"ListItem\",\"position\":2,\"name\":\"Ya es noticia: Festival Trotamundos 2023\"}]},{\"@type\":\"WebSite\",\"@id\":\"https:\/\/dev.antudigital.cl\/sites\/vc\/#website\",\"url\":\"https:\/\/dev.antudigital.cl\/sites\/vc\/\",\"name\":\"Valpara\u00ed\u00adso Creativo\",\"description\":\"\",\"potentialAction\":[{\"@type\":\"SearchAction\",\"target\":{\"@type\":\"EntryPoint\",\"urlTemplate\":\"https:\/\/dev.antudigital.cl\/sites\/vc\/?s={search_term_string}\"},\"query-input\":{\"@type\":\"PropertyValueSpecification\",\"valueRequired\":true,\"valueName\":\"search_term_string\"}}],\"inLanguage\":\"es\"},{\"@type\":\"Person\",\"@id\":\"https:\/\/dev.antudigital.cl\/sites\/vc\/#\/schema\/person\/c2b9da8dd545e27166fc5ab232837318\",\"name\":\"Valpara\u00edso Creativo\",\"description\":\"Periodista de cultura en la Regi\u00f3n de Valpara\u00edso.\",\"url\":\"https:\/\/dev.antudigital.cl\/sites\/vc\/author\/valpoadmin\/\"}]}<\/script>\n<!-- \/ Yoast SEO plugin. -->","yoast_head_json":{"title":"Ya es noticia: Festival Trotamundos 2023 - Valpara\u00ed\u00adso Creativo","robots":{"index":"index","follow":"follow","max-snippet":"max-snippet:-1","max-image-preview":"max-image-preview:large","max-video-preview":"max-video-preview:-1"},"canonical":"https:\/\/dev.antudigital.cl\/sites\/vc\/ya-es-noticia-festival-trotamundos-2023\/","og_locale":"es_ES","og_type":"article","og_title":"Ya es noticia: Festival Trotamundos 2023 - Valpara\u00ed\u00adso Creativo","og_description":"Trotamundos Terraza ya hizo su anuncio para el pr\u00f3ximo \u00a1S\u00e1bado 4 de Febrero! &#x2600;&#xfe0f; Anuncian su primer Festival musical desde Quilpu\u00e9. Haciendo crecer la escena musical local. La cita ser\u00e1 desde El Aut\u00f3dromo Gustavo Felo Rivera &#x1f3c1; descentralizando la m\u00fasica y posicionando a #Quilpu\u00e9 en el mapa. Te invitamos a sumarte a este lindo viaje [&hellip;]","og_url":"https:\/\/dev.antudigital.cl\/sites\/vc\/ya-es-noticia-festival-trotamundos-2023\/","og_site_name":"Valpara\u00ed\u00adso Creativo","article_published_time":"2022-10-10T21:44:11+00:00","article_modified_time":"2022-10-10T21:44:16+00:00","og_image":[{"width":1210,"height":421,"url":"https:\/\/dev.antudigital.cl\/sites\/vc\/wp-content\/uploads\/2022\/10\/Captura-de-Pantalla-2022-10-10-a-las-18.42.28.png","type":"image\/png"}],"author":"Valpara\u00edso Creativo","twitter_card":"summary_large_image","twitter_misc":{"Escrito por":"Valpara\u00edso Creativo","Tiempo de lectura":"1 minuto"},"schema":{"@context":"https:\/\/schema.org","@graph":[{"@type":"Article","@id":"https:\/\/dev.antudigital.cl\/sites\/vc\/ya-es-noticia-festival-trotamundos-2023\/#article","isPartOf":{"@id":"https:\/\/dev.antudigital.cl\/sites\/vc\/ya-es-noticia-festival-trotamundos-2023\/"},"author":{"name":"Valpara\u00edso Creativo","@id":"https:\/\/dev.antudigital.cl\/sites\/vc\/#\/schema\/person\/c2b9da8dd545e27166fc5ab232837318"},"headline":"Ya es noticia: Festival Trotamundos 2023","datePublished":"2022-10-10T21:44:11+00:00","dateModified":"2022-10-10T21:44:16+00:00","mainEntityOfPage":{"@id":"https:\/\/dev.antudigital.cl\/sites\/vc\/ya-es-noticia-festival-trotamundos-2023\/"},"wordCount":162,"commentCount":0,"image":{"@id":"https:\/\/dev.antudigital.cl\/sites\/vc\/ya-es-noticia-festival-trotamundos-2023\/#primaryimage"},"thumbnailUrl":"https:\/\/dev.antudigital.cl\/sites\/vc\/wp-content\/uploads\/2022\/10\/Captura-de-Pantalla-2022-10-10-a-las-18.42.28.png","articleSection":["Noticia"],"inLanguage":"es","potentialAction":[{"@type":"CommentAction","name":"Comment","target":["https:\/\/dev.antudigital.cl\/sites\/vc\/ya-es-noticia-festival-trotamundos-2023\/#respond"]}]},{"@type":"WebPage","@id":"https:\/\/dev.antudigital.cl\/sites\/vc\/ya-es-noticia-festival-trotamundos-2023\/","url":"https:\/\/dev.antudigital.cl\/sites\/vc\/ya-es-noticia-festival-trotamundos-2023\/","name":"Ya es noticia: Festival Trotamundos 2023 - Valpara\u00ed\u00adso Creativo","isPartOf":{"@id":"https:\/\/dev.antudigital.cl\/sites\/vc\/#website"},"primaryImageOfPage":{"@id":"https:\/\/dev.antudigital.cl\/sites\/vc\/ya-es-noticia-festival-trotamundos-2023\/#primaryimage"},"image":{"@id":"https:\/\/dev.antudigital.cl\/sites\/vc\/ya-es-noticia-festival-trotamundos-2023\/#primaryimage"},"thumbnailUrl":"https:\/\/dev.antudigital.cl\/sites\/vc\/wp-content\/uploads\/2022\/10\/Captura-de-Pantalla-2022-10-10-a-las-18.42.28.png","datePublished":"2022-10-10T21:44:11+00:00","dateModified":"2022-10-10T21:44:16+00:00","author":{"@id":"https:\/\/dev.antudigital.cl\/sites\/vc\/#\/schema\/person\/c2b9da8dd545e27166fc5ab232837318"},"breadcrumb":{"@id":"https:\/\/dev.antudigital.cl\/sites\/vc\/ya-es-noticia-festival-trotamundos-2023\/#breadcrumb"},"inLanguage":"es","potentialAction":[{"@type":"ReadAction","target":["https:\/\/dev.antudigital.cl\/sites\/vc\/ya-es-noticia-festival-trotamundos-2023\/"]}]},{"@type":"ImageObject","inLanguage":"es","@id":"https:\/\/dev.antudigital.cl\/sites\/vc\/ya-es-noticia-festival-trotamundos-2023\/#primaryimage","url":"https:\/\/dev.antudigital.cl\/sites\/vc\/wp-content\/uploads\/2022\/10\/Captura-de-Pantalla-2022-10-10-a-las-18.42.28.png","contentUrl":"https:\/\/dev.antudigital.cl\/sites\/vc\/wp-content\/uploads\/2022\/10\/Captura-de-Pantalla-2022-10-10-a-las-18.42.28.png","width":1210,"height":421},{"@type":"BreadcrumbList","@id":"https:\/\/dev.antudigital.cl\/sites\/vc\/ya-es-noticia-festival-trotamundos-2023\/#breadcrumb","itemListElement":[{"@type":"ListItem","position":1,"name":"Home","item":"https:\/\/dev.antudigital.cl\/sites\/vc\/"},{"@type":"ListItem","position":2,"name":"Ya es noticia: Festival Trotamundos 2023"}]},{"@type":"WebSite","@id":"https:\/\/dev.antudigital.cl\/sites\/vc\/#website","url":"https:\/\/dev.antudigital.cl\/sites\/vc\/","name":"Valpara\u00ed\u00adso Creativo","description":"","potentialAction":[{"@type":"SearchAction","target":{"@type":"EntryPoint","urlTemplate":"https:\/\/dev.antudigital.cl\/sites\/vc\/?s={search_term_string}"},"query-input":{"@type":"PropertyValueSpecification","valueRequired":true,"valueName":"search_term_string"}}],"inLanguage":"es"},{"@type":"Person","@id":"https:\/\/dev.antudigital.cl\/sites\/vc\/#\/schema\/person\/c2b9da8dd545e27166fc5ab232837318","name":"Valpara\u00edso Creativo","description":"Periodista de cultura en la Regi\u00f3n de Valpara\u00edso.","url":"https:\/\/dev.antudigital.cl\/sites\/vc\/author\/valpoadmin\/"}]}},"_links":{"self":[{"href":"https:\/\/dev.antudigital.cl\/sites\/vc\/wp-json\/wp\/v2\/posts\/11830","targetHints":{"allow":["GET"]}}],"collection":[{"href":"https:\/\/dev.antudigital.cl\/sites\/vc\/wp-json\/wp\/v2\/posts"}],"about":[{"href":"https:\/\/dev.antudigital.cl\/sites\/vc\/wp-json\/wp\/v2\/types\/post"}],"author":[{"embeddable":true,"href":"https:\/\/dev.antudigital.cl\/sites\/vc\/wp-json\/wp\/v2\/users\/1"}],"replies":[{"embeddable":true,"href":"https:\/\/dev.antudigital.cl\/sites\/vc\/wp-json\/wp\/v2\/comments?post=11830"}],"version-history":[{"count":1,"href":"https:\/\/dev.antudigital.cl\/sites\/vc\/wp-json\/wp\/v2\/posts\/11830\/revisions"}],"predecessor-version":[{"id":11833,"href":"https:\/\/dev.antudigital.cl\/sites\/vc\/wp-json\/wp\/v2\/posts\/11830\/revisions\/11833"}],"wp:featuredmedia":[{"embeddable":true,"href":"https:\/\/dev.antudigital.cl\/sites\/vc\/wp-json\/wp\/v2\/media\/11831"}],"wp:attachment":[{"href":"https:\/\/dev.antudigital.cl\/sites\/vc\/wp-json\/wp\/v2\/media?parent=11830"}],"wp:term":[{"taxonomy":"category","embeddable":true,"href":"https:\/\/dev.antudigital.cl\/sites\/vc\/wp-json\/wp\/v2\/categories?post=11830"},{"taxonomy":"post_tag","embeddable":true,"href":"https:\/\/dev.antudigital.cl\/sites\/vc\/wp-json\/wp\/v2\/tags?post=11830"}],"curies":[{"name":"wp","href":"https:\/\/api.w.org\/{rel}","templated":true}]}}