{"id":11871,"date":"2022-10-17T14:57:04","date_gmt":"2022-10-17T14:57:04","guid":{"rendered":"https:\/\/www.valparaisocreativo.cl\/?p=11871"},"modified":"2022-10-17T14:57:13","modified_gmt":"2022-10-17T14:57:13","slug":"esta-semana-disfruta-del-26o-festival-de-cine-recobrado-de-valparaiso","status":"publish","type":"post","link":"https:\/\/dev.antudigital.cl\/sites\/vc\/esta-semana-disfruta-del-26o-festival-de-cine-recobrado-de-valparaiso\/","title":{"rendered":"Esta semana disfruta del 26\u00ba Festival de Cine Recobrado de Valpara\u00edso"},"content":{"rendered":"\n<p>Desde este 17 de octubre comenzar\u00e1n las funciones para la versi\u00f3n n\u00famero 26 del Festival de Cine Recobrado de Valpara\u00edso, proyecto autogestionado que este a\u00f1o se est\u00e1 realizando a pesar de no contar con fondos estatales para su realizaci\u00f3n. <\/p>\n\n\n\n<p>A\u00fan as\u00ed avanzar\u00e1n con una nutrida cartelera a presentarse en el Teatro Municipal de Valpara\u00edso, adem\u00e1s de simposios y charlas que se llevar\u00e1n a cabo en Duoc UC Sede Vi\u00f1a del Mar. Como cada a\u00f1o, la instancia abarcar\u00e1 un gran repertorio de cl\u00e1sicos del cine, por una parte dedicados a la mujer, y otra parte a valiosos t\u00edtulos de la historia del cine. Por otra parte, se encontrar\u00e1 la proyecci\u00f3n de la competencia de documentales que tiene lugar en el certamen. <\/p>\n\n\n\n<p>Toda la programaci\u00f3n la puedes encontrar en detalle en <a href=\"http:\/\/cinerecobrado.cl\">cinerecobrado.cl<\/a><\/p>\n\n\n\n<p>La entrada es completamente gratuita, no te pierdas la oportunidad de ver joyas del cine en formatos in\u00e9ditos. <\/p>\n\n\n\n<figure class=\"wp-block-image size-full\"><img fetchpriority=\"high\" decoding=\"async\" width=\"942\" height=\"855\" src=\"https:\/\/www.valparaisocreativo.cl\/wp-content\/uploads\/2022\/10\/cartelera.jpg\" alt=\"\" class=\"wp-image-11873\" srcset=\"https:\/\/dev.antudigital.cl\/sites\/vc\/wp-content\/uploads\/2022\/10\/cartelera.jpg 942w, https:\/\/dev.antudigital.cl\/sites\/vc\/wp-content\/uploads\/2022\/10\/cartelera-300x272.jpg 300w, https:\/\/dev.antudigital.cl\/sites\/vc\/wp-content\/uploads\/2022\/10\/cartelera-768x697.jpg 768w, https:\/\/dev.antudigital.cl\/sites\/vc\/wp-content\/uploads\/2022\/10\/cartelera-480x436.jpg 480w\" sizes=\"(max-width: 942px) 100vw, 942px\" \/><\/figure>\n","protected":false},"excerpt":{"rendered":"<p>Desde este 17 de octubre comenzar\u00e1n las funciones para la versi\u00f3n n\u00famero 26 del Festival de Cine Recobrado de Valpara\u00edso, proyecto autogestionado que este a\u00f1o se est\u00e1 realizando a pesar de no contar con fondos estatales para su realizaci\u00f3n. A\u00fan as\u00ed avanzar\u00e1n con una nutrida cartelera a presentarse en el Teatro Municipal de Valpara\u00edso, adem\u00e1s [&hellip;]<\/p>\n","protected":false},"author":1,"featured_media":11872,"comment_status":"open","ping_status":"closed","sticky":false,"template":"","format":"standard","meta":{"_acf_changed":false,"footnotes":""},"categories":[8],"tags":[],"class_list":["post-11871","post","type-post","status-publish","format-standard","has-post-thumbnail","hentry","category-noticia"],"acf":[],"yoast_head":"<!-- This site is optimized with the Yoast SEO plugin v27.1.1 - https:\/\/yoast.com\/product\/yoast-seo-wordpress\/ -->\n<title>Esta semana disfruta del 26\u00ba Festival de Cine Recobrado de Valpara\u00edso - Valpara\u00ed\u00adso Creativo<\/title>\n<meta name=\"robots\" content=\"index, follow, max-snippet:-1, max-image-preview:large, max-video-preview:-1\" \/>\n<link rel=\"canonical\" href=\"https:\/\/dev.antudigital.cl\/sites\/vc\/esta-semana-disfruta-del-26o-festival-de-cine-recobrado-de-valparaiso\/\" \/>\n<meta property=\"og:locale\" content=\"es_ES\" \/>\n<meta property=\"og:type\" content=\"article\" \/>\n<meta property=\"og:title\" content=\"Esta semana disfruta del 26\u00ba Festival de Cine Recobrado de Valpara\u00edso - Valpara\u00ed\u00adso Creativo\" \/>\n<meta property=\"og:description\" content=\"Desde este 17 de octubre comenzar\u00e1n las funciones para la versi\u00f3n n\u00famero 26 del Festival de Cine Recobrado de Valpara\u00edso, proyecto autogestionado que este a\u00f1o se est\u00e1 realizando a pesar de no contar con fondos estatales para su realizaci\u00f3n. A\u00fan as\u00ed avanzar\u00e1n con una nutrida cartelera a presentarse en el Teatro Municipal de Valpara\u00edso, adem\u00e1s [&hellip;]\" \/>\n<meta property=\"og:url\" content=\"https:\/\/dev.antudigital.cl\/sites\/vc\/esta-semana-disfruta-del-26o-festival-de-cine-recobrado-de-valparaiso\/\" \/>\n<meta property=\"og:site_name\" content=\"Valpara\u00ed\u00adso Creativo\" \/>\n<meta property=\"article:published_time\" content=\"2022-10-17T14:57:04+00:00\" \/>\n<meta property=\"article:modified_time\" content=\"2022-10-17T14:57:13+00:00\" \/>\n<meta property=\"og:image\" content=\"https:\/\/dev.antudigital.cl\/sites\/vc\/wp-content\/uploads\/2022\/10\/Cine-recobrado.jpg\" \/>\n\t<meta property=\"og:image:width\" content=\"940\" \/>\n\t<meta property=\"og:image:height\" content=\"367\" \/>\n\t<meta property=\"og:image:type\" content=\"image\/jpeg\" \/>\n<meta name=\"author\" content=\"Valpara\u00edso Creativo\" \/>\n<meta name=\"twitter:card\" content=\"summary_large_image\" \/>\n<meta name=\"twitter:label1\" content=\"Escrito por\" \/>\n\t<meta name=\"twitter:data1\" content=\"Valpara\u00edso Creativo\" \/>\n\t<meta name=\"twitter:label2\" content=\"Tiempo de lectura\" \/>\n\t<meta name=\"twitter:data2\" content=\"1 minuto\" \/>\n<script type=\"application\/ld+json\" class=\"yoast-schema-graph\">{\"@context\":\"https:\/\/schema.org\",\"@graph\":[{\"@type\":\"Article\",\"@id\":\"https:\/\/dev.antudigital.cl\/sites\/vc\/esta-semana-disfruta-del-26o-festival-de-cine-recobrado-de-valparaiso\/#article\",\"isPartOf\":{\"@id\":\"https:\/\/dev.antudigital.cl\/sites\/vc\/esta-semana-disfruta-del-26o-festival-de-cine-recobrado-de-valparaiso\/\"},\"author\":{\"name\":\"Valpara\u00edso Creativo\",\"@id\":\"https:\/\/dev.antudigital.cl\/sites\/vc\/#\/schema\/person\/c2b9da8dd545e27166fc5ab232837318\"},\"headline\":\"Esta semana disfruta del 26\u00ba Festival de Cine Recobrado de Valpara\u00edso\",\"datePublished\":\"2022-10-17T14:57:04+00:00\",\"dateModified\":\"2022-10-17T14:57:13+00:00\",\"mainEntityOfPage\":{\"@id\":\"https:\/\/dev.antudigital.cl\/sites\/vc\/esta-semana-disfruta-del-26o-festival-de-cine-recobrado-de-valparaiso\/\"},\"wordCount\":176,\"commentCount\":0,\"image\":{\"@id\":\"https:\/\/dev.antudigital.cl\/sites\/vc\/esta-semana-disfruta-del-26o-festival-de-cine-recobrado-de-valparaiso\/#primaryimage\"},\"thumbnailUrl\":\"https:\/\/dev.antudigital.cl\/sites\/vc\/wp-content\/uploads\/2022\/10\/Cine-recobrado.jpg\",\"articleSection\":[\"Noticia\"],\"inLanguage\":\"es\",\"potentialAction\":[{\"@type\":\"CommentAction\",\"name\":\"Comment\",\"target\":[\"https:\/\/dev.antudigital.cl\/sites\/vc\/esta-semana-disfruta-del-26o-festival-de-cine-recobrado-de-valparaiso\/#respond\"]}]},{\"@type\":\"WebPage\",\"@id\":\"https:\/\/dev.antudigital.cl\/sites\/vc\/esta-semana-disfruta-del-26o-festival-de-cine-recobrado-de-valparaiso\/\",\"url\":\"https:\/\/dev.antudigital.cl\/sites\/vc\/esta-semana-disfruta-del-26o-festival-de-cine-recobrado-de-valparaiso\/\",\"name\":\"Esta semana disfruta del 26\u00ba Festival de Cine Recobrado de Valpara\u00edso - Valpara\u00ed\u00adso Creativo\",\"isPartOf\":{\"@id\":\"https:\/\/dev.antudigital.cl\/sites\/vc\/#website\"},\"primaryImageOfPage\":{\"@id\":\"https:\/\/dev.antudigital.cl\/sites\/vc\/esta-semana-disfruta-del-26o-festival-de-cine-recobrado-de-valparaiso\/#primaryimage\"},\"image\":{\"@id\":\"https:\/\/dev.antudigital.cl\/sites\/vc\/esta-semana-disfruta-del-26o-festival-de-cine-recobrado-de-valparaiso\/#primaryimage\"},\"thumbnailUrl\":\"https:\/\/dev.antudigital.cl\/sites\/vc\/wp-content\/uploads\/2022\/10\/Cine-recobrado.jpg\",\"datePublished\":\"2022-10-17T14:57:04+00:00\",\"dateModified\":\"2022-10-17T14:57:13+00:00\",\"author\":{\"@id\":\"https:\/\/dev.antudigital.cl\/sites\/vc\/#\/schema\/person\/c2b9da8dd545e27166fc5ab232837318\"},\"breadcrumb\":{\"@id\":\"https:\/\/dev.antudigital.cl\/sites\/vc\/esta-semana-disfruta-del-26o-festival-de-cine-recobrado-de-valparaiso\/#breadcrumb\"},\"inLanguage\":\"es\",\"potentialAction\":[{\"@type\":\"ReadAction\",\"target\":[\"https:\/\/dev.antudigital.cl\/sites\/vc\/esta-semana-disfruta-del-26o-festival-de-cine-recobrado-de-valparaiso\/\"]}]},{\"@type\":\"ImageObject\",\"inLanguage\":\"es\",\"@id\":\"https:\/\/dev.antudigital.cl\/sites\/vc\/esta-semana-disfruta-del-26o-festival-de-cine-recobrado-de-valparaiso\/#primaryimage\",\"url\":\"https:\/\/dev.antudigital.cl\/sites\/vc\/wp-content\/uploads\/2022\/10\/Cine-recobrado.jpg\",\"contentUrl\":\"https:\/\/dev.antudigital.cl\/sites\/vc\/wp-content\/uploads\/2022\/10\/Cine-recobrado.jpg\",\"width\":940,\"height\":367},{\"@type\":\"BreadcrumbList\",\"@id\":\"https:\/\/dev.antudigital.cl\/sites\/vc\/esta-semana-disfruta-del-26o-festival-de-cine-recobrado-de-valparaiso\/#breadcrumb\",\"itemListElement\":[{\"@type\":\"ListItem\",\"position\":1,\"name\":\"Home\",\"item\":\"https:\/\/dev.antudigital.cl\/sites\/vc\/\"},{\"@type\":\"ListItem\",\"position\":2,\"name\":\"Esta semana disfruta del 26\u00ba Festival de Cine Recobrado de Valpara\u00edso\"}]},{\"@type\":\"WebSite\",\"@id\":\"https:\/\/dev.antudigital.cl\/sites\/vc\/#website\",\"url\":\"https:\/\/dev.antudigital.cl\/sites\/vc\/\",\"name\":\"Valpara\u00ed\u00adso Creativo\",\"description\":\"\",\"potentialAction\":[{\"@type\":\"SearchAction\",\"target\":{\"@type\":\"EntryPoint\",\"urlTemplate\":\"https:\/\/dev.antudigital.cl\/sites\/vc\/?s={search_term_string}\"},\"query-input\":{\"@type\":\"PropertyValueSpecification\",\"valueRequired\":true,\"valueName\":\"search_term_string\"}}],\"inLanguage\":\"es\"},{\"@type\":\"Person\",\"@id\":\"https:\/\/dev.antudigital.cl\/sites\/vc\/#\/schema\/person\/c2b9da8dd545e27166fc5ab232837318\",\"name\":\"Valpara\u00edso Creativo\",\"description\":\"Periodista de cultura en la Regi\u00f3n de Valpara\u00edso.\",\"url\":\"https:\/\/dev.antudigital.cl\/sites\/vc\/author\/valpoadmin\/\"}]}<\/script>\n<!-- \/ Yoast SEO plugin. -->","yoast_head_json":{"title":"Esta semana disfruta del 26\u00ba Festival de Cine Recobrado de Valpara\u00edso - Valpara\u00ed\u00adso Creativo","robots":{"index":"index","follow":"follow","max-snippet":"max-snippet:-1","max-image-preview":"max-image-preview:large","max-video-preview":"max-video-preview:-1"},"canonical":"https:\/\/dev.antudigital.cl\/sites\/vc\/esta-semana-disfruta-del-26o-festival-de-cine-recobrado-de-valparaiso\/","og_locale":"es_ES","og_type":"article","og_title":"Esta semana disfruta del 26\u00ba Festival de Cine Recobrado de Valpara\u00edso - Valpara\u00ed\u00adso Creativo","og_description":"Desde este 17 de octubre comenzar\u00e1n las funciones para la versi\u00f3n n\u00famero 26 del Festival de Cine Recobrado de Valpara\u00edso, proyecto autogestionado que este a\u00f1o se est\u00e1 realizando a pesar de no contar con fondos estatales para su realizaci\u00f3n. A\u00fan as\u00ed avanzar\u00e1n con una nutrida cartelera a presentarse en el Teatro Municipal de Valpara\u00edso, adem\u00e1s [&hellip;]","og_url":"https:\/\/dev.antudigital.cl\/sites\/vc\/esta-semana-disfruta-del-26o-festival-de-cine-recobrado-de-valparaiso\/","og_site_name":"Valpara\u00ed\u00adso Creativo","article_published_time":"2022-10-17T14:57:04+00:00","article_modified_time":"2022-10-17T14:57:13+00:00","og_image":[{"width":940,"height":367,"url":"https:\/\/dev.antudigital.cl\/sites\/vc\/wp-content\/uploads\/2022\/10\/Cine-recobrado.jpg","type":"image\/jpeg"}],"author":"Valpara\u00edso Creativo","twitter_card":"summary_large_image","twitter_misc":{"Escrito por":"Valpara\u00edso Creativo","Tiempo de lectura":"1 minuto"},"schema":{"@context":"https:\/\/schema.org","@graph":[{"@type":"Article","@id":"https:\/\/dev.antudigital.cl\/sites\/vc\/esta-semana-disfruta-del-26o-festival-de-cine-recobrado-de-valparaiso\/#article","isPartOf":{"@id":"https:\/\/dev.antudigital.cl\/sites\/vc\/esta-semana-disfruta-del-26o-festival-de-cine-recobrado-de-valparaiso\/"},"author":{"name":"Valpara\u00edso Creativo","@id":"https:\/\/dev.antudigital.cl\/sites\/vc\/#\/schema\/person\/c2b9da8dd545e27166fc5ab232837318"},"headline":"Esta semana disfruta del 26\u00ba Festival de Cine Recobrado de Valpara\u00edso","datePublished":"2022-10-17T14:57:04+00:00","dateModified":"2022-10-17T14:57:13+00:00","mainEntityOfPage":{"@id":"https:\/\/dev.antudigital.cl\/sites\/vc\/esta-semana-disfruta-del-26o-festival-de-cine-recobrado-de-valparaiso\/"},"wordCount":176,"commentCount":0,"image":{"@id":"https:\/\/dev.antudigital.cl\/sites\/vc\/esta-semana-disfruta-del-26o-festival-de-cine-recobrado-de-valparaiso\/#primaryimage"},"thumbnailUrl":"https:\/\/dev.antudigital.cl\/sites\/vc\/wp-content\/uploads\/2022\/10\/Cine-recobrado.jpg","articleSection":["Noticia"],"inLanguage":"es","potentialAction":[{"@type":"CommentAction","name":"Comment","target":["https:\/\/dev.antudigital.cl\/sites\/vc\/esta-semana-disfruta-del-26o-festival-de-cine-recobrado-de-valparaiso\/#respond"]}]},{"@type":"WebPage","@id":"https:\/\/dev.antudigital.cl\/sites\/vc\/esta-semana-disfruta-del-26o-festival-de-cine-recobrado-de-valparaiso\/","url":"https:\/\/dev.antudigital.cl\/sites\/vc\/esta-semana-disfruta-del-26o-festival-de-cine-recobrado-de-valparaiso\/","name":"Esta semana disfruta del 26\u00ba Festival de Cine Recobrado de Valpara\u00edso - Valpara\u00ed\u00adso Creativo","isPartOf":{"@id":"https:\/\/dev.antudigital.cl\/sites\/vc\/#website"},"primaryImageOfPage":{"@id":"https:\/\/dev.antudigital.cl\/sites\/vc\/esta-semana-disfruta-del-26o-festival-de-cine-recobrado-de-valparaiso\/#primaryimage"},"image":{"@id":"https:\/\/dev.antudigital.cl\/sites\/vc\/esta-semana-disfruta-del-26o-festival-de-cine-recobrado-de-valparaiso\/#primaryimage"},"thumbnailUrl":"https:\/\/dev.antudigital.cl\/sites\/vc\/wp-content\/uploads\/2022\/10\/Cine-recobrado.jpg","datePublished":"2022-10-17T14:57:04+00:00","dateModified":"2022-10-17T14:57:13+00:00","author":{"@id":"https:\/\/dev.antudigital.cl\/sites\/vc\/#\/schema\/person\/c2b9da8dd545e27166fc5ab232837318"},"breadcrumb":{"@id":"https:\/\/dev.antudigital.cl\/sites\/vc\/esta-semana-disfruta-del-26o-festival-de-cine-recobrado-de-valparaiso\/#breadcrumb"},"inLanguage":"es","potentialAction":[{"@type":"ReadAction","target":["https:\/\/dev.antudigital.cl\/sites\/vc\/esta-semana-disfruta-del-26o-festival-de-cine-recobrado-de-valparaiso\/"]}]},{"@type":"ImageObject","inLanguage":"es","@id":"https:\/\/dev.antudigital.cl\/sites\/vc\/esta-semana-disfruta-del-26o-festival-de-cine-recobrado-de-valparaiso\/#primaryimage","url":"https:\/\/dev.antudigital.cl\/sites\/vc\/wp-content\/uploads\/2022\/10\/Cine-recobrado.jpg","contentUrl":"https:\/\/dev.antudigital.cl\/sites\/vc\/wp-content\/uploads\/2022\/10\/Cine-recobrado.jpg","width":940,"height":367},{"@type":"BreadcrumbList","@id":"https:\/\/dev.antudigital.cl\/sites\/vc\/esta-semana-disfruta-del-26o-festival-de-cine-recobrado-de-valparaiso\/#breadcrumb","itemListElement":[{"@type":"ListItem","position":1,"name":"Home","item":"https:\/\/dev.antudigital.cl\/sites\/vc\/"},{"@type":"ListItem","position":2,"name":"Esta semana disfruta del 26\u00ba Festival de Cine Recobrado de Valpara\u00edso"}]},{"@type":"WebSite","@id":"https:\/\/dev.antudigital.cl\/sites\/vc\/#website","url":"https:\/\/dev.antudigital.cl\/sites\/vc\/","name":"Valpara\u00ed\u00adso Creativo","description":"","potentialAction":[{"@type":"SearchAction","target":{"@type":"EntryPoint","urlTemplate":"https:\/\/dev.antudigital.cl\/sites\/vc\/?s={search_term_string}"},"query-input":{"@type":"PropertyValueSpecification","valueRequired":true,"valueName":"search_term_string"}}],"inLanguage":"es"},{"@type":"Person","@id":"https:\/\/dev.antudigital.cl\/sites\/vc\/#\/schema\/person\/c2b9da8dd545e27166fc5ab232837318","name":"Valpara\u00edso Creativo","description":"Periodista de cultura en la Regi\u00f3n de Valpara\u00edso.","url":"https:\/\/dev.antudigital.cl\/sites\/vc\/author\/valpoadmin\/"}]}},"_links":{"self":[{"href":"https:\/\/dev.antudigital.cl\/sites\/vc\/wp-json\/wp\/v2\/posts\/11871","targetHints":{"allow":["GET"]}}],"collection":[{"href":"https:\/\/dev.antudigital.cl\/sites\/vc\/wp-json\/wp\/v2\/posts"}],"about":[{"href":"https:\/\/dev.antudigital.cl\/sites\/vc\/wp-json\/wp\/v2\/types\/post"}],"author":[{"embeddable":true,"href":"https:\/\/dev.antudigital.cl\/sites\/vc\/wp-json\/wp\/v2\/users\/1"}],"replies":[{"embeddable":true,"href":"https:\/\/dev.antudigital.cl\/sites\/vc\/wp-json\/wp\/v2\/comments?post=11871"}],"version-history":[{"count":1,"href":"https:\/\/dev.antudigital.cl\/sites\/vc\/wp-json\/wp\/v2\/posts\/11871\/revisions"}],"predecessor-version":[{"id":11874,"href":"https:\/\/dev.antudigital.cl\/sites\/vc\/wp-json\/wp\/v2\/posts\/11871\/revisions\/11874"}],"wp:featuredmedia":[{"embeddable":true,"href":"https:\/\/dev.antudigital.cl\/sites\/vc\/wp-json\/wp\/v2\/media\/11872"}],"wp:attachment":[{"href":"https:\/\/dev.antudigital.cl\/sites\/vc\/wp-json\/wp\/v2\/media?parent=11871"}],"wp:term":[{"taxonomy":"category","embeddable":true,"href":"https:\/\/dev.antudigital.cl\/sites\/vc\/wp-json\/wp\/v2\/categories?post=11871"},{"taxonomy":"post_tag","embeddable":true,"href":"https:\/\/dev.antudigital.cl\/sites\/vc\/wp-json\/wp\/v2\/tags?post=11871"}],"curies":[{"name":"wp","href":"https:\/\/api.w.org\/{rel}","templated":true}]}}