{"id":11878,"date":"2022-10-17T15:27:35","date_gmt":"2022-10-17T15:27:35","guid":{"rendered":"https:\/\/www.valparaisocreativo.cl\/?p=11878"},"modified":"2022-10-17T15:27:39","modified_gmt":"2022-10-17T15:27:39","slug":"concurso-desde-el-litoral-de-los-poetas-sanguche-tio-roberto","status":"publish","type":"post","link":"https:\/\/dev.antudigital.cl\/sites\/vc\/concurso-desde-el-litoral-de-los-poetas-sanguche-tio-roberto\/","title":{"rendered":"Concurso desde el Litoral de los poetas: S\u00e1nguche T\u00edo Roberto"},"content":{"rendered":"\n<p>\u00abTe invitamos a crear un s\u00e1nguche que evoque las memorias bohemias de San Antonio. Una creaci\u00f3n gastron\u00f3mica memorable\u2026\u00a1un mordisco de identidad!\u00bb es lo que dicen desde la organizaci\u00f3n de un particular concurso: el del s\u00e1nguche del T\u00edo Roberto, es decir, un elemento que evoque la tradici\u00f3n de ese lado del litoral.<\/p>\n\n\n\n<p>Uno de los objetivos de esta particular convocatoria es potenciar el desarrollo de la gastronom\u00eda local y nacional en torno al consumo de la sangucher\u00eda tradicional, \u00abampliando la gama de sabores a trav\u00e9s de la innovaci\u00f3n y la creatividad como valor agregado al folclor urbano y a la actividad tur\u00edstica de San Antonio\u00bb.<\/p>\n\n\n\n<p>Es conocida la afici\u00f3n popular por el consumo s\u00e1nguches en sus m\u00e1s variadas versiones en nuestro pa\u00eds. El patrimonio gastron\u00f3mico se nutre en el genio de los consumidores y de los sangucheros; la provincia de San ntonio cuenta con insumos de origen local vinculados a la cultura gastron\u00f3mica de caleta, mataderos y carnes de caza que nutren estas posibilidades.<\/p>\n\n\n\n<p>Esta es una invitaci\u00f3n a poner en valor el patrimonio local a trav\u00e9s de un plato tradicional como el s\u00e1nguche, que debe estar armado principalmente por un ingrediente del territorio y que exprese la identidad cultural de la provincia..<\/p>\n\n\n\n<p>La innovaci\u00f3n dentro de la tradici\u00f3n, fortaleciendo sabores tradicionales con el uso de ingredientes propios de la gastronom\u00eda local y sabores de chilenidad.<\/p>\n\n\n\n<p>Encuentra las bases y m\u00e1s informaci\u00f3n en <a href=\"https:\/\/tioroberto.cl\/sanguche-tio-roberto\/\">https:\/\/tioroberto.cl\/sanguche-tio-roberto\/<\/a><\/p>\n\n\n\n<figure class=\"wp-block-image size-full\"><img fetchpriority=\"high\" decoding=\"async\" width=\"663\" height=\"1024\" src=\"https:\/\/www.valparaisocreativo.cl\/wp-content\/uploads\/2022\/10\/Sanguche-Roberto-Parra-afiche-663x1024-1.jpg\" alt=\"\" class=\"wp-image-11879\" srcset=\"https:\/\/dev.antudigital.cl\/sites\/vc\/wp-content\/uploads\/2022\/10\/Sanguche-Roberto-Parra-afiche-663x1024-1.jpg 663w, https:\/\/dev.antudigital.cl\/sites\/vc\/wp-content\/uploads\/2022\/10\/Sanguche-Roberto-Parra-afiche-663x1024-1-194x300.jpg 194w, https:\/\/dev.antudigital.cl\/sites\/vc\/wp-content\/uploads\/2022\/10\/Sanguche-Roberto-Parra-afiche-663x1024-1-480x741.jpg 480w\" sizes=\"(max-width: 663px) 100vw, 663px\" \/><\/figure>\n","protected":false},"excerpt":{"rendered":"<p>\u00abTe invitamos a crear un s\u00e1nguche que evoque las memorias bohemias de San Antonio. Una creaci\u00f3n gastron\u00f3mica memorable\u2026\u00a1un mordisco de identidad!\u00bb es lo que dicen desde la organizaci\u00f3n de un particular concurso: el del s\u00e1nguche del T\u00edo Roberto, es decir, un elemento que evoque la tradici\u00f3n de ese lado del litoral. Uno de los objetivos [&hellip;]<\/p>\n","protected":false},"author":1,"featured_media":11880,"comment_status":"open","ping_status":"closed","sticky":false,"template":"","format":"standard","meta":{"_acf_changed":false,"footnotes":""},"categories":[8],"tags":[],"class_list":["post-11878","post","type-post","status-publish","format-standard","has-post-thumbnail","hentry","category-noticia"],"acf":[],"yoast_head":"<!-- This site is optimized with the Yoast SEO plugin v27.1.1 - https:\/\/yoast.com\/product\/yoast-seo-wordpress\/ -->\n<title>Concurso desde el Litoral de los poetas: S\u00e1nguche T\u00edo Roberto - Valpara\u00ed\u00adso Creativo<\/title>\n<meta name=\"robots\" content=\"index, follow, max-snippet:-1, max-image-preview:large, max-video-preview:-1\" \/>\n<link rel=\"canonical\" href=\"https:\/\/dev.antudigital.cl\/sites\/vc\/concurso-desde-el-litoral-de-los-poetas-sanguche-tio-roberto\/\" \/>\n<meta property=\"og:locale\" content=\"es_ES\" \/>\n<meta property=\"og:type\" content=\"article\" \/>\n<meta property=\"og:title\" content=\"Concurso desde el Litoral de los poetas: S\u00e1nguche T\u00edo Roberto - Valpara\u00ed\u00adso Creativo\" \/>\n<meta property=\"og:description\" content=\"\u00abTe invitamos a crear un s\u00e1nguche que evoque las memorias bohemias de San Antonio. Una creaci\u00f3n gastron\u00f3mica memorable\u2026\u00a1un mordisco de identidad!\u00bb es lo que dicen desde la organizaci\u00f3n de un particular concurso: el del s\u00e1nguche del T\u00edo Roberto, es decir, un elemento que evoque la tradici\u00f3n de ese lado del litoral. Uno de los objetivos [&hellip;]\" \/>\n<meta property=\"og:url\" content=\"https:\/\/dev.antudigital.cl\/sites\/vc\/concurso-desde-el-litoral-de-los-poetas-sanguche-tio-roberto\/\" \/>\n<meta property=\"og:site_name\" content=\"Valpara\u00ed\u00adso Creativo\" \/>\n<meta property=\"article:published_time\" content=\"2022-10-17T15:27:35+00:00\" \/>\n<meta property=\"article:modified_time\" content=\"2022-10-17T15:27:39+00:00\" \/>\n<meta property=\"og:image\" content=\"https:\/\/dev.antudigital.cl\/sites\/vc\/wp-content\/uploads\/2022\/10\/Captura-de-Pantalla-2022-10-17-a-las-12.27.01.png\" \/>\n\t<meta property=\"og:image:width\" content=\"771\" \/>\n\t<meta property=\"og:image:height\" content=\"584\" \/>\n\t<meta property=\"og:image:type\" content=\"image\/png\" \/>\n<meta name=\"author\" content=\"Valpara\u00edso Creativo\" \/>\n<meta name=\"twitter:card\" content=\"summary_large_image\" \/>\n<meta name=\"twitter:label1\" content=\"Escrito por\" \/>\n\t<meta name=\"twitter:data1\" content=\"Valpara\u00edso Creativo\" \/>\n\t<meta name=\"twitter:label2\" content=\"Tiempo de lectura\" \/>\n\t<meta name=\"twitter:data2\" content=\"2 minutos\" \/>\n<script type=\"application\/ld+json\" class=\"yoast-schema-graph\">{\"@context\":\"https:\/\/schema.org\",\"@graph\":[{\"@type\":\"Article\",\"@id\":\"https:\/\/dev.antudigital.cl\/sites\/vc\/concurso-desde-el-litoral-de-los-poetas-sanguche-tio-roberto\/#article\",\"isPartOf\":{\"@id\":\"https:\/\/dev.antudigital.cl\/sites\/vc\/concurso-desde-el-litoral-de-los-poetas-sanguche-tio-roberto\/\"},\"author\":{\"name\":\"Valpara\u00edso Creativo\",\"@id\":\"https:\/\/dev.antudigital.cl\/sites\/vc\/#\/schema\/person\/c2b9da8dd545e27166fc5ab232837318\"},\"headline\":\"Concurso desde el Litoral de los poetas: S\u00e1nguche T\u00edo Roberto\",\"datePublished\":\"2022-10-17T15:27:35+00:00\",\"dateModified\":\"2022-10-17T15:27:39+00:00\",\"mainEntityOfPage\":{\"@id\":\"https:\/\/dev.antudigital.cl\/sites\/vc\/concurso-desde-el-litoral-de-los-poetas-sanguche-tio-roberto\/\"},\"wordCount\":275,\"commentCount\":0,\"image\":{\"@id\":\"https:\/\/dev.antudigital.cl\/sites\/vc\/concurso-desde-el-litoral-de-los-poetas-sanguche-tio-roberto\/#primaryimage\"},\"thumbnailUrl\":\"https:\/\/dev.antudigital.cl\/sites\/vc\/wp-content\/uploads\/2022\/10\/Captura-de-Pantalla-2022-10-17-a-las-12.27.01.png\",\"articleSection\":[\"Noticia\"],\"inLanguage\":\"es\",\"potentialAction\":[{\"@type\":\"CommentAction\",\"name\":\"Comment\",\"target\":[\"https:\/\/dev.antudigital.cl\/sites\/vc\/concurso-desde-el-litoral-de-los-poetas-sanguche-tio-roberto\/#respond\"]}]},{\"@type\":\"WebPage\",\"@id\":\"https:\/\/dev.antudigital.cl\/sites\/vc\/concurso-desde-el-litoral-de-los-poetas-sanguche-tio-roberto\/\",\"url\":\"https:\/\/dev.antudigital.cl\/sites\/vc\/concurso-desde-el-litoral-de-los-poetas-sanguche-tio-roberto\/\",\"name\":\"Concurso desde el Litoral de los poetas: S\u00e1nguche T\u00edo Roberto - Valpara\u00ed\u00adso Creativo\",\"isPartOf\":{\"@id\":\"https:\/\/dev.antudigital.cl\/sites\/vc\/#website\"},\"primaryImageOfPage\":{\"@id\":\"https:\/\/dev.antudigital.cl\/sites\/vc\/concurso-desde-el-litoral-de-los-poetas-sanguche-tio-roberto\/#primaryimage\"},\"image\":{\"@id\":\"https:\/\/dev.antudigital.cl\/sites\/vc\/concurso-desde-el-litoral-de-los-poetas-sanguche-tio-roberto\/#primaryimage\"},\"thumbnailUrl\":\"https:\/\/dev.antudigital.cl\/sites\/vc\/wp-content\/uploads\/2022\/10\/Captura-de-Pantalla-2022-10-17-a-las-12.27.01.png\",\"datePublished\":\"2022-10-17T15:27:35+00:00\",\"dateModified\":\"2022-10-17T15:27:39+00:00\",\"author\":{\"@id\":\"https:\/\/dev.antudigital.cl\/sites\/vc\/#\/schema\/person\/c2b9da8dd545e27166fc5ab232837318\"},\"breadcrumb\":{\"@id\":\"https:\/\/dev.antudigital.cl\/sites\/vc\/concurso-desde-el-litoral-de-los-poetas-sanguche-tio-roberto\/#breadcrumb\"},\"inLanguage\":\"es\",\"potentialAction\":[{\"@type\":\"ReadAction\",\"target\":[\"https:\/\/dev.antudigital.cl\/sites\/vc\/concurso-desde-el-litoral-de-los-poetas-sanguche-tio-roberto\/\"]}]},{\"@type\":\"ImageObject\",\"inLanguage\":\"es\",\"@id\":\"https:\/\/dev.antudigital.cl\/sites\/vc\/concurso-desde-el-litoral-de-los-poetas-sanguche-tio-roberto\/#primaryimage\",\"url\":\"https:\/\/dev.antudigital.cl\/sites\/vc\/wp-content\/uploads\/2022\/10\/Captura-de-Pantalla-2022-10-17-a-las-12.27.01.png\",\"contentUrl\":\"https:\/\/dev.antudigital.cl\/sites\/vc\/wp-content\/uploads\/2022\/10\/Captura-de-Pantalla-2022-10-17-a-las-12.27.01.png\",\"width\":771,\"height\":584},{\"@type\":\"BreadcrumbList\",\"@id\":\"https:\/\/dev.antudigital.cl\/sites\/vc\/concurso-desde-el-litoral-de-los-poetas-sanguche-tio-roberto\/#breadcrumb\",\"itemListElement\":[{\"@type\":\"ListItem\",\"position\":1,\"name\":\"Home\",\"item\":\"https:\/\/dev.antudigital.cl\/sites\/vc\/\"},{\"@type\":\"ListItem\",\"position\":2,\"name\":\"Concurso desde el Litoral de los poetas: S\u00e1nguche T\u00edo Roberto\"}]},{\"@type\":\"WebSite\",\"@id\":\"https:\/\/dev.antudigital.cl\/sites\/vc\/#website\",\"url\":\"https:\/\/dev.antudigital.cl\/sites\/vc\/\",\"name\":\"Valpara\u00ed\u00adso Creativo\",\"description\":\"\",\"potentialAction\":[{\"@type\":\"SearchAction\",\"target\":{\"@type\":\"EntryPoint\",\"urlTemplate\":\"https:\/\/dev.antudigital.cl\/sites\/vc\/?s={search_term_string}\"},\"query-input\":{\"@type\":\"PropertyValueSpecification\",\"valueRequired\":true,\"valueName\":\"search_term_string\"}}],\"inLanguage\":\"es\"},{\"@type\":\"Person\",\"@id\":\"https:\/\/dev.antudigital.cl\/sites\/vc\/#\/schema\/person\/c2b9da8dd545e27166fc5ab232837318\",\"name\":\"Valpara\u00edso Creativo\",\"description\":\"Periodista de cultura en la Regi\u00f3n de Valpara\u00edso.\",\"url\":\"https:\/\/dev.antudigital.cl\/sites\/vc\/author\/valpoadmin\/\"}]}<\/script>\n<!-- \/ Yoast SEO plugin. -->","yoast_head_json":{"title":"Concurso desde el Litoral de los poetas: S\u00e1nguche T\u00edo Roberto - Valpara\u00ed\u00adso Creativo","robots":{"index":"index","follow":"follow","max-snippet":"max-snippet:-1","max-image-preview":"max-image-preview:large","max-video-preview":"max-video-preview:-1"},"canonical":"https:\/\/dev.antudigital.cl\/sites\/vc\/concurso-desde-el-litoral-de-los-poetas-sanguche-tio-roberto\/","og_locale":"es_ES","og_type":"article","og_title":"Concurso desde el Litoral de los poetas: S\u00e1nguche T\u00edo Roberto - Valpara\u00ed\u00adso Creativo","og_description":"\u00abTe invitamos a crear un s\u00e1nguche que evoque las memorias bohemias de San Antonio. Una creaci\u00f3n gastron\u00f3mica memorable\u2026\u00a1un mordisco de identidad!\u00bb es lo que dicen desde la organizaci\u00f3n de un particular concurso: el del s\u00e1nguche del T\u00edo Roberto, es decir, un elemento que evoque la tradici\u00f3n de ese lado del litoral. Uno de los objetivos [&hellip;]","og_url":"https:\/\/dev.antudigital.cl\/sites\/vc\/concurso-desde-el-litoral-de-los-poetas-sanguche-tio-roberto\/","og_site_name":"Valpara\u00ed\u00adso Creativo","article_published_time":"2022-10-17T15:27:35+00:00","article_modified_time":"2022-10-17T15:27:39+00:00","og_image":[{"width":771,"height":584,"url":"https:\/\/dev.antudigital.cl\/sites\/vc\/wp-content\/uploads\/2022\/10\/Captura-de-Pantalla-2022-10-17-a-las-12.27.01.png","type":"image\/png"}],"author":"Valpara\u00edso Creativo","twitter_card":"summary_large_image","twitter_misc":{"Escrito por":"Valpara\u00edso Creativo","Tiempo de lectura":"2 minutos"},"schema":{"@context":"https:\/\/schema.org","@graph":[{"@type":"Article","@id":"https:\/\/dev.antudigital.cl\/sites\/vc\/concurso-desde-el-litoral-de-los-poetas-sanguche-tio-roberto\/#article","isPartOf":{"@id":"https:\/\/dev.antudigital.cl\/sites\/vc\/concurso-desde-el-litoral-de-los-poetas-sanguche-tio-roberto\/"},"author":{"name":"Valpara\u00edso Creativo","@id":"https:\/\/dev.antudigital.cl\/sites\/vc\/#\/schema\/person\/c2b9da8dd545e27166fc5ab232837318"},"headline":"Concurso desde el Litoral de los poetas: S\u00e1nguche T\u00edo Roberto","datePublished":"2022-10-17T15:27:35+00:00","dateModified":"2022-10-17T15:27:39+00:00","mainEntityOfPage":{"@id":"https:\/\/dev.antudigital.cl\/sites\/vc\/concurso-desde-el-litoral-de-los-poetas-sanguche-tio-roberto\/"},"wordCount":275,"commentCount":0,"image":{"@id":"https:\/\/dev.antudigital.cl\/sites\/vc\/concurso-desde-el-litoral-de-los-poetas-sanguche-tio-roberto\/#primaryimage"},"thumbnailUrl":"https:\/\/dev.antudigital.cl\/sites\/vc\/wp-content\/uploads\/2022\/10\/Captura-de-Pantalla-2022-10-17-a-las-12.27.01.png","articleSection":["Noticia"],"inLanguage":"es","potentialAction":[{"@type":"CommentAction","name":"Comment","target":["https:\/\/dev.antudigital.cl\/sites\/vc\/concurso-desde-el-litoral-de-los-poetas-sanguche-tio-roberto\/#respond"]}]},{"@type":"WebPage","@id":"https:\/\/dev.antudigital.cl\/sites\/vc\/concurso-desde-el-litoral-de-los-poetas-sanguche-tio-roberto\/","url":"https:\/\/dev.antudigital.cl\/sites\/vc\/concurso-desde-el-litoral-de-los-poetas-sanguche-tio-roberto\/","name":"Concurso desde el Litoral de los poetas: S\u00e1nguche T\u00edo Roberto - Valpara\u00ed\u00adso Creativo","isPartOf":{"@id":"https:\/\/dev.antudigital.cl\/sites\/vc\/#website"},"primaryImageOfPage":{"@id":"https:\/\/dev.antudigital.cl\/sites\/vc\/concurso-desde-el-litoral-de-los-poetas-sanguche-tio-roberto\/#primaryimage"},"image":{"@id":"https:\/\/dev.antudigital.cl\/sites\/vc\/concurso-desde-el-litoral-de-los-poetas-sanguche-tio-roberto\/#primaryimage"},"thumbnailUrl":"https:\/\/dev.antudigital.cl\/sites\/vc\/wp-content\/uploads\/2022\/10\/Captura-de-Pantalla-2022-10-17-a-las-12.27.01.png","datePublished":"2022-10-17T15:27:35+00:00","dateModified":"2022-10-17T15:27:39+00:00","author":{"@id":"https:\/\/dev.antudigital.cl\/sites\/vc\/#\/schema\/person\/c2b9da8dd545e27166fc5ab232837318"},"breadcrumb":{"@id":"https:\/\/dev.antudigital.cl\/sites\/vc\/concurso-desde-el-litoral-de-los-poetas-sanguche-tio-roberto\/#breadcrumb"},"inLanguage":"es","potentialAction":[{"@type":"ReadAction","target":["https:\/\/dev.antudigital.cl\/sites\/vc\/concurso-desde-el-litoral-de-los-poetas-sanguche-tio-roberto\/"]}]},{"@type":"ImageObject","inLanguage":"es","@id":"https:\/\/dev.antudigital.cl\/sites\/vc\/concurso-desde-el-litoral-de-los-poetas-sanguche-tio-roberto\/#primaryimage","url":"https:\/\/dev.antudigital.cl\/sites\/vc\/wp-content\/uploads\/2022\/10\/Captura-de-Pantalla-2022-10-17-a-las-12.27.01.png","contentUrl":"https:\/\/dev.antudigital.cl\/sites\/vc\/wp-content\/uploads\/2022\/10\/Captura-de-Pantalla-2022-10-17-a-las-12.27.01.png","width":771,"height":584},{"@type":"BreadcrumbList","@id":"https:\/\/dev.antudigital.cl\/sites\/vc\/concurso-desde-el-litoral-de-los-poetas-sanguche-tio-roberto\/#breadcrumb","itemListElement":[{"@type":"ListItem","position":1,"name":"Home","item":"https:\/\/dev.antudigital.cl\/sites\/vc\/"},{"@type":"ListItem","position":2,"name":"Concurso desde el Litoral de los poetas: S\u00e1nguche T\u00edo Roberto"}]},{"@type":"WebSite","@id":"https:\/\/dev.antudigital.cl\/sites\/vc\/#website","url":"https:\/\/dev.antudigital.cl\/sites\/vc\/","name":"Valpara\u00ed\u00adso Creativo","description":"","potentialAction":[{"@type":"SearchAction","target":{"@type":"EntryPoint","urlTemplate":"https:\/\/dev.antudigital.cl\/sites\/vc\/?s={search_term_string}"},"query-input":{"@type":"PropertyValueSpecification","valueRequired":true,"valueName":"search_term_string"}}],"inLanguage":"es"},{"@type":"Person","@id":"https:\/\/dev.antudigital.cl\/sites\/vc\/#\/schema\/person\/c2b9da8dd545e27166fc5ab232837318","name":"Valpara\u00edso Creativo","description":"Periodista de cultura en la Regi\u00f3n de Valpara\u00edso.","url":"https:\/\/dev.antudigital.cl\/sites\/vc\/author\/valpoadmin\/"}]}},"_links":{"self":[{"href":"https:\/\/dev.antudigital.cl\/sites\/vc\/wp-json\/wp\/v2\/posts\/11878","targetHints":{"allow":["GET"]}}],"collection":[{"href":"https:\/\/dev.antudigital.cl\/sites\/vc\/wp-json\/wp\/v2\/posts"}],"about":[{"href":"https:\/\/dev.antudigital.cl\/sites\/vc\/wp-json\/wp\/v2\/types\/post"}],"author":[{"embeddable":true,"href":"https:\/\/dev.antudigital.cl\/sites\/vc\/wp-json\/wp\/v2\/users\/1"}],"replies":[{"embeddable":true,"href":"https:\/\/dev.antudigital.cl\/sites\/vc\/wp-json\/wp\/v2\/comments?post=11878"}],"version-history":[{"count":1,"href":"https:\/\/dev.antudigital.cl\/sites\/vc\/wp-json\/wp\/v2\/posts\/11878\/revisions"}],"predecessor-version":[{"id":11881,"href":"https:\/\/dev.antudigital.cl\/sites\/vc\/wp-json\/wp\/v2\/posts\/11878\/revisions\/11881"}],"wp:featuredmedia":[{"embeddable":true,"href":"https:\/\/dev.antudigital.cl\/sites\/vc\/wp-json\/wp\/v2\/media\/11880"}],"wp:attachment":[{"href":"https:\/\/dev.antudigital.cl\/sites\/vc\/wp-json\/wp\/v2\/media?parent=11878"}],"wp:term":[{"taxonomy":"category","embeddable":true,"href":"https:\/\/dev.antudigital.cl\/sites\/vc\/wp-json\/wp\/v2\/categories?post=11878"},{"taxonomy":"post_tag","embeddable":true,"href":"https:\/\/dev.antudigital.cl\/sites\/vc\/wp-json\/wp\/v2\/tags?post=11878"}],"curies":[{"name":"wp","href":"https:\/\/api.w.org\/{rel}","templated":true}]}}